{"id":10866,"date":"2007-01-09T00:00:00","date_gmt":"2007-01-09T04:00:00","guid":{"rendered":"http:\/\/192.81.217.108\/interamerica\/2007\/01\/indonesia-lideres-de-iglesia-oran-por-miembros-a-bordo-de-avion-desaparecido\/"},"modified":"2017-06-02T09:13:19","modified_gmt":"2017-06-02T13:13:19","slug":"indonesia-lideres-de-iglesia-oran-por-miembros-a-bordo-de-avion-desaparecido","status":"publish","type":"post","link":"https:\/\/interamerica.org\/es\/2007\/01\/indonesia-lideres-de-iglesia-oran-por-miembros-a-bordo-de-avion-desaparecido\/","title":{"rendered":"Indonesia:  L\u00edderes de iglesia oran por miembros a bordo de avi\u00f3n desaparecido"},"content":{"rendered":"<p><em >9 de enero, 2007  <\/em >Manado, Indonesia&#8230;. [SSD\/Personal ANN] <\/p>\n<p>La comunidad adventista del s\u00e9ptimo d\u00eda en Indonesia est\u00e1 orando para que los esfuerzos extras pronto puedan localizar los pasajeros del avi\u00f3n <em >Adam Air KI 574<\/em > desaparecido desde el d\u00eda de A\u00f1o Nuevo.  El avi\u00f3n, que sali\u00f3 de la isla central de Java y se dirigi\u00f3 a Manado, con 102 pasajeros a bordo, de los cuales nueve eran adventistas.   <\/p>\n<p>Aparentemente el mal tiempo forz\u00f3 al piloto a cambiar la ruta en dos ocasiones durante las supuestas dos horas de vuelo.  El avi\u00f3n perdi\u00f3 contacto con la torre de control de tr\u00e1fico a\u00e9reo cerca de la 1:53 p.m. hora local. <\/p>\n<p>De acuerdo a Prensa Asociada el 8 de enero, oficiales de Indonesia ordenaron cientos de soldados  adicionales y seis helic\u00f3pteros al rescate.  Un barco Naval de Estados Unidos se uni\u00f3 a los esfuerzos el lunes. <\/p>\n<p>Moldy R. Mambu, tesorero asociado de la iglesia adventista de la regi\u00f3n del Pac\u00edfico del Sureste, confirm\u00f3 que entre los desaparecidos hay empleados qui\u00e9nes trabajaban en las oficinas de la iglesia adventista incluyendo la Asociaci\u00f3n Este de la Uni\u00f3n de Indonesia, la Asociaci\u00f3n Java Este y la Misi\u00f3n Occidental de la Uni\u00f3n de Indonesia.  El a\u00f1adi\u00f3 que una pareja se hab\u00eda casado el 28 de diciembre, y estaban regresando a Manado para otra celebraci\u00f3n de bodas. <\/p>\n<p>\u201cOremos por la familia para que el Se\u00f1or les consuele.  Oremos tambi\u00e9n por la investigaci\u00f3n y el cuerpo de rescate quienes a\u00fan est\u00e1n luchando para encontrar la nave\u201d, dijo Mambu. <\/p>\n<\/p>\n<p><strong >Derechos reservados (c) 2007 por Red de Noticias Adventista.<\/strong >  <\/p>\n","protected":false},"excerpt":{"rendered":"<p>La comunidad adventista del s\u00e9ptimo d\u00eda en Indonesia est\u00e1 orando para que los esfuerzos extras pronto puedan localizar los pasajeros del avi\u00f3n Adam Air KI 574 desaparecido desde el d\u00eda de A\u00f1o Nuevo.  El avi&#038;oacute<\/p>\n","protected":false},"author":1,"featured_media":0,"comment_status":"closed","ping_status":"closed","sticky":false,"template":"","format":"standard","meta":{"_acf_changed":false,"footnotes":""},"categories":[8],"tags":[],"class_list":["post-10866","post","type-post","status-publish","format-standard","hentry","category-archivo"],"acf":[],"yoast_head":"<!-- This site is optimized with the Yoast SEO plugin v27.3 - https:\/\/yoast.com\/product\/yoast-seo-wordpress\/ -->\n<title>Indonesia: L\u00edderes de iglesia oran por miembros a bordo de avi\u00f3n desaparecido - Iglesia Adventista del S\u00e9ptimo D\u00eda - Divisi\u00f3n Interamericana<\/title>\n<meta name=\"robots\" content=\"index, follow, max-snippet:-1, max-image-preview:large, max-video-preview:-1\" \/>\n<link rel=\"canonical\" href=\"https:\/\/interamerica.org\/es\/2007\/01\/indonesia-lideres-de-iglesia-oran-por-miembros-a-bordo-de-avion-desaparecido\/\" \/>\n<meta property=\"og:locale\" content=\"es_ES\" \/>\n<meta property=\"og:type\" content=\"article\" \/>\n<meta property=\"og:title\" content=\"Indonesia: L\u00edderes de iglesia oran por miembros a bordo de avi\u00f3n desaparecido - Iglesia Adventista del S\u00e9ptimo D\u00eda - Divisi\u00f3n Interamericana\" \/>\n<meta property=\"og:description\" content=\"La comunidad adventista del s\u00e9ptimo d\u00eda en Indonesia est\u00e1 orando para que los esfuerzos extras pronto puedan localizar los pasajeros del avi\u00f3n Adam Air KI 574 desaparecido desde el d\u00eda de A\u00f1o Nuevo. El avi&amp;oacute\" \/>\n<meta property=\"og:url\" content=\"https:\/\/interamerica.org\/es\/2007\/01\/indonesia-lideres-de-iglesia-oran-por-miembros-a-bordo-de-avion-desaparecido\/\" \/>\n<meta property=\"og:site_name\" content=\"Iglesia Adventista del S\u00e9ptimo D\u00eda - Divisi\u00f3n Interamericana\" \/>\n<meta property=\"article:published_time\" content=\"2007-01-09T04:00:00+00:00\" \/>\n<meta property=\"article:modified_time\" content=\"2017-06-02T13:13:19+00:00\" \/>\n<meta name=\"author\" content=\"Lorenzo Verduzco\" \/>\n<meta name=\"twitter:card\" content=\"summary_large_image\" \/>\n<meta name=\"twitter:label1\" content=\"Escrito por\" \/>\n\t<meta name=\"twitter:data1\" content=\"Lorenzo Verduzco\" \/>\n\t<meta name=\"twitter:label2\" content=\"Tiempo de lectura\" \/>\n\t<meta name=\"twitter:data2\" content=\"1 minuto\" \/>\n<script type=\"application\/ld+json\" class=\"yoast-schema-graph\">{\"@context\":\"https:\\\/\\\/schema.org\",\"@graph\":[{\"@type\":\"Article\",\"@id\":\"https:\\\/\\\/interamerica.org\\\/es\\\/2007\\\/01\\\/indonesia-lideres-de-iglesia-oran-por-miembros-a-bordo-de-avion-desaparecido\\\/#article\",\"isPartOf\":{\"@id\":\"https:\\\/\\\/interamerica.org\\\/es\\\/2007\\\/01\\\/indonesia-lideres-de-iglesia-oran-por-miembros-a-bordo-de-avion-desaparecido\\\/\"},\"author\":{\"name\":\"Lorenzo Verduzco\",\"@id\":\"https:\\\/\\\/interamerica.org\\\/es\\\/#\\\/schema\\\/person\\\/68ede8bdc292885bb76c1e3810e73c39\"},\"headline\":\"Indonesia: L\u00edderes de iglesia oran por miembros a bordo de avi\u00f3n desaparecido\",\"datePublished\":\"2007-01-09T04:00:00+00:00\",\"dateModified\":\"2017-06-02T13:13:19+00:00\",\"mainEntityOfPage\":{\"@id\":\"https:\\\/\\\/interamerica.org\\\/es\\\/2007\\\/01\\\/indonesia-lideres-de-iglesia-oran-por-miembros-a-bordo-de-avion-desaparecido\\\/\"},\"wordCount\":291,\"articleSection\":[\"Archivo\"],\"inLanguage\":\"es\"},{\"@type\":\"WebPage\",\"@id\":\"https:\\\/\\\/interamerica.org\\\/es\\\/2007\\\/01\\\/indonesia-lideres-de-iglesia-oran-por-miembros-a-bordo-de-avion-desaparecido\\\/\",\"url\":\"https:\\\/\\\/interamerica.org\\\/es\\\/2007\\\/01\\\/indonesia-lideres-de-iglesia-oran-por-miembros-a-bordo-de-avion-desaparecido\\\/\",\"name\":\"Indonesia: L\u00edderes de iglesia oran por miembros a bordo de avi\u00f3n desaparecido - Iglesia Adventista del S\u00e9ptimo D\u00eda - Divisi\u00f3n Interamericana\",\"isPartOf\":{\"@id\":\"https:\\\/\\\/interamerica.org\\\/es\\\/#website\"},\"datePublished\":\"2007-01-09T04:00:00+00:00\",\"dateModified\":\"2017-06-02T13:13:19+00:00\",\"author\":{\"@id\":\"https:\\\/\\\/interamerica.org\\\/es\\\/#\\\/schema\\\/person\\\/68ede8bdc292885bb76c1e3810e73c39\"},\"breadcrumb\":{\"@id\":\"https:\\\/\\\/interamerica.org\\\/es\\\/2007\\\/01\\\/indonesia-lideres-de-iglesia-oran-por-miembros-a-bordo-de-avion-desaparecido\\\/#breadcrumb\"},\"inLanguage\":\"es\",\"potentialAction\":[{\"@type\":\"ReadAction\",\"target\":[\"https:\\\/\\\/interamerica.org\\\/es\\\/2007\\\/01\\\/indonesia-lideres-de-iglesia-oran-por-miembros-a-bordo-de-avion-desaparecido\\\/\"]}]},{\"@type\":\"BreadcrumbList\",\"@id\":\"https:\\\/\\\/interamerica.org\\\/es\\\/2007\\\/01\\\/indonesia-lideres-de-iglesia-oran-por-miembros-a-bordo-de-avion-desaparecido\\\/#breadcrumb\",\"itemListElement\":[{\"@type\":\"ListItem\",\"position\":1,\"name\":\"Home\",\"item\":\"https:\\\/\\\/interamerica.org\\\/es\\\/\"},{\"@type\":\"ListItem\",\"position\":2,\"name\":\"Indonesia: L\u00edderes de iglesia oran por miembros a bordo de avi\u00f3n desaparecido\"}]},{\"@type\":\"WebSite\",\"@id\":\"https:\\\/\\\/interamerica.org\\\/es\\\/#website\",\"url\":\"https:\\\/\\\/interamerica.org\\\/es\\\/\",\"name\":\"Iglesia Adventista del S\u00e9ptimo D\u00eda - Divisi\u00f3n Interamericana\",\"description\":\"\",\"potentialAction\":[{\"@type\":\"SearchAction\",\"target\":{\"@type\":\"EntryPoint\",\"urlTemplate\":\"https:\\\/\\\/interamerica.org\\\/es\\\/?s={search_term_string}\"},\"query-input\":{\"@type\":\"PropertyValueSpecification\",\"valueRequired\":true,\"valueName\":\"search_term_string\"}}],\"inLanguage\":\"es\"},{\"@type\":\"Person\",\"@id\":\"https:\\\/\\\/interamerica.org\\\/es\\\/#\\\/schema\\\/person\\\/68ede8bdc292885bb76c1e3810e73c39\",\"name\":\"Lorenzo Verduzco\",\"image\":{\"@type\":\"ImageObject\",\"inLanguage\":\"es\",\"@id\":\"https:\\\/\\\/secure.gravatar.com\\\/avatar\\\/fb81a55b6218459490a9c1dc841a34909185b81904c5337b4b27f7a6fd60c49e?s=96&d=mm&r=g\",\"url\":\"https:\\\/\\\/secure.gravatar.com\\\/avatar\\\/fb81a55b6218459490a9c1dc841a34909185b81904c5337b4b27f7a6fd60c49e?s=96&d=mm&r=g\",\"contentUrl\":\"https:\\\/\\\/secure.gravatar.com\\\/avatar\\\/fb81a55b6218459490a9c1dc841a34909185b81904c5337b4b27f7a6fd60c49e?s=96&d=mm&r=g\",\"caption\":\"Lorenzo Verduzco\"}}]}<\/script>\n<!-- \/ Yoast SEO plugin. -->","yoast_head_json":{"title":"Indonesia: L\u00edderes de iglesia oran por miembros a bordo de avi\u00f3n desaparecido - Iglesia Adventista del S\u00e9ptimo D\u00eda - Divisi\u00f3n Interamericana","robots":{"index":"index","follow":"follow","max-snippet":"max-snippet:-1","max-image-preview":"max-image-preview:large","max-video-preview":"max-video-preview:-1"},"canonical":"https:\/\/interamerica.org\/es\/2007\/01\/indonesia-lideres-de-iglesia-oran-por-miembros-a-bordo-de-avion-desaparecido\/","og_locale":"es_ES","og_type":"article","og_title":"Indonesia: L\u00edderes de iglesia oran por miembros a bordo de avi\u00f3n desaparecido - Iglesia Adventista del S\u00e9ptimo D\u00eda - Divisi\u00f3n Interamericana","og_description":"La comunidad adventista del s\u00e9ptimo d\u00eda en Indonesia est\u00e1 orando para que los esfuerzos extras pronto puedan localizar los pasajeros del avi\u00f3n Adam Air KI 574 desaparecido desde el d\u00eda de A\u00f1o Nuevo. El avi&oacute","og_url":"https:\/\/interamerica.org\/es\/2007\/01\/indonesia-lideres-de-iglesia-oran-por-miembros-a-bordo-de-avion-desaparecido\/","og_site_name":"Iglesia Adventista del S\u00e9ptimo D\u00eda - Divisi\u00f3n Interamericana","article_published_time":"2007-01-09T04:00:00+00:00","article_modified_time":"2017-06-02T13:13:19+00:00","author":"Lorenzo Verduzco","twitter_card":"summary_large_image","twitter_misc":{"Escrito por":"Lorenzo Verduzco","Tiempo de lectura":"1 minuto"},"schema":{"@context":"https:\/\/schema.org","@graph":[{"@type":"Article","@id":"https:\/\/interamerica.org\/es\/2007\/01\/indonesia-lideres-de-iglesia-oran-por-miembros-a-bordo-de-avion-desaparecido\/#article","isPartOf":{"@id":"https:\/\/interamerica.org\/es\/2007\/01\/indonesia-lideres-de-iglesia-oran-por-miembros-a-bordo-de-avion-desaparecido\/"},"author":{"name":"Lorenzo Verduzco","@id":"https:\/\/interamerica.org\/es\/#\/schema\/person\/68ede8bdc292885bb76c1e3810e73c39"},"headline":"Indonesia: L\u00edderes de iglesia oran por miembros a bordo de avi\u00f3n desaparecido","datePublished":"2007-01-09T04:00:00+00:00","dateModified":"2017-06-02T13:13:19+00:00","mainEntityOfPage":{"@id":"https:\/\/interamerica.org\/es\/2007\/01\/indonesia-lideres-de-iglesia-oran-por-miembros-a-bordo-de-avion-desaparecido\/"},"wordCount":291,"articleSection":["Archivo"],"inLanguage":"es"},{"@type":"WebPage","@id":"https:\/\/interamerica.org\/es\/2007\/01\/indonesia-lideres-de-iglesia-oran-por-miembros-a-bordo-de-avion-desaparecido\/","url":"https:\/\/interamerica.org\/es\/2007\/01\/indonesia-lideres-de-iglesia-oran-por-miembros-a-bordo-de-avion-desaparecido\/","name":"Indonesia: L\u00edderes de iglesia oran por miembros a bordo de avi\u00f3n desaparecido - Iglesia Adventista del S\u00e9ptimo D\u00eda - Divisi\u00f3n Interamericana","isPartOf":{"@id":"https:\/\/interamerica.org\/es\/#website"},"datePublished":"2007-01-09T04:00:00+00:00","dateModified":"2017-06-02T13:13:19+00:00","author":{"@id":"https:\/\/interamerica.org\/es\/#\/schema\/person\/68ede8bdc292885bb76c1e3810e73c39"},"breadcrumb":{"@id":"https:\/\/interamerica.org\/es\/2007\/01\/indonesia-lideres-de-iglesia-oran-por-miembros-a-bordo-de-avion-desaparecido\/#breadcrumb"},"inLanguage":"es","potentialAction":[{"@type":"ReadAction","target":["https:\/\/interamerica.org\/es\/2007\/01\/indonesia-lideres-de-iglesia-oran-por-miembros-a-bordo-de-avion-desaparecido\/"]}]},{"@type":"BreadcrumbList","@id":"https:\/\/interamerica.org\/es\/2007\/01\/indonesia-lideres-de-iglesia-oran-por-miembros-a-bordo-de-avion-desaparecido\/#breadcrumb","itemListElement":[{"@type":"ListItem","position":1,"name":"Home","item":"https:\/\/interamerica.org\/es\/"},{"@type":"ListItem","position":2,"name":"Indonesia: L\u00edderes de iglesia oran por miembros a bordo de avi\u00f3n desaparecido"}]},{"@type":"WebSite","@id":"https:\/\/interamerica.org\/es\/#website","url":"https:\/\/interamerica.org\/es\/","name":"Iglesia Adventista del S\u00e9ptimo D\u00eda - Divisi\u00f3n Interamericana","description":"","potentialAction":[{"@type":"SearchAction","target":{"@type":"EntryPoint","urlTemplate":"https:\/\/interamerica.org\/es\/?s={search_term_string}"},"query-input":{"@type":"PropertyValueSpecification","valueRequired":true,"valueName":"search_term_string"}}],"inLanguage":"es"},{"@type":"Person","@id":"https:\/\/interamerica.org\/es\/#\/schema\/person\/68ede8bdc292885bb76c1e3810e73c39","name":"Lorenzo Verduzco","image":{"@type":"ImageObject","inLanguage":"es","@id":"https:\/\/secure.gravatar.com\/avatar\/fb81a55b6218459490a9c1dc841a34909185b81904c5337b4b27f7a6fd60c49e?s=96&d=mm&r=g","url":"https:\/\/secure.gravatar.com\/avatar\/fb81a55b6218459490a9c1dc841a34909185b81904c5337b4b27f7a6fd60c49e?s=96&d=mm&r=g","contentUrl":"https:\/\/secure.gravatar.com\/avatar\/fb81a55b6218459490a9c1dc841a34909185b81904c5337b4b27f7a6fd60c49e?s=96&d=mm&r=g","caption":"Lorenzo Verduzco"}}]}},"_links":{"self":[{"href":"https:\/\/interamerica.org\/es\/wp-json\/wp\/v2\/posts\/10866","targetHints":{"allow":["GET"]}}],"collection":[{"href":"https:\/\/interamerica.org\/es\/wp-json\/wp\/v2\/posts"}],"about":[{"href":"https:\/\/interamerica.org\/es\/wp-json\/wp\/v2\/types\/post"}],"author":[{"embeddable":true,"href":"https:\/\/interamerica.org\/es\/wp-json\/wp\/v2\/users\/1"}],"replies":[{"embeddable":true,"href":"https:\/\/interamerica.org\/es\/wp-json\/wp\/v2\/comments?post=10866"}],"version-history":[{"count":0,"href":"https:\/\/interamerica.org\/es\/wp-json\/wp\/v2\/posts\/10866\/revisions"}],"wp:attachment":[{"href":"https:\/\/interamerica.org\/es\/wp-json\/wp\/v2\/media?parent=10866"}],"wp:term":[{"taxonomy":"category","embeddable":true,"href":"https:\/\/interamerica.org\/es\/wp-json\/wp\/v2\/categories?post=10866"},{"taxonomy":"post_tag","embeddable":true,"href":"https:\/\/interamerica.org\/es\/wp-json\/wp\/v2\/tags?post=10866"}],"curies":[{"name":"wp","href":"https:\/\/api.w.org\/{rel}","templated":true}]}}