{"id":10867,"date":"2007-01-09T00:00:00","date_gmt":"2007-01-09T04:00:00","guid":{"rendered":"http:\/\/192.81.217.108\/interamerica\/2007\/01\/trinidad-institucion-adventista-honra-ex-alumnos-por-su-dedicacion-a-la-educacion\/"},"modified":"2017-06-02T09:13:20","modified_gmt":"2017-06-02T13:13:20","slug":"trinidad-institucion-adventista-honra-ex-alumnos-por-su-dedicacion-a-la-educacion","status":"publish","type":"post","link":"https:\/\/interamerica.org\/es\/2007\/01\/trinidad-institucion-adventista-honra-ex-alumnos-por-su-dedicacion-a-la-educacion\/","title":{"rendered":"Trinidad: Instituci\u00f3n adventista honra ex-alumnos por su dedicaci\u00f3n a la educaci\u00f3n"},"content":{"rendered":"<p>Puerto Espa\u00f1a, Trinidad&#8230; [Del Charles\/Personal DIA] <\/p>\n<p>Ex-alumnos que se graduaron del programa de preparaci\u00f3n para maestros de primaria y del programa de educaci\u00f3n elemental de la Universidad del Caribe del Sur (USC), una instituci\u00f3n adventista, fueron reconocidos por sus aportaciones al pa\u00eds y en el exterior durante una ceremonia especial para celebrar los aniversarios 50 y 25 respectivamente, desde el establecimiento de dichos programas. El evento llen\u00f3 un auditorio que vio 11 de los 32 alumnos que fueron honrados en el recinto universitario de USC en Trinidad el 28 de noviembre. <\/p>\n<p>El senador Hazel Manning, ministro de educaci\u00f3n de Trinidad, habl\u00f3 a los reunidos durante la ceremonia y enfatiz\u00f3 que celebrar los 25 a\u00f1os no es meramente un evento, pero un aniversario de plata y los 50 a\u00f1os, un aniversario de oro. <\/p>\n<p>La ministra Manning felicit\u00f3 a los pioneros que ofrecieron servicios dedicados y consagrados hacia el desarrollo de los programas educacionales, los cuales calific\u00f3 como relevantes a la educaci\u00f3n en Trinidad y Tobago. La ministra expres\u00f3 emoci\u00f3n de que USC, junto a otras dos universidades en Trinidad, son capaces de apoyar al gobierno en el logro de su mandato, es decir, preparar ciudadanos capaces de impulsar y sostener el desarrollo en el siglo 21. Se prometi\u00f3 seguir cooperando con USC. <\/p>\n<p>El Cincuentenario de los dos a\u00f1os del programa de capacitaci\u00f3n para la ense\u00f1anza elemental fue introducido en 1954. Durante el mismo a\u00f1o, el gobierno de Trinidad y Tobago concedi\u00f3 a la instituci\u00f3n aprobaci\u00f3n oficial para ofrecer el programa de capacitaci\u00f3n para maestros del gobierno. La primera clase se gradu\u00f3 en 1956. Entre los egresados de este prestigioso grupo estuvieron los doctores Lyndrey Niles, anterior Decano de Estudios Graduados, Howard University y el doctor Kart Anatol, recientemente Proboste de la Universidad de California, Estados Unidos, y tres principales de escuela retirados, con la Ministra de Educaci\u00f3n, Trinidad y Tobago. <\/p>\n<p>Los bachilleratos en arte y ciencias de la educaci\u00f3n elemental en USC empezaron en 1977 y los primeros estudiantes se graduaron en 1981 con un total de 28 graduados. Desde entonces, el programa ha crecido en estatura y prominencia. Su matr\u00edcula actual es de, aproximadamente, 300 estudiantes.   <\/p>\n<p>Se concedieron reconocimientos especiales a 32 graduados de ambos programas educacionales quienes fueron reconocidos por contribuir significativamente en sus respectivos campos. Entre ellos estuvieron el doctor Hayacinth McDowal, por ense\u00f1anza sobresaliente en sus respectivos campos y liderazgo en alfabetizaci\u00f3n. ** <\/p>\n<p>Al pastor Clive Dottin, por liderazgo sobresaliente y programas contra el abuso de las drogas, reforma juvenil.   <\/p>\n<p>Al se\u00f1or Arthur Antoine, por servicios sobresalientes como director de escuela secundaria. <\/p>\n<p>Al Dr. Vernon Andrews, por liderazgo distinguido en la iglesia e instituciones acad\u00e9micas, y aportaci\u00f3n en m\u00fasica coral.   <\/p>\n<p>Al Dr. T. Leslie Ferdinand, por liderazgo sobresaliente y ense\u00f1anza y administraci\u00f3n acad\u00e9mica terciaria. <\/p>\n<p>Al Dr. Hamil Tobias, por ense\u00f1anza sobresaliente y administraci\u00f3n acad\u00e9mica. <\/p>\n<p>Al se\u00f1or Charles Bourgeois, por ense\u00f1anza sobresaliente y servicio p\u00fablico en el Ministerio de Servicios P\u00fablicos y Desarrollo de Viviendas.   <\/p>\n<p>Al se\u00f1or Michael John, por servicios sobresalientes en la Industria Petrolera (Petrotrin Ltd.). <\/p>\n<p>Al se\u00f1or Franklyn Baldeo, por servicios sobresalientes en la Junta de Capacitaci\u00f3n de Maestros. <\/p>\n<p>Al se\u00f1or Holly Gayadeen, por servicios distinguidos en los campos de las artes y habilidades. <\/p>\n<p>A la se\u00f1ora Leola Haynes, por servicios sobresalientes como registradora de la universidad, y contribuci\u00f3n significativa al Ministerio de los Ni\u00f1os. <\/p>\n<p>Ubicada en el valle de las islas gemelas de la Rep\u00fablica de Trinidad y Tobago, la Universidad del Caribe del Sur, antiguo Colegio de la Uni\u00f3n del Caribe, ofrece una variedad de grados de bachillerato en administraci\u00f3n de empresas, teolog\u00eda pastoral, y psicolog\u00eda de la educaci\u00f3n. <\/p>\n<p>Para informaci\u00f3n adicional sobre USC, visite <a  href=\"http:\/\/www.usc.edu.tt.\/\">http:\/\/www.usc.edu.tt.\/<\/a > <\/p>\n<p><a  href=\"http:\/\/www.usc.edu.tt.\/\">http:\/\/www.usc.edu.tt.\/<\/a > <\/p>\n","protected":false},"excerpt":{"rendered":"<p>Anteriores alumnos que se graduaron del programa de preparaci\u00f3n para maestros de primaria y del programa de educaci\u00f3n elemental de la Universidad del Caribe del Sur (USC), una instituci\u00f3n adventista, fueron reconocidos por sus aport<\/p>\n","protected":false},"author":1,"featured_media":0,"comment_status":"closed","ping_status":"closed","sticky":false,"template":"","format":"standard","meta":{"_acf_changed":false,"footnotes":""},"categories":[8],"tags":[],"class_list":["post-10867","post","type-post","status-publish","format-standard","hentry","category-archivo"],"acf":[],"yoast_head":"<!-- This site is optimized with the Yoast SEO plugin v27.3 - https:\/\/yoast.com\/product\/yoast-seo-wordpress\/ -->\n<title>Trinidad: Instituci\u00f3n adventista honra ex-alumnos por su dedicaci\u00f3n a la educaci\u00f3n - Iglesia Adventista del S\u00e9ptimo D\u00eda - Divisi\u00f3n Interamericana<\/title>\n<meta name=\"robots\" content=\"index, follow, max-snippet:-1, max-image-preview:large, max-video-preview:-1\" \/>\n<link rel=\"canonical\" href=\"https:\/\/interamerica.org\/es\/2007\/01\/trinidad-institucion-adventista-honra-ex-alumnos-por-su-dedicacion-a-la-educacion\/\" \/>\n<meta property=\"og:locale\" content=\"es_ES\" \/>\n<meta property=\"og:type\" content=\"article\" \/>\n<meta property=\"og:title\" content=\"Trinidad: Instituci\u00f3n adventista honra ex-alumnos por su dedicaci\u00f3n a la educaci\u00f3n - Iglesia Adventista del S\u00e9ptimo D\u00eda - Divisi\u00f3n Interamericana\" \/>\n<meta property=\"og:description\" content=\"Anteriores alumnos que se graduaron del programa de preparaci\u00f3n para maestros de primaria y del programa de educaci\u00f3n elemental de la Universidad del Caribe del Sur (USC), una instituci\u00f3n adventista, fueron reconocidos por sus aport\" \/>\n<meta property=\"og:url\" content=\"https:\/\/interamerica.org\/es\/2007\/01\/trinidad-institucion-adventista-honra-ex-alumnos-por-su-dedicacion-a-la-educacion\/\" \/>\n<meta property=\"og:site_name\" content=\"Iglesia Adventista del S\u00e9ptimo D\u00eda - Divisi\u00f3n Interamericana\" \/>\n<meta property=\"article:published_time\" content=\"2007-01-09T04:00:00+00:00\" \/>\n<meta property=\"article:modified_time\" content=\"2017-06-02T13:13:20+00:00\" \/>\n<meta name=\"author\" content=\"Lorenzo Verduzco\" \/>\n<meta name=\"twitter:card\" content=\"summary_large_image\" \/>\n<meta name=\"twitter:label1\" content=\"Escrito por\" \/>\n\t<meta name=\"twitter:data1\" content=\"Lorenzo Verduzco\" \/>\n\t<meta name=\"twitter:label2\" content=\"Tiempo de lectura\" \/>\n\t<meta name=\"twitter:data2\" content=\"3 minutos\" \/>\n<script type=\"application\/ld+json\" class=\"yoast-schema-graph\">{\"@context\":\"https:\\\/\\\/schema.org\",\"@graph\":[{\"@type\":\"Article\",\"@id\":\"https:\\\/\\\/interamerica.org\\\/es\\\/2007\\\/01\\\/trinidad-institucion-adventista-honra-ex-alumnos-por-su-dedicacion-a-la-educacion\\\/#article\",\"isPartOf\":{\"@id\":\"https:\\\/\\\/interamerica.org\\\/es\\\/2007\\\/01\\\/trinidad-institucion-adventista-honra-ex-alumnos-por-su-dedicacion-a-la-educacion\\\/\"},\"author\":{\"name\":\"Lorenzo Verduzco\",\"@id\":\"https:\\\/\\\/interamerica.org\\\/es\\\/#\\\/schema\\\/person\\\/68ede8bdc292885bb76c1e3810e73c39\"},\"headline\":\"Trinidad: Instituci\u00f3n adventista honra ex-alumnos por su dedicaci\u00f3n a la educaci\u00f3n\",\"datePublished\":\"2007-01-09T04:00:00+00:00\",\"dateModified\":\"2017-06-02T13:13:20+00:00\",\"mainEntityOfPage\":{\"@id\":\"https:\\\/\\\/interamerica.org\\\/es\\\/2007\\\/01\\\/trinidad-institucion-adventista-honra-ex-alumnos-por-su-dedicacion-a-la-educacion\\\/\"},\"wordCount\":661,\"articleSection\":[\"Archivo\"],\"inLanguage\":\"es\"},{\"@type\":\"WebPage\",\"@id\":\"https:\\\/\\\/interamerica.org\\\/es\\\/2007\\\/01\\\/trinidad-institucion-adventista-honra-ex-alumnos-por-su-dedicacion-a-la-educacion\\\/\",\"url\":\"https:\\\/\\\/interamerica.org\\\/es\\\/2007\\\/01\\\/trinidad-institucion-adventista-honra-ex-alumnos-por-su-dedicacion-a-la-educacion\\\/\",\"name\":\"Trinidad: Instituci\u00f3n adventista honra ex-alumnos por su dedicaci\u00f3n a la educaci\u00f3n - Iglesia Adventista del S\u00e9ptimo D\u00eda - Divisi\u00f3n Interamericana\",\"isPartOf\":{\"@id\":\"https:\\\/\\\/interamerica.org\\\/es\\\/#website\"},\"datePublished\":\"2007-01-09T04:00:00+00:00\",\"dateModified\":\"2017-06-02T13:13:20+00:00\",\"author\":{\"@id\":\"https:\\\/\\\/interamerica.org\\\/es\\\/#\\\/schema\\\/person\\\/68ede8bdc292885bb76c1e3810e73c39\"},\"breadcrumb\":{\"@id\":\"https:\\\/\\\/interamerica.org\\\/es\\\/2007\\\/01\\\/trinidad-institucion-adventista-honra-ex-alumnos-por-su-dedicacion-a-la-educacion\\\/#breadcrumb\"},\"inLanguage\":\"es\",\"potentialAction\":[{\"@type\":\"ReadAction\",\"target\":[\"https:\\\/\\\/interamerica.org\\\/es\\\/2007\\\/01\\\/trinidad-institucion-adventista-honra-ex-alumnos-por-su-dedicacion-a-la-educacion\\\/\"]}]},{\"@type\":\"BreadcrumbList\",\"@id\":\"https:\\\/\\\/interamerica.org\\\/es\\\/2007\\\/01\\\/trinidad-institucion-adventista-honra-ex-alumnos-por-su-dedicacion-a-la-educacion\\\/#breadcrumb\",\"itemListElement\":[{\"@type\":\"ListItem\",\"position\":1,\"name\":\"Home\",\"item\":\"https:\\\/\\\/interamerica.org\\\/es\\\/\"},{\"@type\":\"ListItem\",\"position\":2,\"name\":\"Trinidad: Instituci\u00f3n adventista honra ex-alumnos por su dedicaci\u00f3n a la educaci\u00f3n\"}]},{\"@type\":\"WebSite\",\"@id\":\"https:\\\/\\\/interamerica.org\\\/es\\\/#website\",\"url\":\"https:\\\/\\\/interamerica.org\\\/es\\\/\",\"name\":\"Iglesia Adventista del S\u00e9ptimo D\u00eda - Divisi\u00f3n Interamericana\",\"description\":\"\",\"potentialAction\":[{\"@type\":\"SearchAction\",\"target\":{\"@type\":\"EntryPoint\",\"urlTemplate\":\"https:\\\/\\\/interamerica.org\\\/es\\\/?s={search_term_string}\"},\"query-input\":{\"@type\":\"PropertyValueSpecification\",\"valueRequired\":true,\"valueName\":\"search_term_string\"}}],\"inLanguage\":\"es\"},{\"@type\":\"Person\",\"@id\":\"https:\\\/\\\/interamerica.org\\\/es\\\/#\\\/schema\\\/person\\\/68ede8bdc292885bb76c1e3810e73c39\",\"name\":\"Lorenzo Verduzco\",\"image\":{\"@type\":\"ImageObject\",\"inLanguage\":\"es\",\"@id\":\"https:\\\/\\\/secure.gravatar.com\\\/avatar\\\/fb81a55b6218459490a9c1dc841a34909185b81904c5337b4b27f7a6fd60c49e?s=96&d=mm&r=g\",\"url\":\"https:\\\/\\\/secure.gravatar.com\\\/avatar\\\/fb81a55b6218459490a9c1dc841a34909185b81904c5337b4b27f7a6fd60c49e?s=96&d=mm&r=g\",\"contentUrl\":\"https:\\\/\\\/secure.gravatar.com\\\/avatar\\\/fb81a55b6218459490a9c1dc841a34909185b81904c5337b4b27f7a6fd60c49e?s=96&d=mm&r=g\",\"caption\":\"Lorenzo Verduzco\"}}]}<\/script>\n<!-- \/ Yoast SEO plugin. -->","yoast_head_json":{"title":"Trinidad: Instituci\u00f3n adventista honra ex-alumnos por su dedicaci\u00f3n a la educaci\u00f3n - Iglesia Adventista del S\u00e9ptimo D\u00eda - Divisi\u00f3n Interamericana","robots":{"index":"index","follow":"follow","max-snippet":"max-snippet:-1","max-image-preview":"max-image-preview:large","max-video-preview":"max-video-preview:-1"},"canonical":"https:\/\/interamerica.org\/es\/2007\/01\/trinidad-institucion-adventista-honra-ex-alumnos-por-su-dedicacion-a-la-educacion\/","og_locale":"es_ES","og_type":"article","og_title":"Trinidad: Instituci\u00f3n adventista honra ex-alumnos por su dedicaci\u00f3n a la educaci\u00f3n - Iglesia Adventista del S\u00e9ptimo D\u00eda - Divisi\u00f3n Interamericana","og_description":"Anteriores alumnos que se graduaron del programa de preparaci\u00f3n para maestros de primaria y del programa de educaci\u00f3n elemental de la Universidad del Caribe del Sur (USC), una instituci\u00f3n adventista, fueron reconocidos por sus aport","og_url":"https:\/\/interamerica.org\/es\/2007\/01\/trinidad-institucion-adventista-honra-ex-alumnos-por-su-dedicacion-a-la-educacion\/","og_site_name":"Iglesia Adventista del S\u00e9ptimo D\u00eda - Divisi\u00f3n Interamericana","article_published_time":"2007-01-09T04:00:00+00:00","article_modified_time":"2017-06-02T13:13:20+00:00","author":"Lorenzo Verduzco","twitter_card":"summary_large_image","twitter_misc":{"Escrito por":"Lorenzo Verduzco","Tiempo de lectura":"3 minutos"},"schema":{"@context":"https:\/\/schema.org","@graph":[{"@type":"Article","@id":"https:\/\/interamerica.org\/es\/2007\/01\/trinidad-institucion-adventista-honra-ex-alumnos-por-su-dedicacion-a-la-educacion\/#article","isPartOf":{"@id":"https:\/\/interamerica.org\/es\/2007\/01\/trinidad-institucion-adventista-honra-ex-alumnos-por-su-dedicacion-a-la-educacion\/"},"author":{"name":"Lorenzo Verduzco","@id":"https:\/\/interamerica.org\/es\/#\/schema\/person\/68ede8bdc292885bb76c1e3810e73c39"},"headline":"Trinidad: Instituci\u00f3n adventista honra ex-alumnos por su dedicaci\u00f3n a la educaci\u00f3n","datePublished":"2007-01-09T04:00:00+00:00","dateModified":"2017-06-02T13:13:20+00:00","mainEntityOfPage":{"@id":"https:\/\/interamerica.org\/es\/2007\/01\/trinidad-institucion-adventista-honra-ex-alumnos-por-su-dedicacion-a-la-educacion\/"},"wordCount":661,"articleSection":["Archivo"],"inLanguage":"es"},{"@type":"WebPage","@id":"https:\/\/interamerica.org\/es\/2007\/01\/trinidad-institucion-adventista-honra-ex-alumnos-por-su-dedicacion-a-la-educacion\/","url":"https:\/\/interamerica.org\/es\/2007\/01\/trinidad-institucion-adventista-honra-ex-alumnos-por-su-dedicacion-a-la-educacion\/","name":"Trinidad: Instituci\u00f3n adventista honra ex-alumnos por su dedicaci\u00f3n a la educaci\u00f3n - Iglesia Adventista del S\u00e9ptimo D\u00eda - Divisi\u00f3n Interamericana","isPartOf":{"@id":"https:\/\/interamerica.org\/es\/#website"},"datePublished":"2007-01-09T04:00:00+00:00","dateModified":"2017-06-02T13:13:20+00:00","author":{"@id":"https:\/\/interamerica.org\/es\/#\/schema\/person\/68ede8bdc292885bb76c1e3810e73c39"},"breadcrumb":{"@id":"https:\/\/interamerica.org\/es\/2007\/01\/trinidad-institucion-adventista-honra-ex-alumnos-por-su-dedicacion-a-la-educacion\/#breadcrumb"},"inLanguage":"es","potentialAction":[{"@type":"ReadAction","target":["https:\/\/interamerica.org\/es\/2007\/01\/trinidad-institucion-adventista-honra-ex-alumnos-por-su-dedicacion-a-la-educacion\/"]}]},{"@type":"BreadcrumbList","@id":"https:\/\/interamerica.org\/es\/2007\/01\/trinidad-institucion-adventista-honra-ex-alumnos-por-su-dedicacion-a-la-educacion\/#breadcrumb","itemListElement":[{"@type":"ListItem","position":1,"name":"Home","item":"https:\/\/interamerica.org\/es\/"},{"@type":"ListItem","position":2,"name":"Trinidad: Instituci\u00f3n adventista honra ex-alumnos por su dedicaci\u00f3n a la educaci\u00f3n"}]},{"@type":"WebSite","@id":"https:\/\/interamerica.org\/es\/#website","url":"https:\/\/interamerica.org\/es\/","name":"Iglesia Adventista del S\u00e9ptimo D\u00eda - Divisi\u00f3n Interamericana","description":"","potentialAction":[{"@type":"SearchAction","target":{"@type":"EntryPoint","urlTemplate":"https:\/\/interamerica.org\/es\/?s={search_term_string}"},"query-input":{"@type":"PropertyValueSpecification","valueRequired":true,"valueName":"search_term_string"}}],"inLanguage":"es"},{"@type":"Person","@id":"https:\/\/interamerica.org\/es\/#\/schema\/person\/68ede8bdc292885bb76c1e3810e73c39","name":"Lorenzo Verduzco","image":{"@type":"ImageObject","inLanguage":"es","@id":"https:\/\/secure.gravatar.com\/avatar\/fb81a55b6218459490a9c1dc841a34909185b81904c5337b4b27f7a6fd60c49e?s=96&d=mm&r=g","url":"https:\/\/secure.gravatar.com\/avatar\/fb81a55b6218459490a9c1dc841a34909185b81904c5337b4b27f7a6fd60c49e?s=96&d=mm&r=g","contentUrl":"https:\/\/secure.gravatar.com\/avatar\/fb81a55b6218459490a9c1dc841a34909185b81904c5337b4b27f7a6fd60c49e?s=96&d=mm&r=g","caption":"Lorenzo Verduzco"}}]}},"_links":{"self":[{"href":"https:\/\/interamerica.org\/es\/wp-json\/wp\/v2\/posts\/10867","targetHints":{"allow":["GET"]}}],"collection":[{"href":"https:\/\/interamerica.org\/es\/wp-json\/wp\/v2\/posts"}],"about":[{"href":"https:\/\/interamerica.org\/es\/wp-json\/wp\/v2\/types\/post"}],"author":[{"embeddable":true,"href":"https:\/\/interamerica.org\/es\/wp-json\/wp\/v2\/users\/1"}],"replies":[{"embeddable":true,"href":"https:\/\/interamerica.org\/es\/wp-json\/wp\/v2\/comments?post=10867"}],"version-history":[{"count":0,"href":"https:\/\/interamerica.org\/es\/wp-json\/wp\/v2\/posts\/10867\/revisions"}],"wp:attachment":[{"href":"https:\/\/interamerica.org\/es\/wp-json\/wp\/v2\/media?parent=10867"}],"wp:term":[{"taxonomy":"category","embeddable":true,"href":"https:\/\/interamerica.org\/es\/wp-json\/wp\/v2\/categories?post=10867"},{"taxonomy":"post_tag","embeddable":true,"href":"https:\/\/interamerica.org\/es\/wp-json\/wp\/v2\/tags?post=10867"}],"curies":[{"name":"wp","href":"https:\/\/api.w.org\/{rel}","templated":true}]}}