{"id":10868,"date":"2007-01-11T00:00:00","date_gmt":"2007-01-11T04:00:00","guid":{"rendered":"http:\/\/192.81.217.108\/interamerica\/2007\/01\/monserrate-lideres-de-la-iglesia-oran-mientras-volcan-amenaza\/"},"modified":"2017-06-02T09:13:17","modified_gmt":"2017-06-02T13:13:17","slug":"monserrate-lideres-de-la-iglesia-oran-mientras-volcan-amenaza","status":"publish","type":"post","link":"https:\/\/interamerica.org\/es\/2007\/01\/monserrate-lideres-de-la-iglesia-oran-mientras-volcan-amenaza\/","title":{"rendered":"Monserrate: L\u00edderes de la Iglesia Oran Mientras Volc\u00e1n Amenaza"},"content":{"rendered":"<p>11 de enero de 2007, Miami, Florida&#8230;[Libna Stevens\/DIA] <\/p>\n<p>Los l\u00edderes de la iglesia adventista del s\u00e9ptimo d\u00eda en la sede de la Divisi\u00f3n Interamericana solicitan a los l\u00edderes de la iglesia y miembros a trav\u00e9s de toda la regi\u00f3n a orar por sus hermanos adventistas en la isla de Monserrate mientras el volc\u00e1n amenaza afectar nuevamente lo que ha quedado de la comunidad adventista all\u00ed. <\/p>\n<p>\u00abSolicitamos sus oraciones por nuestros miembros en Monserrate\u00bb, dijo ayer el pastor Israel Leito, presidente de la iglesia en Interam\u00e9rica, durante una reuni\u00f3n del comit\u00e9. <\/p>\n<p>La infraestructura de la iglesia ha sufrido tremendamente antes y ellos necesitan sus oraciones\u00bb, agreg\u00f3 \u00e9l. <\/p>\n<p>La infraestructura de la iglesia fue terriblemente afectada en Monserrate cuando una gran erupci\u00f3n del volc\u00e1n Soufri\u00e8re Hills en 1997 destruy\u00f3 seis de sus siete iglesias, dos escuelas, varias propiedades y acab\u00f3 con la vida de dos miembros de la iglesia. La destrucci\u00f3n dej\u00f3 dos tercios de la isla inhabitables, incluyendo la ciudad capital, el aeropuerto de la isla y \u00e1reas de cosecha.   <\/p>\n<p>El pastor Eugene Daniel, presidente de la iglesia en la Uni\u00f3n del Caribe dice que est\u00e1n muy preocupados por los cerca de 500 miembros de la iglesia que a\u00fan adoran en una de las iglesias que qued\u00f3 en la isla. Dice que la isla ha sido advertida de una posible evacuaci\u00f3n. <\/p>\n<p>Seg\u00fan el pastor Daniel, antes de la erupci\u00f3n de 1997, la membres\u00eda de la iglesia en la isla era de m\u00e1s de 12,000, pero la mayor\u00eda se reubicaron en Antigua y otras islas vecinas. <\/p>\n<p>\u00abLa iglesia est\u00e1 preparada para responder en la asistencia que aquellos que est\u00e9n en necesidad\u00bb, dijo el pastor Daniel. \u00abEl plan en mente es ayudar en forma temporal en la evacuaci\u00f3n de los miembros de la iglesia y de la comunidad a un nuevo lugar con la ayuda de la Agencia Adventista de Desarrollo y Recursos Asistenciales en la regi\u00f3n\u00bb, agreg\u00f3 \u00e9l.   <\/p>\n<p>ADRA Interam\u00e9rica est\u00e1 preparada para entrar y asistir con fondos, dice Wally Amundson, su director. Poco despu\u00e9s de la erupci\u00f3n de 1997 se construy\u00f3 un Centro de Refugio de Emergencia con capacidad para 100 personas, dijo Amundson. Dijo que el centro funciona con una cocina completa con productos para amparar a los que tengan necesidad de reubicaci\u00f3n.  Desde su primera erupci\u00f3n en 1995, causando corrientes de fragmentos encendidos y deslizamientos lodosos, el Soufri\u00e8re Hills se convirti\u00f3 en el volc\u00e1n m\u00e1s vigilado en el mundo. <\/p>\n<p>Monserrate est\u00e1 situada en las Islas Leeward del Mar Caribe, y mide cerca de 10 millas de largo por 7 de ancho y es territorio de ultramar del Reino Unido. <\/p><\/p>\n","protected":false},"excerpt":{"rendered":"<p>Los l\u00edderes e la iglesia adventista del s\u00e9ptimo d\u00eda en la sede de la Divisi\u00f3n Interamericana solicitan a los l\u00edderes de la iglesia y miembros a trav\u00e9s de toda la regi\u00f3n a orar por sus hermanos adventistas e<\/p>\n","protected":false},"author":1,"featured_media":0,"comment_status":"closed","ping_status":"closed","sticky":false,"template":"","format":"standard","meta":{"_acf_changed":false,"footnotes":""},"categories":[8],"tags":[],"class_list":["post-10868","post","type-post","status-publish","format-standard","hentry","category-archivo"],"acf":[],"yoast_head":"<!-- This site is optimized with the Yoast SEO plugin v27.3 - https:\/\/yoast.com\/product\/yoast-seo-wordpress\/ -->\n<title>Monserrate: L\u00edderes de la Iglesia Oran Mientras Volc\u00e1n Amenaza - Iglesia Adventista del S\u00e9ptimo D\u00eda - Divisi\u00f3n Interamericana<\/title>\n<meta name=\"robots\" content=\"index, follow, max-snippet:-1, max-image-preview:large, max-video-preview:-1\" \/>\n<link rel=\"canonical\" href=\"https:\/\/interamerica.org\/es\/2007\/01\/monserrate-lideres-de-la-iglesia-oran-mientras-volcan-amenaza\/\" \/>\n<meta property=\"og:locale\" content=\"es_ES\" \/>\n<meta property=\"og:type\" content=\"article\" \/>\n<meta property=\"og:title\" content=\"Monserrate: L\u00edderes de la Iglesia Oran Mientras Volc\u00e1n Amenaza - Iglesia Adventista del S\u00e9ptimo D\u00eda - Divisi\u00f3n Interamericana\" \/>\n<meta property=\"og:description\" content=\"Los l\u00edderes e la iglesia adventista del s\u00e9ptimo d\u00eda en la sede de la Divisi\u00f3n Interamericana solicitan a los l\u00edderes de la iglesia y miembros a trav\u00e9s de toda la regi\u00f3n a orar por sus hermanos adventistas e\" \/>\n<meta property=\"og:url\" content=\"https:\/\/interamerica.org\/es\/2007\/01\/monserrate-lideres-de-la-iglesia-oran-mientras-volcan-amenaza\/\" \/>\n<meta property=\"og:site_name\" content=\"Iglesia Adventista del S\u00e9ptimo D\u00eda - Divisi\u00f3n Interamericana\" \/>\n<meta property=\"article:published_time\" content=\"2007-01-11T04:00:00+00:00\" \/>\n<meta property=\"article:modified_time\" content=\"2017-06-02T13:13:17+00:00\" \/>\n<meta name=\"author\" content=\"Lorenzo Verduzco\" \/>\n<meta name=\"twitter:card\" content=\"summary_large_image\" \/>\n<meta name=\"twitter:label1\" content=\"Escrito por\" \/>\n\t<meta name=\"twitter:data1\" content=\"Lorenzo Verduzco\" \/>\n\t<meta name=\"twitter:label2\" content=\"Tiempo de lectura\" \/>\n\t<meta name=\"twitter:data2\" content=\"2 minutos\" \/>\n<script type=\"application\/ld+json\" class=\"yoast-schema-graph\">{\"@context\":\"https:\\\/\\\/schema.org\",\"@graph\":[{\"@type\":\"Article\",\"@id\":\"https:\\\/\\\/interamerica.org\\\/es\\\/2007\\\/01\\\/monserrate-lideres-de-la-iglesia-oran-mientras-volcan-amenaza\\\/#article\",\"isPartOf\":{\"@id\":\"https:\\\/\\\/interamerica.org\\\/es\\\/2007\\\/01\\\/monserrate-lideres-de-la-iglesia-oran-mientras-volcan-amenaza\\\/\"},\"author\":{\"name\":\"Lorenzo Verduzco\",\"@id\":\"https:\\\/\\\/interamerica.org\\\/es\\\/#\\\/schema\\\/person\\\/68ede8bdc292885bb76c1e3810e73c39\"},\"headline\":\"Monserrate: L\u00edderes de la Iglesia Oran Mientras Volc\u00e1n Amenaza\",\"datePublished\":\"2007-01-11T04:00:00+00:00\",\"dateModified\":\"2017-06-02T13:13:17+00:00\",\"mainEntityOfPage\":{\"@id\":\"https:\\\/\\\/interamerica.org\\\/es\\\/2007\\\/01\\\/monserrate-lideres-de-la-iglesia-oran-mientras-volcan-amenaza\\\/\"},\"wordCount\":466,\"articleSection\":[\"Archivo\"],\"inLanguage\":\"es\"},{\"@type\":\"WebPage\",\"@id\":\"https:\\\/\\\/interamerica.org\\\/es\\\/2007\\\/01\\\/monserrate-lideres-de-la-iglesia-oran-mientras-volcan-amenaza\\\/\",\"url\":\"https:\\\/\\\/interamerica.org\\\/es\\\/2007\\\/01\\\/monserrate-lideres-de-la-iglesia-oran-mientras-volcan-amenaza\\\/\",\"name\":\"Monserrate: L\u00edderes de la Iglesia Oran Mientras Volc\u00e1n Amenaza - Iglesia Adventista del S\u00e9ptimo D\u00eda - Divisi\u00f3n Interamericana\",\"isPartOf\":{\"@id\":\"https:\\\/\\\/interamerica.org\\\/es\\\/#website\"},\"datePublished\":\"2007-01-11T04:00:00+00:00\",\"dateModified\":\"2017-06-02T13:13:17+00:00\",\"author\":{\"@id\":\"https:\\\/\\\/interamerica.org\\\/es\\\/#\\\/schema\\\/person\\\/68ede8bdc292885bb76c1e3810e73c39\"},\"breadcrumb\":{\"@id\":\"https:\\\/\\\/interamerica.org\\\/es\\\/2007\\\/01\\\/monserrate-lideres-de-la-iglesia-oran-mientras-volcan-amenaza\\\/#breadcrumb\"},\"inLanguage\":\"es\",\"potentialAction\":[{\"@type\":\"ReadAction\",\"target\":[\"https:\\\/\\\/interamerica.org\\\/es\\\/2007\\\/01\\\/monserrate-lideres-de-la-iglesia-oran-mientras-volcan-amenaza\\\/\"]}]},{\"@type\":\"BreadcrumbList\",\"@id\":\"https:\\\/\\\/interamerica.org\\\/es\\\/2007\\\/01\\\/monserrate-lideres-de-la-iglesia-oran-mientras-volcan-amenaza\\\/#breadcrumb\",\"itemListElement\":[{\"@type\":\"ListItem\",\"position\":1,\"name\":\"Home\",\"item\":\"https:\\\/\\\/interamerica.org\\\/es\\\/\"},{\"@type\":\"ListItem\",\"position\":2,\"name\":\"Monserrate: L\u00edderes de la Iglesia Oran Mientras Volc\u00e1n Amenaza\"}]},{\"@type\":\"WebSite\",\"@id\":\"https:\\\/\\\/interamerica.org\\\/es\\\/#website\",\"url\":\"https:\\\/\\\/interamerica.org\\\/es\\\/\",\"name\":\"Iglesia Adventista del S\u00e9ptimo D\u00eda - Divisi\u00f3n Interamericana\",\"description\":\"\",\"potentialAction\":[{\"@type\":\"SearchAction\",\"target\":{\"@type\":\"EntryPoint\",\"urlTemplate\":\"https:\\\/\\\/interamerica.org\\\/es\\\/?s={search_term_string}\"},\"query-input\":{\"@type\":\"PropertyValueSpecification\",\"valueRequired\":true,\"valueName\":\"search_term_string\"}}],\"inLanguage\":\"es\"},{\"@type\":\"Person\",\"@id\":\"https:\\\/\\\/interamerica.org\\\/es\\\/#\\\/schema\\\/person\\\/68ede8bdc292885bb76c1e3810e73c39\",\"name\":\"Lorenzo Verduzco\",\"image\":{\"@type\":\"ImageObject\",\"inLanguage\":\"es\",\"@id\":\"https:\\\/\\\/secure.gravatar.com\\\/avatar\\\/fb81a55b6218459490a9c1dc841a34909185b81904c5337b4b27f7a6fd60c49e?s=96&d=mm&r=g\",\"url\":\"https:\\\/\\\/secure.gravatar.com\\\/avatar\\\/fb81a55b6218459490a9c1dc841a34909185b81904c5337b4b27f7a6fd60c49e?s=96&d=mm&r=g\",\"contentUrl\":\"https:\\\/\\\/secure.gravatar.com\\\/avatar\\\/fb81a55b6218459490a9c1dc841a34909185b81904c5337b4b27f7a6fd60c49e?s=96&d=mm&r=g\",\"caption\":\"Lorenzo Verduzco\"}}]}<\/script>\n<!-- \/ Yoast SEO plugin. -->","yoast_head_json":{"title":"Monserrate: L\u00edderes de la Iglesia Oran Mientras Volc\u00e1n Amenaza - Iglesia Adventista del S\u00e9ptimo D\u00eda - Divisi\u00f3n Interamericana","robots":{"index":"index","follow":"follow","max-snippet":"max-snippet:-1","max-image-preview":"max-image-preview:large","max-video-preview":"max-video-preview:-1"},"canonical":"https:\/\/interamerica.org\/es\/2007\/01\/monserrate-lideres-de-la-iglesia-oran-mientras-volcan-amenaza\/","og_locale":"es_ES","og_type":"article","og_title":"Monserrate: L\u00edderes de la Iglesia Oran Mientras Volc\u00e1n Amenaza - Iglesia Adventista del S\u00e9ptimo D\u00eda - Divisi\u00f3n Interamericana","og_description":"Los l\u00edderes e la iglesia adventista del s\u00e9ptimo d\u00eda en la sede de la Divisi\u00f3n Interamericana solicitan a los l\u00edderes de la iglesia y miembros a trav\u00e9s de toda la regi\u00f3n a orar por sus hermanos adventistas e","og_url":"https:\/\/interamerica.org\/es\/2007\/01\/monserrate-lideres-de-la-iglesia-oran-mientras-volcan-amenaza\/","og_site_name":"Iglesia Adventista del S\u00e9ptimo D\u00eda - Divisi\u00f3n Interamericana","article_published_time":"2007-01-11T04:00:00+00:00","article_modified_time":"2017-06-02T13:13:17+00:00","author":"Lorenzo Verduzco","twitter_card":"summary_large_image","twitter_misc":{"Escrito por":"Lorenzo Verduzco","Tiempo de lectura":"2 minutos"},"schema":{"@context":"https:\/\/schema.org","@graph":[{"@type":"Article","@id":"https:\/\/interamerica.org\/es\/2007\/01\/monserrate-lideres-de-la-iglesia-oran-mientras-volcan-amenaza\/#article","isPartOf":{"@id":"https:\/\/interamerica.org\/es\/2007\/01\/monserrate-lideres-de-la-iglesia-oran-mientras-volcan-amenaza\/"},"author":{"name":"Lorenzo Verduzco","@id":"https:\/\/interamerica.org\/es\/#\/schema\/person\/68ede8bdc292885bb76c1e3810e73c39"},"headline":"Monserrate: L\u00edderes de la Iglesia Oran Mientras Volc\u00e1n Amenaza","datePublished":"2007-01-11T04:00:00+00:00","dateModified":"2017-06-02T13:13:17+00:00","mainEntityOfPage":{"@id":"https:\/\/interamerica.org\/es\/2007\/01\/monserrate-lideres-de-la-iglesia-oran-mientras-volcan-amenaza\/"},"wordCount":466,"articleSection":["Archivo"],"inLanguage":"es"},{"@type":"WebPage","@id":"https:\/\/interamerica.org\/es\/2007\/01\/monserrate-lideres-de-la-iglesia-oran-mientras-volcan-amenaza\/","url":"https:\/\/interamerica.org\/es\/2007\/01\/monserrate-lideres-de-la-iglesia-oran-mientras-volcan-amenaza\/","name":"Monserrate: L\u00edderes de la Iglesia Oran Mientras Volc\u00e1n Amenaza - Iglesia Adventista del S\u00e9ptimo D\u00eda - Divisi\u00f3n Interamericana","isPartOf":{"@id":"https:\/\/interamerica.org\/es\/#website"},"datePublished":"2007-01-11T04:00:00+00:00","dateModified":"2017-06-02T13:13:17+00:00","author":{"@id":"https:\/\/interamerica.org\/es\/#\/schema\/person\/68ede8bdc292885bb76c1e3810e73c39"},"breadcrumb":{"@id":"https:\/\/interamerica.org\/es\/2007\/01\/monserrate-lideres-de-la-iglesia-oran-mientras-volcan-amenaza\/#breadcrumb"},"inLanguage":"es","potentialAction":[{"@type":"ReadAction","target":["https:\/\/interamerica.org\/es\/2007\/01\/monserrate-lideres-de-la-iglesia-oran-mientras-volcan-amenaza\/"]}]},{"@type":"BreadcrumbList","@id":"https:\/\/interamerica.org\/es\/2007\/01\/monserrate-lideres-de-la-iglesia-oran-mientras-volcan-amenaza\/#breadcrumb","itemListElement":[{"@type":"ListItem","position":1,"name":"Home","item":"https:\/\/interamerica.org\/es\/"},{"@type":"ListItem","position":2,"name":"Monserrate: L\u00edderes de la Iglesia Oran Mientras Volc\u00e1n Amenaza"}]},{"@type":"WebSite","@id":"https:\/\/interamerica.org\/es\/#website","url":"https:\/\/interamerica.org\/es\/","name":"Iglesia Adventista del S\u00e9ptimo D\u00eda - Divisi\u00f3n Interamericana","description":"","potentialAction":[{"@type":"SearchAction","target":{"@type":"EntryPoint","urlTemplate":"https:\/\/interamerica.org\/es\/?s={search_term_string}"},"query-input":{"@type":"PropertyValueSpecification","valueRequired":true,"valueName":"search_term_string"}}],"inLanguage":"es"},{"@type":"Person","@id":"https:\/\/interamerica.org\/es\/#\/schema\/person\/68ede8bdc292885bb76c1e3810e73c39","name":"Lorenzo Verduzco","image":{"@type":"ImageObject","inLanguage":"es","@id":"https:\/\/secure.gravatar.com\/avatar\/fb81a55b6218459490a9c1dc841a34909185b81904c5337b4b27f7a6fd60c49e?s=96&d=mm&r=g","url":"https:\/\/secure.gravatar.com\/avatar\/fb81a55b6218459490a9c1dc841a34909185b81904c5337b4b27f7a6fd60c49e?s=96&d=mm&r=g","contentUrl":"https:\/\/secure.gravatar.com\/avatar\/fb81a55b6218459490a9c1dc841a34909185b81904c5337b4b27f7a6fd60c49e?s=96&d=mm&r=g","caption":"Lorenzo Verduzco"}}]}},"_links":{"self":[{"href":"https:\/\/interamerica.org\/es\/wp-json\/wp\/v2\/posts\/10868","targetHints":{"allow":["GET"]}}],"collection":[{"href":"https:\/\/interamerica.org\/es\/wp-json\/wp\/v2\/posts"}],"about":[{"href":"https:\/\/interamerica.org\/es\/wp-json\/wp\/v2\/types\/post"}],"author":[{"embeddable":true,"href":"https:\/\/interamerica.org\/es\/wp-json\/wp\/v2\/users\/1"}],"replies":[{"embeddable":true,"href":"https:\/\/interamerica.org\/es\/wp-json\/wp\/v2\/comments?post=10868"}],"version-history":[{"count":0,"href":"https:\/\/interamerica.org\/es\/wp-json\/wp\/v2\/posts\/10868\/revisions"}],"wp:attachment":[{"href":"https:\/\/interamerica.org\/es\/wp-json\/wp\/v2\/media?parent=10868"}],"wp:term":[{"taxonomy":"category","embeddable":true,"href":"https:\/\/interamerica.org\/es\/wp-json\/wp\/v2\/categories?post=10868"},{"taxonomy":"post_tag","embeddable":true,"href":"https:\/\/interamerica.org\/es\/wp-json\/wp\/v2\/tags?post=10868"}],"curies":[{"name":"wp","href":"https:\/\/api.w.org\/{rel}","templated":true}]}}