{"id":10869,"date":"2007-01-11T00:00:00","date_gmt":"2007-01-11T04:00:00","guid":{"rendered":"http:\/\/192.81.217.108\/interamerica\/2007\/01\/historia-actualizada-vandalismo-en-iglesia-enfada-a-presidente-de-serbia-miembros-de-la-comunidad\/"},"modified":"2017-06-02T09:13:18","modified_gmt":"2017-06-02T13:13:18","slug":"historia-actualizada-vandalismo-en-iglesia-enfada-a-presidente-de-serbia-miembros-de-la-comunidad","status":"publish","type":"post","link":"https:\/\/interamerica.org\/es\/2007\/01\/historia-actualizada-vandalismo-en-iglesia-enfada-a-presidente-de-serbia-miembros-de-la-comunidad\/","title":{"rendered":"Historia Actualizada: Vandalismo en Iglesia Enfada a Presidente de Serbia, Miembros de la Comunidad"},"content":{"rendered":"<p><em >11 de enero, 2007 <\/em >Stapar, Serbia &#8230;. [Noticias TED\/Personal de ANN] <\/p>\n<p>La vandalizaci\u00f3n de una peque\u00f1a iglesia adventista del 7mo. d\u00eda en Serbia, ha llamado la atenci\u00f3n del presidente del pa\u00eds, Boris Tadic.  En sus comentarios dirigidos a la naci\u00f3n, el presidente Tadic dijo que el incidente del 8 de enero fue un acto vicioso y despreciable y estos actos deben ser suspendidos.  <\/p>\n<p>El presidente solicit\u00f3 p\u00fablicamente a la polic\u00eda avanzar la investigaci\u00f3n y traer a justicia a los perpetradores.<\/p>\n<p>Individuos no identificados entraron a la iglesia adventista entre las horas 4:00 a.m. y 5:00 a.m. en Stapar, en la municipalidad de Sombor, Serbia, y abrieron fuego, destruyendo el p\u00falpito, varias bancas y el piso de la iglesia. Los vecinos dieron la alarma de fuego a los bomberos e informes del ataque a los miembros de la aldea.<\/p>\n<p>Los oficiales de la iglesia dijeron que desde lo ocurrido muchos edificios de iglesias e instituciones adventistas en Serbia est\u00e1n bajo vigilancia y protecci\u00f3n de la polic\u00eda.<\/p>\n<p>Tambi\u00e9n notaron que la noticia del fuego fue transmitida en muchos de los canales de televisi\u00f3n nacionales, as\u00ed como en varios peri\u00f3dicos.  Varios oficiales del gobierno tambi\u00e9n expresaron asombro por incidente.<\/p>\n<p>Anterior a este incidente, el pastor Miodrag Givanovic, presidente de la iglesia adventista en el Sureste de Europa, escribi\u00f3 una carta abierta acerca de la libertad religiosa en Serbia y la envi\u00f3 al gobierno, incluyendo el ministerio de religi\u00f3n, asuntos internos y la media. La carta del pastor Givanovic caus\u00f3 reacci\u00f3n al serm\u00f3n de Su Excelencia Arzobispo Pavle, el jefe de la iglesia Ortodoxa de Serbia, quien en su serm\u00f3n de navidad solicit\u00f3 paz y tolerancia. <\/p>\n<p>El presidente solicit\u00f3 p\u00fablicamente a la polic\u00eda avanzar la investigaci\u00f3n y traer a justicia a los perpetradores.<\/p>\n<p>Individuos no identificados entraron a la iglesia adventista entre las horas 4:00 a.m. y 5:00 a.m. en Stapar, en la municipalidad de Sombor, Serbia, y abrieron fuego, destruyendo el p\u00falpito, varias bancas y el piso de la iglesia. Los vecinos dieron la alarma de fuego a los bomberos e informes del ataque a los miembros de la aldea.<\/p>\n<p>Los oficiales de la iglesia dijeron que desde lo ocurrido muchos edificios de iglesias e instituciones adventistas en Serbia est\u00e1n bajo vigilancia y protecci\u00f3n de la polic\u00eda.<\/p>\n<p>Tambi\u00e9n notaron que la noticia del fuego fue transmitida en muchos de los canales de televisi\u00f3n nacionales, as\u00ed como en varios peri\u00f3dicos.  Varios oficiales del gobierno tambi\u00e9n expresaron asombro por incidente.<\/p>\n<p>Anterior a este incidente, el pastor Miodrag Givanovic, presidente de la iglesia adventista en el Sureste de Europa, escribi\u00f3 una carta abierta acerca de la libertad religiosa en Serbia y la envi\u00f3 al gobierno, incluyendo el ministerio de religi\u00f3n, asuntos internos y los medios. La carta del pastor Givanovic fue en reacci\u00f3n al serm\u00f3n de Su Excelencia, el Arzobispo Pavle, dirigente de la iglesia Ortodoxa de Serbia, quien en su serm\u00f3n de Navidad solicit\u00f3 paz y tolerancia. <\/p>\n<p>El pastor de la iglesia, Dragan Kanazir dijo que le sorprendi\u00f3 que un incidente de tal magnitud ocurriera.  \u201cAunque hab\u00edan muchos incidentes similares en la regi\u00f3n, nada de esta magnitud se esperaba.  Lo que es doloroso de toda la historia fue que lo sucedido, sucedi\u00f3 durante el per\u00edodo de Navidad Ortodoxa, cuando todos alrededor estaban enviando buenos deseos\u201d, dijo pastor Kanazir. <\/p>\n<p>El presidente de la municipalidad de Stapar tambi\u00e9n se sorprendi\u00f3 y dijo que no pod\u00eda entender qui\u00e9n puede atacar a una iglesia que es tan bien respetada en la aldea.  El presidente de la aldea continu\u00f3 pregunt\u00e1ndose, \u201c\u00bfQui\u00e9n puede tener algo en contra de tan agradable y pac\u00edfico grupo de personas?\u201d <\/p>\n<p>Tambi\u00e9n hay una iglesia ortodoxa en la aldea que no fue afectada.<\/p>\n<p>No es la primera vez que la iglesia adventista en Serbia ha sido vandalisada.  En Abril del 2003, un pastor adventista fue severamente golpeado y 11 iglesias fueron vandalisadas.  Los oficiales de iglesia, entonces, llamaron a esa serie de ataques una \u201ccampa\u00f1a ortodoxa contra la religi\u00f3n en minor\u00eda\u201d en un pa\u00eds predominante ortodoxo.<br  \/><\/p>\n<\/p>\n<p><strong ><\/strong ><\/p>\n<p>\u201cLa sociedad de Serbia ha tenido que enfrentar muchos actos de intolerancia religiosa en los pasados 10 a\u00f1os\u2026 mezclado con nacionalismo religioso, dijo el Dr. John Graz, secretario general de la Asociaci\u00f3n Internacional de Libertad Religiosa sobre el incidente.  \u201cLa firme reacci\u00f3n de las autoridades en este caso contra tal acto es animadora\u201c.<\/p>\n<p>La iglesia adventista del s\u00e9ptimo d\u00eda de Serbia tiene 177 iglesias y 7,950 miembros.  La iglesia Stapar tiene 30 miembros. <\/p>\n<p><strong >Derechos reservados<\/strong ><strong > (c) 2007 por Adventist News Network<\/strong >. <\/p>\n","protected":false},"excerpt":{"rendered":"<p>La vandalizaci\u00f3n de una peque\u00f1a iglesia adventista del 7mo. d\u00eda en Serbia, ha llamado la atenci\u00f3n del presidente del pa\u00eds, Boris Tadic.  En sus comentarios dirigidos a la naci\u00f3n, el presidente Tadic dijo que el<\/p>\n","protected":false},"author":1,"featured_media":0,"comment_status":"closed","ping_status":"closed","sticky":false,"template":"","format":"standard","meta":{"_acf_changed":false,"footnotes":""},"categories":[8],"tags":[],"class_list":["post-10869","post","type-post","status-publish","format-standard","hentry","category-archivo"],"acf":[],"yoast_head":"<!-- This site is optimized with the Yoast SEO plugin v27.3 - https:\/\/yoast.com\/product\/yoast-seo-wordpress\/ -->\n<title>Historia Actualizada: Vandalismo en Iglesia Enfada a Presidente de Serbia, Miembros de la Comunidad - Iglesia Adventista del S\u00e9ptimo D\u00eda - Divisi\u00f3n Interamericana<\/title>\n<meta name=\"robots\" content=\"index, follow, max-snippet:-1, max-image-preview:large, max-video-preview:-1\" \/>\n<link rel=\"canonical\" href=\"https:\/\/interamerica.org\/es\/2007\/01\/historia-actualizada-vandalismo-en-iglesia-enfada-a-presidente-de-serbia-miembros-de-la-comunidad\/\" \/>\n<meta property=\"og:locale\" content=\"es_ES\" \/>\n<meta property=\"og:type\" content=\"article\" \/>\n<meta property=\"og:title\" content=\"Historia Actualizada: Vandalismo en Iglesia Enfada a Presidente de Serbia, Miembros de la Comunidad - Iglesia Adventista del S\u00e9ptimo D\u00eda - Divisi\u00f3n Interamericana\" \/>\n<meta property=\"og:description\" content=\"La vandalizaci\u00f3n de una peque\u00f1a iglesia adventista del 7mo. d\u00eda en Serbia, ha llamado la atenci\u00f3n del presidente del pa\u00eds, Boris Tadic. En sus comentarios dirigidos a la naci\u00f3n, el presidente Tadic dijo que el\" \/>\n<meta property=\"og:url\" content=\"https:\/\/interamerica.org\/es\/2007\/01\/historia-actualizada-vandalismo-en-iglesia-enfada-a-presidente-de-serbia-miembros-de-la-comunidad\/\" \/>\n<meta property=\"og:site_name\" content=\"Iglesia Adventista del S\u00e9ptimo D\u00eda - Divisi\u00f3n Interamericana\" \/>\n<meta property=\"article:published_time\" content=\"2007-01-11T04:00:00+00:00\" \/>\n<meta property=\"article:modified_time\" content=\"2017-06-02T13:13:18+00:00\" \/>\n<meta name=\"author\" content=\"Lorenzo Verduzco\" \/>\n<meta name=\"twitter:card\" content=\"summary_large_image\" \/>\n<meta name=\"twitter:label1\" content=\"Escrito por\" \/>\n\t<meta name=\"twitter:data1\" content=\"Lorenzo Verduzco\" \/>\n\t<meta name=\"twitter:label2\" content=\"Tiempo de lectura\" \/>\n\t<meta name=\"twitter:data2\" content=\"4 minutos\" \/>\n<script type=\"application\/ld+json\" class=\"yoast-schema-graph\">{\"@context\":\"https:\\\/\\\/schema.org\",\"@graph\":[{\"@type\":\"Article\",\"@id\":\"https:\\\/\\\/interamerica.org\\\/es\\\/2007\\\/01\\\/historia-actualizada-vandalismo-en-iglesia-enfada-a-presidente-de-serbia-miembros-de-la-comunidad\\\/#article\",\"isPartOf\":{\"@id\":\"https:\\\/\\\/interamerica.org\\\/es\\\/2007\\\/01\\\/historia-actualizada-vandalismo-en-iglesia-enfada-a-presidente-de-serbia-miembros-de-la-comunidad\\\/\"},\"author\":{\"name\":\"Lorenzo Verduzco\",\"@id\":\"https:\\\/\\\/interamerica.org\\\/es\\\/#\\\/schema\\\/person\\\/68ede8bdc292885bb76c1e3810e73c39\"},\"headline\":\"Historia Actualizada: Vandalismo en Iglesia Enfada a Presidente de Serbia, Miembros de la Comunidad\",\"datePublished\":\"2007-01-11T04:00:00+00:00\",\"dateModified\":\"2017-06-02T13:13:18+00:00\",\"mainEntityOfPage\":{\"@id\":\"https:\\\/\\\/interamerica.org\\\/es\\\/2007\\\/01\\\/historia-actualizada-vandalismo-en-iglesia-enfada-a-presidente-de-serbia-miembros-de-la-comunidad\\\/\"},\"wordCount\":799,\"articleSection\":[\"Archivo\"],\"inLanguage\":\"es\"},{\"@type\":\"WebPage\",\"@id\":\"https:\\\/\\\/interamerica.org\\\/es\\\/2007\\\/01\\\/historia-actualizada-vandalismo-en-iglesia-enfada-a-presidente-de-serbia-miembros-de-la-comunidad\\\/\",\"url\":\"https:\\\/\\\/interamerica.org\\\/es\\\/2007\\\/01\\\/historia-actualizada-vandalismo-en-iglesia-enfada-a-presidente-de-serbia-miembros-de-la-comunidad\\\/\",\"name\":\"Historia Actualizada: Vandalismo en Iglesia Enfada a Presidente de Serbia, Miembros de la Comunidad - Iglesia Adventista del S\u00e9ptimo D\u00eda - Divisi\u00f3n Interamericana\",\"isPartOf\":{\"@id\":\"https:\\\/\\\/interamerica.org\\\/es\\\/#website\"},\"datePublished\":\"2007-01-11T04:00:00+00:00\",\"dateModified\":\"2017-06-02T13:13:18+00:00\",\"author\":{\"@id\":\"https:\\\/\\\/interamerica.org\\\/es\\\/#\\\/schema\\\/person\\\/68ede8bdc292885bb76c1e3810e73c39\"},\"breadcrumb\":{\"@id\":\"https:\\\/\\\/interamerica.org\\\/es\\\/2007\\\/01\\\/historia-actualizada-vandalismo-en-iglesia-enfada-a-presidente-de-serbia-miembros-de-la-comunidad\\\/#breadcrumb\"},\"inLanguage\":\"es\",\"potentialAction\":[{\"@type\":\"ReadAction\",\"target\":[\"https:\\\/\\\/interamerica.org\\\/es\\\/2007\\\/01\\\/historia-actualizada-vandalismo-en-iglesia-enfada-a-presidente-de-serbia-miembros-de-la-comunidad\\\/\"]}]},{\"@type\":\"BreadcrumbList\",\"@id\":\"https:\\\/\\\/interamerica.org\\\/es\\\/2007\\\/01\\\/historia-actualizada-vandalismo-en-iglesia-enfada-a-presidente-de-serbia-miembros-de-la-comunidad\\\/#breadcrumb\",\"itemListElement\":[{\"@type\":\"ListItem\",\"position\":1,\"name\":\"Home\",\"item\":\"https:\\\/\\\/interamerica.org\\\/es\\\/\"},{\"@type\":\"ListItem\",\"position\":2,\"name\":\"Historia Actualizada: Vandalismo en Iglesia Enfada a Presidente de Serbia, Miembros de la Comunidad\"}]},{\"@type\":\"WebSite\",\"@id\":\"https:\\\/\\\/interamerica.org\\\/es\\\/#website\",\"url\":\"https:\\\/\\\/interamerica.org\\\/es\\\/\",\"name\":\"Iglesia Adventista del S\u00e9ptimo D\u00eda - Divisi\u00f3n Interamericana\",\"description\":\"\",\"potentialAction\":[{\"@type\":\"SearchAction\",\"target\":{\"@type\":\"EntryPoint\",\"urlTemplate\":\"https:\\\/\\\/interamerica.org\\\/es\\\/?s={search_term_string}\"},\"query-input\":{\"@type\":\"PropertyValueSpecification\",\"valueRequired\":true,\"valueName\":\"search_term_string\"}}],\"inLanguage\":\"es\"},{\"@type\":\"Person\",\"@id\":\"https:\\\/\\\/interamerica.org\\\/es\\\/#\\\/schema\\\/person\\\/68ede8bdc292885bb76c1e3810e73c39\",\"name\":\"Lorenzo Verduzco\",\"image\":{\"@type\":\"ImageObject\",\"inLanguage\":\"es\",\"@id\":\"https:\\\/\\\/secure.gravatar.com\\\/avatar\\\/fb81a55b6218459490a9c1dc841a34909185b81904c5337b4b27f7a6fd60c49e?s=96&d=mm&r=g\",\"url\":\"https:\\\/\\\/secure.gravatar.com\\\/avatar\\\/fb81a55b6218459490a9c1dc841a34909185b81904c5337b4b27f7a6fd60c49e?s=96&d=mm&r=g\",\"contentUrl\":\"https:\\\/\\\/secure.gravatar.com\\\/avatar\\\/fb81a55b6218459490a9c1dc841a34909185b81904c5337b4b27f7a6fd60c49e?s=96&d=mm&r=g\",\"caption\":\"Lorenzo Verduzco\"}}]}<\/script>\n<!-- \/ Yoast SEO plugin. -->","yoast_head_json":{"title":"Historia Actualizada: Vandalismo en Iglesia Enfada a Presidente de Serbia, Miembros de la Comunidad - Iglesia Adventista del S\u00e9ptimo D\u00eda - Divisi\u00f3n Interamericana","robots":{"index":"index","follow":"follow","max-snippet":"max-snippet:-1","max-image-preview":"max-image-preview:large","max-video-preview":"max-video-preview:-1"},"canonical":"https:\/\/interamerica.org\/es\/2007\/01\/historia-actualizada-vandalismo-en-iglesia-enfada-a-presidente-de-serbia-miembros-de-la-comunidad\/","og_locale":"es_ES","og_type":"article","og_title":"Historia Actualizada: Vandalismo en Iglesia Enfada a Presidente de Serbia, Miembros de la Comunidad - Iglesia Adventista del S\u00e9ptimo D\u00eda - Divisi\u00f3n Interamericana","og_description":"La vandalizaci\u00f3n de una peque\u00f1a iglesia adventista del 7mo. d\u00eda en Serbia, ha llamado la atenci\u00f3n del presidente del pa\u00eds, Boris Tadic. En sus comentarios dirigidos a la naci\u00f3n, el presidente Tadic dijo que el","og_url":"https:\/\/interamerica.org\/es\/2007\/01\/historia-actualizada-vandalismo-en-iglesia-enfada-a-presidente-de-serbia-miembros-de-la-comunidad\/","og_site_name":"Iglesia Adventista del S\u00e9ptimo D\u00eda - Divisi\u00f3n Interamericana","article_published_time":"2007-01-11T04:00:00+00:00","article_modified_time":"2017-06-02T13:13:18+00:00","author":"Lorenzo Verduzco","twitter_card":"summary_large_image","twitter_misc":{"Escrito por":"Lorenzo Verduzco","Tiempo de lectura":"4 minutos"},"schema":{"@context":"https:\/\/schema.org","@graph":[{"@type":"Article","@id":"https:\/\/interamerica.org\/es\/2007\/01\/historia-actualizada-vandalismo-en-iglesia-enfada-a-presidente-de-serbia-miembros-de-la-comunidad\/#article","isPartOf":{"@id":"https:\/\/interamerica.org\/es\/2007\/01\/historia-actualizada-vandalismo-en-iglesia-enfada-a-presidente-de-serbia-miembros-de-la-comunidad\/"},"author":{"name":"Lorenzo Verduzco","@id":"https:\/\/interamerica.org\/es\/#\/schema\/person\/68ede8bdc292885bb76c1e3810e73c39"},"headline":"Historia Actualizada: Vandalismo en Iglesia Enfada a Presidente de Serbia, Miembros de la Comunidad","datePublished":"2007-01-11T04:00:00+00:00","dateModified":"2017-06-02T13:13:18+00:00","mainEntityOfPage":{"@id":"https:\/\/interamerica.org\/es\/2007\/01\/historia-actualizada-vandalismo-en-iglesia-enfada-a-presidente-de-serbia-miembros-de-la-comunidad\/"},"wordCount":799,"articleSection":["Archivo"],"inLanguage":"es"},{"@type":"WebPage","@id":"https:\/\/interamerica.org\/es\/2007\/01\/historia-actualizada-vandalismo-en-iglesia-enfada-a-presidente-de-serbia-miembros-de-la-comunidad\/","url":"https:\/\/interamerica.org\/es\/2007\/01\/historia-actualizada-vandalismo-en-iglesia-enfada-a-presidente-de-serbia-miembros-de-la-comunidad\/","name":"Historia Actualizada: Vandalismo en Iglesia Enfada a Presidente de Serbia, Miembros de la Comunidad - Iglesia Adventista del S\u00e9ptimo D\u00eda - Divisi\u00f3n Interamericana","isPartOf":{"@id":"https:\/\/interamerica.org\/es\/#website"},"datePublished":"2007-01-11T04:00:00+00:00","dateModified":"2017-06-02T13:13:18+00:00","author":{"@id":"https:\/\/interamerica.org\/es\/#\/schema\/person\/68ede8bdc292885bb76c1e3810e73c39"},"breadcrumb":{"@id":"https:\/\/interamerica.org\/es\/2007\/01\/historia-actualizada-vandalismo-en-iglesia-enfada-a-presidente-de-serbia-miembros-de-la-comunidad\/#breadcrumb"},"inLanguage":"es","potentialAction":[{"@type":"ReadAction","target":["https:\/\/interamerica.org\/es\/2007\/01\/historia-actualizada-vandalismo-en-iglesia-enfada-a-presidente-de-serbia-miembros-de-la-comunidad\/"]}]},{"@type":"BreadcrumbList","@id":"https:\/\/interamerica.org\/es\/2007\/01\/historia-actualizada-vandalismo-en-iglesia-enfada-a-presidente-de-serbia-miembros-de-la-comunidad\/#breadcrumb","itemListElement":[{"@type":"ListItem","position":1,"name":"Home","item":"https:\/\/interamerica.org\/es\/"},{"@type":"ListItem","position":2,"name":"Historia Actualizada: Vandalismo en Iglesia Enfada a Presidente de Serbia, Miembros de la Comunidad"}]},{"@type":"WebSite","@id":"https:\/\/interamerica.org\/es\/#website","url":"https:\/\/interamerica.org\/es\/","name":"Iglesia Adventista del S\u00e9ptimo D\u00eda - Divisi\u00f3n Interamericana","description":"","potentialAction":[{"@type":"SearchAction","target":{"@type":"EntryPoint","urlTemplate":"https:\/\/interamerica.org\/es\/?s={search_term_string}"},"query-input":{"@type":"PropertyValueSpecification","valueRequired":true,"valueName":"search_term_string"}}],"inLanguage":"es"},{"@type":"Person","@id":"https:\/\/interamerica.org\/es\/#\/schema\/person\/68ede8bdc292885bb76c1e3810e73c39","name":"Lorenzo Verduzco","image":{"@type":"ImageObject","inLanguage":"es","@id":"https:\/\/secure.gravatar.com\/avatar\/fb81a55b6218459490a9c1dc841a34909185b81904c5337b4b27f7a6fd60c49e?s=96&d=mm&r=g","url":"https:\/\/secure.gravatar.com\/avatar\/fb81a55b6218459490a9c1dc841a34909185b81904c5337b4b27f7a6fd60c49e?s=96&d=mm&r=g","contentUrl":"https:\/\/secure.gravatar.com\/avatar\/fb81a55b6218459490a9c1dc841a34909185b81904c5337b4b27f7a6fd60c49e?s=96&d=mm&r=g","caption":"Lorenzo Verduzco"}}]}},"_links":{"self":[{"href":"https:\/\/interamerica.org\/es\/wp-json\/wp\/v2\/posts\/10869","targetHints":{"allow":["GET"]}}],"collection":[{"href":"https:\/\/interamerica.org\/es\/wp-json\/wp\/v2\/posts"}],"about":[{"href":"https:\/\/interamerica.org\/es\/wp-json\/wp\/v2\/types\/post"}],"author":[{"embeddable":true,"href":"https:\/\/interamerica.org\/es\/wp-json\/wp\/v2\/users\/1"}],"replies":[{"embeddable":true,"href":"https:\/\/interamerica.org\/es\/wp-json\/wp\/v2\/comments?post=10869"}],"version-history":[{"count":0,"href":"https:\/\/interamerica.org\/es\/wp-json\/wp\/v2\/posts\/10869\/revisions"}],"wp:attachment":[{"href":"https:\/\/interamerica.org\/es\/wp-json\/wp\/v2\/media?parent=10869"}],"wp:term":[{"taxonomy":"category","embeddable":true,"href":"https:\/\/interamerica.org\/es\/wp-json\/wp\/v2\/categories?post=10869"},{"taxonomy":"post_tag","embeddable":true,"href":"https:\/\/interamerica.org\/es\/wp-json\/wp\/v2\/tags?post=10869"}],"curies":[{"name":"wp","href":"https:\/\/api.w.org\/{rel}","templated":true}]}}