{"id":10873,"date":"2007-01-23T00:00:00","date_gmt":"2007-01-23T04:00:00","guid":{"rendered":"http:\/\/192.81.217.108\/interamerica\/2007\/01\/iglesia-mundial-lideres-cultivaran-relaciones-con-otros-credos\/"},"modified":"2017-06-02T09:13:15","modified_gmt":"2017-06-02T13:13:15","slug":"iglesia-mundial-lideres-cultivaran-relaciones-con-otros-credos","status":"publish","type":"post","link":"https:\/\/interamerica.org\/es\/2007\/01\/iglesia-mundial-lideres-cultivaran-relaciones-con-otros-credos\/","title":{"rendered":"Iglesia Mundial: L\u00edderes Cultivar\u00e1n Relaciones con Otros Credos"},"content":{"rendered":"<p>Silver Spring, Maryland, Estados Unidos, 23 de Enero de 2007&#8230;. [Elizabeth Lechleitner\/ANN] <\/p>\n<p>\u201cLos adventistas del s\u00e9ptimo d\u00eda no son islas en este mundo. Queremos conocer mejor otras confesiones religiosas, y que \u00e9stas nos conozcan mejor\u201d, dijo el Dr. John Graz, director del departamento de Asuntos P\u00fablicos y Libertad Religiosa de la iglesia adventista a nivel mundial, el 23 de enero. <\/p>\n<p>Con una feligres\u00eda global que se aproxima r\u00e1pidamente a los 15 millones de personas, la iglesia adventista est\u00e1 lejos de ser aislacionista. Sin embargo, sus l\u00edderes creen que un esfuerzo concertado para cultivar conversaciones entre la iglesia y los principales grupos religiosos (musulmanes, budistas, y otros) es vital mientras los adventistas contin\u00faan en su visi\u00f3n de contar al mundo acerca del mensaje de esperanza de Jes\u00fas. <\/p>\n<p>Para ese fin, el 22 de enero, los l\u00edderes de la iglesia aprobaron, cambiar el nombre del Concilio de Relaciones Intereclesi\u00e1sticas e Intercredos para convertirlo en el Concilio de Asuntos Intereclesi\u00e1sticos e Intereligiosos. Mucho m\u00e1s que un cambio de nombre, la actualizaci\u00f3n tiene como prop\u00f3sito marcar el comienzo de lo que el Dr. Michael Ryan, uno de los vicepresidentes de la iglesia mundial, llam\u00f3 \u201cuna relaci\u00f3n rec\u00edproca\u201d, entre los adventistas y los adherentes a otras confesiones religiosas. <\/p>\n<p>\u201cEn el pasado, simplemente no nos hemos entendido los unos a los otros\u201d, dijo Ryan, quien tambi\u00e9n act\u00faa como vicepresidente del Concilio. \u201cAhora tenemos una mejor posici\u00f3n para dialogar con l\u00edderes de las religiones mundiales, de modo que podamos entenderles mejor y ellos puedan entender qui\u00e9nes somos nosotros y qu\u00e9 creemos\u201d. <\/p>\n<p>Es fundamental una conversaci\u00f3n que se proponga establecer conexiones de manera significativa, concord\u00f3 Graz, el secretario general del Concilio. \u201cSi usted no habla, ellos no sabr\u00e1n lo que usted podr\u00eda creer, e incluso podr\u00edan pensar que usted es peligroso, o que est\u00e1 impulsando una agenda pol\u00edtica amenazante\u201d, dijo \u00e9l. \u201cEn el clima de confusi\u00f3n de la actualidad, con credos, sectas y fanatismo religioso, es importante anclar nuestro di\u00e1logo\u201d. <\/p>\n<p>Tanto Graz como Ryan creen que las conversaciones francas entre los adventistas y otros grupos religiosos, nivelar\u00e1n el prejuicio que a menudo carcome las relaciones entre las diversas confesiones religiosas. \u201cCuando otras religiones realmente nos entienden, la comunidad llega a saberlo y esto marca una diferencia\u201d, dijo Ryan. <\/p>\n<p>El entendimiento mutuo no invita a debilitar las doctrinas, como algunos adventistas podr\u00edan temer, aseguran los l\u00edderes de la iglesia. \u201cInvolucrarnos en el di\u00e1logo no significa que estamos desarrollando una agenda ecum\u00e9nica. Est\u00e1 diciendo que queremos llegar m\u00e1s all\u00e1 de la comunidad cristiana y hablar con otras confesiones religiosas. Est\u00e1 diciendo que queremos tener buenas relaciones\u201d, dijo Graz. <\/p>\n<p>\u201cEsto dar\u00e1 a los adventistas la oportunidad y los lineamientos para hablar de una manera que conecta con otras confesiones religiosas\u201d, a\u00f1adi\u00f3 Ryan. <\/p>\n<p>Junto con el cambio de nombre, los miembros del concilio en la sede mundial de la iglesia adventista, aprobaron expandir el n\u00famero de miembros del Concilio, para incluir m\u00e1s representaci\u00f3n de la oficina de Misi\u00f3n Adventista, y otras organizaciones de la iglesia orientadas hacia la misi\u00f3n, para mantener en la vanguardia de la agenda de la iglesia el esfuerzo para llegar a otros. <\/p>\n<p><strong >Derechos Reservados \u00ae 2007 por Adventist News Network. <\/strong ><\/p>\n","protected":false},"excerpt":{"rendered":"<p>\u201cLos adventistas del s\u00e9ptimo d\u00eda no son islas en este mundo. Queremos conocer mejor otras confesiones religiosas, y que ellas nos conozcan mejor\u201d, dijo el Dr. John Graz, director del departamento de Asuntos P\u00fablicos y Libe<\/p>\n","protected":false},"author":1,"featured_media":0,"comment_status":"closed","ping_status":"closed","sticky":false,"template":"","format":"standard","meta":{"_acf_changed":false,"footnotes":""},"categories":[8],"tags":[],"class_list":["post-10873","post","type-post","status-publish","format-standard","hentry","category-archivo"],"acf":[],"yoast_head":"<!-- This site is optimized with the Yoast SEO plugin v27.3 - https:\/\/yoast.com\/product\/yoast-seo-wordpress\/ -->\n<title>Iglesia Mundial: L\u00edderes Cultivar\u00e1n Relaciones con Otros Credos - Iglesia Adventista del S\u00e9ptimo D\u00eda - Divisi\u00f3n Interamericana<\/title>\n<meta name=\"robots\" content=\"index, follow, max-snippet:-1, max-image-preview:large, max-video-preview:-1\" \/>\n<link rel=\"canonical\" href=\"https:\/\/interamerica.org\/es\/2007\/01\/iglesia-mundial-lideres-cultivaran-relaciones-con-otros-credos\/\" \/>\n<meta property=\"og:locale\" content=\"es_ES\" \/>\n<meta property=\"og:type\" content=\"article\" \/>\n<meta property=\"og:title\" content=\"Iglesia Mundial: L\u00edderes Cultivar\u00e1n Relaciones con Otros Credos - Iglesia Adventista del S\u00e9ptimo D\u00eda - Divisi\u00f3n Interamericana\" \/>\n<meta property=\"og:description\" content=\"\u201cLos adventistas del s\u00e9ptimo d\u00eda no son islas en este mundo. Queremos conocer mejor otras confesiones religiosas, y que ellas nos conozcan mejor\u201d, dijo el Dr. John Graz, director del departamento de Asuntos P\u00fablicos y Libe\" \/>\n<meta property=\"og:url\" content=\"https:\/\/interamerica.org\/es\/2007\/01\/iglesia-mundial-lideres-cultivaran-relaciones-con-otros-credos\/\" \/>\n<meta property=\"og:site_name\" content=\"Iglesia Adventista del S\u00e9ptimo D\u00eda - Divisi\u00f3n Interamericana\" \/>\n<meta property=\"article:published_time\" content=\"2007-01-23T04:00:00+00:00\" \/>\n<meta property=\"article:modified_time\" content=\"2017-06-02T13:13:15+00:00\" \/>\n<meta name=\"author\" content=\"Lorenzo Verduzco\" \/>\n<meta name=\"twitter:card\" content=\"summary_large_image\" \/>\n<meta name=\"twitter:label1\" content=\"Escrito por\" \/>\n\t<meta name=\"twitter:data1\" content=\"Lorenzo Verduzco\" \/>\n\t<meta name=\"twitter:label2\" content=\"Tiempo de lectura\" \/>\n\t<meta name=\"twitter:data2\" content=\"3 minutos\" \/>\n<script type=\"application\/ld+json\" class=\"yoast-schema-graph\">{\"@context\":\"https:\\\/\\\/schema.org\",\"@graph\":[{\"@type\":\"Article\",\"@id\":\"https:\\\/\\\/interamerica.org\\\/es\\\/2007\\\/01\\\/iglesia-mundial-lideres-cultivaran-relaciones-con-otros-credos\\\/#article\",\"isPartOf\":{\"@id\":\"https:\\\/\\\/interamerica.org\\\/es\\\/2007\\\/01\\\/iglesia-mundial-lideres-cultivaran-relaciones-con-otros-credos\\\/\"},\"author\":{\"name\":\"Lorenzo Verduzco\",\"@id\":\"https:\\\/\\\/interamerica.org\\\/es\\\/#\\\/schema\\\/person\\\/68ede8bdc292885bb76c1e3810e73c39\"},\"headline\":\"Iglesia Mundial: L\u00edderes Cultivar\u00e1n Relaciones con Otros Credos\",\"datePublished\":\"2007-01-23T04:00:00+00:00\",\"dateModified\":\"2017-06-02T13:13:15+00:00\",\"mainEntityOfPage\":{\"@id\":\"https:\\\/\\\/interamerica.org\\\/es\\\/2007\\\/01\\\/iglesia-mundial-lideres-cultivaran-relaciones-con-otros-credos\\\/\"},\"wordCount\":567,\"articleSection\":[\"Archivo\"],\"inLanguage\":\"es\"},{\"@type\":\"WebPage\",\"@id\":\"https:\\\/\\\/interamerica.org\\\/es\\\/2007\\\/01\\\/iglesia-mundial-lideres-cultivaran-relaciones-con-otros-credos\\\/\",\"url\":\"https:\\\/\\\/interamerica.org\\\/es\\\/2007\\\/01\\\/iglesia-mundial-lideres-cultivaran-relaciones-con-otros-credos\\\/\",\"name\":\"Iglesia Mundial: L\u00edderes Cultivar\u00e1n Relaciones con Otros Credos - Iglesia Adventista del S\u00e9ptimo D\u00eda - Divisi\u00f3n Interamericana\",\"isPartOf\":{\"@id\":\"https:\\\/\\\/interamerica.org\\\/es\\\/#website\"},\"datePublished\":\"2007-01-23T04:00:00+00:00\",\"dateModified\":\"2017-06-02T13:13:15+00:00\",\"author\":{\"@id\":\"https:\\\/\\\/interamerica.org\\\/es\\\/#\\\/schema\\\/person\\\/68ede8bdc292885bb76c1e3810e73c39\"},\"breadcrumb\":{\"@id\":\"https:\\\/\\\/interamerica.org\\\/es\\\/2007\\\/01\\\/iglesia-mundial-lideres-cultivaran-relaciones-con-otros-credos\\\/#breadcrumb\"},\"inLanguage\":\"es\",\"potentialAction\":[{\"@type\":\"ReadAction\",\"target\":[\"https:\\\/\\\/interamerica.org\\\/es\\\/2007\\\/01\\\/iglesia-mundial-lideres-cultivaran-relaciones-con-otros-credos\\\/\"]}]},{\"@type\":\"BreadcrumbList\",\"@id\":\"https:\\\/\\\/interamerica.org\\\/es\\\/2007\\\/01\\\/iglesia-mundial-lideres-cultivaran-relaciones-con-otros-credos\\\/#breadcrumb\",\"itemListElement\":[{\"@type\":\"ListItem\",\"position\":1,\"name\":\"Home\",\"item\":\"https:\\\/\\\/interamerica.org\\\/es\\\/\"},{\"@type\":\"ListItem\",\"position\":2,\"name\":\"Iglesia Mundial: L\u00edderes Cultivar\u00e1n Relaciones con Otros Credos\"}]},{\"@type\":\"WebSite\",\"@id\":\"https:\\\/\\\/interamerica.org\\\/es\\\/#website\",\"url\":\"https:\\\/\\\/interamerica.org\\\/es\\\/\",\"name\":\"Iglesia Adventista del S\u00e9ptimo D\u00eda - Divisi\u00f3n Interamericana\",\"description\":\"\",\"potentialAction\":[{\"@type\":\"SearchAction\",\"target\":{\"@type\":\"EntryPoint\",\"urlTemplate\":\"https:\\\/\\\/interamerica.org\\\/es\\\/?s={search_term_string}\"},\"query-input\":{\"@type\":\"PropertyValueSpecification\",\"valueRequired\":true,\"valueName\":\"search_term_string\"}}],\"inLanguage\":\"es\"},{\"@type\":\"Person\",\"@id\":\"https:\\\/\\\/interamerica.org\\\/es\\\/#\\\/schema\\\/person\\\/68ede8bdc292885bb76c1e3810e73c39\",\"name\":\"Lorenzo Verduzco\",\"image\":{\"@type\":\"ImageObject\",\"inLanguage\":\"es\",\"@id\":\"https:\\\/\\\/secure.gravatar.com\\\/avatar\\\/fb81a55b6218459490a9c1dc841a34909185b81904c5337b4b27f7a6fd60c49e?s=96&d=mm&r=g\",\"url\":\"https:\\\/\\\/secure.gravatar.com\\\/avatar\\\/fb81a55b6218459490a9c1dc841a34909185b81904c5337b4b27f7a6fd60c49e?s=96&d=mm&r=g\",\"contentUrl\":\"https:\\\/\\\/secure.gravatar.com\\\/avatar\\\/fb81a55b6218459490a9c1dc841a34909185b81904c5337b4b27f7a6fd60c49e?s=96&d=mm&r=g\",\"caption\":\"Lorenzo Verduzco\"}}]}<\/script>\n<!-- \/ Yoast SEO plugin. -->","yoast_head_json":{"title":"Iglesia Mundial: L\u00edderes Cultivar\u00e1n Relaciones con Otros Credos - Iglesia Adventista del S\u00e9ptimo D\u00eda - Divisi\u00f3n Interamericana","robots":{"index":"index","follow":"follow","max-snippet":"max-snippet:-1","max-image-preview":"max-image-preview:large","max-video-preview":"max-video-preview:-1"},"canonical":"https:\/\/interamerica.org\/es\/2007\/01\/iglesia-mundial-lideres-cultivaran-relaciones-con-otros-credos\/","og_locale":"es_ES","og_type":"article","og_title":"Iglesia Mundial: L\u00edderes Cultivar\u00e1n Relaciones con Otros Credos - Iglesia Adventista del S\u00e9ptimo D\u00eda - Divisi\u00f3n Interamericana","og_description":"\u201cLos adventistas del s\u00e9ptimo d\u00eda no son islas en este mundo. Queremos conocer mejor otras confesiones religiosas, y que ellas nos conozcan mejor\u201d, dijo el Dr. John Graz, director del departamento de Asuntos P\u00fablicos y Libe","og_url":"https:\/\/interamerica.org\/es\/2007\/01\/iglesia-mundial-lideres-cultivaran-relaciones-con-otros-credos\/","og_site_name":"Iglesia Adventista del S\u00e9ptimo D\u00eda - Divisi\u00f3n Interamericana","article_published_time":"2007-01-23T04:00:00+00:00","article_modified_time":"2017-06-02T13:13:15+00:00","author":"Lorenzo Verduzco","twitter_card":"summary_large_image","twitter_misc":{"Escrito por":"Lorenzo Verduzco","Tiempo de lectura":"3 minutos"},"schema":{"@context":"https:\/\/schema.org","@graph":[{"@type":"Article","@id":"https:\/\/interamerica.org\/es\/2007\/01\/iglesia-mundial-lideres-cultivaran-relaciones-con-otros-credos\/#article","isPartOf":{"@id":"https:\/\/interamerica.org\/es\/2007\/01\/iglesia-mundial-lideres-cultivaran-relaciones-con-otros-credos\/"},"author":{"name":"Lorenzo Verduzco","@id":"https:\/\/interamerica.org\/es\/#\/schema\/person\/68ede8bdc292885bb76c1e3810e73c39"},"headline":"Iglesia Mundial: L\u00edderes Cultivar\u00e1n Relaciones con Otros Credos","datePublished":"2007-01-23T04:00:00+00:00","dateModified":"2017-06-02T13:13:15+00:00","mainEntityOfPage":{"@id":"https:\/\/interamerica.org\/es\/2007\/01\/iglesia-mundial-lideres-cultivaran-relaciones-con-otros-credos\/"},"wordCount":567,"articleSection":["Archivo"],"inLanguage":"es"},{"@type":"WebPage","@id":"https:\/\/interamerica.org\/es\/2007\/01\/iglesia-mundial-lideres-cultivaran-relaciones-con-otros-credos\/","url":"https:\/\/interamerica.org\/es\/2007\/01\/iglesia-mundial-lideres-cultivaran-relaciones-con-otros-credos\/","name":"Iglesia Mundial: L\u00edderes Cultivar\u00e1n Relaciones con Otros Credos - Iglesia Adventista del S\u00e9ptimo D\u00eda - Divisi\u00f3n Interamericana","isPartOf":{"@id":"https:\/\/interamerica.org\/es\/#website"},"datePublished":"2007-01-23T04:00:00+00:00","dateModified":"2017-06-02T13:13:15+00:00","author":{"@id":"https:\/\/interamerica.org\/es\/#\/schema\/person\/68ede8bdc292885bb76c1e3810e73c39"},"breadcrumb":{"@id":"https:\/\/interamerica.org\/es\/2007\/01\/iglesia-mundial-lideres-cultivaran-relaciones-con-otros-credos\/#breadcrumb"},"inLanguage":"es","potentialAction":[{"@type":"ReadAction","target":["https:\/\/interamerica.org\/es\/2007\/01\/iglesia-mundial-lideres-cultivaran-relaciones-con-otros-credos\/"]}]},{"@type":"BreadcrumbList","@id":"https:\/\/interamerica.org\/es\/2007\/01\/iglesia-mundial-lideres-cultivaran-relaciones-con-otros-credos\/#breadcrumb","itemListElement":[{"@type":"ListItem","position":1,"name":"Home","item":"https:\/\/interamerica.org\/es\/"},{"@type":"ListItem","position":2,"name":"Iglesia Mundial: L\u00edderes Cultivar\u00e1n Relaciones con Otros Credos"}]},{"@type":"WebSite","@id":"https:\/\/interamerica.org\/es\/#website","url":"https:\/\/interamerica.org\/es\/","name":"Iglesia Adventista del S\u00e9ptimo D\u00eda - Divisi\u00f3n Interamericana","description":"","potentialAction":[{"@type":"SearchAction","target":{"@type":"EntryPoint","urlTemplate":"https:\/\/interamerica.org\/es\/?s={search_term_string}"},"query-input":{"@type":"PropertyValueSpecification","valueRequired":true,"valueName":"search_term_string"}}],"inLanguage":"es"},{"@type":"Person","@id":"https:\/\/interamerica.org\/es\/#\/schema\/person\/68ede8bdc292885bb76c1e3810e73c39","name":"Lorenzo Verduzco","image":{"@type":"ImageObject","inLanguage":"es","@id":"https:\/\/secure.gravatar.com\/avatar\/fb81a55b6218459490a9c1dc841a34909185b81904c5337b4b27f7a6fd60c49e?s=96&d=mm&r=g","url":"https:\/\/secure.gravatar.com\/avatar\/fb81a55b6218459490a9c1dc841a34909185b81904c5337b4b27f7a6fd60c49e?s=96&d=mm&r=g","contentUrl":"https:\/\/secure.gravatar.com\/avatar\/fb81a55b6218459490a9c1dc841a34909185b81904c5337b4b27f7a6fd60c49e?s=96&d=mm&r=g","caption":"Lorenzo Verduzco"}}]}},"_links":{"self":[{"href":"https:\/\/interamerica.org\/es\/wp-json\/wp\/v2\/posts\/10873","targetHints":{"allow":["GET"]}}],"collection":[{"href":"https:\/\/interamerica.org\/es\/wp-json\/wp\/v2\/posts"}],"about":[{"href":"https:\/\/interamerica.org\/es\/wp-json\/wp\/v2\/types\/post"}],"author":[{"embeddable":true,"href":"https:\/\/interamerica.org\/es\/wp-json\/wp\/v2\/users\/1"}],"replies":[{"embeddable":true,"href":"https:\/\/interamerica.org\/es\/wp-json\/wp\/v2\/comments?post=10873"}],"version-history":[{"count":0,"href":"https:\/\/interamerica.org\/es\/wp-json\/wp\/v2\/posts\/10873\/revisions"}],"wp:attachment":[{"href":"https:\/\/interamerica.org\/es\/wp-json\/wp\/v2\/media?parent=10873"}],"wp:term":[{"taxonomy":"category","embeddable":true,"href":"https:\/\/interamerica.org\/es\/wp-json\/wp\/v2\/categories?post=10873"},{"taxonomy":"post_tag","embeddable":true,"href":"https:\/\/interamerica.org\/es\/wp-json\/wp\/v2\/tags?post=10873"}],"curies":[{"name":"wp","href":"https:\/\/api.w.org\/{rel}","templated":true}]}}