{"id":108734,"date":"2024-01-08T20:46:04","date_gmt":"2024-01-09T01:46:04","guid":{"rendered":"https:\/\/interamerica.org\/?p=108734"},"modified":"2024-01-10T10:07:51","modified_gmt":"2024-01-10T15:07:51","slug":"de-un-viejo-granero-a-un-nuevo-edificio-de-escuela-adventista","status":"publish","type":"post","link":"https:\/\/interamerica.org\/es\/2024\/01\/de-un-viejo-granero-a-un-nuevo-edificio-de-escuela-adventista\/","title":{"rendered":"De un viejo granero, a un nuevo edificio de escuela adventista"},"content":{"rendered":"<p><strong>Se abren nuevas instalaciones educacionales en Alemania, despu\u00e9s de un extenso proyecto de construcci\u00f3n. <\/strong><\/p>\n<p>8 de enero de 2024 | Oranienburg-Friedrichsthal,\u00a0Alemania | Adventistischer Pressedienst y Adventist Review<\/p>\n<p>Despu\u00e9s de dos a\u00f1os y medio de construcci\u00f3n, el nuevo edificio de la Escuela Adventista Oberhavel, en Oranienburg-Friedrichsthal, Brandenburg, Alemania, fue dedicado en una ceremonia especial el 8 de octubre de 2023. El anuncio oficial fue publicado por Advent-Wohlfahrtswerk e.V., la organizaci\u00f3n de beneficencia de la Iglesia Adventista del S\u00e9ptimo D\u00eda en Alemania, en uno de sus informes en su sitio web.<\/p>\n<p>En un mensaje especial, Christian Fischer, director gerencial de la autoridad escolar que opera en Oberhavel, hizo recordar los principios de esta escuela: \u201cEn 2006, lanzamos la primera escuela primaria con siete estudiantes, en aulas de clase de la antigua escuela del pueblo. El edificio ten\u00eda cierto encanto, pero el espacio era muy limitado y el edificio necesitaba mejor\u00edas\u201d dijo el director Fischer. Por tales razones, Advent Wohlfahrtswerk e.V. decidi\u00f3 apoyar la construcci\u00f3n de un nuevo edificio escolar en los terrenos de la escuela.<\/p>\n<p>Moderna construcci\u00f3n con magn\u00edficas vistas<\/p>\n<p>Antes de que se iniciara la construcci\u00f3n de un nuevo edificio, los trabajadores renovaron y expandieron la escuela existente. Demolieron tambi\u00e9n un viejo granero, con el fin de hacer espacio para el nuevo edificio.. \u201cNos llen\u00f3 de cierto orgullo el hecho de que fuimos capaces de preservar parte del viejo edificio e integrarlo al nuevo, dijo el director Fischer. \u201cEl moderno edificio escolar, construido en parte con madera, se extiende en forma de U en torno a la espaciosa zona enfrente de la entrada. Esto incluye un nuevo auditorio, una cafeter\u00eda, una nueva cocina y varias modernas aulas de clase con una magn\u00edfica vista hacia la campi\u00f1a\u201d.<\/p>\n<p>La directora de la escuela, Anita Michor, dio a conocer tambi\u00e9n algunos detalles sobre el proyecto de construcci\u00f3n. \u201cNo hace falta decir que los trabajos de construcci\u00f3n durante la continua operaci\u00f3n de la escuela fueron agotadores tanto para maestros como para estudiantes; pero fue tambi\u00e9n una gran aventura para los ni\u00f1os\u201d, dijo la directora Michor. \u201cFueron capaces de ser testigos de cada paso en el proyecto de construcci\u00f3n\u201d.<\/p>\n<p>Dijo la directora Michor que para los estudiantes fue muy interesante ver de primera mano los desaf\u00edos y logros de la iniciativa. \u201cEl trabajo de construcci\u00f3n mismo fue incorporado dentro de sus lecciones\u201d, dijo. \u201cAhora que finalmente todo est\u00e1 terminado y se puede ver cuan bello ha quedado todo, podemos ver que ha valido la pena todo el esfuerzo\u201d.<\/p>\n<p><strong>Piedra angular de dignidad humana<\/strong><\/p>\n<p>En su discurso de bienvenida, Johannes Naether, presidente de la Uni\u00f3n Asociaci\u00f3n de Alemania del Norte de la iglesia adventista, pregunt\u00f3: \u201c\u00bfPor qu\u00e9 nosotros, como iglesia protestante, construimos y operamos una escuela?\u201d. \u00a0En su respuesta, enfatiz\u00f3 que la educaci\u00f3n fue una parte inseparable de la Reforma y que fue tanto el motivo como la consecuencia de una fe madura. El libre acceso para todos a la educaci\u00f3n es, por lo tanto, una piedra angular de la dignidad humana, dijo el presidente Naether. El ser capaces de leer y entender la Biblia por uno mismo es la clave de la educaci\u00f3n y el progreso, como en los tiempos de la Reforma, explic\u00f3. \u201cHoy tambi\u00e9n es importante desarrollar y fortalecer la individualidad y responsabilidad personal de los adolescentes y promover la solidaridad y el sentido de comunidad\u201d, dijo el presidente Naether. La educaci\u00f3n integral de cuerpo, alma y mente, es la preocupaci\u00f3n central de todas las instituciones educativas de la Iglesia Adventista del S\u00e9ptimo D\u00eda\u201d,<\/p>\n<p><strong>Acera de la Escuela Adventista Oberhavel<\/strong><\/p>\n<p>La Escuela Adventista Oberhavel es una escuela secundaria general, con una secci\u00f3n de escuela primaria. Como en toda escuela de horario completo diurno, ofrece tambi\u00e9n a los estudiantes una amplia variedad de actividades escolares en la tarde. Como escuela privada independiente, se adhiere al marco curricular para el Estado de Brandenburg, pero las condiciones del aprendizaje \u00a0pueden ser dise\u00f1adas m\u00e1s libremente, de acuerdo con la directora Anita Michor. Cada clase tiene un m\u00e1ximo de 17 estudiantes, lo cual permite m\u00e1s apoyo individual. Los estudiantes pueden asistir a la escuela desde el primero hasta el d\u00e9cimo grado y tomar todos los ex\u00e1menes escolares comunes de fin de curso.<\/p>\n<p>La <a href=\"https:\/\/www.apd.info\/news\/2023\/10\/18\/adventschule-oberhavel-eroffnete-neues-schulgebaude\">versi\u00f3n original <\/a>de esta noticia se public\u00f3 en <a href=\"https:\/\/www.apd.info\/\">Adventistischer Pressedienst.<\/a><\/p>\n<p>Traducci\u00f3n -Gloria A. Castrej\u00f3n<\/p>\n<p>&nbsp;<\/p>\n","protected":false},"excerpt":{"rendered":"<p>Se abren nuevas instalaciones educacionales en Alemania, despu\u00e9s de un extenso proyecto de construcci\u00f3n. 8 de enero de 2024 | Oranienburg-Friedrichsthal,\u00a0Alemania | Adventistischer Pressedienst y Adventist Review Despu\u00e9s de dos&#8230;<\/p>\n","protected":false},"author":3,"featured_media":108723,"comment_status":"closed","ping_status":"closed","sticky":false,"template":"","format":"standard","meta":{"_acf_changed":false,"footnotes":""},"categories":[14,15],"tags":[],"class_list":["post-108734","post","type-post","status-publish","format-standard","has-post-thumbnail","hentry","category-de-la-iglesia-mundial","category-rss-espanol"],"acf":[],"yoast_head":"<!-- This site is optimized with the Yoast SEO plugin v27.3 - https:\/\/yoast.com\/product\/yoast-seo-wordpress\/ -->\n<title>De un viejo granero, a un nuevo edificio de escuela adventista - Iglesia Adventista del S\u00e9ptimo D\u00eda - Divisi\u00f3n Interamericana<\/title>\n<meta name=\"robots\" content=\"index, follow, max-snippet:-1, max-image-preview:large, max-video-preview:-1\" \/>\n<link rel=\"canonical\" href=\"https:\/\/interamerica.org\/es\/2024\/01\/de-un-viejo-granero-a-un-nuevo-edificio-de-escuela-adventista\/\" \/>\n<meta property=\"og:locale\" content=\"es_ES\" \/>\n<meta property=\"og:type\" content=\"article\" \/>\n<meta property=\"og:title\" content=\"De un viejo granero, a un nuevo edificio de escuela adventista - Iglesia Adventista del S\u00e9ptimo D\u00eda - Divisi\u00f3n Interamericana\" \/>\n<meta property=\"og:description\" content=\"Se abren nuevas instalaciones educacionales en Alemania, despu\u00e9s de un extenso proyecto de construcci\u00f3n. 8 de enero de 2024 | Oranienburg-Friedrichsthal,\u00a0Alemania | Adventistischer Pressedienst y Adventist Review Despu\u00e9s de dos...\" \/>\n<meta property=\"og:url\" content=\"https:\/\/interamerica.org\/es\/2024\/01\/de-un-viejo-granero-a-un-nuevo-edificio-de-escuela-adventista\/\" \/>\n<meta property=\"og:site_name\" content=\"Iglesia Adventista del S\u00e9ptimo D\u00eda - Divisi\u00f3n Interamericana\" \/>\n<meta property=\"article:published_time\" content=\"2024-01-09T01:46:04+00:00\" \/>\n<meta property=\"article:modified_time\" content=\"2024-01-10T15:07:51+00:00\" \/>\n<meta property=\"og:image\" content=\"https:\/\/interamerica.org\/wp-content\/uploads\/2024\/01\/germanysot1697611934540.webp\" \/>\n\t<meta property=\"og:image:width\" content=\"640\" \/>\n\t<meta property=\"og:image:height\" content=\"360\" \/>\n\t<meta property=\"og:image:type\" content=\"image\/webp\" \/>\n<meta name=\"author\" content=\"libna\" \/>\n<meta name=\"twitter:card\" content=\"summary_large_image\" \/>\n<meta name=\"twitter:label1\" content=\"Escrito por\" \/>\n\t<meta name=\"twitter:data1\" content=\"libna\" \/>\n\t<meta name=\"twitter:label2\" content=\"Tiempo de lectura\" \/>\n\t<meta name=\"twitter:data2\" content=\"4 minutos\" \/>\n<script type=\"application\/ld+json\" class=\"yoast-schema-graph\">{\"@context\":\"https:\\\/\\\/schema.org\",\"@graph\":[{\"@type\":\"Article\",\"@id\":\"https:\\\/\\\/interamerica.org\\\/es\\\/2024\\\/01\\\/de-un-viejo-granero-a-un-nuevo-edificio-de-escuela-adventista\\\/#article\",\"isPartOf\":{\"@id\":\"https:\\\/\\\/interamerica.org\\\/es\\\/2024\\\/01\\\/de-un-viejo-granero-a-un-nuevo-edificio-de-escuela-adventista\\\/\"},\"author\":{\"name\":\"libna\",\"@id\":\"https:\\\/\\\/interamerica.org\\\/es\\\/#\\\/schema\\\/person\\\/29998f2bc2d8bd0d38662909289b54f1\"},\"headline\":\"De un viejo granero, a un nuevo edificio de escuela adventista\",\"datePublished\":\"2024-01-09T01:46:04+00:00\",\"dateModified\":\"2024-01-10T15:07:51+00:00\",\"mainEntityOfPage\":{\"@id\":\"https:\\\/\\\/interamerica.org\\\/es\\\/2024\\\/01\\\/de-un-viejo-granero-a-un-nuevo-edificio-de-escuela-adventista\\\/\"},\"wordCount\":763,\"image\":{\"@id\":\"https:\\\/\\\/interamerica.org\\\/es\\\/2024\\\/01\\\/de-un-viejo-granero-a-un-nuevo-edificio-de-escuela-adventista\\\/#primaryimage\"},\"thumbnailUrl\":\"https:\\\/\\\/interamerica.org\\\/wp-content\\\/uploads\\\/2024\\\/01\\\/germanysot1697611934540.webp\",\"articleSection\":[\"Desde la iglesia mundial\",\"RSS Espa\u00f1ol\"],\"inLanguage\":\"es\"},{\"@type\":\"WebPage\",\"@id\":\"https:\\\/\\\/interamerica.org\\\/es\\\/2024\\\/01\\\/de-un-viejo-granero-a-un-nuevo-edificio-de-escuela-adventista\\\/\",\"url\":\"https:\\\/\\\/interamerica.org\\\/es\\\/2024\\\/01\\\/de-un-viejo-granero-a-un-nuevo-edificio-de-escuela-adventista\\\/\",\"name\":\"De un viejo granero, a un nuevo edificio de escuela adventista - Iglesia Adventista del S\u00e9ptimo D\u00eda - Divisi\u00f3n Interamericana\",\"isPartOf\":{\"@id\":\"https:\\\/\\\/interamerica.org\\\/es\\\/#website\"},\"primaryImageOfPage\":{\"@id\":\"https:\\\/\\\/interamerica.org\\\/es\\\/2024\\\/01\\\/de-un-viejo-granero-a-un-nuevo-edificio-de-escuela-adventista\\\/#primaryimage\"},\"image\":{\"@id\":\"https:\\\/\\\/interamerica.org\\\/es\\\/2024\\\/01\\\/de-un-viejo-granero-a-un-nuevo-edificio-de-escuela-adventista\\\/#primaryimage\"},\"thumbnailUrl\":\"https:\\\/\\\/interamerica.org\\\/wp-content\\\/uploads\\\/2024\\\/01\\\/germanysot1697611934540.webp\",\"datePublished\":\"2024-01-09T01:46:04+00:00\",\"dateModified\":\"2024-01-10T15:07:51+00:00\",\"author\":{\"@id\":\"https:\\\/\\\/interamerica.org\\\/es\\\/#\\\/schema\\\/person\\\/29998f2bc2d8bd0d38662909289b54f1\"},\"breadcrumb\":{\"@id\":\"https:\\\/\\\/interamerica.org\\\/es\\\/2024\\\/01\\\/de-un-viejo-granero-a-un-nuevo-edificio-de-escuela-adventista\\\/#breadcrumb\"},\"inLanguage\":\"es\",\"potentialAction\":[{\"@type\":\"ReadAction\",\"target\":[\"https:\\\/\\\/interamerica.org\\\/es\\\/2024\\\/01\\\/de-un-viejo-granero-a-un-nuevo-edificio-de-escuela-adventista\\\/\"]}]},{\"@type\":\"ImageObject\",\"inLanguage\":\"es\",\"@id\":\"https:\\\/\\\/interamerica.org\\\/es\\\/2024\\\/01\\\/de-un-viejo-granero-a-un-nuevo-edificio-de-escuela-adventista\\\/#primaryimage\",\"url\":\"https:\\\/\\\/interamerica.org\\\/wp-content\\\/uploads\\\/2024\\\/01\\\/germanysot1697611934540.webp\",\"contentUrl\":\"https:\\\/\\\/interamerica.org\\\/wp-content\\\/uploads\\\/2024\\\/01\\\/germanysot1697611934540.webp\",\"width\":640,\"height\":360},{\"@type\":\"BreadcrumbList\",\"@id\":\"https:\\\/\\\/interamerica.org\\\/es\\\/2024\\\/01\\\/de-un-viejo-granero-a-un-nuevo-edificio-de-escuela-adventista\\\/#breadcrumb\",\"itemListElement\":[{\"@type\":\"ListItem\",\"position\":1,\"name\":\"Home\",\"item\":\"https:\\\/\\\/interamerica.org\\\/es\\\/\"},{\"@type\":\"ListItem\",\"position\":2,\"name\":\"De un viejo granero, a un nuevo edificio de escuela adventista\"}]},{\"@type\":\"WebSite\",\"@id\":\"https:\\\/\\\/interamerica.org\\\/es\\\/#website\",\"url\":\"https:\\\/\\\/interamerica.org\\\/es\\\/\",\"name\":\"Iglesia Adventista del S\u00e9ptimo D\u00eda - Divisi\u00f3n Interamericana\",\"description\":\"\",\"potentialAction\":[{\"@type\":\"SearchAction\",\"target\":{\"@type\":\"EntryPoint\",\"urlTemplate\":\"https:\\\/\\\/interamerica.org\\\/es\\\/?s={search_term_string}\"},\"query-input\":{\"@type\":\"PropertyValueSpecification\",\"valueRequired\":true,\"valueName\":\"search_term_string\"}}],\"inLanguage\":\"es\"},{\"@type\":\"Person\",\"@id\":\"https:\\\/\\\/interamerica.org\\\/es\\\/#\\\/schema\\\/person\\\/29998f2bc2d8bd0d38662909289b54f1\",\"name\":\"libna\",\"image\":{\"@type\":\"ImageObject\",\"inLanguage\":\"es\",\"@id\":\"https:\\\/\\\/secure.gravatar.com\\\/avatar\\\/7c5bd30ae4b47a9ba3c856590957fd1d96dc588bf3ac05719d247e126840331f?s=96&d=mm&r=g\",\"url\":\"https:\\\/\\\/secure.gravatar.com\\\/avatar\\\/7c5bd30ae4b47a9ba3c856590957fd1d96dc588bf3ac05719d247e126840331f?s=96&d=mm&r=g\",\"contentUrl\":\"https:\\\/\\\/secure.gravatar.com\\\/avatar\\\/7c5bd30ae4b47a9ba3c856590957fd1d96dc588bf3ac05719d247e126840331f?s=96&d=mm&r=g\",\"caption\":\"libna\"}}]}<\/script>\n<!-- \/ Yoast SEO plugin. -->","yoast_head_json":{"title":"De un viejo granero, a un nuevo edificio de escuela adventista - Iglesia Adventista del S\u00e9ptimo D\u00eda - Divisi\u00f3n Interamericana","robots":{"index":"index","follow":"follow","max-snippet":"max-snippet:-1","max-image-preview":"max-image-preview:large","max-video-preview":"max-video-preview:-1"},"canonical":"https:\/\/interamerica.org\/es\/2024\/01\/de-un-viejo-granero-a-un-nuevo-edificio-de-escuela-adventista\/","og_locale":"es_ES","og_type":"article","og_title":"De un viejo granero, a un nuevo edificio de escuela adventista - Iglesia Adventista del S\u00e9ptimo D\u00eda - Divisi\u00f3n Interamericana","og_description":"Se abren nuevas instalaciones educacionales en Alemania, despu\u00e9s de un extenso proyecto de construcci\u00f3n. 8 de enero de 2024 | Oranienburg-Friedrichsthal,\u00a0Alemania | Adventistischer Pressedienst y Adventist Review Despu\u00e9s de dos...","og_url":"https:\/\/interamerica.org\/es\/2024\/01\/de-un-viejo-granero-a-un-nuevo-edificio-de-escuela-adventista\/","og_site_name":"Iglesia Adventista del S\u00e9ptimo D\u00eda - Divisi\u00f3n Interamericana","article_published_time":"2024-01-09T01:46:04+00:00","article_modified_time":"2024-01-10T15:07:51+00:00","og_image":[{"width":640,"height":360,"url":"https:\/\/interamerica.org\/wp-content\/uploads\/2024\/01\/germanysot1697611934540.webp","type":"image\/webp"}],"author":"libna","twitter_card":"summary_large_image","twitter_misc":{"Escrito por":"libna","Tiempo de lectura":"4 minutos"},"schema":{"@context":"https:\/\/schema.org","@graph":[{"@type":"Article","@id":"https:\/\/interamerica.org\/es\/2024\/01\/de-un-viejo-granero-a-un-nuevo-edificio-de-escuela-adventista\/#article","isPartOf":{"@id":"https:\/\/interamerica.org\/es\/2024\/01\/de-un-viejo-granero-a-un-nuevo-edificio-de-escuela-adventista\/"},"author":{"name":"libna","@id":"https:\/\/interamerica.org\/es\/#\/schema\/person\/29998f2bc2d8bd0d38662909289b54f1"},"headline":"De un viejo granero, a un nuevo edificio de escuela adventista","datePublished":"2024-01-09T01:46:04+00:00","dateModified":"2024-01-10T15:07:51+00:00","mainEntityOfPage":{"@id":"https:\/\/interamerica.org\/es\/2024\/01\/de-un-viejo-granero-a-un-nuevo-edificio-de-escuela-adventista\/"},"wordCount":763,"image":{"@id":"https:\/\/interamerica.org\/es\/2024\/01\/de-un-viejo-granero-a-un-nuevo-edificio-de-escuela-adventista\/#primaryimage"},"thumbnailUrl":"https:\/\/interamerica.org\/wp-content\/uploads\/2024\/01\/germanysot1697611934540.webp","articleSection":["Desde la iglesia mundial","RSS Espa\u00f1ol"],"inLanguage":"es"},{"@type":"WebPage","@id":"https:\/\/interamerica.org\/es\/2024\/01\/de-un-viejo-granero-a-un-nuevo-edificio-de-escuela-adventista\/","url":"https:\/\/interamerica.org\/es\/2024\/01\/de-un-viejo-granero-a-un-nuevo-edificio-de-escuela-adventista\/","name":"De un viejo granero, a un nuevo edificio de escuela adventista - Iglesia Adventista del S\u00e9ptimo D\u00eda - Divisi\u00f3n Interamericana","isPartOf":{"@id":"https:\/\/interamerica.org\/es\/#website"},"primaryImageOfPage":{"@id":"https:\/\/interamerica.org\/es\/2024\/01\/de-un-viejo-granero-a-un-nuevo-edificio-de-escuela-adventista\/#primaryimage"},"image":{"@id":"https:\/\/interamerica.org\/es\/2024\/01\/de-un-viejo-granero-a-un-nuevo-edificio-de-escuela-adventista\/#primaryimage"},"thumbnailUrl":"https:\/\/interamerica.org\/wp-content\/uploads\/2024\/01\/germanysot1697611934540.webp","datePublished":"2024-01-09T01:46:04+00:00","dateModified":"2024-01-10T15:07:51+00:00","author":{"@id":"https:\/\/interamerica.org\/es\/#\/schema\/person\/29998f2bc2d8bd0d38662909289b54f1"},"breadcrumb":{"@id":"https:\/\/interamerica.org\/es\/2024\/01\/de-un-viejo-granero-a-un-nuevo-edificio-de-escuela-adventista\/#breadcrumb"},"inLanguage":"es","potentialAction":[{"@type":"ReadAction","target":["https:\/\/interamerica.org\/es\/2024\/01\/de-un-viejo-granero-a-un-nuevo-edificio-de-escuela-adventista\/"]}]},{"@type":"ImageObject","inLanguage":"es","@id":"https:\/\/interamerica.org\/es\/2024\/01\/de-un-viejo-granero-a-un-nuevo-edificio-de-escuela-adventista\/#primaryimage","url":"https:\/\/interamerica.org\/wp-content\/uploads\/2024\/01\/germanysot1697611934540.webp","contentUrl":"https:\/\/interamerica.org\/wp-content\/uploads\/2024\/01\/germanysot1697611934540.webp","width":640,"height":360},{"@type":"BreadcrumbList","@id":"https:\/\/interamerica.org\/es\/2024\/01\/de-un-viejo-granero-a-un-nuevo-edificio-de-escuela-adventista\/#breadcrumb","itemListElement":[{"@type":"ListItem","position":1,"name":"Home","item":"https:\/\/interamerica.org\/es\/"},{"@type":"ListItem","position":2,"name":"De un viejo granero, a un nuevo edificio de escuela adventista"}]},{"@type":"WebSite","@id":"https:\/\/interamerica.org\/es\/#website","url":"https:\/\/interamerica.org\/es\/","name":"Iglesia Adventista del S\u00e9ptimo D\u00eda - Divisi\u00f3n Interamericana","description":"","potentialAction":[{"@type":"SearchAction","target":{"@type":"EntryPoint","urlTemplate":"https:\/\/interamerica.org\/es\/?s={search_term_string}"},"query-input":{"@type":"PropertyValueSpecification","valueRequired":true,"valueName":"search_term_string"}}],"inLanguage":"es"},{"@type":"Person","@id":"https:\/\/interamerica.org\/es\/#\/schema\/person\/29998f2bc2d8bd0d38662909289b54f1","name":"libna","image":{"@type":"ImageObject","inLanguage":"es","@id":"https:\/\/secure.gravatar.com\/avatar\/7c5bd30ae4b47a9ba3c856590957fd1d96dc588bf3ac05719d247e126840331f?s=96&d=mm&r=g","url":"https:\/\/secure.gravatar.com\/avatar\/7c5bd30ae4b47a9ba3c856590957fd1d96dc588bf3ac05719d247e126840331f?s=96&d=mm&r=g","contentUrl":"https:\/\/secure.gravatar.com\/avatar\/7c5bd30ae4b47a9ba3c856590957fd1d96dc588bf3ac05719d247e126840331f?s=96&d=mm&r=g","caption":"libna"}}]}},"_links":{"self":[{"href":"https:\/\/interamerica.org\/es\/wp-json\/wp\/v2\/posts\/108734","targetHints":{"allow":["GET"]}}],"collection":[{"href":"https:\/\/interamerica.org\/es\/wp-json\/wp\/v2\/posts"}],"about":[{"href":"https:\/\/interamerica.org\/es\/wp-json\/wp\/v2\/types\/post"}],"author":[{"embeddable":true,"href":"https:\/\/interamerica.org\/es\/wp-json\/wp\/v2\/users\/3"}],"replies":[{"embeddable":true,"href":"https:\/\/interamerica.org\/es\/wp-json\/wp\/v2\/comments?post=108734"}],"version-history":[{"count":0,"href":"https:\/\/interamerica.org\/es\/wp-json\/wp\/v2\/posts\/108734\/revisions"}],"wp:featuredmedia":[{"embeddable":true,"href":"https:\/\/interamerica.org\/es\/wp-json\/wp\/v2\/media\/108723"}],"wp:attachment":[{"href":"https:\/\/interamerica.org\/es\/wp-json\/wp\/v2\/media?parent=108734"}],"wp:term":[{"taxonomy":"category","embeddable":true,"href":"https:\/\/interamerica.org\/es\/wp-json\/wp\/v2\/categories?post=108734"},{"taxonomy":"post_tag","embeddable":true,"href":"https:\/\/interamerica.org\/es\/wp-json\/wp\/v2\/tags?post=108734"}],"curies":[{"name":"wp","href":"https:\/\/api.w.org\/{rel}","templated":true}]}}