{"id":10877,"date":"2007-01-30T00:00:00","date_gmt":"2007-01-30T04:00:00","guid":{"rendered":"http:\/\/192.81.217.108\/interamerica\/2007\/01\/indonesia-se-desactiva-bomba-en-la-entrada-de-templo-adventista\/"},"modified":"2017-06-02T09:13:13","modified_gmt":"2017-06-02T13:13:13","slug":"indonesia-se-desactiva-bomba-en-la-entrada-de-templo-adventista","status":"publish","type":"post","link":"https:\/\/interamerica.org\/es\/2007\/01\/indonesia-se-desactiva-bomba-en-la-entrada-de-templo-adventista\/","title":{"rendered":"Indonesia: Se desactiva bomba en la entrada de templo adventista"},"content":{"rendered":"<p><em >30 de enero, 2007 <\/em >Poso, Indonesia &#8230;. [Gay Tuballes\/Adventist News Dispatch\/ Personal ANN] <\/p>\n<\/p>\n<p>La ma\u00f1ana del 13 de enero comenz\u00f3 como un s\u00e1bado t\u00edpico para los adventistas de Poso, Sulawesi Central, Indonesia, que se dirig\u00edan a los servicios sab\u00e1ticos, hasta que un feligr\u00e9s descubri\u00f3 una bomba envuelta en una bolsa pl\u00e1stica bajo algunos arbustos en la entrada principal. Los feligreses alertaron inmediatamente a la polic\u00eda que envi\u00f3 un especialista para desactivarla. <\/p>\n<p>Seg\u00fan la polic\u00eda, la bomba estaba activa y podr\u00eda haber sido detonada con un tel\u00e9fono celular o m\u00f3vil. La polic\u00eda dijo tambi\u00e9n que hasta ahora todo se\u00f1ala la participaci\u00f3n de extremistas musulmanes. <\/p>\n<p>La Iglesia Adventista de Poso cuenta con 100 miembros, un n\u00famero que se redujo de los 200 miembros originales que hab\u00eda cuando estall\u00f3 el conflicto entre cristianos y musulmanes seis a\u00f1os atr\u00e1s. <\/p>\n<p>Antes de este descubrimiento, el templo adventista anterior hab\u00eda sido uno de las cuatro iglesias adventistas de la zona que en los \u00faltimos a\u00f1os fue incendiada por extremistas. Los l\u00edderes dicen que los ataques no apuntan espec\u00edficamente a los adventistas, sino a las iglesias cristianas en general. <\/p>\n<p>\u00abLos miembros de esa iglesia est\u00e1n de nuevo en alerta roja. En este momento no es seguro y f\u00e1cil adorar a Dios en ning\u00fan lugar\u00bb, dijo el Pastor Erents Sahensolar, presidente de la Iglesia Adventista en Sulawesi Central. <\/p>\n<p>\u00abEn este lugar no es el \u00fanico incidente relacionado con una bomba\u00bb, dijo Moldy Mambu, tesorero asociado de la sede central de la Iglesia Adventista en la regi\u00f3n se Asia Pac\u00edfico Sur. <\/p>\n<p>Mambu dijo a ANN que cinco a\u00f1os atr\u00e1s, en la noche de A\u00f1o Nuevo, una bomba explot\u00f3 a medianoche cerca del Templo Adventista de Poso. Hab\u00eda sido calculada para golpear a los adventistas justamente en la celebraci\u00f3n del A\u00f1o Nuevo. Lo que no sab\u00edan los presuntos terroristas es que los adventistas ya hab\u00edan celebrado el A\u00f1o Nuevo a la puesta de sol, la marca b\u00edblica de un nuevo d\u00eda. <\/p>\n<p>La polic\u00eda ha enviado a las fuerzas de seguridad para investigar y asegurar la zona que rodea al templo. Indonesia es un pa\u00eds predominantemente musulm\u00e1n donde la presencia cristiana s\u00f3lo llega al ocho por ciento. En el \u00e1rea de Sulawesi Central, hay cerca de 6.500 adventistas que se re\u00fanen en 41 iglesias. <\/p>\n<p><strong >Derechos reservados (c) 2007 por Adventist News Network<\/strong >. <\/p>\n","protected":false},"excerpt":{"rendered":"<p>La ma\u00f1ana del 13 de enero comenz\u00f3 como un s\u00e1bado t\u00edpico para los adventistas de Poso, Sulawesi Central, Indonesia, hasta que un feligr\u00e9s descubri\u00f3 una bomba envuelta en una bolsa pl\u00e1stica.<\/p>\n","protected":false},"author":1,"featured_media":0,"comment_status":"closed","ping_status":"closed","sticky":false,"template":"","format":"standard","meta":{"_acf_changed":false,"footnotes":""},"categories":[8],"tags":[],"class_list":["post-10877","post","type-post","status-publish","format-standard","hentry","category-archivo"],"acf":[],"yoast_head":"<!-- This site is optimized with the Yoast SEO plugin v27.3 - https:\/\/yoast.com\/product\/yoast-seo-wordpress\/ -->\n<title>Indonesia: Se desactiva bomba en la entrada de templo adventista - Iglesia Adventista del S\u00e9ptimo D\u00eda - Divisi\u00f3n Interamericana<\/title>\n<meta name=\"robots\" content=\"index, follow, max-snippet:-1, max-image-preview:large, max-video-preview:-1\" \/>\n<link rel=\"canonical\" href=\"https:\/\/interamerica.org\/es\/2007\/01\/indonesia-se-desactiva-bomba-en-la-entrada-de-templo-adventista\/\" \/>\n<meta property=\"og:locale\" content=\"es_ES\" \/>\n<meta property=\"og:type\" content=\"article\" \/>\n<meta property=\"og:title\" content=\"Indonesia: Se desactiva bomba en la entrada de templo adventista - Iglesia Adventista del S\u00e9ptimo D\u00eda - Divisi\u00f3n Interamericana\" \/>\n<meta property=\"og:description\" content=\"La ma\u00f1ana del 13 de enero comenz\u00f3 como un s\u00e1bado t\u00edpico para los adventistas de Poso, Sulawesi Central, Indonesia, hasta que un feligr\u00e9s descubri\u00f3 una bomba envuelta en una bolsa pl\u00e1stica.\" \/>\n<meta property=\"og:url\" content=\"https:\/\/interamerica.org\/es\/2007\/01\/indonesia-se-desactiva-bomba-en-la-entrada-de-templo-adventista\/\" \/>\n<meta property=\"og:site_name\" content=\"Iglesia Adventista del S\u00e9ptimo D\u00eda - Divisi\u00f3n Interamericana\" \/>\n<meta property=\"article:published_time\" content=\"2007-01-30T04:00:00+00:00\" \/>\n<meta property=\"article:modified_time\" content=\"2017-06-02T13:13:13+00:00\" \/>\n<meta name=\"author\" content=\"Lorenzo Verduzco\" \/>\n<meta name=\"twitter:card\" content=\"summary_large_image\" \/>\n<meta name=\"twitter:label1\" content=\"Escrito por\" \/>\n\t<meta name=\"twitter:data1\" content=\"Lorenzo Verduzco\" \/>\n\t<meta name=\"twitter:label2\" content=\"Tiempo de lectura\" \/>\n\t<meta name=\"twitter:data2\" content=\"2 minutos\" \/>\n<script type=\"application\/ld+json\" class=\"yoast-schema-graph\">{\"@context\":\"https:\\\/\\\/schema.org\",\"@graph\":[{\"@type\":\"Article\",\"@id\":\"https:\\\/\\\/interamerica.org\\\/es\\\/2007\\\/01\\\/indonesia-se-desactiva-bomba-en-la-entrada-de-templo-adventista\\\/#article\",\"isPartOf\":{\"@id\":\"https:\\\/\\\/interamerica.org\\\/es\\\/2007\\\/01\\\/indonesia-se-desactiva-bomba-en-la-entrada-de-templo-adventista\\\/\"},\"author\":{\"name\":\"Lorenzo Verduzco\",\"@id\":\"https:\\\/\\\/interamerica.org\\\/es\\\/#\\\/schema\\\/person\\\/68ede8bdc292885bb76c1e3810e73c39\"},\"headline\":\"Indonesia: Se desactiva bomba en la entrada de templo adventista\",\"datePublished\":\"2007-01-30T04:00:00+00:00\",\"dateModified\":\"2017-06-02T13:13:13+00:00\",\"mainEntityOfPage\":{\"@id\":\"https:\\\/\\\/interamerica.org\\\/es\\\/2007\\\/01\\\/indonesia-se-desactiva-bomba-en-la-entrada-de-templo-adventista\\\/\"},\"wordCount\":429,\"articleSection\":[\"Archivo\"],\"inLanguage\":\"es\"},{\"@type\":\"WebPage\",\"@id\":\"https:\\\/\\\/interamerica.org\\\/es\\\/2007\\\/01\\\/indonesia-se-desactiva-bomba-en-la-entrada-de-templo-adventista\\\/\",\"url\":\"https:\\\/\\\/interamerica.org\\\/es\\\/2007\\\/01\\\/indonesia-se-desactiva-bomba-en-la-entrada-de-templo-adventista\\\/\",\"name\":\"Indonesia: Se desactiva bomba en la entrada de templo adventista - Iglesia Adventista del S\u00e9ptimo D\u00eda - Divisi\u00f3n Interamericana\",\"isPartOf\":{\"@id\":\"https:\\\/\\\/interamerica.org\\\/es\\\/#website\"},\"datePublished\":\"2007-01-30T04:00:00+00:00\",\"dateModified\":\"2017-06-02T13:13:13+00:00\",\"author\":{\"@id\":\"https:\\\/\\\/interamerica.org\\\/es\\\/#\\\/schema\\\/person\\\/68ede8bdc292885bb76c1e3810e73c39\"},\"breadcrumb\":{\"@id\":\"https:\\\/\\\/interamerica.org\\\/es\\\/2007\\\/01\\\/indonesia-se-desactiva-bomba-en-la-entrada-de-templo-adventista\\\/#breadcrumb\"},\"inLanguage\":\"es\",\"potentialAction\":[{\"@type\":\"ReadAction\",\"target\":[\"https:\\\/\\\/interamerica.org\\\/es\\\/2007\\\/01\\\/indonesia-se-desactiva-bomba-en-la-entrada-de-templo-adventista\\\/\"]}]},{\"@type\":\"BreadcrumbList\",\"@id\":\"https:\\\/\\\/interamerica.org\\\/es\\\/2007\\\/01\\\/indonesia-se-desactiva-bomba-en-la-entrada-de-templo-adventista\\\/#breadcrumb\",\"itemListElement\":[{\"@type\":\"ListItem\",\"position\":1,\"name\":\"Home\",\"item\":\"https:\\\/\\\/interamerica.org\\\/es\\\/\"},{\"@type\":\"ListItem\",\"position\":2,\"name\":\"Indonesia: Se desactiva bomba en la entrada de templo adventista\"}]},{\"@type\":\"WebSite\",\"@id\":\"https:\\\/\\\/interamerica.org\\\/es\\\/#website\",\"url\":\"https:\\\/\\\/interamerica.org\\\/es\\\/\",\"name\":\"Iglesia Adventista del S\u00e9ptimo D\u00eda - Divisi\u00f3n Interamericana\",\"description\":\"\",\"potentialAction\":[{\"@type\":\"SearchAction\",\"target\":{\"@type\":\"EntryPoint\",\"urlTemplate\":\"https:\\\/\\\/interamerica.org\\\/es\\\/?s={search_term_string}\"},\"query-input\":{\"@type\":\"PropertyValueSpecification\",\"valueRequired\":true,\"valueName\":\"search_term_string\"}}],\"inLanguage\":\"es\"},{\"@type\":\"Person\",\"@id\":\"https:\\\/\\\/interamerica.org\\\/es\\\/#\\\/schema\\\/person\\\/68ede8bdc292885bb76c1e3810e73c39\",\"name\":\"Lorenzo Verduzco\",\"image\":{\"@type\":\"ImageObject\",\"inLanguage\":\"es\",\"@id\":\"https:\\\/\\\/secure.gravatar.com\\\/avatar\\\/fb81a55b6218459490a9c1dc841a34909185b81904c5337b4b27f7a6fd60c49e?s=96&d=mm&r=g\",\"url\":\"https:\\\/\\\/secure.gravatar.com\\\/avatar\\\/fb81a55b6218459490a9c1dc841a34909185b81904c5337b4b27f7a6fd60c49e?s=96&d=mm&r=g\",\"contentUrl\":\"https:\\\/\\\/secure.gravatar.com\\\/avatar\\\/fb81a55b6218459490a9c1dc841a34909185b81904c5337b4b27f7a6fd60c49e?s=96&d=mm&r=g\",\"caption\":\"Lorenzo Verduzco\"}}]}<\/script>\n<!-- \/ Yoast SEO plugin. -->","yoast_head_json":{"title":"Indonesia: Se desactiva bomba en la entrada de templo adventista - Iglesia Adventista del S\u00e9ptimo D\u00eda - Divisi\u00f3n Interamericana","robots":{"index":"index","follow":"follow","max-snippet":"max-snippet:-1","max-image-preview":"max-image-preview:large","max-video-preview":"max-video-preview:-1"},"canonical":"https:\/\/interamerica.org\/es\/2007\/01\/indonesia-se-desactiva-bomba-en-la-entrada-de-templo-adventista\/","og_locale":"es_ES","og_type":"article","og_title":"Indonesia: Se desactiva bomba en la entrada de templo adventista - Iglesia Adventista del S\u00e9ptimo D\u00eda - Divisi\u00f3n Interamericana","og_description":"La ma\u00f1ana del 13 de enero comenz\u00f3 como un s\u00e1bado t\u00edpico para los adventistas de Poso, Sulawesi Central, Indonesia, hasta que un feligr\u00e9s descubri\u00f3 una bomba envuelta en una bolsa pl\u00e1stica.","og_url":"https:\/\/interamerica.org\/es\/2007\/01\/indonesia-se-desactiva-bomba-en-la-entrada-de-templo-adventista\/","og_site_name":"Iglesia Adventista del S\u00e9ptimo D\u00eda - Divisi\u00f3n Interamericana","article_published_time":"2007-01-30T04:00:00+00:00","article_modified_time":"2017-06-02T13:13:13+00:00","author":"Lorenzo Verduzco","twitter_card":"summary_large_image","twitter_misc":{"Escrito por":"Lorenzo Verduzco","Tiempo de lectura":"2 minutos"},"schema":{"@context":"https:\/\/schema.org","@graph":[{"@type":"Article","@id":"https:\/\/interamerica.org\/es\/2007\/01\/indonesia-se-desactiva-bomba-en-la-entrada-de-templo-adventista\/#article","isPartOf":{"@id":"https:\/\/interamerica.org\/es\/2007\/01\/indonesia-se-desactiva-bomba-en-la-entrada-de-templo-adventista\/"},"author":{"name":"Lorenzo Verduzco","@id":"https:\/\/interamerica.org\/es\/#\/schema\/person\/68ede8bdc292885bb76c1e3810e73c39"},"headline":"Indonesia: Se desactiva bomba en la entrada de templo adventista","datePublished":"2007-01-30T04:00:00+00:00","dateModified":"2017-06-02T13:13:13+00:00","mainEntityOfPage":{"@id":"https:\/\/interamerica.org\/es\/2007\/01\/indonesia-se-desactiva-bomba-en-la-entrada-de-templo-adventista\/"},"wordCount":429,"articleSection":["Archivo"],"inLanguage":"es"},{"@type":"WebPage","@id":"https:\/\/interamerica.org\/es\/2007\/01\/indonesia-se-desactiva-bomba-en-la-entrada-de-templo-adventista\/","url":"https:\/\/interamerica.org\/es\/2007\/01\/indonesia-se-desactiva-bomba-en-la-entrada-de-templo-adventista\/","name":"Indonesia: Se desactiva bomba en la entrada de templo adventista - Iglesia Adventista del S\u00e9ptimo D\u00eda - Divisi\u00f3n Interamericana","isPartOf":{"@id":"https:\/\/interamerica.org\/es\/#website"},"datePublished":"2007-01-30T04:00:00+00:00","dateModified":"2017-06-02T13:13:13+00:00","author":{"@id":"https:\/\/interamerica.org\/es\/#\/schema\/person\/68ede8bdc292885bb76c1e3810e73c39"},"breadcrumb":{"@id":"https:\/\/interamerica.org\/es\/2007\/01\/indonesia-se-desactiva-bomba-en-la-entrada-de-templo-adventista\/#breadcrumb"},"inLanguage":"es","potentialAction":[{"@type":"ReadAction","target":["https:\/\/interamerica.org\/es\/2007\/01\/indonesia-se-desactiva-bomba-en-la-entrada-de-templo-adventista\/"]}]},{"@type":"BreadcrumbList","@id":"https:\/\/interamerica.org\/es\/2007\/01\/indonesia-se-desactiva-bomba-en-la-entrada-de-templo-adventista\/#breadcrumb","itemListElement":[{"@type":"ListItem","position":1,"name":"Home","item":"https:\/\/interamerica.org\/es\/"},{"@type":"ListItem","position":2,"name":"Indonesia: Se desactiva bomba en la entrada de templo adventista"}]},{"@type":"WebSite","@id":"https:\/\/interamerica.org\/es\/#website","url":"https:\/\/interamerica.org\/es\/","name":"Iglesia Adventista del S\u00e9ptimo D\u00eda - Divisi\u00f3n Interamericana","description":"","potentialAction":[{"@type":"SearchAction","target":{"@type":"EntryPoint","urlTemplate":"https:\/\/interamerica.org\/es\/?s={search_term_string}"},"query-input":{"@type":"PropertyValueSpecification","valueRequired":true,"valueName":"search_term_string"}}],"inLanguage":"es"},{"@type":"Person","@id":"https:\/\/interamerica.org\/es\/#\/schema\/person\/68ede8bdc292885bb76c1e3810e73c39","name":"Lorenzo Verduzco","image":{"@type":"ImageObject","inLanguage":"es","@id":"https:\/\/secure.gravatar.com\/avatar\/fb81a55b6218459490a9c1dc841a34909185b81904c5337b4b27f7a6fd60c49e?s=96&d=mm&r=g","url":"https:\/\/secure.gravatar.com\/avatar\/fb81a55b6218459490a9c1dc841a34909185b81904c5337b4b27f7a6fd60c49e?s=96&d=mm&r=g","contentUrl":"https:\/\/secure.gravatar.com\/avatar\/fb81a55b6218459490a9c1dc841a34909185b81904c5337b4b27f7a6fd60c49e?s=96&d=mm&r=g","caption":"Lorenzo Verduzco"}}]}},"_links":{"self":[{"href":"https:\/\/interamerica.org\/es\/wp-json\/wp\/v2\/posts\/10877","targetHints":{"allow":["GET"]}}],"collection":[{"href":"https:\/\/interamerica.org\/es\/wp-json\/wp\/v2\/posts"}],"about":[{"href":"https:\/\/interamerica.org\/es\/wp-json\/wp\/v2\/types\/post"}],"author":[{"embeddable":true,"href":"https:\/\/interamerica.org\/es\/wp-json\/wp\/v2\/users\/1"}],"replies":[{"embeddable":true,"href":"https:\/\/interamerica.org\/es\/wp-json\/wp\/v2\/comments?post=10877"}],"version-history":[{"count":0,"href":"https:\/\/interamerica.org\/es\/wp-json\/wp\/v2\/posts\/10877\/revisions"}],"wp:attachment":[{"href":"https:\/\/interamerica.org\/es\/wp-json\/wp\/v2\/media?parent=10877"}],"wp:term":[{"taxonomy":"category","embeddable":true,"href":"https:\/\/interamerica.org\/es\/wp-json\/wp\/v2\/categories?post=10877"},{"taxonomy":"post_tag","embeddable":true,"href":"https:\/\/interamerica.org\/es\/wp-json\/wp\/v2\/tags?post=10877"}],"curies":[{"name":"wp","href":"https:\/\/api.w.org\/{rel}","templated":true}]}}