{"id":108785,"date":"2024-01-10T20:21:09","date_gmt":"2024-01-11T01:21:09","guid":{"rendered":"https:\/\/interamerica.org\/?p=108785"},"modified":"2024-01-12T07:17:17","modified_gmt":"2024-01-12T12:17:17","slug":"en-ghana-un-grupo-de-conquistadores-camina-250-kilometros-al-camporee","status":"publish","type":"post","link":"https:\/\/interamerica.org\/es\/2024\/01\/en-ghana-un-grupo-de-conquistadores-camina-250-kilometros-al-camporee\/","title":{"rendered":"En Ghana, un grupo de Conquistadores camina 250 kil\u00f3metros al Camporee"},"content":{"rendered":"<div id=\"attachment_108745\" style=\"width: 893px\" class=\"wp-caption aligncenter\"><img fetchpriority=\"high\" decoding=\"async\" aria-describedby=\"caption-attachment-108745\" class=\" wp-image-108743\" src=\"https:\/\/interamerica.org\/wp-content\/uploads\/2024\/01\/ghana1dsc02013.jpg\" alt=\"\" width=\"883\" height=\"486\" srcset=\"https:\/\/interamerica.org\/wp-content\/uploads\/2024\/01\/ghana1dsc02013.jpg 945w, https:\/\/interamerica.org\/wp-content\/uploads\/2024\/01\/ghana1dsc02013-300x165.jpg 300w, https:\/\/interamerica.org\/wp-content\/uploads\/2024\/01\/ghana1dsc02013-768x423.jpg 768w\" sizes=\"(max-width: 883px) 100vw, 883px\" \/><p id=\"caption-attachment-108745\" class=\"wp-caption-text\">Un grupo de tres Conquistadores camin\u00f3 m\u00e1s de 250 kil\u00f3metros hasta el camporee regional de la Divisi\u00f3n de \u00c1frica Centro-Occidental en Ghana a fines de diciembre. [Fotograf\u00eda: Noticias de la Divisi\u00f3n de \u00c1frica Centro-Occidental]<\/p><\/div>\n<h4>Siguiendo una tradici\u00f3n, recaudaron fondos para apoyar a los hu\u00e9rfanos de la regi\u00f3n.<\/h4>\n<p>10 de enero de 2024 | Ghana | Abraham Bakari, Divisi\u00f3n de \u00c1frica Centro-Occidental, y Adventist Review<\/p>\n<p>En lo que los l\u00edderes de la iglesia definieron como una demostraci\u00f3n de compromiso y resiliencia, Henry Smith, miembro de Ministerios de J\u00f3venes Adventistas, junto con los Conquistadores Millicent Anna Stella Asane y Lawrence Manful, se embarcaron en una traves\u00eda de cuatro d\u00edas a pie desde Takoradi al campus de la Universidad Valley View en Oyibi, Accra, Ghana. Su destino: el IV Camporee de Conquistadores de la Divisi\u00f3n de \u00c1frica Centro-Occidental, llevado a cabo del 24-30 de diciembre.<\/p>\n<p>El tr\u00edo sali\u00f3 el 21 de diciembre, cubriendo unos 250 kil\u00f3metros y llegando para la ceremonia de apertura del camporee el 25 de diciembre. A pesar del largo viaje, se los ve\u00eda m\u00e1s emocionados que cansados, dijeron los l\u00edderes regionales de la iglesia, y recibieron una bienvenida de h\u00e9roes de parte de los m\u00e1s de ocho mil participantes, que incluyeron a los l\u00edderes de ministerios j\u00f3venes de la Asociaci\u00f3n General de los Adventistas del S\u00e9ptimo D\u00eda y la Divisi\u00f3n de \u00c1frica Centro-Occidental.<\/p>\n<p><div id=\"attachment_108751\" style=\"width: 871px\" class=\"wp-caption aligncenter\"><img decoding=\"async\" aria-describedby=\"caption-attachment-108751\" class=\" wp-image-108749\" src=\"https:\/\/interamerica.org\/wp-content\/uploads\/2024\/01\/pasteur-sessou-large.jpeg\" alt=\"\" width=\"861\" height=\"526\" srcset=\"https:\/\/interamerica.org\/wp-content\/uploads\/2024\/01\/pasteur-sessou-large.jpeg 450w, https:\/\/interamerica.org\/wp-content\/uploads\/2024\/01\/pasteur-sessou-large-300x183.jpeg 300w\" sizes=\"(max-width: 861px) 100vw, 861px\" \/><p id=\"caption-attachment-108751\" class=\"wp-caption-text\">Selom Sessou, secretario de la Divisi\u00f3n de \u00c1frica Centro-Occidental. [Fotograf\u00eda: Noticias de la Divisi\u00f3n de \u00c1frica Centro-Occidental]<\/p><\/div>Este peregrinaje, dirigido por Smith, ha sido una tradici\u00f3n desde 1996. Adu Gyamfi, director de j\u00f3venes del Distrito de Adenta en Accra, explic\u00f3 que Smith camina al camporee no importa su ubicaci\u00f3n, recaudando fondos para los hu\u00e9rfanos durante el camino. En 2023, otros dos Conquistadores decidieron sumarse a \u00e9l en este proyecto ben\u00e9fico.<\/p>\n<p>Cuando el tr\u00edo lleg\u00f3 al campus de la Universidad Valley View, una escolta policial y una banda de j\u00f3venes los salud\u00f3, y el departamento de j\u00f3venes de la Divisi\u00f3n de \u00c1frica Centro-Occidental los honr\u00f3 con un reconocimiento y con premios especiales.<\/p>\n<p>La traves\u00eda, que reflej\u00f3 el doloroso viaje de Jos\u00e9 a Egipto, enriqueci\u00f3 la experiencia del camporee, alin\u00e9andose con las dramatizaciones vespertinas sobre el escenario, que ofrecieron perspectivas sobre la vida de Jos\u00e9, dijeron los l\u00edderes de la iglesia. Busi Khumalo, director de ministerios j\u00f3venes de la Asociaci\u00f3n General, fue el orador destacado despu\u00e9s de la dramatizaci\u00f3n de cada noche.<\/p>\n<p><div id=\"attachment_108754\" style=\"width: 850px\" class=\"wp-caption aligncenter\"><img decoding=\"async\" aria-describedby=\"caption-attachment-108754\" class=\" wp-image-108752\" src=\"https:\/\/interamerica.org\/wp-content\/uploads\/2024\/01\/ghana3dsc7638-large.jpeg\" alt=\"\" width=\"840\" height=\"560\" srcset=\"https:\/\/interamerica.org\/wp-content\/uploads\/2024\/01\/ghana3dsc7638-large.jpeg 450w, https:\/\/interamerica.org\/wp-content\/uploads\/2024\/01\/ghana3dsc7638-large-300x200.jpeg 300w\" sizes=\"(max-width: 840px) 100vw, 840px\" \/><p id=\"caption-attachment-108754\" class=\"wp-caption-text\">Irvine Gwataringa, director de j\u00f3venes de la Divisi\u00f3n de \u00c1frica Meridional y Oc\u00e9ano \u00cdndico, en una presentaci\u00f3n durante el camporee de la Divisi\u00f3n de \u00c1frica Centro-Occidental en diciembre de 2023. [Fotograf\u00eda: Noticias de la Divisi\u00f3n de \u00c1frica Centro-Occidental]<\/p><\/div>Alfred Asiem, director de ministerios j\u00f3venes de la Divisi\u00f3n de \u00c1frica Centro-Occidental, ofreci\u00f3 una perspectiva hist\u00f3rica sobre el evento, enfoc\u00e1ndose en la traves\u00eda b\u00edblica de Jos\u00e9. Enfatiz\u00f3 la funci\u00f3n que cumple el camporee. \u201cUnimos a todos nuestros Conquistadores para momentos de comuni\u00f3n, socializaci\u00f3n, renovaci\u00f3n espiritual y reavivamiento\u201d, dijo Asiem.<\/p>\n<p>En su mensaje de apertura, Selom Sessou, secretario de la Divisi\u00f3n de \u00c1frica Centro-Occidental, destac\u00f3 la historia de Jos\u00e9 como un ejemplo de la manera en que los sue\u00f1os dan forma a vidas con un prop\u00f3sito. Destac\u00f3 el papel fundamental de los j\u00f3venes en la iglesia, destacando que representan m\u00e1s del setenta por ciento de los cerca de un mill\u00f3n de miembros de la Divisi\u00f3n de \u00c1frica Centro-Occidental. \u201cOramos para que realmente tengan sue\u00f1os\u201d, dijo Sessou, \u201cporque al so\u00f1ar y colaborar con Dios, la iglesia de Dios en la Divisi\u00f3n de \u00c1frica Centro-Occidental tendr\u00e1 un futuro m\u00e1s brillante\u201d.<\/p>\n<p>Khumalo enfatiz\u00f3 que el camporee deber\u00eda ser una plataforma para aprender, establecer conexiones y proveer de alimento espiritual. \u201cEn el camporee, aprendemos a pasarla bien. Conocemos a nuevos amigos; conocemos a viejos amigos. Asistimos a clases de especialidades. Aprendemos diversas habilidades y muchas otras cosas poderosas\u201d, record\u00f3 Khumalo a los asistentes.<\/p>\n<p><div id=\"attachment_108757\" style=\"width: 852px\" class=\"wp-caption aligncenter\"><img loading=\"lazy\" decoding=\"async\" aria-describedby=\"caption-attachment-108757\" class=\" wp-image-108755\" src=\"https:\/\/interamerica.org\/wp-content\/uploads\/2024\/01\/ghana4adr8752-large.jpeg\" alt=\"\" width=\"842\" height=\"561\" srcset=\"https:\/\/interamerica.org\/wp-content\/uploads\/2024\/01\/ghana4adr8752-large.jpeg 450w, https:\/\/interamerica.org\/wp-content\/uploads\/2024\/01\/ghana4adr8752-large-300x200.jpeg 300w\" sizes=\"(max-width: 842px) 100vw, 842px\" \/><p id=\"caption-attachment-108757\" class=\"wp-caption-text\">Algunos de los m\u00e1s de ocho mil Conquistadores que asistieron al camporee regional en Ghana a fines de diciembre de 2023. [Fotograf\u00eda: Noticias de la Divisi\u00f3n de \u00c1frica Centro-Occidental]<\/p><\/div>Irvine Gwataringa, director de j\u00f3venes de la Divisi\u00f3n de \u00c1frica Meridional y Oc\u00e9ano \u00cdndico, dirigi\u00f3 los devocionales matutinos durante toda la semana.<\/p>\n<p>Los participantes compartieron su entusiasmo. Anike celebr\u00f3 los fuegos artificiales de la apertura, y Alvin, de Liberia, expres\u00f3 su asombro ante la belleza y la comodidad que les brind\u00f3 el campamento. Lia Farhane Allah-Ridy, de Chad, tambi\u00e9n comparti\u00f3 su alegr\u00eda, anticipando actividades similares en eventos futuros.<\/p>\n<p>Asiem agradeci\u00f3 a Dios porque, seg\u00fan \u00e9l, la visi\u00f3n del camporee se hizo realidad sin ning\u00fan accidente o problema mayor. Se mantuvo una seguridad estrecha, que incluy\u00f3 el arresto de un intruso el 23 de diciembre antes de la apertura oficial. El camporee se llev\u00f3 a cabo sin mayores incidentes. \u201cAgradecemos a Dios por su ayuda y protecci\u00f3n\u201d, expres\u00f3.<\/p>\n<p>La <a href=\"https:\/\/wad.adventist.org\/news_entries\/697\">versi\u00f3n original<\/a> de esta noticia fue publicada en el <a href=\"https:\/\/wad.adventist.org\/\">sitio de noticias<\/a> de la Divisi\u00f3n de \u00c1frica Centro-Occidental.<\/p>\n<p>Traducci\u00f3n de Marcos Paseggi<\/p>\n","protected":false},"excerpt":{"rendered":"<p>Siguiendo una tradici\u00f3n, recaudaron fondos para apoyar a los hu\u00e9rfanos de la regi\u00f3n. 10 de enero de 2024 | Ghana | Abraham Bakari, Divisi\u00f3n de \u00c1frica Centro-Occidental, y Adventist Review&#8230;<\/p>\n","protected":false},"author":3,"featured_media":108745,"comment_status":"closed","ping_status":"closed","sticky":false,"template":"","format":"standard","meta":{"_acf_changed":false,"footnotes":""},"categories":[14,15],"tags":[],"class_list":["post-108785","post","type-post","status-publish","format-standard","has-post-thumbnail","hentry","category-de-la-iglesia-mundial","category-rss-espanol"],"acf":[],"yoast_head":"<!-- This site is optimized with the Yoast SEO plugin v27.3 - https:\/\/yoast.com\/product\/yoast-seo-wordpress\/ -->\n<title>En Ghana, un grupo de Conquistadores camina 250 kil\u00f3metros al Camporee - Iglesia Adventista del S\u00e9ptimo D\u00eda - Divisi\u00f3n Interamericana<\/title>\n<meta name=\"robots\" content=\"index, follow, max-snippet:-1, max-image-preview:large, max-video-preview:-1\" \/>\n<link rel=\"canonical\" href=\"https:\/\/interamerica.org\/es\/2024\/01\/en-ghana-un-grupo-de-conquistadores-camina-250-kilometros-al-camporee\/\" \/>\n<meta property=\"og:locale\" content=\"es_ES\" \/>\n<meta property=\"og:type\" content=\"article\" \/>\n<meta property=\"og:title\" content=\"En Ghana, un grupo de Conquistadores camina 250 kil\u00f3metros al Camporee - Iglesia Adventista del S\u00e9ptimo D\u00eda - Divisi\u00f3n Interamericana\" \/>\n<meta property=\"og:description\" content=\"Siguiendo una tradici\u00f3n, recaudaron fondos para apoyar a los hu\u00e9rfanos de la regi\u00f3n. 10 de enero de 2024 | Ghana | Abraham Bakari, Divisi\u00f3n de \u00c1frica Centro-Occidental, y Adventist Review...\" \/>\n<meta property=\"og:url\" content=\"https:\/\/interamerica.org\/es\/2024\/01\/en-ghana-un-grupo-de-conquistadores-camina-250-kilometros-al-camporee\/\" \/>\n<meta property=\"og:site_name\" content=\"Iglesia Adventista del S\u00e9ptimo D\u00eda - Divisi\u00f3n Interamericana\" \/>\n<meta property=\"article:published_time\" content=\"2024-01-11T01:21:09+00:00\" \/>\n<meta property=\"article:modified_time\" content=\"2024-01-12T12:17:17+00:00\" \/>\n<meta property=\"og:image\" content=\"https:\/\/interamerica.org\/wp-content\/uploads\/2024\/01\/ghana1dsc02013.jpg\" \/>\n\t<meta property=\"og:image:width\" content=\"945\" \/>\n\t<meta property=\"og:image:height\" content=\"520\" \/>\n\t<meta property=\"og:image:type\" content=\"image\/jpeg\" \/>\n<meta name=\"author\" content=\"libna\" \/>\n<meta name=\"twitter:card\" content=\"summary_large_image\" \/>\n<meta name=\"twitter:label1\" content=\"Escrito por\" \/>\n\t<meta name=\"twitter:data1\" content=\"libna\" \/>\n\t<meta name=\"twitter:label2\" content=\"Tiempo de lectura\" \/>\n\t<meta name=\"twitter:data2\" content=\"5 minutos\" \/>\n<script type=\"application\/ld+json\" class=\"yoast-schema-graph\">{\"@context\":\"https:\\\/\\\/schema.org\",\"@graph\":[{\"@type\":\"Article\",\"@id\":\"https:\\\/\\\/interamerica.org\\\/es\\\/2024\\\/01\\\/en-ghana-un-grupo-de-conquistadores-camina-250-kilometros-al-camporee\\\/#article\",\"isPartOf\":{\"@id\":\"https:\\\/\\\/interamerica.org\\\/es\\\/2024\\\/01\\\/en-ghana-un-grupo-de-conquistadores-camina-250-kilometros-al-camporee\\\/\"},\"author\":{\"name\":\"libna\",\"@id\":\"https:\\\/\\\/interamerica.org\\\/es\\\/#\\\/schema\\\/person\\\/29998f2bc2d8bd0d38662909289b54f1\"},\"headline\":\"En Ghana, un grupo de Conquistadores camina 250 kil\u00f3metros al Camporee\",\"datePublished\":\"2024-01-11T01:21:09+00:00\",\"dateModified\":\"2024-01-12T12:17:17+00:00\",\"mainEntityOfPage\":{\"@id\":\"https:\\\/\\\/interamerica.org\\\/es\\\/2024\\\/01\\\/en-ghana-un-grupo-de-conquistadores-camina-250-kilometros-al-camporee\\\/\"},\"wordCount\":926,\"image\":{\"@id\":\"https:\\\/\\\/interamerica.org\\\/es\\\/2024\\\/01\\\/en-ghana-un-grupo-de-conquistadores-camina-250-kilometros-al-camporee\\\/#primaryimage\"},\"thumbnailUrl\":\"https:\\\/\\\/interamerica.org\\\/wp-content\\\/uploads\\\/2024\\\/01\\\/ghana1dsc02013.jpg\",\"articleSection\":[\"Desde la iglesia mundial\",\"RSS Espa\u00f1ol\"],\"inLanguage\":\"es\"},{\"@type\":\"WebPage\",\"@id\":\"https:\\\/\\\/interamerica.org\\\/es\\\/2024\\\/01\\\/en-ghana-un-grupo-de-conquistadores-camina-250-kilometros-al-camporee\\\/\",\"url\":\"https:\\\/\\\/interamerica.org\\\/es\\\/2024\\\/01\\\/en-ghana-un-grupo-de-conquistadores-camina-250-kilometros-al-camporee\\\/\",\"name\":\"En Ghana, un grupo de Conquistadores camina 250 kil\u00f3metros al Camporee - Iglesia Adventista del S\u00e9ptimo D\u00eda - Divisi\u00f3n Interamericana\",\"isPartOf\":{\"@id\":\"https:\\\/\\\/interamerica.org\\\/es\\\/#website\"},\"primaryImageOfPage\":{\"@id\":\"https:\\\/\\\/interamerica.org\\\/es\\\/2024\\\/01\\\/en-ghana-un-grupo-de-conquistadores-camina-250-kilometros-al-camporee\\\/#primaryimage\"},\"image\":{\"@id\":\"https:\\\/\\\/interamerica.org\\\/es\\\/2024\\\/01\\\/en-ghana-un-grupo-de-conquistadores-camina-250-kilometros-al-camporee\\\/#primaryimage\"},\"thumbnailUrl\":\"https:\\\/\\\/interamerica.org\\\/wp-content\\\/uploads\\\/2024\\\/01\\\/ghana1dsc02013.jpg\",\"datePublished\":\"2024-01-11T01:21:09+00:00\",\"dateModified\":\"2024-01-12T12:17:17+00:00\",\"author\":{\"@id\":\"https:\\\/\\\/interamerica.org\\\/es\\\/#\\\/schema\\\/person\\\/29998f2bc2d8bd0d38662909289b54f1\"},\"breadcrumb\":{\"@id\":\"https:\\\/\\\/interamerica.org\\\/es\\\/2024\\\/01\\\/en-ghana-un-grupo-de-conquistadores-camina-250-kilometros-al-camporee\\\/#breadcrumb\"},\"inLanguage\":\"es\",\"potentialAction\":[{\"@type\":\"ReadAction\",\"target\":[\"https:\\\/\\\/interamerica.org\\\/es\\\/2024\\\/01\\\/en-ghana-un-grupo-de-conquistadores-camina-250-kilometros-al-camporee\\\/\"]}]},{\"@type\":\"ImageObject\",\"inLanguage\":\"es\",\"@id\":\"https:\\\/\\\/interamerica.org\\\/es\\\/2024\\\/01\\\/en-ghana-un-grupo-de-conquistadores-camina-250-kilometros-al-camporee\\\/#primaryimage\",\"url\":\"https:\\\/\\\/interamerica.org\\\/wp-content\\\/uploads\\\/2024\\\/01\\\/ghana1dsc02013.jpg\",\"contentUrl\":\"https:\\\/\\\/interamerica.org\\\/wp-content\\\/uploads\\\/2024\\\/01\\\/ghana1dsc02013.jpg\",\"width\":945,\"height\":520,\"caption\":\"A group of three Pathfinders walked more than 155 miles (about 250 kilometers) to the regional West-Central Africa Division camporee in Ghana in late December. [Photo: West-Central Africa Division News]\"},{\"@type\":\"BreadcrumbList\",\"@id\":\"https:\\\/\\\/interamerica.org\\\/es\\\/2024\\\/01\\\/en-ghana-un-grupo-de-conquistadores-camina-250-kilometros-al-camporee\\\/#breadcrumb\",\"itemListElement\":[{\"@type\":\"ListItem\",\"position\":1,\"name\":\"Home\",\"item\":\"https:\\\/\\\/interamerica.org\\\/es\\\/\"},{\"@type\":\"ListItem\",\"position\":2,\"name\":\"En Ghana, un grupo de Conquistadores camina 250 kil\u00f3metros al Camporee\"}]},{\"@type\":\"WebSite\",\"@id\":\"https:\\\/\\\/interamerica.org\\\/es\\\/#website\",\"url\":\"https:\\\/\\\/interamerica.org\\\/es\\\/\",\"name\":\"Iglesia Adventista del S\u00e9ptimo D\u00eda - Divisi\u00f3n Interamericana\",\"description\":\"\",\"potentialAction\":[{\"@type\":\"SearchAction\",\"target\":{\"@type\":\"EntryPoint\",\"urlTemplate\":\"https:\\\/\\\/interamerica.org\\\/es\\\/?s={search_term_string}\"},\"query-input\":{\"@type\":\"PropertyValueSpecification\",\"valueRequired\":true,\"valueName\":\"search_term_string\"}}],\"inLanguage\":\"es\"},{\"@type\":\"Person\",\"@id\":\"https:\\\/\\\/interamerica.org\\\/es\\\/#\\\/schema\\\/person\\\/29998f2bc2d8bd0d38662909289b54f1\",\"name\":\"libna\",\"image\":{\"@type\":\"ImageObject\",\"inLanguage\":\"es\",\"@id\":\"https:\\\/\\\/secure.gravatar.com\\\/avatar\\\/7c5bd30ae4b47a9ba3c856590957fd1d96dc588bf3ac05719d247e126840331f?s=96&d=mm&r=g\",\"url\":\"https:\\\/\\\/secure.gravatar.com\\\/avatar\\\/7c5bd30ae4b47a9ba3c856590957fd1d96dc588bf3ac05719d247e126840331f?s=96&d=mm&r=g\",\"contentUrl\":\"https:\\\/\\\/secure.gravatar.com\\\/avatar\\\/7c5bd30ae4b47a9ba3c856590957fd1d96dc588bf3ac05719d247e126840331f?s=96&d=mm&r=g\",\"caption\":\"libna\"}}]}<\/script>\n<!-- \/ Yoast SEO plugin. -->","yoast_head_json":{"title":"En Ghana, un grupo de Conquistadores camina 250 kil\u00f3metros al Camporee - Iglesia Adventista del S\u00e9ptimo D\u00eda - Divisi\u00f3n Interamericana","robots":{"index":"index","follow":"follow","max-snippet":"max-snippet:-1","max-image-preview":"max-image-preview:large","max-video-preview":"max-video-preview:-1"},"canonical":"https:\/\/interamerica.org\/es\/2024\/01\/en-ghana-un-grupo-de-conquistadores-camina-250-kilometros-al-camporee\/","og_locale":"es_ES","og_type":"article","og_title":"En Ghana, un grupo de Conquistadores camina 250 kil\u00f3metros al Camporee - Iglesia Adventista del S\u00e9ptimo D\u00eda - Divisi\u00f3n Interamericana","og_description":"Siguiendo una tradici\u00f3n, recaudaron fondos para apoyar a los hu\u00e9rfanos de la regi\u00f3n. 10 de enero de 2024 | Ghana | Abraham Bakari, Divisi\u00f3n de \u00c1frica Centro-Occidental, y Adventist Review...","og_url":"https:\/\/interamerica.org\/es\/2024\/01\/en-ghana-un-grupo-de-conquistadores-camina-250-kilometros-al-camporee\/","og_site_name":"Iglesia Adventista del S\u00e9ptimo D\u00eda - Divisi\u00f3n Interamericana","article_published_time":"2024-01-11T01:21:09+00:00","article_modified_time":"2024-01-12T12:17:17+00:00","og_image":[{"width":945,"height":520,"url":"https:\/\/interamerica.org\/wp-content\/uploads\/2024\/01\/ghana1dsc02013.jpg","type":"image\/jpeg"}],"author":"libna","twitter_card":"summary_large_image","twitter_misc":{"Escrito por":"libna","Tiempo de lectura":"5 minutos"},"schema":{"@context":"https:\/\/schema.org","@graph":[{"@type":"Article","@id":"https:\/\/interamerica.org\/es\/2024\/01\/en-ghana-un-grupo-de-conquistadores-camina-250-kilometros-al-camporee\/#article","isPartOf":{"@id":"https:\/\/interamerica.org\/es\/2024\/01\/en-ghana-un-grupo-de-conquistadores-camina-250-kilometros-al-camporee\/"},"author":{"name":"libna","@id":"https:\/\/interamerica.org\/es\/#\/schema\/person\/29998f2bc2d8bd0d38662909289b54f1"},"headline":"En Ghana, un grupo de Conquistadores camina 250 kil\u00f3metros al Camporee","datePublished":"2024-01-11T01:21:09+00:00","dateModified":"2024-01-12T12:17:17+00:00","mainEntityOfPage":{"@id":"https:\/\/interamerica.org\/es\/2024\/01\/en-ghana-un-grupo-de-conquistadores-camina-250-kilometros-al-camporee\/"},"wordCount":926,"image":{"@id":"https:\/\/interamerica.org\/es\/2024\/01\/en-ghana-un-grupo-de-conquistadores-camina-250-kilometros-al-camporee\/#primaryimage"},"thumbnailUrl":"https:\/\/interamerica.org\/wp-content\/uploads\/2024\/01\/ghana1dsc02013.jpg","articleSection":["Desde la iglesia mundial","RSS Espa\u00f1ol"],"inLanguage":"es"},{"@type":"WebPage","@id":"https:\/\/interamerica.org\/es\/2024\/01\/en-ghana-un-grupo-de-conquistadores-camina-250-kilometros-al-camporee\/","url":"https:\/\/interamerica.org\/es\/2024\/01\/en-ghana-un-grupo-de-conquistadores-camina-250-kilometros-al-camporee\/","name":"En Ghana, un grupo de Conquistadores camina 250 kil\u00f3metros al Camporee - Iglesia Adventista del S\u00e9ptimo D\u00eda - Divisi\u00f3n Interamericana","isPartOf":{"@id":"https:\/\/interamerica.org\/es\/#website"},"primaryImageOfPage":{"@id":"https:\/\/interamerica.org\/es\/2024\/01\/en-ghana-un-grupo-de-conquistadores-camina-250-kilometros-al-camporee\/#primaryimage"},"image":{"@id":"https:\/\/interamerica.org\/es\/2024\/01\/en-ghana-un-grupo-de-conquistadores-camina-250-kilometros-al-camporee\/#primaryimage"},"thumbnailUrl":"https:\/\/interamerica.org\/wp-content\/uploads\/2024\/01\/ghana1dsc02013.jpg","datePublished":"2024-01-11T01:21:09+00:00","dateModified":"2024-01-12T12:17:17+00:00","author":{"@id":"https:\/\/interamerica.org\/es\/#\/schema\/person\/29998f2bc2d8bd0d38662909289b54f1"},"breadcrumb":{"@id":"https:\/\/interamerica.org\/es\/2024\/01\/en-ghana-un-grupo-de-conquistadores-camina-250-kilometros-al-camporee\/#breadcrumb"},"inLanguage":"es","potentialAction":[{"@type":"ReadAction","target":["https:\/\/interamerica.org\/es\/2024\/01\/en-ghana-un-grupo-de-conquistadores-camina-250-kilometros-al-camporee\/"]}]},{"@type":"ImageObject","inLanguage":"es","@id":"https:\/\/interamerica.org\/es\/2024\/01\/en-ghana-un-grupo-de-conquistadores-camina-250-kilometros-al-camporee\/#primaryimage","url":"https:\/\/interamerica.org\/wp-content\/uploads\/2024\/01\/ghana1dsc02013.jpg","contentUrl":"https:\/\/interamerica.org\/wp-content\/uploads\/2024\/01\/ghana1dsc02013.jpg","width":945,"height":520,"caption":"A group of three Pathfinders walked more than 155 miles (about 250 kilometers) to the regional West-Central Africa Division camporee in Ghana in late December. [Photo: West-Central Africa Division News]"},{"@type":"BreadcrumbList","@id":"https:\/\/interamerica.org\/es\/2024\/01\/en-ghana-un-grupo-de-conquistadores-camina-250-kilometros-al-camporee\/#breadcrumb","itemListElement":[{"@type":"ListItem","position":1,"name":"Home","item":"https:\/\/interamerica.org\/es\/"},{"@type":"ListItem","position":2,"name":"En Ghana, un grupo de Conquistadores camina 250 kil\u00f3metros al Camporee"}]},{"@type":"WebSite","@id":"https:\/\/interamerica.org\/es\/#website","url":"https:\/\/interamerica.org\/es\/","name":"Iglesia Adventista del S\u00e9ptimo D\u00eda - Divisi\u00f3n Interamericana","description":"","potentialAction":[{"@type":"SearchAction","target":{"@type":"EntryPoint","urlTemplate":"https:\/\/interamerica.org\/es\/?s={search_term_string}"},"query-input":{"@type":"PropertyValueSpecification","valueRequired":true,"valueName":"search_term_string"}}],"inLanguage":"es"},{"@type":"Person","@id":"https:\/\/interamerica.org\/es\/#\/schema\/person\/29998f2bc2d8bd0d38662909289b54f1","name":"libna","image":{"@type":"ImageObject","inLanguage":"es","@id":"https:\/\/secure.gravatar.com\/avatar\/7c5bd30ae4b47a9ba3c856590957fd1d96dc588bf3ac05719d247e126840331f?s=96&d=mm&r=g","url":"https:\/\/secure.gravatar.com\/avatar\/7c5bd30ae4b47a9ba3c856590957fd1d96dc588bf3ac05719d247e126840331f?s=96&d=mm&r=g","contentUrl":"https:\/\/secure.gravatar.com\/avatar\/7c5bd30ae4b47a9ba3c856590957fd1d96dc588bf3ac05719d247e126840331f?s=96&d=mm&r=g","caption":"libna"}}]}},"_links":{"self":[{"href":"https:\/\/interamerica.org\/es\/wp-json\/wp\/v2\/posts\/108785","targetHints":{"allow":["GET"]}}],"collection":[{"href":"https:\/\/interamerica.org\/es\/wp-json\/wp\/v2\/posts"}],"about":[{"href":"https:\/\/interamerica.org\/es\/wp-json\/wp\/v2\/types\/post"}],"author":[{"embeddable":true,"href":"https:\/\/interamerica.org\/es\/wp-json\/wp\/v2\/users\/3"}],"replies":[{"embeddable":true,"href":"https:\/\/interamerica.org\/es\/wp-json\/wp\/v2\/comments?post=108785"}],"version-history":[{"count":0,"href":"https:\/\/interamerica.org\/es\/wp-json\/wp\/v2\/posts\/108785\/revisions"}],"wp:featuredmedia":[{"embeddable":true,"href":"https:\/\/interamerica.org\/es\/wp-json\/wp\/v2\/media\/108745"}],"wp:attachment":[{"href":"https:\/\/interamerica.org\/es\/wp-json\/wp\/v2\/media?parent=108785"}],"wp:term":[{"taxonomy":"category","embeddable":true,"href":"https:\/\/interamerica.org\/es\/wp-json\/wp\/v2\/categories?post=108785"},{"taxonomy":"post_tag","embeddable":true,"href":"https:\/\/interamerica.org\/es\/wp-json\/wp\/v2\/tags?post=108785"}],"curies":[{"name":"wp","href":"https:\/\/api.w.org\/{rel}","templated":true}]}}