{"id":10881,"date":"2007-02-06T00:00:00","date_gmt":"2007-02-06T04:00:00","guid":{"rendered":"http:\/\/192.81.217.108\/interamerica\/2007\/02\/pacifico-sur-encuentro-de-comunicadores-analiza-nueva-convergencia-de-medios-adventistas\/"},"modified":"2017-06-02T09:13:12","modified_gmt":"2017-06-02T13:13:12","slug":"pacifico-sur-encuentro-de-comunicadores-analiza-nueva-convergencia-de-medios-adventistas","status":"publish","type":"post","link":"https:\/\/interamerica.org\/es\/2007\/02\/pacifico-sur-encuentro-de-comunicadores-analiza-nueva-convergencia-de-medios-adventistas\/","title":{"rendered":"Pac\u00edfico Sur: Encuentro de comunicadores analiza nueva convergencia de medios adventistas"},"content":{"rendered":"<p>February 6, 2007 Sydney, Australia &#8230;. [Rajmund Dabrowski\/Record\/ANN]La planificaci\u00f3n de una presencia p\u00fablica m\u00e1s efectiva y la utilizaci\u00f3n de la tecnolog\u00eda de Internet por parte de las iglesias locales fueron los temas principales del encuentro de comunicadores adventistas de la regi\u00f3n del Pac\u00edfico Sur. Alrededor de 30 importantes comunicadores, en representaci\u00f3n de los 400.000 miembros de la regi\u00f3n, expresaron con \u00e9nfasis su preocupaci\u00f3n de que la iglesia es relativamente desconocida y de la necesidad de incrementar la presencia comunitaria y el reconocimiento del nombre y la misi\u00f3n de \u00e9sta. Con una cobertura que alcanza a Australia, Nueva Zelanda, Papua Nueva Guinea y numerosas islas del Pac\u00edfico Sur, la iglesia estableci\u00f3 hace poco tiempo la Adventist Media Network (AMN) para unificar la utilizaci\u00f3n de los medios y presentar un mensaje coordinado a la iglesia y sus comunidades. Allen Steele, director de comunicaciones de la iglesia en la regi\u00f3n y gerente general de AMN se refiere a AMN como una \u00abfusi\u00f3n de medios\u00bb, que de manera experimental permitir\u00e1 una \u00abfertilizaci\u00f3n de la producci\u00f3n y promoci\u00f3n entre los diversos medios, incluyendo las publicaciones, la radio, la televisi\u00f3n y la Internet\u00bb. El brazo de comunicaciones de la iglesia, se anunci\u00f3, lanzar\u00e1 una red de 500 sitios en julio de 2007, basados en el sistema de gesti\u00f3n de netAdventist. Danny Houghton, en representaci\u00f3n de la compa\u00f1\u00eda TAGnet, con sede en California y quien desarrolla netAdventist, present\u00f3 a los participantes las caracter\u00edsticas y la operaci\u00f3n de la nueva plataforma Web, un conjunto de programas de software que combina sitios de Web localizados con informaci\u00f3n en vivo y recursos de la iglesia mundial, as\u00ed como la interconexi\u00f3n de sitios web de la iglesia, en este caso en la regi\u00f3n del Pac\u00edfico Sur. \u00abEste es un gran paso para nosotros\u00bb, dice Jeanelle Issacs, funcionaria de medios electr\u00f3nicos de AMN. \u00abDespu\u00e9s de examinar cuatro sistemas diferentes de gesti\u00f3n de contenidos, elegimos netAdventist porque era el mejor para integrar y compartir la informaci\u00f3n en nuestro territorio de una manera amigable para el usuario\u00bb. La comisi\u00f3n regional ve este desarrollo como parte del objetivo de expandir la testificaci\u00f3n adventista en l\u00ednea, con la intenci\u00f3n de brindar a cada iglesia, escuela, uni\u00f3n, asociaci\u00f3n y ministerio en el Pac\u00edfico Sur un sistema innovador de sitios web, incluyendo a las islas de la Polinesia francesa cuyos sitios estar\u00e1n en franc\u00e9s. \u00abJam\u00e1s imaginamos ni en sue\u00f1os que nuestras iglesias locales de Papua Nueva Guinea tendr\u00edan sus sitios web\u00bb, dice Matiput Darius, director de comunicaciones de la iglesia en ese pa\u00eds. Al comentar sobre estos avances, Nathan Brown, editor del semanario de la iglesia \u00abRecord\u00bb, dice que el \u00abpotencial para trabajar juntos en un sentido creativo y en proyectos importantes de la iglesia y de comunicaciones resulta promisorio\u00bb. Sin embargo, Brown dice que la reestructuraci\u00f3n de las comunicaciones \u00abse ha enfocado m\u00e1s a una reorganizaci\u00f3n corporativa y de la gesti\u00f3n\u00bb. \u00abEl principal desaf\u00edo de las comunicaciones en esta regi\u00f3n es ser la voz que no s\u00f3lo hace ruido sino que tambi\u00e9n es o\u00edda en la sociedad. Esto significa que necesitamos trabajar en relaci\u00f3n con lo que creemos es lo m\u00e1s importante para expresarle a la sociedad y en la forma de hacerlo. Debemos ocuparnos de temas que son importantes para los que nos rodean y utilizar estos como una manera de compartir la esperanza de lo que creemos\u00bb, agreg\u00f3 Brown. Sentimientos similares fueron expresados por Julie Praestiin, gerente de comunicaciones de la Sanitarium Health Food Company, una empresa de la iglesia cerca de Sidney. Praestiin dijo que \u00abexiste una sinergia que puede obtenerse al unir a los diversos medios; esto deber\u00eda producir una reducci\u00f3n de costos, la capacidad de diseminar informaci\u00f3n en todos los medios, de potencialmente construir un perfil m\u00e1s poderoso tanto para los medios como para el mensaje que transmiten. Unidas, estas \u00e1reas pueden realmente tener un gran impacto sobre las comunicaciones\u00bb. \u00abEn esta \u00e9poca de abundancia de medios, el desaf\u00edo ser\u00e1 marcar una diferencia con un mensaje claro\u00bb, a\u00f1adi\u00f3. \u00abEstos encuentros me han inspirado para llegar al p\u00fablico, para hacerles conocer m\u00e1s acerca de la iglesia que amamos\u00bb, reflexiona Claudia Pereira, gerente de comercializaci\u00f3n de las escuelas adventistas de la Greater Sydney Conference. \u00abEl trabajo en red con otros l\u00edderes de las comunicaciones de todo el Pac\u00edfico Sur fue invalorable\u00bb.Todos los derechos reservados (c) 2007 Adventist News Network.<\/p>\n","protected":false},"excerpt":{"rendered":"<p>La planificaci\u00f3n de una presencia p\u00fablica m\u00e1s efectiva y la utilizaci\u00f3n de la tecnolog\u00eda de Internet por parte de las iglesias locales fueron los temas principales del encuentro de comunicadores adventistas de la regi\u00f3n del Pac\u00edfico Sur.<\/p>\n","protected":false},"author":1,"featured_media":0,"comment_status":"closed","ping_status":"closed","sticky":false,"template":"","format":"standard","meta":{"_acf_changed":false,"footnotes":""},"categories":[8],"tags":[],"class_list":["post-10881","post","type-post","status-publish","format-standard","hentry","category-archivo"],"acf":[],"yoast_head":"<!-- This site is optimized with the Yoast SEO plugin v27.3 - https:\/\/yoast.com\/product\/yoast-seo-wordpress\/ -->\n<title>Pac\u00edfico Sur: Encuentro de comunicadores analiza nueva convergencia de medios adventistas - Iglesia Adventista del S\u00e9ptimo D\u00eda - Divisi\u00f3n Interamericana<\/title>\n<meta name=\"robots\" content=\"index, follow, max-snippet:-1, max-image-preview:large, max-video-preview:-1\" \/>\n<link rel=\"canonical\" href=\"https:\/\/interamerica.org\/es\/2007\/02\/pacifico-sur-encuentro-de-comunicadores-analiza-nueva-convergencia-de-medios-adventistas\/\" \/>\n<meta property=\"og:locale\" content=\"es_ES\" \/>\n<meta property=\"og:type\" content=\"article\" \/>\n<meta property=\"og:title\" content=\"Pac\u00edfico Sur: Encuentro de comunicadores analiza nueva convergencia de medios adventistas - Iglesia Adventista del S\u00e9ptimo D\u00eda - Divisi\u00f3n Interamericana\" \/>\n<meta property=\"og:description\" content=\"La planificaci\u00f3n de una presencia p\u00fablica m\u00e1s efectiva y la utilizaci\u00f3n de la tecnolog\u00eda de Internet por parte de las iglesias locales fueron los temas principales del encuentro de comunicadores adventistas de la regi\u00f3n del Pac\u00edfico Sur.\" \/>\n<meta property=\"og:url\" content=\"https:\/\/interamerica.org\/es\/2007\/02\/pacifico-sur-encuentro-de-comunicadores-analiza-nueva-convergencia-de-medios-adventistas\/\" \/>\n<meta property=\"og:site_name\" content=\"Iglesia Adventista del S\u00e9ptimo D\u00eda - Divisi\u00f3n Interamericana\" \/>\n<meta property=\"article:published_time\" content=\"2007-02-06T04:00:00+00:00\" \/>\n<meta property=\"article:modified_time\" content=\"2017-06-02T13:13:12+00:00\" \/>\n<meta name=\"author\" content=\"Lorenzo Verduzco\" \/>\n<meta name=\"twitter:card\" content=\"summary_large_image\" \/>\n<meta name=\"twitter:label1\" content=\"Escrito por\" \/>\n\t<meta name=\"twitter:data1\" content=\"Lorenzo Verduzco\" \/>\n\t<meta name=\"twitter:label2\" content=\"Tiempo de lectura\" \/>\n\t<meta name=\"twitter:data2\" content=\"4 minutos\" \/>\n<script type=\"application\/ld+json\" class=\"yoast-schema-graph\">{\"@context\":\"https:\\\/\\\/schema.org\",\"@graph\":[{\"@type\":\"Article\",\"@id\":\"https:\\\/\\\/interamerica.org\\\/es\\\/2007\\\/02\\\/pacifico-sur-encuentro-de-comunicadores-analiza-nueva-convergencia-de-medios-adventistas\\\/#article\",\"isPartOf\":{\"@id\":\"https:\\\/\\\/interamerica.org\\\/es\\\/2007\\\/02\\\/pacifico-sur-encuentro-de-comunicadores-analiza-nueva-convergencia-de-medios-adventistas\\\/\"},\"author\":{\"name\":\"Lorenzo Verduzco\",\"@id\":\"https:\\\/\\\/interamerica.org\\\/es\\\/#\\\/schema\\\/person\\\/68ede8bdc292885bb76c1e3810e73c39\"},\"headline\":\"Pac\u00edfico Sur: Encuentro de comunicadores analiza nueva convergencia de medios adventistas\",\"datePublished\":\"2007-02-06T04:00:00+00:00\",\"dateModified\":\"2017-06-02T13:13:12+00:00\",\"mainEntityOfPage\":{\"@id\":\"https:\\\/\\\/interamerica.org\\\/es\\\/2007\\\/02\\\/pacifico-sur-encuentro-de-comunicadores-analiza-nueva-convergencia-de-medios-adventistas\\\/\"},\"wordCount\":790,\"articleSection\":[\"Archivo\"],\"inLanguage\":\"es\"},{\"@type\":\"WebPage\",\"@id\":\"https:\\\/\\\/interamerica.org\\\/es\\\/2007\\\/02\\\/pacifico-sur-encuentro-de-comunicadores-analiza-nueva-convergencia-de-medios-adventistas\\\/\",\"url\":\"https:\\\/\\\/interamerica.org\\\/es\\\/2007\\\/02\\\/pacifico-sur-encuentro-de-comunicadores-analiza-nueva-convergencia-de-medios-adventistas\\\/\",\"name\":\"Pac\u00edfico Sur: Encuentro de comunicadores analiza nueva convergencia de medios adventistas - Iglesia Adventista del S\u00e9ptimo D\u00eda - Divisi\u00f3n Interamericana\",\"isPartOf\":{\"@id\":\"https:\\\/\\\/interamerica.org\\\/es\\\/#website\"},\"datePublished\":\"2007-02-06T04:00:00+00:00\",\"dateModified\":\"2017-06-02T13:13:12+00:00\",\"author\":{\"@id\":\"https:\\\/\\\/interamerica.org\\\/es\\\/#\\\/schema\\\/person\\\/68ede8bdc292885bb76c1e3810e73c39\"},\"breadcrumb\":{\"@id\":\"https:\\\/\\\/interamerica.org\\\/es\\\/2007\\\/02\\\/pacifico-sur-encuentro-de-comunicadores-analiza-nueva-convergencia-de-medios-adventistas\\\/#breadcrumb\"},\"inLanguage\":\"es\",\"potentialAction\":[{\"@type\":\"ReadAction\",\"target\":[\"https:\\\/\\\/interamerica.org\\\/es\\\/2007\\\/02\\\/pacifico-sur-encuentro-de-comunicadores-analiza-nueva-convergencia-de-medios-adventistas\\\/\"]}]},{\"@type\":\"BreadcrumbList\",\"@id\":\"https:\\\/\\\/interamerica.org\\\/es\\\/2007\\\/02\\\/pacifico-sur-encuentro-de-comunicadores-analiza-nueva-convergencia-de-medios-adventistas\\\/#breadcrumb\",\"itemListElement\":[{\"@type\":\"ListItem\",\"position\":1,\"name\":\"Home\",\"item\":\"https:\\\/\\\/interamerica.org\\\/es\\\/\"},{\"@type\":\"ListItem\",\"position\":2,\"name\":\"Pac\u00edfico Sur: Encuentro de comunicadores analiza nueva convergencia de medios adventistas\"}]},{\"@type\":\"WebSite\",\"@id\":\"https:\\\/\\\/interamerica.org\\\/es\\\/#website\",\"url\":\"https:\\\/\\\/interamerica.org\\\/es\\\/\",\"name\":\"Iglesia Adventista del S\u00e9ptimo D\u00eda - Divisi\u00f3n Interamericana\",\"description\":\"\",\"potentialAction\":[{\"@type\":\"SearchAction\",\"target\":{\"@type\":\"EntryPoint\",\"urlTemplate\":\"https:\\\/\\\/interamerica.org\\\/es\\\/?s={search_term_string}\"},\"query-input\":{\"@type\":\"PropertyValueSpecification\",\"valueRequired\":true,\"valueName\":\"search_term_string\"}}],\"inLanguage\":\"es\"},{\"@type\":\"Person\",\"@id\":\"https:\\\/\\\/interamerica.org\\\/es\\\/#\\\/schema\\\/person\\\/68ede8bdc292885bb76c1e3810e73c39\",\"name\":\"Lorenzo Verduzco\",\"image\":{\"@type\":\"ImageObject\",\"inLanguage\":\"es\",\"@id\":\"https:\\\/\\\/secure.gravatar.com\\\/avatar\\\/fb81a55b6218459490a9c1dc841a34909185b81904c5337b4b27f7a6fd60c49e?s=96&d=mm&r=g\",\"url\":\"https:\\\/\\\/secure.gravatar.com\\\/avatar\\\/fb81a55b6218459490a9c1dc841a34909185b81904c5337b4b27f7a6fd60c49e?s=96&d=mm&r=g\",\"contentUrl\":\"https:\\\/\\\/secure.gravatar.com\\\/avatar\\\/fb81a55b6218459490a9c1dc841a34909185b81904c5337b4b27f7a6fd60c49e?s=96&d=mm&r=g\",\"caption\":\"Lorenzo Verduzco\"}}]}<\/script>\n<!-- \/ Yoast SEO plugin. -->","yoast_head_json":{"title":"Pac\u00edfico Sur: Encuentro de comunicadores analiza nueva convergencia de medios adventistas - Iglesia Adventista del S\u00e9ptimo D\u00eda - Divisi\u00f3n Interamericana","robots":{"index":"index","follow":"follow","max-snippet":"max-snippet:-1","max-image-preview":"max-image-preview:large","max-video-preview":"max-video-preview:-1"},"canonical":"https:\/\/interamerica.org\/es\/2007\/02\/pacifico-sur-encuentro-de-comunicadores-analiza-nueva-convergencia-de-medios-adventistas\/","og_locale":"es_ES","og_type":"article","og_title":"Pac\u00edfico Sur: Encuentro de comunicadores analiza nueva convergencia de medios adventistas - Iglesia Adventista del S\u00e9ptimo D\u00eda - Divisi\u00f3n Interamericana","og_description":"La planificaci\u00f3n de una presencia p\u00fablica m\u00e1s efectiva y la utilizaci\u00f3n de la tecnolog\u00eda de Internet por parte de las iglesias locales fueron los temas principales del encuentro de comunicadores adventistas de la regi\u00f3n del Pac\u00edfico Sur.","og_url":"https:\/\/interamerica.org\/es\/2007\/02\/pacifico-sur-encuentro-de-comunicadores-analiza-nueva-convergencia-de-medios-adventistas\/","og_site_name":"Iglesia Adventista del S\u00e9ptimo D\u00eda - Divisi\u00f3n Interamericana","article_published_time":"2007-02-06T04:00:00+00:00","article_modified_time":"2017-06-02T13:13:12+00:00","author":"Lorenzo Verduzco","twitter_card":"summary_large_image","twitter_misc":{"Escrito por":"Lorenzo Verduzco","Tiempo de lectura":"4 minutos"},"schema":{"@context":"https:\/\/schema.org","@graph":[{"@type":"Article","@id":"https:\/\/interamerica.org\/es\/2007\/02\/pacifico-sur-encuentro-de-comunicadores-analiza-nueva-convergencia-de-medios-adventistas\/#article","isPartOf":{"@id":"https:\/\/interamerica.org\/es\/2007\/02\/pacifico-sur-encuentro-de-comunicadores-analiza-nueva-convergencia-de-medios-adventistas\/"},"author":{"name":"Lorenzo Verduzco","@id":"https:\/\/interamerica.org\/es\/#\/schema\/person\/68ede8bdc292885bb76c1e3810e73c39"},"headline":"Pac\u00edfico Sur: Encuentro de comunicadores analiza nueva convergencia de medios adventistas","datePublished":"2007-02-06T04:00:00+00:00","dateModified":"2017-06-02T13:13:12+00:00","mainEntityOfPage":{"@id":"https:\/\/interamerica.org\/es\/2007\/02\/pacifico-sur-encuentro-de-comunicadores-analiza-nueva-convergencia-de-medios-adventistas\/"},"wordCount":790,"articleSection":["Archivo"],"inLanguage":"es"},{"@type":"WebPage","@id":"https:\/\/interamerica.org\/es\/2007\/02\/pacifico-sur-encuentro-de-comunicadores-analiza-nueva-convergencia-de-medios-adventistas\/","url":"https:\/\/interamerica.org\/es\/2007\/02\/pacifico-sur-encuentro-de-comunicadores-analiza-nueva-convergencia-de-medios-adventistas\/","name":"Pac\u00edfico Sur: Encuentro de comunicadores analiza nueva convergencia de medios adventistas - Iglesia Adventista del S\u00e9ptimo D\u00eda - Divisi\u00f3n Interamericana","isPartOf":{"@id":"https:\/\/interamerica.org\/es\/#website"},"datePublished":"2007-02-06T04:00:00+00:00","dateModified":"2017-06-02T13:13:12+00:00","author":{"@id":"https:\/\/interamerica.org\/es\/#\/schema\/person\/68ede8bdc292885bb76c1e3810e73c39"},"breadcrumb":{"@id":"https:\/\/interamerica.org\/es\/2007\/02\/pacifico-sur-encuentro-de-comunicadores-analiza-nueva-convergencia-de-medios-adventistas\/#breadcrumb"},"inLanguage":"es","potentialAction":[{"@type":"ReadAction","target":["https:\/\/interamerica.org\/es\/2007\/02\/pacifico-sur-encuentro-de-comunicadores-analiza-nueva-convergencia-de-medios-adventistas\/"]}]},{"@type":"BreadcrumbList","@id":"https:\/\/interamerica.org\/es\/2007\/02\/pacifico-sur-encuentro-de-comunicadores-analiza-nueva-convergencia-de-medios-adventistas\/#breadcrumb","itemListElement":[{"@type":"ListItem","position":1,"name":"Home","item":"https:\/\/interamerica.org\/es\/"},{"@type":"ListItem","position":2,"name":"Pac\u00edfico Sur: Encuentro de comunicadores analiza nueva convergencia de medios adventistas"}]},{"@type":"WebSite","@id":"https:\/\/interamerica.org\/es\/#website","url":"https:\/\/interamerica.org\/es\/","name":"Iglesia Adventista del S\u00e9ptimo D\u00eda - Divisi\u00f3n Interamericana","description":"","potentialAction":[{"@type":"SearchAction","target":{"@type":"EntryPoint","urlTemplate":"https:\/\/interamerica.org\/es\/?s={search_term_string}"},"query-input":{"@type":"PropertyValueSpecification","valueRequired":true,"valueName":"search_term_string"}}],"inLanguage":"es"},{"@type":"Person","@id":"https:\/\/interamerica.org\/es\/#\/schema\/person\/68ede8bdc292885bb76c1e3810e73c39","name":"Lorenzo Verduzco","image":{"@type":"ImageObject","inLanguage":"es","@id":"https:\/\/secure.gravatar.com\/avatar\/fb81a55b6218459490a9c1dc841a34909185b81904c5337b4b27f7a6fd60c49e?s=96&d=mm&r=g","url":"https:\/\/secure.gravatar.com\/avatar\/fb81a55b6218459490a9c1dc841a34909185b81904c5337b4b27f7a6fd60c49e?s=96&d=mm&r=g","contentUrl":"https:\/\/secure.gravatar.com\/avatar\/fb81a55b6218459490a9c1dc841a34909185b81904c5337b4b27f7a6fd60c49e?s=96&d=mm&r=g","caption":"Lorenzo Verduzco"}}]}},"_links":{"self":[{"href":"https:\/\/interamerica.org\/es\/wp-json\/wp\/v2\/posts\/10881","targetHints":{"allow":["GET"]}}],"collection":[{"href":"https:\/\/interamerica.org\/es\/wp-json\/wp\/v2\/posts"}],"about":[{"href":"https:\/\/interamerica.org\/es\/wp-json\/wp\/v2\/types\/post"}],"author":[{"embeddable":true,"href":"https:\/\/interamerica.org\/es\/wp-json\/wp\/v2\/users\/1"}],"replies":[{"embeddable":true,"href":"https:\/\/interamerica.org\/es\/wp-json\/wp\/v2\/comments?post=10881"}],"version-history":[{"count":0,"href":"https:\/\/interamerica.org\/es\/wp-json\/wp\/v2\/posts\/10881\/revisions"}],"wp:attachment":[{"href":"https:\/\/interamerica.org\/es\/wp-json\/wp\/v2\/media?parent=10881"}],"wp:term":[{"taxonomy":"category","embeddable":true,"href":"https:\/\/interamerica.org\/es\/wp-json\/wp\/v2\/categories?post=10881"},{"taxonomy":"post_tag","embeddable":true,"href":"https:\/\/interamerica.org\/es\/wp-json\/wp\/v2\/tags?post=10881"}],"curies":[{"name":"wp","href":"https:\/\/api.w.org\/{rel}","templated":true}]}}