{"id":10883,"date":"2007-02-11T00:00:00","date_gmt":"2007-02-11T04:00:00","guid":{"rendered":"http:\/\/192.81.217.108\/interamerica\/2007\/02\/jamaica-asociacion-adventista-para-la-acreditacion-visita-la-ucn\/"},"modified":"2017-06-02T09:13:09","modified_gmt":"2017-06-02T13:13:09","slug":"jamaica-asociacion-adventista-para-la-acreditacion-visita-la-ucn","status":"publish","type":"post","link":"https:\/\/interamerica.org\/es\/2007\/02\/jamaica-asociacion-adventista-para-la-acreditacion-visita-la-ucn\/","title":{"rendered":"Jamaica: Asociaci\u00f3n Adventista para la Acreditaci\u00f3n visita la UCN"},"content":{"rendered":"<p>Mandeville, Jamaica\u2026&#8230;[Northern Caribbean University\/IAD] <\/p>\n<p>Del 29 de enero al 1\u00ba de febrero, la Asociaci\u00f3n Adventista para la Acreditaci\u00f3n (AAA) realiz\u00f3 una visita foco a la Universidad Caribe\u00f1a del Norte para evaluar las ofertas y las facilidades de los programas de extensi\u00f3n de la UCN fuera del recinto principal. <\/p>\n<p>La Universidad Caribe\u00f1a del Norte es uno de los 106 centros de educaci\u00f3n superior pertenecientes a la Iglesia Adventista del S\u00e9ptimo D\u00eda a nivel mundial, y dirigidos por ella. La Asociaci\u00f3n com\u00fanmente conocida como la Asociaci\u00f3n Adventista para la Acreditaci\u00f3n (AAA) es el cuerpo que asegura la calidad establecida por la Iglesia Adventista del S\u00e9ptimo D\u00eda para proveer coordinaci\u00f3n, supervisi\u00f3n y control de calidad a su sistema educativo.  <\/p>\n<p>El comit\u00e9 visitante de ocho miembros estaba compuesto de educadores y acad\u00e9micos adventistas del s\u00e9ptimo d\u00eda de alta reputaci\u00f3n. La Dra. Ella Simmons, vicepresidente general de la Asociaci\u00f3n General de los Adventistas del S\u00e9ptimo D\u00eda, sirvi\u00f3 como presidenta del equipo, mientras la Dra. Lisa M. Beardsley, directora asociada de Educaci\u00f3n para la Asociaci\u00f3n General de los Adventistas del S\u00e9ptimo D\u00eda, sirvi\u00f3 como la secretaria. Los otros miembros fueron el Dr. Roy E. Ryan, tesorero asociado de la Asociaci\u00f3n General de los Adventistas del S\u00e9ptimo D\u00eda, Luis A. Schulz, director asociado de educaci\u00f3n de la Asociaci\u00f3n General de los Adventistas del S\u00e9ptimo D\u00eda, el Dr. Elie Honor\u00e9, vicepresidente de la Divisi\u00f3n Interamericana, el Dr. Mois\u00e9s Vel\u00e1squez Lugo, Director de Educaci\u00f3n de la Divisi\u00f3n Interamericana, la Dra. Marlene A. Orden, decana y profesora em\u00e9rita de ingl\u00e9s en la Universidad Andrews, y la Srta. Sandra E. Gayle, directora de educaci\u00f3n y ministerio infantil para la Asociaci\u00f3n\/Uni\u00f3n de las Indias Occidentales.  <\/p>\n<p>El equipo AAA visit\u00f3 las cuatro instalaciones de la UCN; Brown\u2019s Town, Kingston, Montego-Bay y Mandeville, observando clases en el recinto de Montego Bay, y el programa de la tarde en recinto de Mandeville. Fueron realizadas entrevistas con miembros del Comit\u00e9 de Gobierno, el presidente de la universidad, los vicepresidentes, la facultad, los directores de departamentos, el director de la Biblioteca y los bibliotecarios, los directores de sedes y el personal de apoyo, as\u00ed como estudiantes y personal laboral seleccionado de manera aleatoria, en todas las ubicaciones.  <\/p>\n<p>A lo largo de un per\u00edodo de cuatro d\u00edas, el equipo se las arregl\u00f3 para desarrollar un total de aproximadamente 150 entrevistas, con casi 60 miembros de la facultad, aproximadamente 50 estudiantes, 10 alumnos, 30 administradores y 4 miembros del Comit\u00e9 de Fideicomisarios. Todas las entrevistas ten\u00edan el prop\u00f3sito de evaluar la \u201ccapacidad de la UCN para ofrecer educaci\u00f3n de calidad en estas ubicaciones\u201d, declar\u00f3 la Dra. Lisa Beardsley. <\/p>\n<p>La Dra. Merleme Orden indic\u00f3 que, durante sus visitas, el equipo fue impresionado por lo que observ\u00f3 en cada campus. \u201cEl contenido y la calidad de sus ense\u00f1anzas son similares\u201d, Esto es importante resaltarlo, pues, es un criterio para la acreditaci\u00f3n que los programas en los recintos de extensi\u00f3n fuera del campus mantengan los mismos est\u00e1ndares acad\u00e9micos que los programas regulares en el campus.  <\/p>\n<p>Otro importante est\u00e1ndar que es evaluado por la AAA es el mantener los ideales de la Iglesia Adventista del S\u00e9ptimo D\u00eda. Tener unos miembros de facultad bien entrenados, y adventistas, es de gran importancia al ser acreditados como una instituci\u00f3n de educaci\u00f3n adventista del s\u00e9ptimo d\u00eda. El equipo report\u00f3 que los estudiantes entrevistados expresaron su aprecio por las oraciones y devocionales integrados en su experiencia de aprendizaje, as\u00ed como el inter\u00e9s personal en los miembros del personal de la facultad, hacia cada estudiante.  <\/p>\n<p>Los estudiantes alimentados por los centros de extensi\u00f3n de la UCN son principalmente adultos que trabajan, con obligaciones laborales y familiares. La Dra. Beardsley se\u00f1al\u00f3 que todos los estudiantes entrevistados por el equipo estaban pagando su experiencia en la UCN por ellos mismos, sin ninguna ayuda. La Dra. Beardsley y la Dra. Orden indicaron que, con esto en mente, entonces se hace necesario que estos individuos valoren el dinero.  <\/p>\n<p>En la entrevista de salida efectuada con representantes de la administraci\u00f3n de la Universidad, el equipo encomi\u00f3 a la instituci\u00f3n sobre la efectividad general de los programas de extensi\u00f3n, y ofreci\u00f3 recomendaciones sobre c\u00f3mo pueden ser m\u00e1s fortalecidos estos programas para asegurar una educaci\u00f3n adventista del s\u00e9ptimo d\u00eda, de alta calidad. El equipo visitante inform\u00f3 a los administradores de la Universidad que, con base en su revisi\u00f3n de los programas entregados en estos sitios, las entrevistas efectuaras y las observaciones generales hechas durante su visita, ellos estar\u00edan recomendando al Comit\u00e9 de la Asociaci\u00f3n Adventista de Acreditaci\u00f3n que se reunir\u00e1 en abril de 2007, que estos programas sean acreditados.  <\/p>\n<p>La Universidad Caribe\u00f1a del Norte inici\u00f3 programas de extensi\u00f3n y fuera del campus en 1998. La instituci\u00f3n ofrece programas Asociados y de Licenciatura, en sus cuatro sitios fuera del campus. El treinta y dos por ciento (1800) de la matr\u00edcula total de la Universidad (5600) est\u00e1 inscrito en uno de estos programas. <\/p>\n","protected":false},"excerpt":{"rendered":"<p>Del 29 de enero al 1\u00ba de febrero, la Asociaci\u00f3n Adventista para la Acreditaci\u00f3n (AAA) realiz\u00f3 una visita foco a la Universidad Caribe\u00f1a del Norte para evaluar las ofertas y las facilidades de los programas de extensi&#038;oacut<\/p>\n","protected":false},"author":1,"featured_media":0,"comment_status":"closed","ping_status":"closed","sticky":false,"template":"","format":"standard","meta":{"_acf_changed":false,"footnotes":""},"categories":[8],"tags":[],"class_list":["post-10883","post","type-post","status-publish","format-standard","hentry","category-archivo"],"acf":[],"yoast_head":"<!-- This site is optimized with the Yoast SEO plugin v27.3 - https:\/\/yoast.com\/product\/yoast-seo-wordpress\/ -->\n<title>Jamaica: Asociaci\u00f3n Adventista para la Acreditaci\u00f3n visita la UCN - Iglesia Adventista del S\u00e9ptimo D\u00eda - Divisi\u00f3n Interamericana<\/title>\n<meta name=\"robots\" content=\"index, follow, max-snippet:-1, max-image-preview:large, max-video-preview:-1\" \/>\n<link rel=\"canonical\" href=\"https:\/\/interamerica.org\/es\/2007\/02\/jamaica-asociacion-adventista-para-la-acreditacion-visita-la-ucn\/\" \/>\n<meta property=\"og:locale\" content=\"es_ES\" \/>\n<meta property=\"og:type\" content=\"article\" \/>\n<meta property=\"og:title\" content=\"Jamaica: Asociaci\u00f3n Adventista para la Acreditaci\u00f3n visita la UCN - Iglesia Adventista del S\u00e9ptimo D\u00eda - Divisi\u00f3n Interamericana\" \/>\n<meta property=\"og:description\" content=\"Del 29 de enero al 1\u00ba de febrero, la Asociaci\u00f3n Adventista para la Acreditaci\u00f3n (AAA) realiz\u00f3 una visita foco a la Universidad Caribe\u00f1a del Norte para evaluar las ofertas y las facilidades de los programas de extensi&amp;oacut\" \/>\n<meta property=\"og:url\" content=\"https:\/\/interamerica.org\/es\/2007\/02\/jamaica-asociacion-adventista-para-la-acreditacion-visita-la-ucn\/\" \/>\n<meta property=\"og:site_name\" content=\"Iglesia Adventista del S\u00e9ptimo D\u00eda - Divisi\u00f3n Interamericana\" \/>\n<meta property=\"article:published_time\" content=\"2007-02-11T04:00:00+00:00\" \/>\n<meta property=\"article:modified_time\" content=\"2017-06-02T13:13:09+00:00\" \/>\n<meta name=\"author\" content=\"Lorenzo Verduzco\" \/>\n<meta name=\"twitter:card\" content=\"summary_large_image\" \/>\n<meta name=\"twitter:label1\" content=\"Escrito por\" \/>\n\t<meta name=\"twitter:data1\" content=\"Lorenzo Verduzco\" \/>\n\t<meta name=\"twitter:label2\" content=\"Tiempo de lectura\" \/>\n\t<meta name=\"twitter:data2\" content=\"4 minutos\" \/>\n<script type=\"application\/ld+json\" class=\"yoast-schema-graph\">{\"@context\":\"https:\\\/\\\/schema.org\",\"@graph\":[{\"@type\":\"Article\",\"@id\":\"https:\\\/\\\/interamerica.org\\\/es\\\/2007\\\/02\\\/jamaica-asociacion-adventista-para-la-acreditacion-visita-la-ucn\\\/#article\",\"isPartOf\":{\"@id\":\"https:\\\/\\\/interamerica.org\\\/es\\\/2007\\\/02\\\/jamaica-asociacion-adventista-para-la-acreditacion-visita-la-ucn\\\/\"},\"author\":{\"name\":\"Lorenzo Verduzco\",\"@id\":\"https:\\\/\\\/interamerica.org\\\/es\\\/#\\\/schema\\\/person\\\/68ede8bdc292885bb76c1e3810e73c39\"},\"headline\":\"Jamaica: Asociaci\u00f3n Adventista para la Acreditaci\u00f3n visita la UCN\",\"datePublished\":\"2007-02-11T04:00:00+00:00\",\"dateModified\":\"2017-06-02T13:13:09+00:00\",\"mainEntityOfPage\":{\"@id\":\"https:\\\/\\\/interamerica.org\\\/es\\\/2007\\\/02\\\/jamaica-asociacion-adventista-para-la-acreditacion-visita-la-ucn\\\/\"},\"wordCount\":887,\"articleSection\":[\"Archivo\"],\"inLanguage\":\"es\"},{\"@type\":\"WebPage\",\"@id\":\"https:\\\/\\\/interamerica.org\\\/es\\\/2007\\\/02\\\/jamaica-asociacion-adventista-para-la-acreditacion-visita-la-ucn\\\/\",\"url\":\"https:\\\/\\\/interamerica.org\\\/es\\\/2007\\\/02\\\/jamaica-asociacion-adventista-para-la-acreditacion-visita-la-ucn\\\/\",\"name\":\"Jamaica: Asociaci\u00f3n Adventista para la Acreditaci\u00f3n visita la UCN - Iglesia Adventista del S\u00e9ptimo D\u00eda - Divisi\u00f3n Interamericana\",\"isPartOf\":{\"@id\":\"https:\\\/\\\/interamerica.org\\\/es\\\/#website\"},\"datePublished\":\"2007-02-11T04:00:00+00:00\",\"dateModified\":\"2017-06-02T13:13:09+00:00\",\"author\":{\"@id\":\"https:\\\/\\\/interamerica.org\\\/es\\\/#\\\/schema\\\/person\\\/68ede8bdc292885bb76c1e3810e73c39\"},\"breadcrumb\":{\"@id\":\"https:\\\/\\\/interamerica.org\\\/es\\\/2007\\\/02\\\/jamaica-asociacion-adventista-para-la-acreditacion-visita-la-ucn\\\/#breadcrumb\"},\"inLanguage\":\"es\",\"potentialAction\":[{\"@type\":\"ReadAction\",\"target\":[\"https:\\\/\\\/interamerica.org\\\/es\\\/2007\\\/02\\\/jamaica-asociacion-adventista-para-la-acreditacion-visita-la-ucn\\\/\"]}]},{\"@type\":\"BreadcrumbList\",\"@id\":\"https:\\\/\\\/interamerica.org\\\/es\\\/2007\\\/02\\\/jamaica-asociacion-adventista-para-la-acreditacion-visita-la-ucn\\\/#breadcrumb\",\"itemListElement\":[{\"@type\":\"ListItem\",\"position\":1,\"name\":\"Home\",\"item\":\"https:\\\/\\\/interamerica.org\\\/es\\\/\"},{\"@type\":\"ListItem\",\"position\":2,\"name\":\"Jamaica: Asociaci\u00f3n Adventista para la Acreditaci\u00f3n visita la UCN\"}]},{\"@type\":\"WebSite\",\"@id\":\"https:\\\/\\\/interamerica.org\\\/es\\\/#website\",\"url\":\"https:\\\/\\\/interamerica.org\\\/es\\\/\",\"name\":\"Iglesia Adventista del S\u00e9ptimo D\u00eda - Divisi\u00f3n Interamericana\",\"description\":\"\",\"potentialAction\":[{\"@type\":\"SearchAction\",\"target\":{\"@type\":\"EntryPoint\",\"urlTemplate\":\"https:\\\/\\\/interamerica.org\\\/es\\\/?s={search_term_string}\"},\"query-input\":{\"@type\":\"PropertyValueSpecification\",\"valueRequired\":true,\"valueName\":\"search_term_string\"}}],\"inLanguage\":\"es\"},{\"@type\":\"Person\",\"@id\":\"https:\\\/\\\/interamerica.org\\\/es\\\/#\\\/schema\\\/person\\\/68ede8bdc292885bb76c1e3810e73c39\",\"name\":\"Lorenzo Verduzco\",\"image\":{\"@type\":\"ImageObject\",\"inLanguage\":\"es\",\"@id\":\"https:\\\/\\\/secure.gravatar.com\\\/avatar\\\/fb81a55b6218459490a9c1dc841a34909185b81904c5337b4b27f7a6fd60c49e?s=96&d=mm&r=g\",\"url\":\"https:\\\/\\\/secure.gravatar.com\\\/avatar\\\/fb81a55b6218459490a9c1dc841a34909185b81904c5337b4b27f7a6fd60c49e?s=96&d=mm&r=g\",\"contentUrl\":\"https:\\\/\\\/secure.gravatar.com\\\/avatar\\\/fb81a55b6218459490a9c1dc841a34909185b81904c5337b4b27f7a6fd60c49e?s=96&d=mm&r=g\",\"caption\":\"Lorenzo Verduzco\"}}]}<\/script>\n<!-- \/ Yoast SEO plugin. -->","yoast_head_json":{"title":"Jamaica: Asociaci\u00f3n Adventista para la Acreditaci\u00f3n visita la UCN - Iglesia Adventista del S\u00e9ptimo D\u00eda - Divisi\u00f3n Interamericana","robots":{"index":"index","follow":"follow","max-snippet":"max-snippet:-1","max-image-preview":"max-image-preview:large","max-video-preview":"max-video-preview:-1"},"canonical":"https:\/\/interamerica.org\/es\/2007\/02\/jamaica-asociacion-adventista-para-la-acreditacion-visita-la-ucn\/","og_locale":"es_ES","og_type":"article","og_title":"Jamaica: Asociaci\u00f3n Adventista para la Acreditaci\u00f3n visita la UCN - Iglesia Adventista del S\u00e9ptimo D\u00eda - Divisi\u00f3n Interamericana","og_description":"Del 29 de enero al 1\u00ba de febrero, la Asociaci\u00f3n Adventista para la Acreditaci\u00f3n (AAA) realiz\u00f3 una visita foco a la Universidad Caribe\u00f1a del Norte para evaluar las ofertas y las facilidades de los programas de extensi&oacut","og_url":"https:\/\/interamerica.org\/es\/2007\/02\/jamaica-asociacion-adventista-para-la-acreditacion-visita-la-ucn\/","og_site_name":"Iglesia Adventista del S\u00e9ptimo D\u00eda - Divisi\u00f3n Interamericana","article_published_time":"2007-02-11T04:00:00+00:00","article_modified_time":"2017-06-02T13:13:09+00:00","author":"Lorenzo Verduzco","twitter_card":"summary_large_image","twitter_misc":{"Escrito por":"Lorenzo Verduzco","Tiempo de lectura":"4 minutos"},"schema":{"@context":"https:\/\/schema.org","@graph":[{"@type":"Article","@id":"https:\/\/interamerica.org\/es\/2007\/02\/jamaica-asociacion-adventista-para-la-acreditacion-visita-la-ucn\/#article","isPartOf":{"@id":"https:\/\/interamerica.org\/es\/2007\/02\/jamaica-asociacion-adventista-para-la-acreditacion-visita-la-ucn\/"},"author":{"name":"Lorenzo Verduzco","@id":"https:\/\/interamerica.org\/es\/#\/schema\/person\/68ede8bdc292885bb76c1e3810e73c39"},"headline":"Jamaica: Asociaci\u00f3n Adventista para la Acreditaci\u00f3n visita la UCN","datePublished":"2007-02-11T04:00:00+00:00","dateModified":"2017-06-02T13:13:09+00:00","mainEntityOfPage":{"@id":"https:\/\/interamerica.org\/es\/2007\/02\/jamaica-asociacion-adventista-para-la-acreditacion-visita-la-ucn\/"},"wordCount":887,"articleSection":["Archivo"],"inLanguage":"es"},{"@type":"WebPage","@id":"https:\/\/interamerica.org\/es\/2007\/02\/jamaica-asociacion-adventista-para-la-acreditacion-visita-la-ucn\/","url":"https:\/\/interamerica.org\/es\/2007\/02\/jamaica-asociacion-adventista-para-la-acreditacion-visita-la-ucn\/","name":"Jamaica: Asociaci\u00f3n Adventista para la Acreditaci\u00f3n visita la UCN - Iglesia Adventista del S\u00e9ptimo D\u00eda - Divisi\u00f3n Interamericana","isPartOf":{"@id":"https:\/\/interamerica.org\/es\/#website"},"datePublished":"2007-02-11T04:00:00+00:00","dateModified":"2017-06-02T13:13:09+00:00","author":{"@id":"https:\/\/interamerica.org\/es\/#\/schema\/person\/68ede8bdc292885bb76c1e3810e73c39"},"breadcrumb":{"@id":"https:\/\/interamerica.org\/es\/2007\/02\/jamaica-asociacion-adventista-para-la-acreditacion-visita-la-ucn\/#breadcrumb"},"inLanguage":"es","potentialAction":[{"@type":"ReadAction","target":["https:\/\/interamerica.org\/es\/2007\/02\/jamaica-asociacion-adventista-para-la-acreditacion-visita-la-ucn\/"]}]},{"@type":"BreadcrumbList","@id":"https:\/\/interamerica.org\/es\/2007\/02\/jamaica-asociacion-adventista-para-la-acreditacion-visita-la-ucn\/#breadcrumb","itemListElement":[{"@type":"ListItem","position":1,"name":"Home","item":"https:\/\/interamerica.org\/es\/"},{"@type":"ListItem","position":2,"name":"Jamaica: Asociaci\u00f3n Adventista para la Acreditaci\u00f3n visita la UCN"}]},{"@type":"WebSite","@id":"https:\/\/interamerica.org\/es\/#website","url":"https:\/\/interamerica.org\/es\/","name":"Iglesia Adventista del S\u00e9ptimo D\u00eda - Divisi\u00f3n Interamericana","description":"","potentialAction":[{"@type":"SearchAction","target":{"@type":"EntryPoint","urlTemplate":"https:\/\/interamerica.org\/es\/?s={search_term_string}"},"query-input":{"@type":"PropertyValueSpecification","valueRequired":true,"valueName":"search_term_string"}}],"inLanguage":"es"},{"@type":"Person","@id":"https:\/\/interamerica.org\/es\/#\/schema\/person\/68ede8bdc292885bb76c1e3810e73c39","name":"Lorenzo Verduzco","image":{"@type":"ImageObject","inLanguage":"es","@id":"https:\/\/secure.gravatar.com\/avatar\/fb81a55b6218459490a9c1dc841a34909185b81904c5337b4b27f7a6fd60c49e?s=96&d=mm&r=g","url":"https:\/\/secure.gravatar.com\/avatar\/fb81a55b6218459490a9c1dc841a34909185b81904c5337b4b27f7a6fd60c49e?s=96&d=mm&r=g","contentUrl":"https:\/\/secure.gravatar.com\/avatar\/fb81a55b6218459490a9c1dc841a34909185b81904c5337b4b27f7a6fd60c49e?s=96&d=mm&r=g","caption":"Lorenzo Verduzco"}}]}},"_links":{"self":[{"href":"https:\/\/interamerica.org\/es\/wp-json\/wp\/v2\/posts\/10883","targetHints":{"allow":["GET"]}}],"collection":[{"href":"https:\/\/interamerica.org\/es\/wp-json\/wp\/v2\/posts"}],"about":[{"href":"https:\/\/interamerica.org\/es\/wp-json\/wp\/v2\/types\/post"}],"author":[{"embeddable":true,"href":"https:\/\/interamerica.org\/es\/wp-json\/wp\/v2\/users\/1"}],"replies":[{"embeddable":true,"href":"https:\/\/interamerica.org\/es\/wp-json\/wp\/v2\/comments?post=10883"}],"version-history":[{"count":0,"href":"https:\/\/interamerica.org\/es\/wp-json\/wp\/v2\/posts\/10883\/revisions"}],"wp:attachment":[{"href":"https:\/\/interamerica.org\/es\/wp-json\/wp\/v2\/media?parent=10883"}],"wp:term":[{"taxonomy":"category","embeddable":true,"href":"https:\/\/interamerica.org\/es\/wp-json\/wp\/v2\/categories?post=10883"},{"taxonomy":"post_tag","embeddable":true,"href":"https:\/\/interamerica.org\/es\/wp-json\/wp\/v2\/tags?post=10883"}],"curies":[{"name":"wp","href":"https:\/\/api.w.org\/{rel}","templated":true}]}}