{"id":10885,"date":"2007-02-15T00:00:00","date_gmt":"2007-02-15T04:00:00","guid":{"rendered":"http:\/\/192.81.217.108\/interamerica\/2007\/02\/mexico-asesinan-gerente-de-la-compania-de-alimentos-saludables\/"},"modified":"2017-06-02T09:13:06","modified_gmt":"2017-06-02T13:13:06","slug":"mexico-asesinan-gerente-de-la-compania-de-alimentos-saludables","status":"publish","type":"post","link":"https:\/\/interamerica.org\/es\/2007\/02\/mexico-asesinan-gerente-de-la-compania-de-alimentos-saludables\/","title":{"rendered":"M\u00e9xico:  Asesinan Gerente de la Compa\u00f1\u00eda de Alimentos Saludables"},"content":{"rendered":"<p>15 de febrero, 2007, Navojoa, Sonora, M\u00e9xico&#8230;[Personal de la DIA]  <\/p>\n<p>La polic\u00eda local est\u00e1 investigando la muerte a tiros de Joel Amilcar Hern\u00e1ndez en el d\u00eda de hoy, quien sirvi\u00f3 como gerente general de la Compa\u00f1\u00eda de Alimentos Saludables de Interam\u00e9rica con sucursal en Navojoa, Sonora, M\u00e9xico.  Hern\u00e1ndez falleci\u00f3 cerca a su casa.  Ten\u00eda 43 a\u00f1os. <\/p>\n<p>\u00abEstamos consternados y entristecidos por su muerte\u00bb, dijo Joel Zukovski, director de la Compa\u00f1\u00eda de Alimentos Saludables de Interam\u00e9rica con sede en Miami, Florida.  \u00abOramos por su familia y el personal de oficina de<strong ><em > Colpac<\/em ><\/strong >&#8230;  fue un excelente gerente y ser\u00e1 hechado de menos grandemente\u00bb.  Zukovski viajar\u00e1 a M\u00e9xico para reunirse con la familia Hern\u00e1ndez y el personal de oficina de <em ><strong >Colpac<\/strong ><\/em >. <\/p>\n<p>Hern\u00e1ndez, nativo de Panan\u00e1, ha estado administrando <strong ><em >Colpac<\/em ><\/strong > desde el 2001 y anteriormente trabaj\u00f3 como gerente general de la Sucursal Cetebedi en Costa Rica. <\/p>\n<p>Le sobreviven su esposa Ruth y tres hijos.  Se ha programado un servicio de recordaci\u00f3n para este fin de semana. <\/p>\n","protected":false},"excerpt":{"rendered":"<p>La polic\u00eda est\u00e1 investigando la muerte a tiros de Joel Amilcar Hern\u00e1ndez en el d\u00eda de hoy, quien sirvi\u00f3 como gerente general de la Compa\u00f1\u00eda de Alimentos Saludables de Interam\u00e9rica con sucursal en N<\/p>\n","protected":false},"author":1,"featured_media":0,"comment_status":"closed","ping_status":"closed","sticky":false,"template":"","format":"standard","meta":{"_acf_changed":false,"footnotes":""},"categories":[8],"tags":[],"class_list":["post-10885","post","type-post","status-publish","format-standard","hentry","category-archivo"],"acf":[],"yoast_head":"<!-- This site is optimized with the Yoast SEO plugin v27.3 - https:\/\/yoast.com\/product\/yoast-seo-wordpress\/ -->\n<title>M\u00e9xico: Asesinan Gerente de la Compa\u00f1\u00eda de Alimentos Saludables - Iglesia Adventista del S\u00e9ptimo D\u00eda - Divisi\u00f3n Interamericana<\/title>\n<meta name=\"robots\" content=\"index, follow, max-snippet:-1, max-image-preview:large, max-video-preview:-1\" \/>\n<link rel=\"canonical\" href=\"https:\/\/interamerica.org\/es\/2007\/02\/mexico-asesinan-gerente-de-la-compania-de-alimentos-saludables\/\" \/>\n<meta property=\"og:locale\" content=\"es_ES\" \/>\n<meta property=\"og:type\" content=\"article\" \/>\n<meta property=\"og:title\" content=\"M\u00e9xico: Asesinan Gerente de la Compa\u00f1\u00eda de Alimentos Saludables - Iglesia Adventista del S\u00e9ptimo D\u00eda - Divisi\u00f3n Interamericana\" \/>\n<meta property=\"og:description\" content=\"La polic\u00eda est\u00e1 investigando la muerte a tiros de Joel Amilcar Hern\u00e1ndez en el d\u00eda de hoy, quien sirvi\u00f3 como gerente general de la Compa\u00f1\u00eda de Alimentos Saludables de Interam\u00e9rica con sucursal en N\" \/>\n<meta property=\"og:url\" content=\"https:\/\/interamerica.org\/es\/2007\/02\/mexico-asesinan-gerente-de-la-compania-de-alimentos-saludables\/\" \/>\n<meta property=\"og:site_name\" content=\"Iglesia Adventista del S\u00e9ptimo D\u00eda - Divisi\u00f3n Interamericana\" \/>\n<meta property=\"article:published_time\" content=\"2007-02-15T04:00:00+00:00\" \/>\n<meta property=\"article:modified_time\" content=\"2017-06-02T13:13:06+00:00\" \/>\n<meta name=\"author\" content=\"Lorenzo Verduzco\" \/>\n<meta name=\"twitter:card\" content=\"summary_large_image\" \/>\n<meta name=\"twitter:label1\" content=\"Escrito por\" \/>\n\t<meta name=\"twitter:data1\" content=\"Lorenzo Verduzco\" \/>\n\t<meta name=\"twitter:label2\" content=\"Tiempo de lectura\" \/>\n\t<meta name=\"twitter:data2\" content=\"1 minuto\" \/>\n<script type=\"application\/ld+json\" class=\"yoast-schema-graph\">{\"@context\":\"https:\\\/\\\/schema.org\",\"@graph\":[{\"@type\":\"Article\",\"@id\":\"https:\\\/\\\/interamerica.org\\\/es\\\/2007\\\/02\\\/mexico-asesinan-gerente-de-la-compania-de-alimentos-saludables\\\/#article\",\"isPartOf\":{\"@id\":\"https:\\\/\\\/interamerica.org\\\/es\\\/2007\\\/02\\\/mexico-asesinan-gerente-de-la-compania-de-alimentos-saludables\\\/\"},\"author\":{\"name\":\"Lorenzo Verduzco\",\"@id\":\"https:\\\/\\\/interamerica.org\\\/es\\\/#\\\/schema\\\/person\\\/68ede8bdc292885bb76c1e3810e73c39\"},\"headline\":\"M\u00e9xico: Asesinan Gerente de la Compa\u00f1\u00eda de Alimentos Saludables\",\"datePublished\":\"2007-02-15T04:00:00+00:00\",\"dateModified\":\"2017-06-02T13:13:06+00:00\",\"mainEntityOfPage\":{\"@id\":\"https:\\\/\\\/interamerica.org\\\/es\\\/2007\\\/02\\\/mexico-asesinan-gerente-de-la-compania-de-alimentos-saludables\\\/\"},\"wordCount\":186,\"articleSection\":[\"Archivo\"],\"inLanguage\":\"es\"},{\"@type\":\"WebPage\",\"@id\":\"https:\\\/\\\/interamerica.org\\\/es\\\/2007\\\/02\\\/mexico-asesinan-gerente-de-la-compania-de-alimentos-saludables\\\/\",\"url\":\"https:\\\/\\\/interamerica.org\\\/es\\\/2007\\\/02\\\/mexico-asesinan-gerente-de-la-compania-de-alimentos-saludables\\\/\",\"name\":\"M\u00e9xico: Asesinan Gerente de la Compa\u00f1\u00eda de Alimentos Saludables - Iglesia Adventista del S\u00e9ptimo D\u00eda - Divisi\u00f3n Interamericana\",\"isPartOf\":{\"@id\":\"https:\\\/\\\/interamerica.org\\\/es\\\/#website\"},\"datePublished\":\"2007-02-15T04:00:00+00:00\",\"dateModified\":\"2017-06-02T13:13:06+00:00\",\"author\":{\"@id\":\"https:\\\/\\\/interamerica.org\\\/es\\\/#\\\/schema\\\/person\\\/68ede8bdc292885bb76c1e3810e73c39\"},\"breadcrumb\":{\"@id\":\"https:\\\/\\\/interamerica.org\\\/es\\\/2007\\\/02\\\/mexico-asesinan-gerente-de-la-compania-de-alimentos-saludables\\\/#breadcrumb\"},\"inLanguage\":\"es\",\"potentialAction\":[{\"@type\":\"ReadAction\",\"target\":[\"https:\\\/\\\/interamerica.org\\\/es\\\/2007\\\/02\\\/mexico-asesinan-gerente-de-la-compania-de-alimentos-saludables\\\/\"]}]},{\"@type\":\"BreadcrumbList\",\"@id\":\"https:\\\/\\\/interamerica.org\\\/es\\\/2007\\\/02\\\/mexico-asesinan-gerente-de-la-compania-de-alimentos-saludables\\\/#breadcrumb\",\"itemListElement\":[{\"@type\":\"ListItem\",\"position\":1,\"name\":\"Home\",\"item\":\"https:\\\/\\\/interamerica.org\\\/es\\\/\"},{\"@type\":\"ListItem\",\"position\":2,\"name\":\"M\u00e9xico: Asesinan Gerente de la Compa\u00f1\u00eda de Alimentos Saludables\"}]},{\"@type\":\"WebSite\",\"@id\":\"https:\\\/\\\/interamerica.org\\\/es\\\/#website\",\"url\":\"https:\\\/\\\/interamerica.org\\\/es\\\/\",\"name\":\"Iglesia Adventista del S\u00e9ptimo D\u00eda - Divisi\u00f3n Interamericana\",\"description\":\"\",\"potentialAction\":[{\"@type\":\"SearchAction\",\"target\":{\"@type\":\"EntryPoint\",\"urlTemplate\":\"https:\\\/\\\/interamerica.org\\\/es\\\/?s={search_term_string}\"},\"query-input\":{\"@type\":\"PropertyValueSpecification\",\"valueRequired\":true,\"valueName\":\"search_term_string\"}}],\"inLanguage\":\"es\"},{\"@type\":\"Person\",\"@id\":\"https:\\\/\\\/interamerica.org\\\/es\\\/#\\\/schema\\\/person\\\/68ede8bdc292885bb76c1e3810e73c39\",\"name\":\"Lorenzo Verduzco\",\"image\":{\"@type\":\"ImageObject\",\"inLanguage\":\"es\",\"@id\":\"https:\\\/\\\/secure.gravatar.com\\\/avatar\\\/fb81a55b6218459490a9c1dc841a34909185b81904c5337b4b27f7a6fd60c49e?s=96&d=mm&r=g\",\"url\":\"https:\\\/\\\/secure.gravatar.com\\\/avatar\\\/fb81a55b6218459490a9c1dc841a34909185b81904c5337b4b27f7a6fd60c49e?s=96&d=mm&r=g\",\"contentUrl\":\"https:\\\/\\\/secure.gravatar.com\\\/avatar\\\/fb81a55b6218459490a9c1dc841a34909185b81904c5337b4b27f7a6fd60c49e?s=96&d=mm&r=g\",\"caption\":\"Lorenzo Verduzco\"}}]}<\/script>\n<!-- \/ Yoast SEO plugin. -->","yoast_head_json":{"title":"M\u00e9xico: Asesinan Gerente de la Compa\u00f1\u00eda de Alimentos Saludables - Iglesia Adventista del S\u00e9ptimo D\u00eda - Divisi\u00f3n Interamericana","robots":{"index":"index","follow":"follow","max-snippet":"max-snippet:-1","max-image-preview":"max-image-preview:large","max-video-preview":"max-video-preview:-1"},"canonical":"https:\/\/interamerica.org\/es\/2007\/02\/mexico-asesinan-gerente-de-la-compania-de-alimentos-saludables\/","og_locale":"es_ES","og_type":"article","og_title":"M\u00e9xico: Asesinan Gerente de la Compa\u00f1\u00eda de Alimentos Saludables - Iglesia Adventista del S\u00e9ptimo D\u00eda - Divisi\u00f3n Interamericana","og_description":"La polic\u00eda est\u00e1 investigando la muerte a tiros de Joel Amilcar Hern\u00e1ndez en el d\u00eda de hoy, quien sirvi\u00f3 como gerente general de la Compa\u00f1\u00eda de Alimentos Saludables de Interam\u00e9rica con sucursal en N","og_url":"https:\/\/interamerica.org\/es\/2007\/02\/mexico-asesinan-gerente-de-la-compania-de-alimentos-saludables\/","og_site_name":"Iglesia Adventista del S\u00e9ptimo D\u00eda - Divisi\u00f3n Interamericana","article_published_time":"2007-02-15T04:00:00+00:00","article_modified_time":"2017-06-02T13:13:06+00:00","author":"Lorenzo Verduzco","twitter_card":"summary_large_image","twitter_misc":{"Escrito por":"Lorenzo Verduzco","Tiempo de lectura":"1 minuto"},"schema":{"@context":"https:\/\/schema.org","@graph":[{"@type":"Article","@id":"https:\/\/interamerica.org\/es\/2007\/02\/mexico-asesinan-gerente-de-la-compania-de-alimentos-saludables\/#article","isPartOf":{"@id":"https:\/\/interamerica.org\/es\/2007\/02\/mexico-asesinan-gerente-de-la-compania-de-alimentos-saludables\/"},"author":{"name":"Lorenzo Verduzco","@id":"https:\/\/interamerica.org\/es\/#\/schema\/person\/68ede8bdc292885bb76c1e3810e73c39"},"headline":"M\u00e9xico: Asesinan Gerente de la Compa\u00f1\u00eda de Alimentos Saludables","datePublished":"2007-02-15T04:00:00+00:00","dateModified":"2017-06-02T13:13:06+00:00","mainEntityOfPage":{"@id":"https:\/\/interamerica.org\/es\/2007\/02\/mexico-asesinan-gerente-de-la-compania-de-alimentos-saludables\/"},"wordCount":186,"articleSection":["Archivo"],"inLanguage":"es"},{"@type":"WebPage","@id":"https:\/\/interamerica.org\/es\/2007\/02\/mexico-asesinan-gerente-de-la-compania-de-alimentos-saludables\/","url":"https:\/\/interamerica.org\/es\/2007\/02\/mexico-asesinan-gerente-de-la-compania-de-alimentos-saludables\/","name":"M\u00e9xico: Asesinan Gerente de la Compa\u00f1\u00eda de Alimentos Saludables - Iglesia Adventista del S\u00e9ptimo D\u00eda - Divisi\u00f3n Interamericana","isPartOf":{"@id":"https:\/\/interamerica.org\/es\/#website"},"datePublished":"2007-02-15T04:00:00+00:00","dateModified":"2017-06-02T13:13:06+00:00","author":{"@id":"https:\/\/interamerica.org\/es\/#\/schema\/person\/68ede8bdc292885bb76c1e3810e73c39"},"breadcrumb":{"@id":"https:\/\/interamerica.org\/es\/2007\/02\/mexico-asesinan-gerente-de-la-compania-de-alimentos-saludables\/#breadcrumb"},"inLanguage":"es","potentialAction":[{"@type":"ReadAction","target":["https:\/\/interamerica.org\/es\/2007\/02\/mexico-asesinan-gerente-de-la-compania-de-alimentos-saludables\/"]}]},{"@type":"BreadcrumbList","@id":"https:\/\/interamerica.org\/es\/2007\/02\/mexico-asesinan-gerente-de-la-compania-de-alimentos-saludables\/#breadcrumb","itemListElement":[{"@type":"ListItem","position":1,"name":"Home","item":"https:\/\/interamerica.org\/es\/"},{"@type":"ListItem","position":2,"name":"M\u00e9xico: Asesinan Gerente de la Compa\u00f1\u00eda de Alimentos Saludables"}]},{"@type":"WebSite","@id":"https:\/\/interamerica.org\/es\/#website","url":"https:\/\/interamerica.org\/es\/","name":"Iglesia Adventista del S\u00e9ptimo D\u00eda - Divisi\u00f3n Interamericana","description":"","potentialAction":[{"@type":"SearchAction","target":{"@type":"EntryPoint","urlTemplate":"https:\/\/interamerica.org\/es\/?s={search_term_string}"},"query-input":{"@type":"PropertyValueSpecification","valueRequired":true,"valueName":"search_term_string"}}],"inLanguage":"es"},{"@type":"Person","@id":"https:\/\/interamerica.org\/es\/#\/schema\/person\/68ede8bdc292885bb76c1e3810e73c39","name":"Lorenzo Verduzco","image":{"@type":"ImageObject","inLanguage":"es","@id":"https:\/\/secure.gravatar.com\/avatar\/fb81a55b6218459490a9c1dc841a34909185b81904c5337b4b27f7a6fd60c49e?s=96&d=mm&r=g","url":"https:\/\/secure.gravatar.com\/avatar\/fb81a55b6218459490a9c1dc841a34909185b81904c5337b4b27f7a6fd60c49e?s=96&d=mm&r=g","contentUrl":"https:\/\/secure.gravatar.com\/avatar\/fb81a55b6218459490a9c1dc841a34909185b81904c5337b4b27f7a6fd60c49e?s=96&d=mm&r=g","caption":"Lorenzo Verduzco"}}]}},"_links":{"self":[{"href":"https:\/\/interamerica.org\/es\/wp-json\/wp\/v2\/posts\/10885","targetHints":{"allow":["GET"]}}],"collection":[{"href":"https:\/\/interamerica.org\/es\/wp-json\/wp\/v2\/posts"}],"about":[{"href":"https:\/\/interamerica.org\/es\/wp-json\/wp\/v2\/types\/post"}],"author":[{"embeddable":true,"href":"https:\/\/interamerica.org\/es\/wp-json\/wp\/v2\/users\/1"}],"replies":[{"embeddable":true,"href":"https:\/\/interamerica.org\/es\/wp-json\/wp\/v2\/comments?post=10885"}],"version-history":[{"count":0,"href":"https:\/\/interamerica.org\/es\/wp-json\/wp\/v2\/posts\/10885\/revisions"}],"wp:attachment":[{"href":"https:\/\/interamerica.org\/es\/wp-json\/wp\/v2\/media?parent=10885"}],"wp:term":[{"taxonomy":"category","embeddable":true,"href":"https:\/\/interamerica.org\/es\/wp-json\/wp\/v2\/categories?post=10885"},{"taxonomy":"post_tag","embeddable":true,"href":"https:\/\/interamerica.org\/es\/wp-json\/wp\/v2\/tags?post=10885"}],"curies":[{"name":"wp","href":"https:\/\/api.w.org\/{rel}","templated":true}]}}