{"id":108853,"date":"2024-01-11T22:46:32","date_gmt":"2024-01-12T03:46:32","guid":{"rendered":"https:\/\/interamerica.org\/?p=108853"},"modified":"2024-01-17T13:22:05","modified_gmt":"2024-01-17T18:22:05","slug":"la-fundacion-de-la-salvacion","status":"publish","type":"post","link":"https:\/\/interamerica.org\/es\/2024\/01\/la-fundacion-de-la-salvacion\/","title":{"rendered":"La Fundaci\u00f3n de la Salvaci\u00f3n"},"content":{"rendered":"<p>11 de enero del\u00a0 2024 | Silver Spring, Maryland, Estados Unidos | Ted N.C. Wilson, President de la Asociaci\u00f3n General de los Adventistas del S\u00e9ptimo D\u00eda<\/p>\n<p>Saludos, amigos. Hoy estamos considerando una pregunta muy importante: \u00bfQu\u00e9 es la realidad?, especialmente la realidad cuando se trata de nuestra salvaci\u00f3n. Algunos dicen que existe algo llamado \u00abRealidad del Amor\u00bb, y si bien hay un amor que es real, es importante que entendamos que el verdadero amor, la verdadera realidad del amor, solo proviene de Dios y est\u00e1 definido en Su Palabra.<\/p>\n<p>Ahora, en Primera de Juan cap\u00edtulo cuatro, vers\u00edculos siete a ocho, leemos: &#8216;Amados, am\u00e9monos unos a otros, porque el amor es de Dios; y todo aquel que ama ha nacido de Dios y conoce a Dios. El que no ama no conoce a Dios, porque Dios es amor&#8217;.<\/p>\n<p>Dios es realmente amor, y en ninguna parte se revela su amor m\u00e1s claramente que en el plan de salvaci\u00f3n.<\/p>\n<p>El libro de Mateo registra una fascinante par\u00e1bola de Jes\u00fas, se trata de una boda y el atuendo adecuado para la boda. En Mateo veintid\u00f3s, leemos que un gran banquete de bodas fue organizado por el rey. Hay mucha emoci\u00f3n mientras el rey preparaba esta celebraci\u00f3n para su hijo. En el vers\u00edculo tres, leemos que \u00abenvi\u00f3 a sus siervos a llamar a aquellos que hab\u00edan sido invitados a la boda\u00bb.<\/p>\n<p>Ahora, tristemente, aquellos que recibieron la invitaci\u00f3n no estaban emocionados por venir. \u00bfPuedes imaginar a un rey invitando a personas a una boda y que no vinieran? Debemos tener en cuenta que esta par\u00e1bola tiene un significado para nosotros hoy en d\u00eda: Jes\u00fas nos est\u00e1 llamando a su banquete de bodas. \u00bfVamos a ir?<\/p>\n<p>Las recepciones pueden ser un desaf\u00edo. Si alguna vez has preparado una, lo sabes. Hemos tenido dos recepciones de bodas en nuestra casa y una en la iglesia, y me alegra que la gente haya venido a las recepciones de bodas de nuestras hijas.<\/p>\n<p>Pero en esta par\u00e1bola no solo los invitados no se presentaron, sino que ni siquiera apreciaron la generosa invitaci\u00f3n del rey. Lo tomaron a la ligera y siguieron su camino.<\/p>\n<p>En la par\u00e1bola, aquellos que recibieron la invitaci\u00f3n de boda tomaron a los siervos del rey, los trataron cruelmente y los mataron. Cuando salgas como colaboradores de Dios, prep\u00e1rate para ser rechazado, atormentado, evitado y tal vez incluso asesinado. A lo largo de los a\u00f1os, muchos cristianos, incluidos los adventistas del s\u00e9ptimo d\u00eda, han sido martirizados por su fe.<\/p>\n<p>Pero no necesitamos tener miedo del futuro. Estamos asegurados de la presencia de Cristo hasta el mismo fin de los tiempos. Y cualquiera que haya estado observando los eventos actuales sabr\u00e1 que la profec\u00eda se est\u00e1 cumpliendo tal como Dios lo predijo. No estamos viviendo en tiempos normales.<\/p>\n<p>Volviendo a la par\u00e1bola, cuando el rey escuch\u00f3 c\u00f3mo fueron tratados sus siervos, se enfureci\u00f3. Envi\u00f3 a sus ej\u00e9rcitos, destruy\u00f3 a los asesinos y quem\u00f3 su ciudad.<\/p>\n<p>Entonces el rey comenz\u00f3 de nuevo. Les dijo a sus siervos: &#8216;La boda est\u00e1 lista, pero aquellos que fueron invitados no eran dignos&#8230; Vayan a los caminos y a todos los que encuentren, inv\u00edtenlos a la boda&#8217;. Muchas personas vinieron, tanto malas como buenas, y el sal\u00f3n de bodas se llen\u00f3 de invitados.<\/p>\n<p>Hoy, mientras se proclama el mensaje de Dios, habr\u00e1 personas que no est\u00e1n alineadas con la santa Palabra de Dios pero ser\u00e1n parte de aquellos que vienen. Hasta el final de los tiempos habr\u00e1 los buenos y los malos, el trigo y la ciza\u00f1a. Pero habr\u00e1 un sacudimiento, y de hecho, creo que el sacudimiento ha comenzado.<\/p>\n<p>Solo hay una forma en la que t\u00fa y yo podemos evitar ser arrastrados por ideas err\u00f3neas e implicaciones culturales que van en contra de la Palabra de Dios. Solo hay una forma de no ser sacudidos, y es confiar completamente en la justicia de Jesucristo. Debemos recibir el poder justificador de Cristo, su poder santificador, su poder de avivamiento y reforma.<\/p>\n<p>La Biblia est\u00e1 llena de hermosas promesas que muestran lo que Jes\u00fas puede y har\u00e1 por nosotros cuando aceptamos su manto de justicia: &#8216;A todos los que le recibieron, a los que creen en su nombre, les dio el derecho de ser hijos de Dios&#8217; (Juan 1:12). Filipenses 2:5 nos anima a tener &#8216;el mismo sentir que hubo en Cristo Jes\u00fas&#8217;. Y Apocalipsis 3:18 nos dice qui\u00e9nes somos y c\u00f3mo podemos ser liberados de la terrible maldici\u00f3n del egocentrismo: &#8216;Yo te aconsejo que de m\u00ed compres oro refinado en fuego, para que seas rico, y vestiduras blancas para vestirte, y que no se descubra la verg\u00fcenza de tu desnudez; y unge tus ojos con colirio, para que veas. Yo reprendo y disciplino a todos los que amo; s\u00e9, pues, celoso y arrepi\u00e9ntete&#8217;.<\/p>\n<p>Volviendo a la par\u00e1bola, vemos lo que sucedi\u00f3 a continuaci\u00f3n es una fascinante explicaci\u00f3n del ministerio de Cristo. En el vers\u00edculo 11, leemos que cuando el rey entr\u00f3 para ver a los invitados, se dio cuenta de que hab\u00eda un hombre que no llevaba un traje de bodas. \u00abAmigo\u00bb, le pregunt\u00f3, \u00ab\u00bfc\u00f3mo entraste aqu\u00ed sin un traje de bodas?\u00bb. El hombre se qued\u00f3 sin palabras. Este pobre individuo, aunque se le hab\u00eda dado un traje perfecto, no lo acept\u00f3 ni lo us\u00f3.<\/p>\n<p>El Rey no solo nos invita a la boda de Su Hijo; tambi\u00e9n nos provee la ropa adecuada como regalo. Cuando Cristo nos provee Su manto de justicia, es un ajuste perfecto y le queda bien a todos. Solo necesitamos aceptarlo y pon\u00e9rnoslo.<\/p>\n<p>\u00abEse magn\u00edfico libro, Lecciones de Cristo sobre los objetos, se adentra profundamente en las par\u00e1bolas de Cristo. All\u00ed leemos que el vestido de bodas representa \u00abel car\u00e1cter puro e impecable que poseer\u00e1n los verdaderos seguidores de Cristo\u00bb.<\/p>\n<p>Por favor, ten en cuenta que no es nuestro car\u00e1cter; es el car\u00e1cter de Cristo. &#8216;Es la justicia de Cristo, su propio car\u00e1cter sin mancha, la que a trav\u00e9s de la fe se imparte a todos los que lo reciben como su Salvador personal&#8217;. \u00bfRealmente creemos esto?<\/p>\n<p>\u00abEn la siguiente p\u00e1gina leemos esta maravillosa promesa: \u00abSolo la cobertura que Cristo mismo ha proporcionado puede hacernos aptos [o preparados] para aparecer en la presencia de Dios. Esta cobertura, la t\u00fanica de su propia justicia, Cristo la pondr\u00e1 sobre cada alma que se arrepienta y crea. Esta t\u00fanica, tejida en el telar del cielo, no tiene ni un solo hilo de invenci\u00f3n humana. Cristo, en su humanidad, forj\u00f3 un car\u00e1cter perfecto y este car\u00e1cter nos ofrece impartirlo. Toda nuestra justicia es como trapos sucios. Con su obediencia perfecta, ha hecho posible que cada ser humano obedezca los mandamientos de Dios\u00bb.\u00bb<\/p>\n<p>\u00abNo caigas en la trampa que las personas preparan cuando dicen: &#8216;No es posible cumplir los mandamientos, no es posible vivir una vida perfecta&#8217;. Es cierto que no puedes vivir una vida perfecta por ti mismo, \u00a1no hay forma posible! Pero con la vestidura de la justicia de Cristo cubri\u00e9ndonos y Su poder viviendo en nosotros, somos capaces de seguir donde \u00c9l nos gu\u00eda\u00bb.<\/p>\n<p>\u00abY luego sucede algo m\u00e1s. La santificaci\u00f3n comienza a moverse, y eso es la justicia de Cristo. \u00abCuando nos sometemos a Cristo, el coraz\u00f3n se une con Su coraz\u00f3n; la voluntad se fusiona con Su voluntad; la mente se vuelve una con Su mente. Los pensamientos son llevados cautivos por \u00c9l. Vivimos Su vida. Esto es lo que significa estar revestidos con la vestidura de Su justicia&#8230; La justicia es hacer lo correcto, y es por nuestras acciones que todos ser\u00e1n juzgados. Nuestros caracteres se revelan por lo que hacemos. Las obras muestran si la fe es genuina.\u00bb<\/p>\n<p>\u00abLeemos adem\u00e1s que \u00abEs en esta vida que debemos ponernos el manto de la justicia de Cristo. Esta es nuestra \u00fanica oportunidad de formar caracteres para el hogar que Cristo ha preparado para aquellos que obedecen sus mandamientos. Tengan cuidado, no sea que se encuentren en el banquete del rey sin un vestido de bodas\u00bb.\u00bb<\/p>\n<p>\u00bfEst\u00e1s dispuesto a recibir de la mano de Cristo su vestidura que te permitir\u00e1 ser un colaborador con el cielo? Aceptar el hermoso regalo de la t\u00fanica de Cristo que nos cubre y transforma en su imagen es fundamental para convertirse en seguidor de Cristo. Que cada uno de nosotros est\u00e9 tan lleno del poder del Esp\u00edritu Santo que la gente diga: &#8216;Esos adventistas del s\u00e9ptimo d\u00eda, ellos conocen a Jes\u00fas. \u00c9l vive en sus corazones y son los mayores proclamadores de la justicia de Cristo&#8217;.<\/p>\n<p>Te invito a orar conmigo en este momento.<\/p>\n<p>Padre celestial. Gracias por la justicia de Cristo, por su gracia y su provisi\u00f3n para la vida eterna mientras nos apoyamos completamente en la justicia de Cristo. Su justa justicia, su santificadora justicia. Gracias por todo lo que se nos proporciona para tener vida eterna a trav\u00e9s del maravilloso amor, gracia y poder de Jesucristo. Pedimos todo esto en el nombre del \u00fanico justo que nos brinda todas las oportunidades de vida eterna a trav\u00e9s de su poder, y ese es nuestro Se\u00f1or y Salvador Jesucristo. Am\u00e9n.<\/p>\n<p><iframe title=\"Un mensaje del Pastor Ted Wilson: La Fundaci\u00f3n de la Salvaci\u00f3n\" width=\"500\" height=\"281\" src=\"https:\/\/www.youtube.com\/embed\/B-R1l6byc5c?feature=oembed\" frameborder=\"0\" allow=\"accelerometer; autoplay; clipboard-write; encrypted-media; gyroscope; picture-in-picture; web-share\" referrerpolicy=\"strict-origin-when-cross-origin\" allowfullscreen><\/iframe><\/p>\n","protected":false},"excerpt":{"rendered":"<p>11 de enero del\u00a0 2024 | Silver Spring, Maryland, Estados Unidos | Ted N.C. Wilson, President de la Asociaci\u00f3n General de los Adventistas del S\u00e9ptimo D\u00eda Saludos, amigos. Hoy estamos&#8230;<\/p>\n","protected":false},"author":3,"featured_media":108854,"comment_status":"closed","ping_status":"closed","sticky":false,"template":"","format":"standard","meta":{"_acf_changed":false,"footnotes":""},"categories":[14,15],"tags":[],"class_list":["post-108853","post","type-post","status-publish","format-standard","has-post-thumbnail","hentry","category-de-la-iglesia-mundial","category-rss-espanol"],"acf":[],"yoast_head":"<!-- This site is optimized with the Yoast SEO plugin v27.3 - https:\/\/yoast.com\/product\/yoast-seo-wordpress\/ -->\n<title>La Fundaci\u00f3n de la Salvaci\u00f3n - Iglesia Adventista del S\u00e9ptimo D\u00eda - Divisi\u00f3n Interamericana<\/title>\n<meta name=\"robots\" content=\"index, follow, max-snippet:-1, max-image-preview:large, max-video-preview:-1\" \/>\n<link rel=\"canonical\" href=\"https:\/\/interamerica.org\/es\/2024\/01\/la-fundacion-de-la-salvacion\/\" \/>\n<meta property=\"og:locale\" content=\"es_ES\" \/>\n<meta property=\"og:type\" content=\"article\" \/>\n<meta property=\"og:title\" content=\"La Fundaci\u00f3n de la Salvaci\u00f3n - Iglesia Adventista del S\u00e9ptimo D\u00eda - Divisi\u00f3n Interamericana\" \/>\n<meta property=\"og:description\" content=\"11 de enero del\u00a0 2024 | Silver Spring, Maryland, Estados Unidos | Ted N.C. Wilson, President de la Asociaci\u00f3n General de los Adventistas del S\u00e9ptimo D\u00eda Saludos, amigos. Hoy estamos...\" \/>\n<meta property=\"og:url\" content=\"https:\/\/interamerica.org\/es\/2024\/01\/la-fundacion-de-la-salvacion\/\" \/>\n<meta property=\"og:site_name\" content=\"Iglesia Adventista del S\u00e9ptimo D\u00eda - Divisi\u00f3n Interamericana\" \/>\n<meta property=\"article:published_time\" content=\"2024-01-12T03:46:32+00:00\" \/>\n<meta property=\"article:modified_time\" content=\"2024-01-17T18:22:05+00:00\" \/>\n<meta property=\"og:image\" content=\"https:\/\/interamerica.org\/wp-content\/uploads\/2024\/01\/the-foundation-of-salvation-es.jpg\" \/>\n\t<meta property=\"og:image:width\" content=\"1921\" \/>\n\t<meta property=\"og:image:height\" content=\"1080\" \/>\n\t<meta property=\"og:image:type\" content=\"image\/jpeg\" \/>\n<meta name=\"author\" content=\"libna\" \/>\n<meta name=\"twitter:card\" content=\"summary_large_image\" \/>\n<meta name=\"twitter:label1\" content=\"Escrito por\" \/>\n\t<meta name=\"twitter:data1\" content=\"libna\" \/>\n\t<meta name=\"twitter:label2\" content=\"Tiempo de lectura\" \/>\n\t<meta name=\"twitter:data2\" content=\"7 minutos\" \/>\n<script type=\"application\/ld+json\" class=\"yoast-schema-graph\">{\"@context\":\"https:\\\/\\\/schema.org\",\"@graph\":[{\"@type\":\"Article\",\"@id\":\"https:\\\/\\\/interamerica.org\\\/es\\\/2024\\\/01\\\/la-fundacion-de-la-salvacion\\\/#article\",\"isPartOf\":{\"@id\":\"https:\\\/\\\/interamerica.org\\\/es\\\/2024\\\/01\\\/la-fundacion-de-la-salvacion\\\/\"},\"author\":{\"name\":\"libna\",\"@id\":\"https:\\\/\\\/interamerica.org\\\/es\\\/#\\\/schema\\\/person\\\/29998f2bc2d8bd0d38662909289b54f1\"},\"headline\":\"La Fundaci\u00f3n de la Salvaci\u00f3n\",\"datePublished\":\"2024-01-12T03:46:32+00:00\",\"dateModified\":\"2024-01-17T18:22:05+00:00\",\"mainEntityOfPage\":{\"@id\":\"https:\\\/\\\/interamerica.org\\\/es\\\/2024\\\/01\\\/la-fundacion-de-la-salvacion\\\/\"},\"wordCount\":1607,\"image\":{\"@id\":\"https:\\\/\\\/interamerica.org\\\/es\\\/2024\\\/01\\\/la-fundacion-de-la-salvacion\\\/#primaryimage\"},\"thumbnailUrl\":\"https:\\\/\\\/interamerica.org\\\/wp-content\\\/uploads\\\/2024\\\/01\\\/the-foundation-of-salvation-es.jpg\",\"articleSection\":[\"Desde la iglesia mundial\",\"RSS Espa\u00f1ol\"],\"inLanguage\":\"es\"},{\"@type\":\"WebPage\",\"@id\":\"https:\\\/\\\/interamerica.org\\\/es\\\/2024\\\/01\\\/la-fundacion-de-la-salvacion\\\/\",\"url\":\"https:\\\/\\\/interamerica.org\\\/es\\\/2024\\\/01\\\/la-fundacion-de-la-salvacion\\\/\",\"name\":\"La Fundaci\u00f3n de la Salvaci\u00f3n - Iglesia Adventista del S\u00e9ptimo D\u00eda - Divisi\u00f3n Interamericana\",\"isPartOf\":{\"@id\":\"https:\\\/\\\/interamerica.org\\\/es\\\/#website\"},\"primaryImageOfPage\":{\"@id\":\"https:\\\/\\\/interamerica.org\\\/es\\\/2024\\\/01\\\/la-fundacion-de-la-salvacion\\\/#primaryimage\"},\"image\":{\"@id\":\"https:\\\/\\\/interamerica.org\\\/es\\\/2024\\\/01\\\/la-fundacion-de-la-salvacion\\\/#primaryimage\"},\"thumbnailUrl\":\"https:\\\/\\\/interamerica.org\\\/wp-content\\\/uploads\\\/2024\\\/01\\\/the-foundation-of-salvation-es.jpg\",\"datePublished\":\"2024-01-12T03:46:32+00:00\",\"dateModified\":\"2024-01-17T18:22:05+00:00\",\"author\":{\"@id\":\"https:\\\/\\\/interamerica.org\\\/es\\\/#\\\/schema\\\/person\\\/29998f2bc2d8bd0d38662909289b54f1\"},\"breadcrumb\":{\"@id\":\"https:\\\/\\\/interamerica.org\\\/es\\\/2024\\\/01\\\/la-fundacion-de-la-salvacion\\\/#breadcrumb\"},\"inLanguage\":\"es\",\"potentialAction\":[{\"@type\":\"ReadAction\",\"target\":[\"https:\\\/\\\/interamerica.org\\\/es\\\/2024\\\/01\\\/la-fundacion-de-la-salvacion\\\/\"]}]},{\"@type\":\"ImageObject\",\"inLanguage\":\"es\",\"@id\":\"https:\\\/\\\/interamerica.org\\\/es\\\/2024\\\/01\\\/la-fundacion-de-la-salvacion\\\/#primaryimage\",\"url\":\"https:\\\/\\\/interamerica.org\\\/wp-content\\\/uploads\\\/2024\\\/01\\\/the-foundation-of-salvation-es.jpg\",\"contentUrl\":\"https:\\\/\\\/interamerica.org\\\/wp-content\\\/uploads\\\/2024\\\/01\\\/the-foundation-of-salvation-es.jpg\",\"width\":1921,\"height\":1080},{\"@type\":\"BreadcrumbList\",\"@id\":\"https:\\\/\\\/interamerica.org\\\/es\\\/2024\\\/01\\\/la-fundacion-de-la-salvacion\\\/#breadcrumb\",\"itemListElement\":[{\"@type\":\"ListItem\",\"position\":1,\"name\":\"Home\",\"item\":\"https:\\\/\\\/interamerica.org\\\/es\\\/\"},{\"@type\":\"ListItem\",\"position\":2,\"name\":\"La Fundaci\u00f3n de la Salvaci\u00f3n\"}]},{\"@type\":\"WebSite\",\"@id\":\"https:\\\/\\\/interamerica.org\\\/es\\\/#website\",\"url\":\"https:\\\/\\\/interamerica.org\\\/es\\\/\",\"name\":\"Iglesia Adventista del S\u00e9ptimo D\u00eda - Divisi\u00f3n Interamericana\",\"description\":\"\",\"potentialAction\":[{\"@type\":\"SearchAction\",\"target\":{\"@type\":\"EntryPoint\",\"urlTemplate\":\"https:\\\/\\\/interamerica.org\\\/es\\\/?s={search_term_string}\"},\"query-input\":{\"@type\":\"PropertyValueSpecification\",\"valueRequired\":true,\"valueName\":\"search_term_string\"}}],\"inLanguage\":\"es\"},{\"@type\":\"Person\",\"@id\":\"https:\\\/\\\/interamerica.org\\\/es\\\/#\\\/schema\\\/person\\\/29998f2bc2d8bd0d38662909289b54f1\",\"name\":\"libna\",\"image\":{\"@type\":\"ImageObject\",\"inLanguage\":\"es\",\"@id\":\"https:\\\/\\\/secure.gravatar.com\\\/avatar\\\/7c5bd30ae4b47a9ba3c856590957fd1d96dc588bf3ac05719d247e126840331f?s=96&d=mm&r=g\",\"url\":\"https:\\\/\\\/secure.gravatar.com\\\/avatar\\\/7c5bd30ae4b47a9ba3c856590957fd1d96dc588bf3ac05719d247e126840331f?s=96&d=mm&r=g\",\"contentUrl\":\"https:\\\/\\\/secure.gravatar.com\\\/avatar\\\/7c5bd30ae4b47a9ba3c856590957fd1d96dc588bf3ac05719d247e126840331f?s=96&d=mm&r=g\",\"caption\":\"libna\"}}]}<\/script>\n<!-- \/ Yoast SEO plugin. -->","yoast_head_json":{"title":"La Fundaci\u00f3n de la Salvaci\u00f3n - Iglesia Adventista del S\u00e9ptimo D\u00eda - Divisi\u00f3n Interamericana","robots":{"index":"index","follow":"follow","max-snippet":"max-snippet:-1","max-image-preview":"max-image-preview:large","max-video-preview":"max-video-preview:-1"},"canonical":"https:\/\/interamerica.org\/es\/2024\/01\/la-fundacion-de-la-salvacion\/","og_locale":"es_ES","og_type":"article","og_title":"La Fundaci\u00f3n de la Salvaci\u00f3n - Iglesia Adventista del S\u00e9ptimo D\u00eda - Divisi\u00f3n Interamericana","og_description":"11 de enero del\u00a0 2024 | Silver Spring, Maryland, Estados Unidos | Ted N.C. Wilson, President de la Asociaci\u00f3n General de los Adventistas del S\u00e9ptimo D\u00eda Saludos, amigos. Hoy estamos...","og_url":"https:\/\/interamerica.org\/es\/2024\/01\/la-fundacion-de-la-salvacion\/","og_site_name":"Iglesia Adventista del S\u00e9ptimo D\u00eda - Divisi\u00f3n Interamericana","article_published_time":"2024-01-12T03:46:32+00:00","article_modified_time":"2024-01-17T18:22:05+00:00","og_image":[{"width":1921,"height":1080,"url":"https:\/\/interamerica.org\/wp-content\/uploads\/2024\/01\/the-foundation-of-salvation-es.jpg","type":"image\/jpeg"}],"author":"libna","twitter_card":"summary_large_image","twitter_misc":{"Escrito por":"libna","Tiempo de lectura":"7 minutos"},"schema":{"@context":"https:\/\/schema.org","@graph":[{"@type":"Article","@id":"https:\/\/interamerica.org\/es\/2024\/01\/la-fundacion-de-la-salvacion\/#article","isPartOf":{"@id":"https:\/\/interamerica.org\/es\/2024\/01\/la-fundacion-de-la-salvacion\/"},"author":{"name":"libna","@id":"https:\/\/interamerica.org\/es\/#\/schema\/person\/29998f2bc2d8bd0d38662909289b54f1"},"headline":"La Fundaci\u00f3n de la Salvaci\u00f3n","datePublished":"2024-01-12T03:46:32+00:00","dateModified":"2024-01-17T18:22:05+00:00","mainEntityOfPage":{"@id":"https:\/\/interamerica.org\/es\/2024\/01\/la-fundacion-de-la-salvacion\/"},"wordCount":1607,"image":{"@id":"https:\/\/interamerica.org\/es\/2024\/01\/la-fundacion-de-la-salvacion\/#primaryimage"},"thumbnailUrl":"https:\/\/interamerica.org\/wp-content\/uploads\/2024\/01\/the-foundation-of-salvation-es.jpg","articleSection":["Desde la iglesia mundial","RSS Espa\u00f1ol"],"inLanguage":"es"},{"@type":"WebPage","@id":"https:\/\/interamerica.org\/es\/2024\/01\/la-fundacion-de-la-salvacion\/","url":"https:\/\/interamerica.org\/es\/2024\/01\/la-fundacion-de-la-salvacion\/","name":"La Fundaci\u00f3n de la Salvaci\u00f3n - Iglesia Adventista del S\u00e9ptimo D\u00eda - Divisi\u00f3n Interamericana","isPartOf":{"@id":"https:\/\/interamerica.org\/es\/#website"},"primaryImageOfPage":{"@id":"https:\/\/interamerica.org\/es\/2024\/01\/la-fundacion-de-la-salvacion\/#primaryimage"},"image":{"@id":"https:\/\/interamerica.org\/es\/2024\/01\/la-fundacion-de-la-salvacion\/#primaryimage"},"thumbnailUrl":"https:\/\/interamerica.org\/wp-content\/uploads\/2024\/01\/the-foundation-of-salvation-es.jpg","datePublished":"2024-01-12T03:46:32+00:00","dateModified":"2024-01-17T18:22:05+00:00","author":{"@id":"https:\/\/interamerica.org\/es\/#\/schema\/person\/29998f2bc2d8bd0d38662909289b54f1"},"breadcrumb":{"@id":"https:\/\/interamerica.org\/es\/2024\/01\/la-fundacion-de-la-salvacion\/#breadcrumb"},"inLanguage":"es","potentialAction":[{"@type":"ReadAction","target":["https:\/\/interamerica.org\/es\/2024\/01\/la-fundacion-de-la-salvacion\/"]}]},{"@type":"ImageObject","inLanguage":"es","@id":"https:\/\/interamerica.org\/es\/2024\/01\/la-fundacion-de-la-salvacion\/#primaryimage","url":"https:\/\/interamerica.org\/wp-content\/uploads\/2024\/01\/the-foundation-of-salvation-es.jpg","contentUrl":"https:\/\/interamerica.org\/wp-content\/uploads\/2024\/01\/the-foundation-of-salvation-es.jpg","width":1921,"height":1080},{"@type":"BreadcrumbList","@id":"https:\/\/interamerica.org\/es\/2024\/01\/la-fundacion-de-la-salvacion\/#breadcrumb","itemListElement":[{"@type":"ListItem","position":1,"name":"Home","item":"https:\/\/interamerica.org\/es\/"},{"@type":"ListItem","position":2,"name":"La Fundaci\u00f3n de la Salvaci\u00f3n"}]},{"@type":"WebSite","@id":"https:\/\/interamerica.org\/es\/#website","url":"https:\/\/interamerica.org\/es\/","name":"Iglesia Adventista del S\u00e9ptimo D\u00eda - Divisi\u00f3n Interamericana","description":"","potentialAction":[{"@type":"SearchAction","target":{"@type":"EntryPoint","urlTemplate":"https:\/\/interamerica.org\/es\/?s={search_term_string}"},"query-input":{"@type":"PropertyValueSpecification","valueRequired":true,"valueName":"search_term_string"}}],"inLanguage":"es"},{"@type":"Person","@id":"https:\/\/interamerica.org\/es\/#\/schema\/person\/29998f2bc2d8bd0d38662909289b54f1","name":"libna","image":{"@type":"ImageObject","inLanguage":"es","@id":"https:\/\/secure.gravatar.com\/avatar\/7c5bd30ae4b47a9ba3c856590957fd1d96dc588bf3ac05719d247e126840331f?s=96&d=mm&r=g","url":"https:\/\/secure.gravatar.com\/avatar\/7c5bd30ae4b47a9ba3c856590957fd1d96dc588bf3ac05719d247e126840331f?s=96&d=mm&r=g","contentUrl":"https:\/\/secure.gravatar.com\/avatar\/7c5bd30ae4b47a9ba3c856590957fd1d96dc588bf3ac05719d247e126840331f?s=96&d=mm&r=g","caption":"libna"}}]}},"_links":{"self":[{"href":"https:\/\/interamerica.org\/es\/wp-json\/wp\/v2\/posts\/108853","targetHints":{"allow":["GET"]}}],"collection":[{"href":"https:\/\/interamerica.org\/es\/wp-json\/wp\/v2\/posts"}],"about":[{"href":"https:\/\/interamerica.org\/es\/wp-json\/wp\/v2\/types\/post"}],"author":[{"embeddable":true,"href":"https:\/\/interamerica.org\/es\/wp-json\/wp\/v2\/users\/3"}],"replies":[{"embeddable":true,"href":"https:\/\/interamerica.org\/es\/wp-json\/wp\/v2\/comments?post=108853"}],"version-history":[{"count":0,"href":"https:\/\/interamerica.org\/es\/wp-json\/wp\/v2\/posts\/108853\/revisions"}],"wp:featuredmedia":[{"embeddable":true,"href":"https:\/\/interamerica.org\/es\/wp-json\/wp\/v2\/media\/108854"}],"wp:attachment":[{"href":"https:\/\/interamerica.org\/es\/wp-json\/wp\/v2\/media?parent=108853"}],"wp:term":[{"taxonomy":"category","embeddable":true,"href":"https:\/\/interamerica.org\/es\/wp-json\/wp\/v2\/categories?post=108853"},{"taxonomy":"post_tag","embeddable":true,"href":"https:\/\/interamerica.org\/es\/wp-json\/wp\/v2\/tags?post=108853"}],"curies":[{"name":"wp","href":"https:\/\/api.w.org\/{rel}","templated":true}]}}