{"id":10886,"date":"2007-02-22T00:00:00","date_gmt":"2007-02-22T04:00:00","guid":{"rendered":"http:\/\/192.81.217.108\/interamerica\/2007\/02\/mexico-gerente-de-compania-adventista-de-alimentos-saludables-asesinado-en-mexico-sepultado-en-panama\/"},"modified":"2017-06-02T09:12:18","modified_gmt":"2017-06-02T13:12:18","slug":"mexico-gerente-de-compania-adventista-de-alimentos-saludables-asesinado-en-mexico-sepultado-en-panama","status":"publish","type":"post","link":"https:\/\/interamerica.org\/es\/2007\/02\/mexico-gerente-de-compania-adventista-de-alimentos-saludables-asesinado-en-mexico-sepultado-en-panama\/","title":{"rendered":"M\u00e9xico: Gerente de Compa\u00f1\u00eda Adventista de Alimentos Saludables Asesinado en M\u00e9xico Sepultado en Panam\u00e1"},"content":{"rendered":"<p><em >22 de febrero, 2007<\/em > Navojoa, Sonora, M\u00e9xico&#8230; [Libna Stevens\/DIA] <\/p>\n<p>Familiares y amigos rinden sus p\u00f3stumos tributos a Joel Am\u00edlcar Hern\u00e1ndez, qui\u00e9n fue sepultado ayer en su pa\u00eds de origen, Panam\u00e1. Hern\u00e1ndez quien fue gerente general de la sucursal en Navojoa, M\u00e9xico, de la  Compa\u00f1\u00eda de Alimentos Saludables  Interamericana (<em >Colpac)<\/em >, fue asesinado de un disparo dentro de su hogar en el campus de la Escuela Adventista en Navojoa el 15 de febrero.  La polic\u00eda a\u00fan est\u00e1 investigando mientras los delincuentes permanecen a\u00fan sin ser capturados. Los colegas de Hern\u00e1ndez y el personal est\u00e1n a\u00fan sorprendidos.<\/p>\n<p>\u201cAquellos que conocimos al Sr. Am\u00edlcar Hern\u00e1ndez sabemos que la iglesia ha perdido un gran l\u00edder, pero s\u00f3lo Dios sabe la forma en que \u00e9l nos gu\u00eda\u2026 s\u00f3lo tenemos que confiar en \u00e9l\u201d, dijo Genaro Corral, director de mercadeo de <em >Colpac.<\/em > <\/p>\n<p>Los dirigentes de la iglesia se unieron a m\u00e1s de 300 amigos y colegas para rendir tributo a Hern\u00e1ndez durante un servicio especial de recordaci\u00f3n el 16 de febrero en la iglesia del recinto escolar. <\/p>\n<p>Este incidente toma de sorpresa a la Compa\u00f1\u00eda de Alimentos Saludables de la DIA y a sus 11 sucursales en todo el territorio, dice Joel Zukovski, director de la Compa\u00f1\u00eda de Alimentos Saludables de la DIA.  <\/p>\n<p>\u201cNo sabemos de ning\u00fan motivo que pudo haber tenido este tr\u00e1gico incidente\u201d, dijo Zukovski,  \u201cSencillamente, no tenemos respuesta a por qu\u00e9 ocurri\u00f3 esto\u201d. <\/p>\n<p>Zukovski continuo para decir que \u00e9l teme que Hern\u00e1ndez fue solamente una v\u00edctima inocente de la violencia que prevalece hoy. <\/p>\n<p>\u00abTodav\u00eda estamos esperando un informe oficial de parte de la polic\u00eda local  una vez que terminen su investigaci\u00f3n\u201d, expres\u00f3 Zukovski. Dijo que se ha reforzado el personal de seguridad de Alimentos <em >Colpac<\/em > y el de todo el recinto escolar.  <\/p>\n<p>Hern\u00e1ndez fue nombrado gerente general de <em >Alimentos Colpac<\/em > en 2001. Seg\u00fan Zukovski, la organizaci\u00f3n goz\u00f3 de un estupendo crecimiento durante la administraci\u00f3n de Hern\u00e1ndez. <\/p>\n<p>\u00abAm\u00edlcar rindi\u00f3 un excelente trabajo en la f\u00e1brica de alimentos, creando un departamento de mercadeo, aumentando las ventas, estableciendo una estructura a fin de proveer servicios de comida estilo buffet a trav\u00e9s de M\u00e9xico, estableci\u00f3 cuatro bodegas  a nivel nacional y manej\u00f3 las finanzas de <em >Colpac<\/em > muy bien\u201d, agreg\u00f3 Zukovski. \u201cEra una persona de visi\u00f3n y cre\u00eda firmemente en el trabajo en equipo\u201d.   <\/p>\n<p>Antes de tomar la gerencia de Alimentos <em >Colpac<\/em >, Hern\u00e1ndez trabaj\u00f3 por 15 a\u00f1os como tenedor de libros y luego gerente para la Compa\u00f1\u00eda de Alimentos <em >Cetebedi<\/em > en Costa Rica. Complet\u00f3 una Maestr\u00eda en Administraci\u00f3n de Empresas en 1995. . <\/p>\n<p>Sobreviven a Hern\u00e1ndez su esposa Ruth, y tres hijos cuyas edades oscilan entre 7 a 14 a\u00f1os. \u00c9l ten\u00eda 43 a\u00f1os de edad. <\/p>\n","protected":false},"excerpt":{"rendered":"<p>Familiares y amigos rinden sus p\u00f3stumos tributos a Joel Am\u00edlcar Hern\u00e1ndez, qui\u00e9n fue sepultado ayer en su pa\u00eds de origen, Panam\u00e1. Hern\u00e1ndez quien fue gerente general de la sucursal en Navojoa, M\u00e9xico<\/p>\n","protected":false},"author":1,"featured_media":0,"comment_status":"closed","ping_status":"closed","sticky":false,"template":"","format":"standard","meta":{"_acf_changed":false,"footnotes":""},"categories":[8],"tags":[],"class_list":["post-10886","post","type-post","status-publish","format-standard","hentry","category-archivo"],"acf":[],"yoast_head":"<!-- This site is optimized with the Yoast SEO plugin v27.3 - https:\/\/yoast.com\/product\/yoast-seo-wordpress\/ -->\n<title>M\u00e9xico: Gerente de Compa\u00f1\u00eda Adventista de Alimentos Saludables Asesinado en M\u00e9xico Sepultado en Panam\u00e1 - Iglesia Adventista del S\u00e9ptimo D\u00eda - Divisi\u00f3n Interamericana<\/title>\n<meta name=\"robots\" content=\"index, follow, max-snippet:-1, max-image-preview:large, max-video-preview:-1\" \/>\n<link rel=\"canonical\" href=\"https:\/\/interamerica.org\/es\/2007\/02\/mexico-gerente-de-compania-adventista-de-alimentos-saludables-asesinado-en-mexico-sepultado-en-panama\/\" \/>\n<meta property=\"og:locale\" content=\"es_ES\" \/>\n<meta property=\"og:type\" content=\"article\" \/>\n<meta property=\"og:title\" content=\"M\u00e9xico: Gerente de Compa\u00f1\u00eda Adventista de Alimentos Saludables Asesinado en M\u00e9xico Sepultado en Panam\u00e1 - Iglesia Adventista del S\u00e9ptimo D\u00eda - Divisi\u00f3n Interamericana\" \/>\n<meta property=\"og:description\" content=\"Familiares y amigos rinden sus p\u00f3stumos tributos a Joel Am\u00edlcar Hern\u00e1ndez, qui\u00e9n fue sepultado ayer en su pa\u00eds de origen, Panam\u00e1. Hern\u00e1ndez quien fue gerente general de la sucursal en Navojoa, M\u00e9xico\" \/>\n<meta property=\"og:url\" content=\"https:\/\/interamerica.org\/es\/2007\/02\/mexico-gerente-de-compania-adventista-de-alimentos-saludables-asesinado-en-mexico-sepultado-en-panama\/\" \/>\n<meta property=\"og:site_name\" content=\"Iglesia Adventista del S\u00e9ptimo D\u00eda - Divisi\u00f3n Interamericana\" \/>\n<meta property=\"article:published_time\" content=\"2007-02-22T04:00:00+00:00\" \/>\n<meta property=\"article:modified_time\" content=\"2017-06-02T13:12:18+00:00\" \/>\n<meta name=\"author\" content=\"Lorenzo Verduzco\" \/>\n<meta name=\"twitter:card\" content=\"summary_large_image\" \/>\n<meta name=\"twitter:label1\" content=\"Escrito por\" \/>\n\t<meta name=\"twitter:data1\" content=\"Lorenzo Verduzco\" \/>\n\t<meta name=\"twitter:label2\" content=\"Tiempo de lectura\" \/>\n\t<meta name=\"twitter:data2\" content=\"2 minutos\" \/>\n<script type=\"application\/ld+json\" class=\"yoast-schema-graph\">{\"@context\":\"https:\\\/\\\/schema.org\",\"@graph\":[{\"@type\":\"Article\",\"@id\":\"https:\\\/\\\/interamerica.org\\\/es\\\/2007\\\/02\\\/mexico-gerente-de-compania-adventista-de-alimentos-saludables-asesinado-en-mexico-sepultado-en-panama\\\/#article\",\"isPartOf\":{\"@id\":\"https:\\\/\\\/interamerica.org\\\/es\\\/2007\\\/02\\\/mexico-gerente-de-compania-adventista-de-alimentos-saludables-asesinado-en-mexico-sepultado-en-panama\\\/\"},\"author\":{\"name\":\"Lorenzo Verduzco\",\"@id\":\"https:\\\/\\\/interamerica.org\\\/es\\\/#\\\/schema\\\/person\\\/68ede8bdc292885bb76c1e3810e73c39\"},\"headline\":\"M\u00e9xico: Gerente de Compa\u00f1\u00eda Adventista de Alimentos Saludables Asesinado en M\u00e9xico Sepultado en Panam\u00e1\",\"datePublished\":\"2007-02-22T04:00:00+00:00\",\"dateModified\":\"2017-06-02T13:12:18+00:00\",\"mainEntityOfPage\":{\"@id\":\"https:\\\/\\\/interamerica.org\\\/es\\\/2007\\\/02\\\/mexico-gerente-de-compania-adventista-de-alimentos-saludables-asesinado-en-mexico-sepultado-en-panama\\\/\"},\"wordCount\":495,\"articleSection\":[\"Archivo\"],\"inLanguage\":\"es\"},{\"@type\":\"WebPage\",\"@id\":\"https:\\\/\\\/interamerica.org\\\/es\\\/2007\\\/02\\\/mexico-gerente-de-compania-adventista-de-alimentos-saludables-asesinado-en-mexico-sepultado-en-panama\\\/\",\"url\":\"https:\\\/\\\/interamerica.org\\\/es\\\/2007\\\/02\\\/mexico-gerente-de-compania-adventista-de-alimentos-saludables-asesinado-en-mexico-sepultado-en-panama\\\/\",\"name\":\"M\u00e9xico: Gerente de Compa\u00f1\u00eda Adventista de Alimentos Saludables Asesinado en M\u00e9xico Sepultado en Panam\u00e1 - Iglesia Adventista del S\u00e9ptimo D\u00eda - Divisi\u00f3n Interamericana\",\"isPartOf\":{\"@id\":\"https:\\\/\\\/interamerica.org\\\/es\\\/#website\"},\"datePublished\":\"2007-02-22T04:00:00+00:00\",\"dateModified\":\"2017-06-02T13:12:18+00:00\",\"author\":{\"@id\":\"https:\\\/\\\/interamerica.org\\\/es\\\/#\\\/schema\\\/person\\\/68ede8bdc292885bb76c1e3810e73c39\"},\"breadcrumb\":{\"@id\":\"https:\\\/\\\/interamerica.org\\\/es\\\/2007\\\/02\\\/mexico-gerente-de-compania-adventista-de-alimentos-saludables-asesinado-en-mexico-sepultado-en-panama\\\/#breadcrumb\"},\"inLanguage\":\"es\",\"potentialAction\":[{\"@type\":\"ReadAction\",\"target\":[\"https:\\\/\\\/interamerica.org\\\/es\\\/2007\\\/02\\\/mexico-gerente-de-compania-adventista-de-alimentos-saludables-asesinado-en-mexico-sepultado-en-panama\\\/\"]}]},{\"@type\":\"BreadcrumbList\",\"@id\":\"https:\\\/\\\/interamerica.org\\\/es\\\/2007\\\/02\\\/mexico-gerente-de-compania-adventista-de-alimentos-saludables-asesinado-en-mexico-sepultado-en-panama\\\/#breadcrumb\",\"itemListElement\":[{\"@type\":\"ListItem\",\"position\":1,\"name\":\"Home\",\"item\":\"https:\\\/\\\/interamerica.org\\\/es\\\/\"},{\"@type\":\"ListItem\",\"position\":2,\"name\":\"M\u00e9xico: Gerente de Compa\u00f1\u00eda Adventista de Alimentos Saludables Asesinado en M\u00e9xico Sepultado en Panam\u00e1\"}]},{\"@type\":\"WebSite\",\"@id\":\"https:\\\/\\\/interamerica.org\\\/es\\\/#website\",\"url\":\"https:\\\/\\\/interamerica.org\\\/es\\\/\",\"name\":\"Iglesia Adventista del S\u00e9ptimo D\u00eda - Divisi\u00f3n Interamericana\",\"description\":\"\",\"potentialAction\":[{\"@type\":\"SearchAction\",\"target\":{\"@type\":\"EntryPoint\",\"urlTemplate\":\"https:\\\/\\\/interamerica.org\\\/es\\\/?s={search_term_string}\"},\"query-input\":{\"@type\":\"PropertyValueSpecification\",\"valueRequired\":true,\"valueName\":\"search_term_string\"}}],\"inLanguage\":\"es\"},{\"@type\":\"Person\",\"@id\":\"https:\\\/\\\/interamerica.org\\\/es\\\/#\\\/schema\\\/person\\\/68ede8bdc292885bb76c1e3810e73c39\",\"name\":\"Lorenzo Verduzco\",\"image\":{\"@type\":\"ImageObject\",\"inLanguage\":\"es\",\"@id\":\"https:\\\/\\\/secure.gravatar.com\\\/avatar\\\/fb81a55b6218459490a9c1dc841a34909185b81904c5337b4b27f7a6fd60c49e?s=96&d=mm&r=g\",\"url\":\"https:\\\/\\\/secure.gravatar.com\\\/avatar\\\/fb81a55b6218459490a9c1dc841a34909185b81904c5337b4b27f7a6fd60c49e?s=96&d=mm&r=g\",\"contentUrl\":\"https:\\\/\\\/secure.gravatar.com\\\/avatar\\\/fb81a55b6218459490a9c1dc841a34909185b81904c5337b4b27f7a6fd60c49e?s=96&d=mm&r=g\",\"caption\":\"Lorenzo Verduzco\"}}]}<\/script>\n<!-- \/ Yoast SEO plugin. -->","yoast_head_json":{"title":"M\u00e9xico: Gerente de Compa\u00f1\u00eda Adventista de Alimentos Saludables Asesinado en M\u00e9xico Sepultado en Panam\u00e1 - Iglesia Adventista del S\u00e9ptimo D\u00eda - Divisi\u00f3n Interamericana","robots":{"index":"index","follow":"follow","max-snippet":"max-snippet:-1","max-image-preview":"max-image-preview:large","max-video-preview":"max-video-preview:-1"},"canonical":"https:\/\/interamerica.org\/es\/2007\/02\/mexico-gerente-de-compania-adventista-de-alimentos-saludables-asesinado-en-mexico-sepultado-en-panama\/","og_locale":"es_ES","og_type":"article","og_title":"M\u00e9xico: Gerente de Compa\u00f1\u00eda Adventista de Alimentos Saludables Asesinado en M\u00e9xico Sepultado en Panam\u00e1 - Iglesia Adventista del S\u00e9ptimo D\u00eda - Divisi\u00f3n Interamericana","og_description":"Familiares y amigos rinden sus p\u00f3stumos tributos a Joel Am\u00edlcar Hern\u00e1ndez, qui\u00e9n fue sepultado ayer en su pa\u00eds de origen, Panam\u00e1. Hern\u00e1ndez quien fue gerente general de la sucursal en Navojoa, M\u00e9xico","og_url":"https:\/\/interamerica.org\/es\/2007\/02\/mexico-gerente-de-compania-adventista-de-alimentos-saludables-asesinado-en-mexico-sepultado-en-panama\/","og_site_name":"Iglesia Adventista del S\u00e9ptimo D\u00eda - Divisi\u00f3n Interamericana","article_published_time":"2007-02-22T04:00:00+00:00","article_modified_time":"2017-06-02T13:12:18+00:00","author":"Lorenzo Verduzco","twitter_card":"summary_large_image","twitter_misc":{"Escrito por":"Lorenzo Verduzco","Tiempo de lectura":"2 minutos"},"schema":{"@context":"https:\/\/schema.org","@graph":[{"@type":"Article","@id":"https:\/\/interamerica.org\/es\/2007\/02\/mexico-gerente-de-compania-adventista-de-alimentos-saludables-asesinado-en-mexico-sepultado-en-panama\/#article","isPartOf":{"@id":"https:\/\/interamerica.org\/es\/2007\/02\/mexico-gerente-de-compania-adventista-de-alimentos-saludables-asesinado-en-mexico-sepultado-en-panama\/"},"author":{"name":"Lorenzo Verduzco","@id":"https:\/\/interamerica.org\/es\/#\/schema\/person\/68ede8bdc292885bb76c1e3810e73c39"},"headline":"M\u00e9xico: Gerente de Compa\u00f1\u00eda Adventista de Alimentos Saludables Asesinado en M\u00e9xico Sepultado en Panam\u00e1","datePublished":"2007-02-22T04:00:00+00:00","dateModified":"2017-06-02T13:12:18+00:00","mainEntityOfPage":{"@id":"https:\/\/interamerica.org\/es\/2007\/02\/mexico-gerente-de-compania-adventista-de-alimentos-saludables-asesinado-en-mexico-sepultado-en-panama\/"},"wordCount":495,"articleSection":["Archivo"],"inLanguage":"es"},{"@type":"WebPage","@id":"https:\/\/interamerica.org\/es\/2007\/02\/mexico-gerente-de-compania-adventista-de-alimentos-saludables-asesinado-en-mexico-sepultado-en-panama\/","url":"https:\/\/interamerica.org\/es\/2007\/02\/mexico-gerente-de-compania-adventista-de-alimentos-saludables-asesinado-en-mexico-sepultado-en-panama\/","name":"M\u00e9xico: Gerente de Compa\u00f1\u00eda Adventista de Alimentos Saludables Asesinado en M\u00e9xico Sepultado en Panam\u00e1 - Iglesia Adventista del S\u00e9ptimo D\u00eda - Divisi\u00f3n Interamericana","isPartOf":{"@id":"https:\/\/interamerica.org\/es\/#website"},"datePublished":"2007-02-22T04:00:00+00:00","dateModified":"2017-06-02T13:12:18+00:00","author":{"@id":"https:\/\/interamerica.org\/es\/#\/schema\/person\/68ede8bdc292885bb76c1e3810e73c39"},"breadcrumb":{"@id":"https:\/\/interamerica.org\/es\/2007\/02\/mexico-gerente-de-compania-adventista-de-alimentos-saludables-asesinado-en-mexico-sepultado-en-panama\/#breadcrumb"},"inLanguage":"es","potentialAction":[{"@type":"ReadAction","target":["https:\/\/interamerica.org\/es\/2007\/02\/mexico-gerente-de-compania-adventista-de-alimentos-saludables-asesinado-en-mexico-sepultado-en-panama\/"]}]},{"@type":"BreadcrumbList","@id":"https:\/\/interamerica.org\/es\/2007\/02\/mexico-gerente-de-compania-adventista-de-alimentos-saludables-asesinado-en-mexico-sepultado-en-panama\/#breadcrumb","itemListElement":[{"@type":"ListItem","position":1,"name":"Home","item":"https:\/\/interamerica.org\/es\/"},{"@type":"ListItem","position":2,"name":"M\u00e9xico: Gerente de Compa\u00f1\u00eda Adventista de Alimentos Saludables Asesinado en M\u00e9xico Sepultado en Panam\u00e1"}]},{"@type":"WebSite","@id":"https:\/\/interamerica.org\/es\/#website","url":"https:\/\/interamerica.org\/es\/","name":"Iglesia Adventista del S\u00e9ptimo D\u00eda - Divisi\u00f3n Interamericana","description":"","potentialAction":[{"@type":"SearchAction","target":{"@type":"EntryPoint","urlTemplate":"https:\/\/interamerica.org\/es\/?s={search_term_string}"},"query-input":{"@type":"PropertyValueSpecification","valueRequired":true,"valueName":"search_term_string"}}],"inLanguage":"es"},{"@type":"Person","@id":"https:\/\/interamerica.org\/es\/#\/schema\/person\/68ede8bdc292885bb76c1e3810e73c39","name":"Lorenzo Verduzco","image":{"@type":"ImageObject","inLanguage":"es","@id":"https:\/\/secure.gravatar.com\/avatar\/fb81a55b6218459490a9c1dc841a34909185b81904c5337b4b27f7a6fd60c49e?s=96&d=mm&r=g","url":"https:\/\/secure.gravatar.com\/avatar\/fb81a55b6218459490a9c1dc841a34909185b81904c5337b4b27f7a6fd60c49e?s=96&d=mm&r=g","contentUrl":"https:\/\/secure.gravatar.com\/avatar\/fb81a55b6218459490a9c1dc841a34909185b81904c5337b4b27f7a6fd60c49e?s=96&d=mm&r=g","caption":"Lorenzo Verduzco"}}]}},"_links":{"self":[{"href":"https:\/\/interamerica.org\/es\/wp-json\/wp\/v2\/posts\/10886","targetHints":{"allow":["GET"]}}],"collection":[{"href":"https:\/\/interamerica.org\/es\/wp-json\/wp\/v2\/posts"}],"about":[{"href":"https:\/\/interamerica.org\/es\/wp-json\/wp\/v2\/types\/post"}],"author":[{"embeddable":true,"href":"https:\/\/interamerica.org\/es\/wp-json\/wp\/v2\/users\/1"}],"replies":[{"embeddable":true,"href":"https:\/\/interamerica.org\/es\/wp-json\/wp\/v2\/comments?post=10886"}],"version-history":[{"count":0,"href":"https:\/\/interamerica.org\/es\/wp-json\/wp\/v2\/posts\/10886\/revisions"}],"wp:attachment":[{"href":"https:\/\/interamerica.org\/es\/wp-json\/wp\/v2\/media?parent=10886"}],"wp:term":[{"taxonomy":"category","embeddable":true,"href":"https:\/\/interamerica.org\/es\/wp-json\/wp\/v2\/categories?post=10886"},{"taxonomy":"post_tag","embeddable":true,"href":"https:\/\/interamerica.org\/es\/wp-json\/wp\/v2\/tags?post=10886"}],"curies":[{"name":"wp","href":"https:\/\/api.w.org\/{rel}","templated":true}]}}