{"id":10887,"date":"2007-02-20T00:00:00","date_gmt":"2007-02-20T04:00:00","guid":{"rendered":"http:\/\/192.81.217.108\/interamerica\/2007\/02\/australia-iglesias-adventistas-oran-para-que-se-detenga-la-sequia\/"},"modified":"2017-06-02T09:13:04","modified_gmt":"2017-06-02T13:13:04","slug":"australia-iglesias-adventistas-oran-para-que-se-detenga-la-sequia","status":"publish","type":"post","link":"https:\/\/interamerica.org\/es\/2007\/02\/australia-iglesias-adventistas-oran-para-que-se-detenga-la-sequia\/","title":{"rendered":"Australia: Iglesias adventistas oran para que se detenga la sequ\u00eda"},"content":{"rendered":"<p><em >20 de febrero,  2007 <\/em >Ringwood, Victoria, Australia &#8230;. [Nathan Brown\/The Record\/ANN Staff]Miembros de m\u00e1s de 400 iglesias adventistas de toda Australia se unieron en oraci\u00f3n el pasado 17 de febrero para orar simult\u00e1neamente por el fin de la crisis producida por la sequ\u00eda y la falta de agua que afecta al pa\u00eds desde agosto pasado. <\/p>\n<p>\u00abEn muchas \u00e1reas del pa\u00eds, Australia est\u00e1 experimentando una sequ\u00eda sin paralelo desde que se llevan registros\u00bb, dijo el Pastor Chester Stanley, presidente de la Asociaci\u00f3n Uni\u00f3n Australiana de la Iglesia Adventista (AUC). \u00abSe siguen rompiendo nuevas marcas\u00bb. <\/p>\n<p>\u00abLas autoridades afirman que algo as\u00ed como el 98 por ciento de Nueva Gales del Sur, el estado m\u00e1s poblado, est\u00e1n siendo afectados por la sequ\u00eda. Pero por supuesto, todo el pa\u00eds est\u00e1 siendo afectado\u00bb, dijo Gary Krause, director de la Oficina de Misi\u00f3n Adventista en la sede central de la iglesia. <\/p>\n<p>Los miembros presentaron la idea de realizar una oraci\u00f3n corporativa. <\/p>\n<p>\u00abUn n\u00famero de feligreses me escribieron para sugerirme que como iglesia ser\u00eda apropiado dedicar tiempo a orar por la extremadamente seria situaci\u00f3n que tenemos aqu\u00ed en Australia\u00bb, explic\u00f3. \u00abLa junta directiva de la AUC apoy\u00f3 con entusiasmo esta idea y en consecuencia decidi\u00f3 invitar a nuestras iglesias a unirnos en momentos especiales de oraci\u00f3n\u00bb. <\/p>\n<p>\u00abMuchos miembros han sido afectados por la sequ\u00eda\u00bb, inform\u00f3 Stanley. \u00abPor cierto, los presidentes de asociaci\u00f3n mencionan c\u00f3mo esto afecta los diezmos, lo que me hace concluir que los feligreses la est\u00e1n pasando mal\u00bb. <\/p>\n<p>Ese d\u00eda se orar\u00e1 especialmente por la lluvia, pero tambi\u00e9n por las personas que han sido afectadas por la sequ\u00eda y para que se tenga una utilizaci\u00f3n m\u00e1s responsable de los recursos naturales del pa\u00eds\u00bb. <\/p>\n<p>\u00abMe gusta pensar en la iglesia corporativa de rodillas en toda Australia, buscando sinceramente al Se\u00f1or\u00bb, dijo el Pastor Stanley. Stanley dice que los feligreses de otras partes del Pac\u00edfico Sur expresaron el deseo de unirse a la iglesia de Australia en oraci\u00f3n. \u00abEs bueno que el resto de la regi\u00f3n ore con nosotros y por nosotros\u00bb. <\/p>\n<p>\u00abEsta es una crisis y pienso que como iglesia necesitamos estar de rodillas\u00bb, dijo el Pastor Stanley. \u00abPero tambi\u00e9n pienso que es una gran oportunidad declarar a nuestras comunidades en toda Australia que somos cristianos y que somos gente de oraci\u00f3n. No deber\u00edamos ser vistos como gente que se encierra sino que somos personas que nos preocupamos por nuestras comunidades, que somos australianos que amamos nuestro pa\u00eds\u00bb. <\/p>\n<p>Krause, que acaba de regresar de Australia, a\u00f1adi\u00f3: \u00abMe siento feliz de que la iglesia en Australia est\u00e9 respondiendo de una manera espiritual, y que por supuesto la iglesia tambi\u00e9n se dedique a ayudar f\u00edsicamente a los necesitados donde sea posible\u00bb.<\/p>\n","protected":false},"excerpt":{"rendered":"<p>Miembros de m\u00e1s de 400 iglesias adventistas de toda Australia se unieron en oraci\u00f3n el pasado 17 de febrero para orar simult\u00e1neamente por el fin de la crisis producida por la sequ\u00eda y la falta de agua.<\/p>\n","protected":false},"author":1,"featured_media":0,"comment_status":"closed","ping_status":"closed","sticky":false,"template":"","format":"standard","meta":{"_acf_changed":false,"footnotes":""},"categories":[8],"tags":[],"class_list":["post-10887","post","type-post","status-publish","format-standard","hentry","category-archivo"],"acf":[],"yoast_head":"<!-- This site is optimized with the Yoast SEO plugin v27.3 - https:\/\/yoast.com\/product\/yoast-seo-wordpress\/ -->\n<title>Australia: Iglesias adventistas oran para que se detenga la sequ\u00eda - Iglesia Adventista del S\u00e9ptimo D\u00eda - Divisi\u00f3n Interamericana<\/title>\n<meta name=\"robots\" content=\"index, follow, max-snippet:-1, max-image-preview:large, max-video-preview:-1\" \/>\n<link rel=\"canonical\" href=\"https:\/\/interamerica.org\/es\/2007\/02\/australia-iglesias-adventistas-oran-para-que-se-detenga-la-sequia\/\" \/>\n<meta property=\"og:locale\" content=\"es_ES\" \/>\n<meta property=\"og:type\" content=\"article\" \/>\n<meta property=\"og:title\" content=\"Australia: Iglesias adventistas oran para que se detenga la sequ\u00eda - Iglesia Adventista del S\u00e9ptimo D\u00eda - Divisi\u00f3n Interamericana\" \/>\n<meta property=\"og:description\" content=\"Miembros de m\u00e1s de 400 iglesias adventistas de toda Australia se unieron en oraci\u00f3n el pasado 17 de febrero para orar simult\u00e1neamente por el fin de la crisis producida por la sequ\u00eda y la falta de agua.\" \/>\n<meta property=\"og:url\" content=\"https:\/\/interamerica.org\/es\/2007\/02\/australia-iglesias-adventistas-oran-para-que-se-detenga-la-sequia\/\" \/>\n<meta property=\"og:site_name\" content=\"Iglesia Adventista del S\u00e9ptimo D\u00eda - Divisi\u00f3n Interamericana\" \/>\n<meta property=\"article:published_time\" content=\"2007-02-20T04:00:00+00:00\" \/>\n<meta property=\"article:modified_time\" content=\"2017-06-02T13:13:04+00:00\" \/>\n<meta name=\"author\" content=\"Lorenzo Verduzco\" \/>\n<meta name=\"twitter:card\" content=\"summary_large_image\" \/>\n<meta name=\"twitter:label1\" content=\"Escrito por\" \/>\n\t<meta name=\"twitter:data1\" content=\"Lorenzo Verduzco\" \/>\n\t<meta name=\"twitter:label2\" content=\"Tiempo de lectura\" \/>\n\t<meta name=\"twitter:data2\" content=\"2 minutos\" \/>\n<script type=\"application\/ld+json\" class=\"yoast-schema-graph\">{\"@context\":\"https:\\\/\\\/schema.org\",\"@graph\":[{\"@type\":\"Article\",\"@id\":\"https:\\\/\\\/interamerica.org\\\/es\\\/2007\\\/02\\\/australia-iglesias-adventistas-oran-para-que-se-detenga-la-sequia\\\/#article\",\"isPartOf\":{\"@id\":\"https:\\\/\\\/interamerica.org\\\/es\\\/2007\\\/02\\\/australia-iglesias-adventistas-oran-para-que-se-detenga-la-sequia\\\/\"},\"author\":{\"name\":\"Lorenzo Verduzco\",\"@id\":\"https:\\\/\\\/interamerica.org\\\/es\\\/#\\\/schema\\\/person\\\/68ede8bdc292885bb76c1e3810e73c39\"},\"headline\":\"Australia: Iglesias adventistas oran para que se detenga la sequ\u00eda\",\"datePublished\":\"2007-02-20T04:00:00+00:00\",\"dateModified\":\"2017-06-02T13:13:04+00:00\",\"mainEntityOfPage\":{\"@id\":\"https:\\\/\\\/interamerica.org\\\/es\\\/2007\\\/02\\\/australia-iglesias-adventistas-oran-para-que-se-detenga-la-sequia\\\/\"},\"wordCount\":491,\"articleSection\":[\"Archivo\"],\"inLanguage\":\"es\"},{\"@type\":\"WebPage\",\"@id\":\"https:\\\/\\\/interamerica.org\\\/es\\\/2007\\\/02\\\/australia-iglesias-adventistas-oran-para-que-se-detenga-la-sequia\\\/\",\"url\":\"https:\\\/\\\/interamerica.org\\\/es\\\/2007\\\/02\\\/australia-iglesias-adventistas-oran-para-que-se-detenga-la-sequia\\\/\",\"name\":\"Australia: Iglesias adventistas oran para que se detenga la sequ\u00eda - Iglesia Adventista del S\u00e9ptimo D\u00eda - Divisi\u00f3n Interamericana\",\"isPartOf\":{\"@id\":\"https:\\\/\\\/interamerica.org\\\/es\\\/#website\"},\"datePublished\":\"2007-02-20T04:00:00+00:00\",\"dateModified\":\"2017-06-02T13:13:04+00:00\",\"author\":{\"@id\":\"https:\\\/\\\/interamerica.org\\\/es\\\/#\\\/schema\\\/person\\\/68ede8bdc292885bb76c1e3810e73c39\"},\"breadcrumb\":{\"@id\":\"https:\\\/\\\/interamerica.org\\\/es\\\/2007\\\/02\\\/australia-iglesias-adventistas-oran-para-que-se-detenga-la-sequia\\\/#breadcrumb\"},\"inLanguage\":\"es\",\"potentialAction\":[{\"@type\":\"ReadAction\",\"target\":[\"https:\\\/\\\/interamerica.org\\\/es\\\/2007\\\/02\\\/australia-iglesias-adventistas-oran-para-que-se-detenga-la-sequia\\\/\"]}]},{\"@type\":\"BreadcrumbList\",\"@id\":\"https:\\\/\\\/interamerica.org\\\/es\\\/2007\\\/02\\\/australia-iglesias-adventistas-oran-para-que-se-detenga-la-sequia\\\/#breadcrumb\",\"itemListElement\":[{\"@type\":\"ListItem\",\"position\":1,\"name\":\"Home\",\"item\":\"https:\\\/\\\/interamerica.org\\\/es\\\/\"},{\"@type\":\"ListItem\",\"position\":2,\"name\":\"Australia: Iglesias adventistas oran para que se detenga la sequ\u00eda\"}]},{\"@type\":\"WebSite\",\"@id\":\"https:\\\/\\\/interamerica.org\\\/es\\\/#website\",\"url\":\"https:\\\/\\\/interamerica.org\\\/es\\\/\",\"name\":\"Iglesia Adventista del S\u00e9ptimo D\u00eda - Divisi\u00f3n Interamericana\",\"description\":\"\",\"potentialAction\":[{\"@type\":\"SearchAction\",\"target\":{\"@type\":\"EntryPoint\",\"urlTemplate\":\"https:\\\/\\\/interamerica.org\\\/es\\\/?s={search_term_string}\"},\"query-input\":{\"@type\":\"PropertyValueSpecification\",\"valueRequired\":true,\"valueName\":\"search_term_string\"}}],\"inLanguage\":\"es\"},{\"@type\":\"Person\",\"@id\":\"https:\\\/\\\/interamerica.org\\\/es\\\/#\\\/schema\\\/person\\\/68ede8bdc292885bb76c1e3810e73c39\",\"name\":\"Lorenzo Verduzco\",\"image\":{\"@type\":\"ImageObject\",\"inLanguage\":\"es\",\"@id\":\"https:\\\/\\\/secure.gravatar.com\\\/avatar\\\/fb81a55b6218459490a9c1dc841a34909185b81904c5337b4b27f7a6fd60c49e?s=96&d=mm&r=g\",\"url\":\"https:\\\/\\\/secure.gravatar.com\\\/avatar\\\/fb81a55b6218459490a9c1dc841a34909185b81904c5337b4b27f7a6fd60c49e?s=96&d=mm&r=g\",\"contentUrl\":\"https:\\\/\\\/secure.gravatar.com\\\/avatar\\\/fb81a55b6218459490a9c1dc841a34909185b81904c5337b4b27f7a6fd60c49e?s=96&d=mm&r=g\",\"caption\":\"Lorenzo Verduzco\"}}]}<\/script>\n<!-- \/ Yoast SEO plugin. -->","yoast_head_json":{"title":"Australia: Iglesias adventistas oran para que se detenga la sequ\u00eda - Iglesia Adventista del S\u00e9ptimo D\u00eda - Divisi\u00f3n Interamericana","robots":{"index":"index","follow":"follow","max-snippet":"max-snippet:-1","max-image-preview":"max-image-preview:large","max-video-preview":"max-video-preview:-1"},"canonical":"https:\/\/interamerica.org\/es\/2007\/02\/australia-iglesias-adventistas-oran-para-que-se-detenga-la-sequia\/","og_locale":"es_ES","og_type":"article","og_title":"Australia: Iglesias adventistas oran para que se detenga la sequ\u00eda - Iglesia Adventista del S\u00e9ptimo D\u00eda - Divisi\u00f3n Interamericana","og_description":"Miembros de m\u00e1s de 400 iglesias adventistas de toda Australia se unieron en oraci\u00f3n el pasado 17 de febrero para orar simult\u00e1neamente por el fin de la crisis producida por la sequ\u00eda y la falta de agua.","og_url":"https:\/\/interamerica.org\/es\/2007\/02\/australia-iglesias-adventistas-oran-para-que-se-detenga-la-sequia\/","og_site_name":"Iglesia Adventista del S\u00e9ptimo D\u00eda - Divisi\u00f3n Interamericana","article_published_time":"2007-02-20T04:00:00+00:00","article_modified_time":"2017-06-02T13:13:04+00:00","author":"Lorenzo Verduzco","twitter_card":"summary_large_image","twitter_misc":{"Escrito por":"Lorenzo Verduzco","Tiempo de lectura":"2 minutos"},"schema":{"@context":"https:\/\/schema.org","@graph":[{"@type":"Article","@id":"https:\/\/interamerica.org\/es\/2007\/02\/australia-iglesias-adventistas-oran-para-que-se-detenga-la-sequia\/#article","isPartOf":{"@id":"https:\/\/interamerica.org\/es\/2007\/02\/australia-iglesias-adventistas-oran-para-que-se-detenga-la-sequia\/"},"author":{"name":"Lorenzo Verduzco","@id":"https:\/\/interamerica.org\/es\/#\/schema\/person\/68ede8bdc292885bb76c1e3810e73c39"},"headline":"Australia: Iglesias adventistas oran para que se detenga la sequ\u00eda","datePublished":"2007-02-20T04:00:00+00:00","dateModified":"2017-06-02T13:13:04+00:00","mainEntityOfPage":{"@id":"https:\/\/interamerica.org\/es\/2007\/02\/australia-iglesias-adventistas-oran-para-que-se-detenga-la-sequia\/"},"wordCount":491,"articleSection":["Archivo"],"inLanguage":"es"},{"@type":"WebPage","@id":"https:\/\/interamerica.org\/es\/2007\/02\/australia-iglesias-adventistas-oran-para-que-se-detenga-la-sequia\/","url":"https:\/\/interamerica.org\/es\/2007\/02\/australia-iglesias-adventistas-oran-para-que-se-detenga-la-sequia\/","name":"Australia: Iglesias adventistas oran para que se detenga la sequ\u00eda - Iglesia Adventista del S\u00e9ptimo D\u00eda - Divisi\u00f3n Interamericana","isPartOf":{"@id":"https:\/\/interamerica.org\/es\/#website"},"datePublished":"2007-02-20T04:00:00+00:00","dateModified":"2017-06-02T13:13:04+00:00","author":{"@id":"https:\/\/interamerica.org\/es\/#\/schema\/person\/68ede8bdc292885bb76c1e3810e73c39"},"breadcrumb":{"@id":"https:\/\/interamerica.org\/es\/2007\/02\/australia-iglesias-adventistas-oran-para-que-se-detenga-la-sequia\/#breadcrumb"},"inLanguage":"es","potentialAction":[{"@type":"ReadAction","target":["https:\/\/interamerica.org\/es\/2007\/02\/australia-iglesias-adventistas-oran-para-que-se-detenga-la-sequia\/"]}]},{"@type":"BreadcrumbList","@id":"https:\/\/interamerica.org\/es\/2007\/02\/australia-iglesias-adventistas-oran-para-que-se-detenga-la-sequia\/#breadcrumb","itemListElement":[{"@type":"ListItem","position":1,"name":"Home","item":"https:\/\/interamerica.org\/es\/"},{"@type":"ListItem","position":2,"name":"Australia: Iglesias adventistas oran para que se detenga la sequ\u00eda"}]},{"@type":"WebSite","@id":"https:\/\/interamerica.org\/es\/#website","url":"https:\/\/interamerica.org\/es\/","name":"Iglesia Adventista del S\u00e9ptimo D\u00eda - Divisi\u00f3n Interamericana","description":"","potentialAction":[{"@type":"SearchAction","target":{"@type":"EntryPoint","urlTemplate":"https:\/\/interamerica.org\/es\/?s={search_term_string}"},"query-input":{"@type":"PropertyValueSpecification","valueRequired":true,"valueName":"search_term_string"}}],"inLanguage":"es"},{"@type":"Person","@id":"https:\/\/interamerica.org\/es\/#\/schema\/person\/68ede8bdc292885bb76c1e3810e73c39","name":"Lorenzo Verduzco","image":{"@type":"ImageObject","inLanguage":"es","@id":"https:\/\/secure.gravatar.com\/avatar\/fb81a55b6218459490a9c1dc841a34909185b81904c5337b4b27f7a6fd60c49e?s=96&d=mm&r=g","url":"https:\/\/secure.gravatar.com\/avatar\/fb81a55b6218459490a9c1dc841a34909185b81904c5337b4b27f7a6fd60c49e?s=96&d=mm&r=g","contentUrl":"https:\/\/secure.gravatar.com\/avatar\/fb81a55b6218459490a9c1dc841a34909185b81904c5337b4b27f7a6fd60c49e?s=96&d=mm&r=g","caption":"Lorenzo Verduzco"}}]}},"_links":{"self":[{"href":"https:\/\/interamerica.org\/es\/wp-json\/wp\/v2\/posts\/10887","targetHints":{"allow":["GET"]}}],"collection":[{"href":"https:\/\/interamerica.org\/es\/wp-json\/wp\/v2\/posts"}],"about":[{"href":"https:\/\/interamerica.org\/es\/wp-json\/wp\/v2\/types\/post"}],"author":[{"embeddable":true,"href":"https:\/\/interamerica.org\/es\/wp-json\/wp\/v2\/users\/1"}],"replies":[{"embeddable":true,"href":"https:\/\/interamerica.org\/es\/wp-json\/wp\/v2\/comments?post=10887"}],"version-history":[{"count":0,"href":"https:\/\/interamerica.org\/es\/wp-json\/wp\/v2\/posts\/10887\/revisions"}],"wp:attachment":[{"href":"https:\/\/interamerica.org\/es\/wp-json\/wp\/v2\/media?parent=10887"}],"wp:term":[{"taxonomy":"category","embeddable":true,"href":"https:\/\/interamerica.org\/es\/wp-json\/wp\/v2\/categories?post=10887"},{"taxonomy":"post_tag","embeddable":true,"href":"https:\/\/interamerica.org\/es\/wp-json\/wp\/v2\/tags?post=10887"}],"curies":[{"name":"wp","href":"https:\/\/api.w.org\/{rel}","templated":true}]}}