{"id":10890,"date":"2007-02-20T00:00:00","date_gmt":"2007-02-20T04:00:00","guid":{"rendered":"http:\/\/192.81.217.108\/interamerica\/2007\/02\/estados-unidos-de-pequenos-comienzos-estacion-de-television-adventista-expande-su-cobertura\/"},"modified":"2017-06-02T09:13:06","modified_gmt":"2017-06-02T13:13:06","slug":"estados-unidos-de-pequenos-comienzos-estacion-de-television-adventista-expande-su-cobertura","status":"publish","type":"post","link":"https:\/\/interamerica.org\/es\/2007\/02\/estados-unidos-de-pequenos-comienzos-estacion-de-television-adventista-expande-su-cobertura\/","title":{"rendered":"Estados Unidos:  De Peque\u00f1os Comienzos, Estaci\u00f3n de Televisi\u00f3n Adventista Expande su Cobertura"},"content":{"rendered":"<p>20 de febrero, 2007 College Place, Washington, Estados Unidos &#8230;. [Kristi Spurgeon\/ANN] <\/p>\n<p>Una estaci\u00f3n de televisi\u00f3n que empez\u00f3 hace 17 a\u00f1os en el \u00e1tico de una iglesia adventista del s\u00e9ptimo d\u00eda local se ha convertido en la segunda estaci\u00f3n cristiana con mayor audiencia en el mercado local de la televisi\u00f3n, seg\u00fan una compa\u00f1\u00eda nacional de investigaci\u00f3n de los medios. Esta estaci\u00f3n, Blue Mountain Televisi\u00f3n (BMT por sus siglas en ingl\u00e9s), ha registrado audiencia en un mercado que se extiende desde Yakima, Washington, a Milton-Freewater, Oreg\u00f3n, una distancia de 256 kil\u00f3metros. <\/p>\n<p>El 20 de abril, 1990, Blue Mountain Television (BMT) transmiti\u00f3 por primera vez. Dos a\u00f1os m\u00e1s tarde, la estaci\u00f3n empez\u00f3 a transmitir por cable en adici\u00f3n a sus canales regulares de televisi\u00f3n de menor alcance. Desde entones, el programa de la estaci\u00f3n se ha movido a\u00fan m\u00e1s all\u00e1 de la parte oriental de Washington para tocar las vidas de aquellos alrededor del mundo. <\/p>\n<p>\u00abEl mensaje y la programaci\u00f3n de Blue Mountain Television tiene efectos de largo alcance sobre nuestros televidentes y sobre aquellos que est\u00e1n buscando por la conexi\u00f3n especial &#8211;sea \u00e9sta espiritual o sencillamente una esperanza especial\u00bb, dice Dan Thesman, que asumi\u00f3 la gerencia de la estaci\u00f3n cuyo sost\u00e9n depende de los televidentes hace s\u00f3lo un a\u00f1o. Desde entonces, los televidentes han compartido muchas historias que muestran cu\u00e1n ampliamente se ha esparcido el mensaje de la estaci\u00f3n. <\/p>\n<p>Una historia lleg\u00f3 de un miembro de las fuerzas armadas. Un soldado, quien no se identific\u00f3, dice que estaban en la casa en Walla Walla de visita cuando una tarde se le ocurri\u00f3 una idea. Tom\u00f3 todos los videos que su familia hab\u00eda grabado de las producciones musicales local de BMT, los convirti\u00f3 en discos DVD y llen\u00f3 un bolso marinero de discos. Poco despu\u00e9s, \u00e9l regres\u00f3 a su servicio como soldado en Afganist\u00e1n y all\u00e1 comparti\u00f3 los discos DVD con los hombres y mujeres en servicio en ultramar. Este proceso lo repiti\u00f3 antes de su pr\u00f3ximo viaje de asignaci\u00f3n en Irak. <\/p>\n<p>El mayor aumento en televidentes ocucrri\u00f3 poco despu\u00e9s que la estaci\u00f3n se afili\u00f3 a Hope Channel, la estaci\u00f3n oficial de televisi\u00f3n de la Iglesia Adventista del S\u00e9ptimo D\u00eda. Sin embargo, mientras programas como<em > Amazing Facts (<\/em >hechos sorprendentes) con el pastor Doug Bachelor y <em >Really Living (<\/em >vivir de verdad) patrocinado por Don Schneider, presidente de la iglesia adventista en Estados Unidos, est\u00e1n entre los m\u00e1s populares, los televidentes tambi\u00e9n son prontos en mencionar que los shows locales que dieron origen son la diferencia real entre BMT y otras estaciones cristianas. <\/p>\n<p>BMT est\u00e1 asociada con Walla Walla College (WWC) para producir muchos programas en las facilidades de producci\u00f3n para los medios del colegio. Uno de esos shows es <em >Valley Viewpoint<\/em > (la opini\u00f3n del valle), un programa de entrevistas que destaca eventos de la comunidad y la gente. \u00abEspecialmente me gusta resaltar eventos de salud y las tendencias, lo cual es algo que trasciende todo lo demogr\u00e1fico\u00bb, dice Roger Johnson, un pastor adventista del s\u00e9ptimo d\u00eda local y patrocinador de <em >Valley Viewpoint. <\/em >Jonson es tambi\u00e9n uno de los miembros fundadores de la estaci\u00f3n. <\/p>\n<p>Otra producci\u00f3n local es <em >Blue Mountain News (<\/em >noticiero monta\u00f1a azul) una transmisi\u00f3n noticiosa en vivo producida por los estudiantes de Walla Walla College y el personal de BMT. La transmisi\u00f3n de los servicios locales de la iglesia adventista es tambi\u00e9n muy popular. <\/p>\n<p>BMT tambi\u00e9n se une en equipo con recursos locales como Gospel Outreach (alcance del evangelio), las iglesias adventistas, las academias y otros ministerios para compartir las verdades cristianas. Planes futuros incluyen tocar m\u00e1s fuertemente dentro de la comunidad en asocio con la Sinf\u00f3nica de Walla Walla, Fort Walla Walla Museum (museo del Fuerte de Walla Walla), el departaento de m\u00fasica de Walla Walla y la C\u00e1mara de Comercio de Walla Walla. <\/p>\n<p>\u00abRealmente, lo que nos hace diferentes es nuestra participaci\u00f3n en la comunidad\u00bb, dice Thesman. \u00abSomos una voz en la comunidad\u00bb. <\/p>\n<p>John Cress, presidente de BMT, agrega, \u00abLos programas de BMT tratan sobre la salud mental, f\u00edsica, espiritual, emocional y de la salud de la comunidad. Cuando la gente entiende que estamos intensamente interesados en su salud y bienestar, podr\u00edan estar m\u00e1s inclinados a escuchar mensajes de la palabra de Dios que tienen que ver con su todo espiritual\u00bb. <\/p>\n<p>\u00abEste mensaje entra a los hogares de las personas que no me dar\u00edan su tiempo durante el d\u00eda si tocara a la puerta de sus hogares\u00bb, dice Don Dealy, quien empez\u00f3 como voluntario en BMT en 1992. El octogenario dice que est\u00e1 feliz de ser parte de tan tremenda oportunidad de la misi\u00f3n de la iglesia. <\/p>\n<p>Al la estaci\u00f3n tratar de proveer material de alta calidad e integrarse a\u00fan m\u00e1s en la comunidad, BMT est\u00e1 planeando su pr\u00f3ximo gigantesco paso &#8211;expandirse a una nueva facilidad comunitaria. <\/p>\n<p>Con m\u00e1s de 2,500 pies cuadrados, Thesman dice que la nueva facilidad en el Centro Comunitario de SonBridge se necesita para que BMT contin\u00fae expandi\u00e9ndose y para proveer la calidad de programaci\u00f3n que espera la comunidad. Aunque las estaciones de TV de bajo poder como BMT no est\u00e1n obligadas por FCC a subir a una se\u00f1al de transmisi\u00f3n digital, BMT tiene planes de hacer ese cambio a fin de mantenerse en la competencia y lograr que las cosas sean tan f\u00e1ciles como sea posible para los televidentes. BMT espera actualizar e instalar todo su equipo y moverse a la nueva facilidad al final de este a\u00f1o. <\/p>\n<p>\u00abComo ministerio sostenido por la televidencia, pertenecemos a \u00e9sta\u00bb, dice Thesman, \u00aby nuestro objetivo es proveerles los programas de la m\u00e1s alta calidad cristian local disponible\u00bb. <\/p>\n<p>\u00abEn los pr\u00f2ximos meses esperamos aumentar nuestra \u00e1rea de receptividad y audiencia y llegar a m\u00e1s de la comunidad\u00bb, dice Judy Vietz, miembro de la junta de directores de la estaci\u00f3n. En la actualidad se lleva a cabo una investigaci\u00f3n para expandir la cobertura por cable a Richland-Pasco-Kennewick, Washington, y Pendleton, Oregon. Vietz agrega, \u00abTenemos la esperanza de ensanchar nuestra programaci\u00f3n para incluir m\u00e1s shows sobre otros aspectos de la vida pr\u00e1ctica que impactar\u00e1n la vida cotidiana de nuestros televidentes. Esperamos que contin\u00faen recibi\u00e9ndonos en sus hogares\u00bb. <\/p>\n<p><strong >Derechos Reservados (R) 2007 por Adventist News Network<\/strong > <\/p>\n","protected":false},"excerpt":{"rendered":"<p>Una estaci\u00f3n de televisi\u00f3n que empez\u00f3 hace 17 a\u00f1os en el \u00e1tico de una iglesia adventista del s\u00e9ptimo d\u00eda local se ha convertido en la segunda estaci\u00f3n cristiana con mayor audiencia en el mercado&#8230;<\/p>\n","protected":false},"author":1,"featured_media":0,"comment_status":"closed","ping_status":"closed","sticky":false,"template":"","format":"standard","meta":{"_acf_changed":false,"footnotes":""},"categories":[8],"tags":[],"class_list":["post-10890","post","type-post","status-publish","format-standard","hentry","category-archivo"],"acf":[],"yoast_head":"<!-- This site is optimized with the Yoast SEO plugin v27.3 - https:\/\/yoast.com\/product\/yoast-seo-wordpress\/ -->\n<title>Estados Unidos: De Peque\u00f1os Comienzos, Estaci\u00f3n de Televisi\u00f3n Adventista Expande su Cobertura - Iglesia Adventista del S\u00e9ptimo D\u00eda - Divisi\u00f3n Interamericana<\/title>\n<meta name=\"robots\" content=\"index, follow, max-snippet:-1, max-image-preview:large, max-video-preview:-1\" \/>\n<link rel=\"canonical\" href=\"https:\/\/interamerica.org\/es\/2007\/02\/estados-unidos-de-pequenos-comienzos-estacion-de-television-adventista-expande-su-cobertura\/\" \/>\n<meta property=\"og:locale\" content=\"es_ES\" \/>\n<meta property=\"og:type\" content=\"article\" \/>\n<meta property=\"og:title\" content=\"Estados Unidos: De Peque\u00f1os Comienzos, Estaci\u00f3n de Televisi\u00f3n Adventista Expande su Cobertura - Iglesia Adventista del S\u00e9ptimo D\u00eda - Divisi\u00f3n Interamericana\" \/>\n<meta property=\"og:description\" content=\"Una estaci\u00f3n de televisi\u00f3n que empez\u00f3 hace 17 a\u00f1os en el \u00e1tico de una iglesia adventista del s\u00e9ptimo d\u00eda local se ha convertido en la segunda estaci\u00f3n cristiana con mayor audiencia en el mercado...\" \/>\n<meta property=\"og:url\" content=\"https:\/\/interamerica.org\/es\/2007\/02\/estados-unidos-de-pequenos-comienzos-estacion-de-television-adventista-expande-su-cobertura\/\" \/>\n<meta property=\"og:site_name\" content=\"Iglesia Adventista del S\u00e9ptimo D\u00eda - Divisi\u00f3n Interamericana\" \/>\n<meta property=\"article:published_time\" content=\"2007-02-20T04:00:00+00:00\" \/>\n<meta property=\"article:modified_time\" content=\"2017-06-02T13:13:06+00:00\" \/>\n<meta name=\"author\" content=\"Lorenzo Verduzco\" \/>\n<meta name=\"twitter:card\" content=\"summary_large_image\" \/>\n<meta name=\"twitter:label1\" content=\"Escrito por\" \/>\n\t<meta name=\"twitter:data1\" content=\"Lorenzo Verduzco\" \/>\n\t<meta name=\"twitter:label2\" content=\"Tiempo de lectura\" \/>\n\t<meta name=\"twitter:data2\" content=\"5 minutos\" \/>\n<script type=\"application\/ld+json\" class=\"yoast-schema-graph\">{\"@context\":\"https:\\\/\\\/schema.org\",\"@graph\":[{\"@type\":\"Article\",\"@id\":\"https:\\\/\\\/interamerica.org\\\/es\\\/2007\\\/02\\\/estados-unidos-de-pequenos-comienzos-estacion-de-television-adventista-expande-su-cobertura\\\/#article\",\"isPartOf\":{\"@id\":\"https:\\\/\\\/interamerica.org\\\/es\\\/2007\\\/02\\\/estados-unidos-de-pequenos-comienzos-estacion-de-television-adventista-expande-su-cobertura\\\/\"},\"author\":{\"name\":\"Lorenzo Verduzco\",\"@id\":\"https:\\\/\\\/interamerica.org\\\/es\\\/#\\\/schema\\\/person\\\/68ede8bdc292885bb76c1e3810e73c39\"},\"headline\":\"Estados Unidos: De Peque\u00f1os Comienzos, Estaci\u00f3n de Televisi\u00f3n Adventista Expande su Cobertura\",\"datePublished\":\"2007-02-20T04:00:00+00:00\",\"dateModified\":\"2017-06-02T13:13:06+00:00\",\"mainEntityOfPage\":{\"@id\":\"https:\\\/\\\/interamerica.org\\\/es\\\/2007\\\/02\\\/estados-unidos-de-pequenos-comienzos-estacion-de-television-adventista-expande-su-cobertura\\\/\"},\"wordCount\":1114,\"articleSection\":[\"Archivo\"],\"inLanguage\":\"es\"},{\"@type\":\"WebPage\",\"@id\":\"https:\\\/\\\/interamerica.org\\\/es\\\/2007\\\/02\\\/estados-unidos-de-pequenos-comienzos-estacion-de-television-adventista-expande-su-cobertura\\\/\",\"url\":\"https:\\\/\\\/interamerica.org\\\/es\\\/2007\\\/02\\\/estados-unidos-de-pequenos-comienzos-estacion-de-television-adventista-expande-su-cobertura\\\/\",\"name\":\"Estados Unidos: De Peque\u00f1os Comienzos, Estaci\u00f3n de Televisi\u00f3n Adventista Expande su Cobertura - Iglesia Adventista del S\u00e9ptimo D\u00eda - Divisi\u00f3n Interamericana\",\"isPartOf\":{\"@id\":\"https:\\\/\\\/interamerica.org\\\/es\\\/#website\"},\"datePublished\":\"2007-02-20T04:00:00+00:00\",\"dateModified\":\"2017-06-02T13:13:06+00:00\",\"author\":{\"@id\":\"https:\\\/\\\/interamerica.org\\\/es\\\/#\\\/schema\\\/person\\\/68ede8bdc292885bb76c1e3810e73c39\"},\"breadcrumb\":{\"@id\":\"https:\\\/\\\/interamerica.org\\\/es\\\/2007\\\/02\\\/estados-unidos-de-pequenos-comienzos-estacion-de-television-adventista-expande-su-cobertura\\\/#breadcrumb\"},\"inLanguage\":\"es\",\"potentialAction\":[{\"@type\":\"ReadAction\",\"target\":[\"https:\\\/\\\/interamerica.org\\\/es\\\/2007\\\/02\\\/estados-unidos-de-pequenos-comienzos-estacion-de-television-adventista-expande-su-cobertura\\\/\"]}]},{\"@type\":\"BreadcrumbList\",\"@id\":\"https:\\\/\\\/interamerica.org\\\/es\\\/2007\\\/02\\\/estados-unidos-de-pequenos-comienzos-estacion-de-television-adventista-expande-su-cobertura\\\/#breadcrumb\",\"itemListElement\":[{\"@type\":\"ListItem\",\"position\":1,\"name\":\"Home\",\"item\":\"https:\\\/\\\/interamerica.org\\\/es\\\/\"},{\"@type\":\"ListItem\",\"position\":2,\"name\":\"Estados Unidos: De Peque\u00f1os Comienzos, Estaci\u00f3n de Televisi\u00f3n Adventista Expande su Cobertura\"}]},{\"@type\":\"WebSite\",\"@id\":\"https:\\\/\\\/interamerica.org\\\/es\\\/#website\",\"url\":\"https:\\\/\\\/interamerica.org\\\/es\\\/\",\"name\":\"Iglesia Adventista del S\u00e9ptimo D\u00eda - Divisi\u00f3n Interamericana\",\"description\":\"\",\"potentialAction\":[{\"@type\":\"SearchAction\",\"target\":{\"@type\":\"EntryPoint\",\"urlTemplate\":\"https:\\\/\\\/interamerica.org\\\/es\\\/?s={search_term_string}\"},\"query-input\":{\"@type\":\"PropertyValueSpecification\",\"valueRequired\":true,\"valueName\":\"search_term_string\"}}],\"inLanguage\":\"es\"},{\"@type\":\"Person\",\"@id\":\"https:\\\/\\\/interamerica.org\\\/es\\\/#\\\/schema\\\/person\\\/68ede8bdc292885bb76c1e3810e73c39\",\"name\":\"Lorenzo Verduzco\",\"image\":{\"@type\":\"ImageObject\",\"inLanguage\":\"es\",\"@id\":\"https:\\\/\\\/secure.gravatar.com\\\/avatar\\\/fb81a55b6218459490a9c1dc841a34909185b81904c5337b4b27f7a6fd60c49e?s=96&d=mm&r=g\",\"url\":\"https:\\\/\\\/secure.gravatar.com\\\/avatar\\\/fb81a55b6218459490a9c1dc841a34909185b81904c5337b4b27f7a6fd60c49e?s=96&d=mm&r=g\",\"contentUrl\":\"https:\\\/\\\/secure.gravatar.com\\\/avatar\\\/fb81a55b6218459490a9c1dc841a34909185b81904c5337b4b27f7a6fd60c49e?s=96&d=mm&r=g\",\"caption\":\"Lorenzo Verduzco\"}}]}<\/script>\n<!-- \/ Yoast SEO plugin. -->","yoast_head_json":{"title":"Estados Unidos: De Peque\u00f1os Comienzos, Estaci\u00f3n de Televisi\u00f3n Adventista Expande su Cobertura - Iglesia Adventista del S\u00e9ptimo D\u00eda - Divisi\u00f3n Interamericana","robots":{"index":"index","follow":"follow","max-snippet":"max-snippet:-1","max-image-preview":"max-image-preview:large","max-video-preview":"max-video-preview:-1"},"canonical":"https:\/\/interamerica.org\/es\/2007\/02\/estados-unidos-de-pequenos-comienzos-estacion-de-television-adventista-expande-su-cobertura\/","og_locale":"es_ES","og_type":"article","og_title":"Estados Unidos: De Peque\u00f1os Comienzos, Estaci\u00f3n de Televisi\u00f3n Adventista Expande su Cobertura - Iglesia Adventista del S\u00e9ptimo D\u00eda - Divisi\u00f3n Interamericana","og_description":"Una estaci\u00f3n de televisi\u00f3n que empez\u00f3 hace 17 a\u00f1os en el \u00e1tico de una iglesia adventista del s\u00e9ptimo d\u00eda local se ha convertido en la segunda estaci\u00f3n cristiana con mayor audiencia en el mercado...","og_url":"https:\/\/interamerica.org\/es\/2007\/02\/estados-unidos-de-pequenos-comienzos-estacion-de-television-adventista-expande-su-cobertura\/","og_site_name":"Iglesia Adventista del S\u00e9ptimo D\u00eda - Divisi\u00f3n Interamericana","article_published_time":"2007-02-20T04:00:00+00:00","article_modified_time":"2017-06-02T13:13:06+00:00","author":"Lorenzo Verduzco","twitter_card":"summary_large_image","twitter_misc":{"Escrito por":"Lorenzo Verduzco","Tiempo de lectura":"5 minutos"},"schema":{"@context":"https:\/\/schema.org","@graph":[{"@type":"Article","@id":"https:\/\/interamerica.org\/es\/2007\/02\/estados-unidos-de-pequenos-comienzos-estacion-de-television-adventista-expande-su-cobertura\/#article","isPartOf":{"@id":"https:\/\/interamerica.org\/es\/2007\/02\/estados-unidos-de-pequenos-comienzos-estacion-de-television-adventista-expande-su-cobertura\/"},"author":{"name":"Lorenzo Verduzco","@id":"https:\/\/interamerica.org\/es\/#\/schema\/person\/68ede8bdc292885bb76c1e3810e73c39"},"headline":"Estados Unidos: De Peque\u00f1os Comienzos, Estaci\u00f3n de Televisi\u00f3n Adventista Expande su Cobertura","datePublished":"2007-02-20T04:00:00+00:00","dateModified":"2017-06-02T13:13:06+00:00","mainEntityOfPage":{"@id":"https:\/\/interamerica.org\/es\/2007\/02\/estados-unidos-de-pequenos-comienzos-estacion-de-television-adventista-expande-su-cobertura\/"},"wordCount":1114,"articleSection":["Archivo"],"inLanguage":"es"},{"@type":"WebPage","@id":"https:\/\/interamerica.org\/es\/2007\/02\/estados-unidos-de-pequenos-comienzos-estacion-de-television-adventista-expande-su-cobertura\/","url":"https:\/\/interamerica.org\/es\/2007\/02\/estados-unidos-de-pequenos-comienzos-estacion-de-television-adventista-expande-su-cobertura\/","name":"Estados Unidos: De Peque\u00f1os Comienzos, Estaci\u00f3n de Televisi\u00f3n Adventista Expande su Cobertura - Iglesia Adventista del S\u00e9ptimo D\u00eda - Divisi\u00f3n Interamericana","isPartOf":{"@id":"https:\/\/interamerica.org\/es\/#website"},"datePublished":"2007-02-20T04:00:00+00:00","dateModified":"2017-06-02T13:13:06+00:00","author":{"@id":"https:\/\/interamerica.org\/es\/#\/schema\/person\/68ede8bdc292885bb76c1e3810e73c39"},"breadcrumb":{"@id":"https:\/\/interamerica.org\/es\/2007\/02\/estados-unidos-de-pequenos-comienzos-estacion-de-television-adventista-expande-su-cobertura\/#breadcrumb"},"inLanguage":"es","potentialAction":[{"@type":"ReadAction","target":["https:\/\/interamerica.org\/es\/2007\/02\/estados-unidos-de-pequenos-comienzos-estacion-de-television-adventista-expande-su-cobertura\/"]}]},{"@type":"BreadcrumbList","@id":"https:\/\/interamerica.org\/es\/2007\/02\/estados-unidos-de-pequenos-comienzos-estacion-de-television-adventista-expande-su-cobertura\/#breadcrumb","itemListElement":[{"@type":"ListItem","position":1,"name":"Home","item":"https:\/\/interamerica.org\/es\/"},{"@type":"ListItem","position":2,"name":"Estados Unidos: De Peque\u00f1os Comienzos, Estaci\u00f3n de Televisi\u00f3n Adventista Expande su Cobertura"}]},{"@type":"WebSite","@id":"https:\/\/interamerica.org\/es\/#website","url":"https:\/\/interamerica.org\/es\/","name":"Iglesia Adventista del S\u00e9ptimo D\u00eda - Divisi\u00f3n Interamericana","description":"","potentialAction":[{"@type":"SearchAction","target":{"@type":"EntryPoint","urlTemplate":"https:\/\/interamerica.org\/es\/?s={search_term_string}"},"query-input":{"@type":"PropertyValueSpecification","valueRequired":true,"valueName":"search_term_string"}}],"inLanguage":"es"},{"@type":"Person","@id":"https:\/\/interamerica.org\/es\/#\/schema\/person\/68ede8bdc292885bb76c1e3810e73c39","name":"Lorenzo Verduzco","image":{"@type":"ImageObject","inLanguage":"es","@id":"https:\/\/secure.gravatar.com\/avatar\/fb81a55b6218459490a9c1dc841a34909185b81904c5337b4b27f7a6fd60c49e?s=96&d=mm&r=g","url":"https:\/\/secure.gravatar.com\/avatar\/fb81a55b6218459490a9c1dc841a34909185b81904c5337b4b27f7a6fd60c49e?s=96&d=mm&r=g","contentUrl":"https:\/\/secure.gravatar.com\/avatar\/fb81a55b6218459490a9c1dc841a34909185b81904c5337b4b27f7a6fd60c49e?s=96&d=mm&r=g","caption":"Lorenzo Verduzco"}}]}},"_links":{"self":[{"href":"https:\/\/interamerica.org\/es\/wp-json\/wp\/v2\/posts\/10890","targetHints":{"allow":["GET"]}}],"collection":[{"href":"https:\/\/interamerica.org\/es\/wp-json\/wp\/v2\/posts"}],"about":[{"href":"https:\/\/interamerica.org\/es\/wp-json\/wp\/v2\/types\/post"}],"author":[{"embeddable":true,"href":"https:\/\/interamerica.org\/es\/wp-json\/wp\/v2\/users\/1"}],"replies":[{"embeddable":true,"href":"https:\/\/interamerica.org\/es\/wp-json\/wp\/v2\/comments?post=10890"}],"version-history":[{"count":0,"href":"https:\/\/interamerica.org\/es\/wp-json\/wp\/v2\/posts\/10890\/revisions"}],"wp:attachment":[{"href":"https:\/\/interamerica.org\/es\/wp-json\/wp\/v2\/media?parent=10890"}],"wp:term":[{"taxonomy":"category","embeddable":true,"href":"https:\/\/interamerica.org\/es\/wp-json\/wp\/v2\/categories?post=10890"},{"taxonomy":"post_tag","embeddable":true,"href":"https:\/\/interamerica.org\/es\/wp-json\/wp\/v2\/tags?post=10890"}],"curies":[{"name":"wp","href":"https:\/\/api.w.org\/{rel}","templated":true}]}}