{"id":108912,"date":"2024-01-16T10:39:51","date_gmt":"2024-01-16T15:39:51","guid":{"rendered":"https:\/\/interamerica.org\/?p=108912"},"modified":"2024-01-17T12:18:02","modified_gmt":"2024-01-17T17:18:02","slug":"develacion-de-la-escultura-moises-una-vida-de-milagros","status":"publish","type":"post","link":"https:\/\/interamerica.org\/es\/2024\/01\/develacion-de-la-escultura-moises-una-vida-de-milagros\/","title":{"rendered":"Develaci\u00f3n de la escultura Mois\u00e9s, una Vida de Milagros"},"content":{"rendered":"<p><strong>Obra de arte de Victor Issa a ser develada en el Camporee Internacional de Conquistadores 2024.<\/strong><\/p>\n<p>16 de enero de 2024 | Los \u00c1ngeles, California, Estados Unidos | Amanda Kent, Boundless Media y Victor Issa, por Noticias de la Divisi\u00f3n Norteamericana<\/p>\n<p>Victor Issa, un escultor galardonado y aclamado artista, ha terminado una escultura de arcilla de 3\/4 de tama\u00f1o natural, para bronce, llamada \u201cMois\u00e9s, una Vida de Milagros\u201d. Esta obra de arte que fuera meticulosamente esculpida durante 18 meses, narra en forma intrincada la vida de Mois\u00e9s, desde su infancia hasta sus momentos reflexivos en el Monte Nebo.<\/p>\n<p>La develaci\u00f3n est\u00e1 programada para ocupar el centro de atenci\u00f3n durante el Camporee internacional de Conquistadores 2024 a celebrarse en el mes de agosto. La comisi\u00f3n de organizaci\u00f3n, el Centro de Evangelizaci\u00f3n Juvenil, patrocina dicho Camporee Internacional de Conquistadores, una extensa reuni\u00f3n llevada a cabo cada cinco a\u00f1os desde 1985. Se espera que acudan a la reuni\u00f3n de seis d\u00edas de duraci\u00f3n, en Gillette, Wyoming, Estados Unidos, m\u00e1s de 57,000 asistentes, procedentes de todo el mundo. El tema de este a\u00f1o\u00a0 es \u201cCree la Promesa\u201d, que presenta la inspiradora historia de Mois\u00e9s.<\/p>\n<p><div id=\"attachment_108877\" style=\"width: 860px\" class=\"wp-caption aligncenter\"><img fetchpriority=\"high\" decoding=\"async\" aria-describedby=\"caption-attachment-108877\" class=\" wp-image-108875\" src=\"https:\/\/interamerica.org\/wp-content\/uploads\/2024\/01\/sculpture-untitled-1-14-1280-1024x640.jpg\" alt=\"\" width=\"850\" height=\"531\" srcset=\"https:\/\/interamerica.org\/wp-content\/uploads\/2024\/01\/sculpture-untitled-1-14-1280-1024x640.jpg 1024w, https:\/\/interamerica.org\/wp-content\/uploads\/2024\/01\/sculpture-untitled-1-14-1280-300x188.jpg 300w, https:\/\/interamerica.org\/wp-content\/uploads\/2024\/01\/sculpture-untitled-1-14-1280-768x480.jpg 768w, https:\/\/interamerica.org\/wp-content\/uploads\/2024\/01\/sculpture-untitled-1-14-1280.jpg 1280w\" sizes=\"(max-width: 850px) 100vw, 850px\" \/><p id=\"caption-attachment-108877\" class=\"wp-caption-text\">El escultor Victor Issa de pie junto a la escultura terminada en arcilla de \u201cMois\u00e9s, una Vida de Milagros\u201d, a ser develada en el mes de agosto durante el Camporee Internacional de Conquistadores 2024 Cree la Promesa. [Imagen: Victor Issa Studios]<\/p><\/div>\u201cHe deseado desde hace mucho tiempo crear una escultura de Mois\u00e9s\u201d, dijo el escultor Issa. \u201cCuando el director del camporee, Ron Whitehead, me invit\u00f3 a considerar la creaci\u00f3n de tal escultura, reflexion\u00e9 profundamente en cu\u00e1l ser\u00eda su enfoque, qu\u00e9 incluir y qu\u00e9 excluir. No fue una decisi\u00f3n f\u00e1cil.<\/p>\n<p>\u201cDeseaba realmente crear una obra de peso, que no solamente contara una historia, sino que invitara a los espectadores a meditar en la vastedad de la maravillosa vida de este hombre de Dios y en sus contribuciones\u201d, dijo el escultor Issa.<\/p>\n<p>La escultura capta la imagen de Mois\u00e9s en Monte Nebo, meditando en los milagros que definieron su profunda relaci\u00f3n con Dios. Le rodean escenas clave, incluyendo el hallazgo del beb\u00e9 Mois\u00e9s, el encuentro con la zarza ardiente, la poderosa confrontaci\u00f3n con Fara\u00f3n, la partici\u00f3n de las aguas del Mar Rojo y otras m\u00e1s. El objetivo del escultor Issa fue crear una pieza escultural que trascendiera simplemente la narraci\u00f3n de los hechos, animado a los observadores a meditar en la sobresaliente vida de Mois\u00e9s, quien pas\u00f3 mucho tiempo en comuni\u00f3n directa con Dios, anhelando fervientemente ver sin barreras el rostro de Dios; lo cual hace eco al humano deseo de ver a los seres amados.<\/p>\n<p><div id=\"attachment_108878\" style=\"width: 537px\" class=\"wp-caption aligncenter\"><img decoding=\"async\" aria-describedby=\"caption-attachment-108878\" class=\"wp-image-108878\" src=\"https:\/\/interamerica.org\/wp-content\/uploads\/2024\/01\/mosesr-sculpture-victorissa-683x1024.jpeg\" alt=\"\" width=\"527\" height=\"790\" srcset=\"https:\/\/interamerica.org\/wp-content\/uploads\/2024\/01\/mosesr-sculpture-victorissa-683x1024.jpeg 683w, https:\/\/interamerica.org\/wp-content\/uploads\/2024\/01\/mosesr-sculpture-victorissa-200x300.jpeg 200w, https:\/\/interamerica.org\/wp-content\/uploads\/2024\/01\/mosesr-sculpture-victorissa-768x1151.jpeg 768w, https:\/\/interamerica.org\/wp-content\/uploads\/2024\/01\/mosesr-sculpture-victorissa.jpeg 854w\" sizes=\"(max-width: 527px) 100vw, 527px\" \/><p id=\"caption-attachment-108878\" class=\"wp-caption-text\">El lado derecho de la escultura \u201cMois\u00e9s, una Vida de Milagros\u201d, con las dos escenas finales abajo. [Imagen: Victor Issa Studios]<\/p><\/div>\u201cDesde su infancia, hasta que cerrara sus ojos en el Monte Nebo, la historia de Mois\u00e9s est\u00e1 repleta de drama, acci\u00f3n, tragedia, celebraciones, milagros, eventos mundialmente transformadores y tremenda importancia hist\u00f3rica y espiritual\u201d, dijo el escultor Issa.<\/p>\n<p>Creado en su recientemente establecido estudio en Brighton, Colorado, la escultura constituye todo un testamento de su visi\u00f3n art\u00edstica y su dedicaci\u00f3n inquebrantable, El escultor Issa pas\u00f3 por numerosas desafiantes decisiones, asegur\u00e1ndose de una siempre cuidadosa consideraci\u00f3n y atenci\u00f3n al detalle.<\/p>\n<p>El escultor Issa, un destacado escultor de arte figurativo estadounidense, es celebrado por su peculiar habilidad de impartir vida al bronce con su distintivo estilo, \u201cCreaci\u00f3n de Bronce Viviente\u201d. Con m\u00e1s de 40 de experiencia profesional como escultor, sus obras han sido exhibidas por todo Estados Unidos desde 1985; y encuentran un lugar en colecciones mundiales p\u00fablicas y privadas. Es tambi\u00e9n un miembro electo de la prestigiosa organizaci\u00f3n Allied Artists of America.<\/p>\n<p>La <a href=\"https:\/\/www.nadadventist.org\/news\/victor-issa-unveils-clay-masterpiece-moses-life-miracles-set-amaze-august-2024-international\">versi\u00f3n original<\/a> de esta nota se public\u00f3 en el <a href=\"https:\/\/www.nadadventist.org\/news\">sitio de noticias<\/a> de la Divisi\u00f3n Norteamericana<\/p>\n<p>Traducci\u00f3n \u2013 Gloria A. Castrej\u00f3n<\/p>\n","protected":false},"excerpt":{"rendered":"<p>Obra de arte de Victor Issa a ser develada en el Camporee Internacional de Conquistadores 2024. 16 de enero de 2024 | Los \u00c1ngeles, California, Estados Unidos | Amanda Kent,&#8230;<\/p>\n","protected":false},"author":3,"featured_media":108874,"comment_status":"closed","ping_status":"closed","sticky":false,"template":"","format":"standard","meta":{"_acf_changed":false,"footnotes":""},"categories":[14,15],"tags":[],"class_list":["post-108912","post","type-post","status-publish","format-standard","has-post-thumbnail","hentry","category-de-la-iglesia-mundial","category-rss-espanol"],"acf":[],"yoast_head":"<!-- This site is optimized with the Yoast SEO plugin v27.3 - https:\/\/yoast.com\/product\/yoast-seo-wordpress\/ -->\n<title>Develaci\u00f3n de la escultura Mois\u00e9s, una Vida de Milagros - Iglesia Adventista del S\u00e9ptimo D\u00eda - Divisi\u00f3n Interamericana<\/title>\n<meta name=\"robots\" content=\"index, follow, max-snippet:-1, max-image-preview:large, max-video-preview:-1\" \/>\n<link rel=\"canonical\" href=\"https:\/\/interamerica.org\/es\/2024\/01\/develacion-de-la-escultura-moises-una-vida-de-milagros\/\" \/>\n<meta property=\"og:locale\" content=\"es_ES\" \/>\n<meta property=\"og:type\" content=\"article\" \/>\n<meta property=\"og:title\" content=\"Develaci\u00f3n de la escultura Mois\u00e9s, una Vida de Milagros - Iglesia Adventista del S\u00e9ptimo D\u00eda - Divisi\u00f3n Interamericana\" \/>\n<meta property=\"og:description\" content=\"Obra de arte de Victor Issa a ser develada en el Camporee Internacional de Conquistadores 2024. 16 de enero de 2024 | Los \u00c1ngeles, California, Estados Unidos | Amanda Kent,...\" \/>\n<meta property=\"og:url\" content=\"https:\/\/interamerica.org\/es\/2024\/01\/develacion-de-la-escultura-moises-una-vida-de-milagros\/\" \/>\n<meta property=\"og:site_name\" content=\"Iglesia Adventista del S\u00e9ptimo D\u00eda - Divisi\u00f3n Interamericana\" \/>\n<meta property=\"article:published_time\" content=\"2024-01-16T15:39:51+00:00\" \/>\n<meta property=\"article:modified_time\" content=\"2024-01-17T17:18:02+00:00\" \/>\n<meta property=\"og:image\" content=\"https:\/\/interamerica.org\/wp-content\/uploads\/2024\/01\/sculpture-untitled-1-14.png\" \/>\n\t<meta property=\"og:image:width\" content=\"1500\" \/>\n\t<meta property=\"og:image:height\" content=\"750\" \/>\n\t<meta property=\"og:image:type\" content=\"image\/png\" \/>\n<meta name=\"author\" content=\"libna\" \/>\n<meta name=\"twitter:card\" content=\"summary_large_image\" \/>\n<meta name=\"twitter:label1\" content=\"Escrito por\" \/>\n\t<meta name=\"twitter:data1\" content=\"libna\" \/>\n\t<meta name=\"twitter:label2\" content=\"Tiempo de lectura\" \/>\n\t<meta name=\"twitter:data2\" content=\"4 minutos\" \/>\n<script type=\"application\/ld+json\" class=\"yoast-schema-graph\">{\"@context\":\"https:\\\/\\\/schema.org\",\"@graph\":[{\"@type\":\"Article\",\"@id\":\"https:\\\/\\\/interamerica.org\\\/es\\\/2024\\\/01\\\/develacion-de-la-escultura-moises-una-vida-de-milagros\\\/#article\",\"isPartOf\":{\"@id\":\"https:\\\/\\\/interamerica.org\\\/es\\\/2024\\\/01\\\/develacion-de-la-escultura-moises-una-vida-de-milagros\\\/\"},\"author\":{\"name\":\"libna\",\"@id\":\"https:\\\/\\\/interamerica.org\\\/es\\\/#\\\/schema\\\/person\\\/29998f2bc2d8bd0d38662909289b54f1\"},\"headline\":\"Develaci\u00f3n de la escultura Mois\u00e9s, una Vida de Milagros\",\"datePublished\":\"2024-01-16T15:39:51+00:00\",\"dateModified\":\"2024-01-17T17:18:02+00:00\",\"mainEntityOfPage\":{\"@id\":\"https:\\\/\\\/interamerica.org\\\/es\\\/2024\\\/01\\\/develacion-de-la-escultura-moises-una-vida-de-milagros\\\/\"},\"wordCount\":691,\"image\":{\"@id\":\"https:\\\/\\\/interamerica.org\\\/es\\\/2024\\\/01\\\/develacion-de-la-escultura-moises-una-vida-de-milagros\\\/#primaryimage\"},\"thumbnailUrl\":\"https:\\\/\\\/interamerica.org\\\/wp-content\\\/uploads\\\/2024\\\/01\\\/sculpture-untitled-1-14.png\",\"articleSection\":[\"Desde la iglesia mundial\",\"RSS Espa\u00f1ol\"],\"inLanguage\":\"es\"},{\"@type\":\"WebPage\",\"@id\":\"https:\\\/\\\/interamerica.org\\\/es\\\/2024\\\/01\\\/develacion-de-la-escultura-moises-una-vida-de-milagros\\\/\",\"url\":\"https:\\\/\\\/interamerica.org\\\/es\\\/2024\\\/01\\\/develacion-de-la-escultura-moises-una-vida-de-milagros\\\/\",\"name\":\"Develaci\u00f3n de la escultura Mois\u00e9s, una Vida de Milagros - Iglesia Adventista del S\u00e9ptimo D\u00eda - Divisi\u00f3n Interamericana\",\"isPartOf\":{\"@id\":\"https:\\\/\\\/interamerica.org\\\/es\\\/#website\"},\"primaryImageOfPage\":{\"@id\":\"https:\\\/\\\/interamerica.org\\\/es\\\/2024\\\/01\\\/develacion-de-la-escultura-moises-una-vida-de-milagros\\\/#primaryimage\"},\"image\":{\"@id\":\"https:\\\/\\\/interamerica.org\\\/es\\\/2024\\\/01\\\/develacion-de-la-escultura-moises-una-vida-de-milagros\\\/#primaryimage\"},\"thumbnailUrl\":\"https:\\\/\\\/interamerica.org\\\/wp-content\\\/uploads\\\/2024\\\/01\\\/sculpture-untitled-1-14.png\",\"datePublished\":\"2024-01-16T15:39:51+00:00\",\"dateModified\":\"2024-01-17T17:18:02+00:00\",\"author\":{\"@id\":\"https:\\\/\\\/interamerica.org\\\/es\\\/#\\\/schema\\\/person\\\/29998f2bc2d8bd0d38662909289b54f1\"},\"breadcrumb\":{\"@id\":\"https:\\\/\\\/interamerica.org\\\/es\\\/2024\\\/01\\\/develacion-de-la-escultura-moises-una-vida-de-milagros\\\/#breadcrumb\"},\"inLanguage\":\"es\",\"potentialAction\":[{\"@type\":\"ReadAction\",\"target\":[\"https:\\\/\\\/interamerica.org\\\/es\\\/2024\\\/01\\\/develacion-de-la-escultura-moises-una-vida-de-milagros\\\/\"]}]},{\"@type\":\"ImageObject\",\"inLanguage\":\"es\",\"@id\":\"https:\\\/\\\/interamerica.org\\\/es\\\/2024\\\/01\\\/develacion-de-la-escultura-moises-una-vida-de-milagros\\\/#primaryimage\",\"url\":\"https:\\\/\\\/interamerica.org\\\/wp-content\\\/uploads\\\/2024\\\/01\\\/sculpture-untitled-1-14.png\",\"contentUrl\":\"https:\\\/\\\/interamerica.org\\\/wp-content\\\/uploads\\\/2024\\\/01\\\/sculpture-untitled-1-14.png\",\"width\":1500,\"height\":750,\"caption\":\"Sculptor Victor Issa stands with completed clay sculpture of \u201cMoses, A Life of Miracles,\u201d to be revealed in August during the 2024 Believe the Promise International Pathfinder Camporee. [Photo: Victor Issa Studios]\"},{\"@type\":\"BreadcrumbList\",\"@id\":\"https:\\\/\\\/interamerica.org\\\/es\\\/2024\\\/01\\\/develacion-de-la-escultura-moises-una-vida-de-milagros\\\/#breadcrumb\",\"itemListElement\":[{\"@type\":\"ListItem\",\"position\":1,\"name\":\"Home\",\"item\":\"https:\\\/\\\/interamerica.org\\\/es\\\/\"},{\"@type\":\"ListItem\",\"position\":2,\"name\":\"Develaci\u00f3n de la escultura Mois\u00e9s, una Vida de Milagros\"}]},{\"@type\":\"WebSite\",\"@id\":\"https:\\\/\\\/interamerica.org\\\/es\\\/#website\",\"url\":\"https:\\\/\\\/interamerica.org\\\/es\\\/\",\"name\":\"Iglesia Adventista del S\u00e9ptimo D\u00eda - Divisi\u00f3n Interamericana\",\"description\":\"\",\"potentialAction\":[{\"@type\":\"SearchAction\",\"target\":{\"@type\":\"EntryPoint\",\"urlTemplate\":\"https:\\\/\\\/interamerica.org\\\/es\\\/?s={search_term_string}\"},\"query-input\":{\"@type\":\"PropertyValueSpecification\",\"valueRequired\":true,\"valueName\":\"search_term_string\"}}],\"inLanguage\":\"es\"},{\"@type\":\"Person\",\"@id\":\"https:\\\/\\\/interamerica.org\\\/es\\\/#\\\/schema\\\/person\\\/29998f2bc2d8bd0d38662909289b54f1\",\"name\":\"libna\",\"image\":{\"@type\":\"ImageObject\",\"inLanguage\":\"es\",\"@id\":\"https:\\\/\\\/secure.gravatar.com\\\/avatar\\\/7c5bd30ae4b47a9ba3c856590957fd1d96dc588bf3ac05719d247e126840331f?s=96&d=mm&r=g\",\"url\":\"https:\\\/\\\/secure.gravatar.com\\\/avatar\\\/7c5bd30ae4b47a9ba3c856590957fd1d96dc588bf3ac05719d247e126840331f?s=96&d=mm&r=g\",\"contentUrl\":\"https:\\\/\\\/secure.gravatar.com\\\/avatar\\\/7c5bd30ae4b47a9ba3c856590957fd1d96dc588bf3ac05719d247e126840331f?s=96&d=mm&r=g\",\"caption\":\"libna\"}}]}<\/script>\n<!-- \/ Yoast SEO plugin. -->","yoast_head_json":{"title":"Develaci\u00f3n de la escultura Mois\u00e9s, una Vida de Milagros - Iglesia Adventista del S\u00e9ptimo D\u00eda - Divisi\u00f3n Interamericana","robots":{"index":"index","follow":"follow","max-snippet":"max-snippet:-1","max-image-preview":"max-image-preview:large","max-video-preview":"max-video-preview:-1"},"canonical":"https:\/\/interamerica.org\/es\/2024\/01\/develacion-de-la-escultura-moises-una-vida-de-milagros\/","og_locale":"es_ES","og_type":"article","og_title":"Develaci\u00f3n de la escultura Mois\u00e9s, una Vida de Milagros - Iglesia Adventista del S\u00e9ptimo D\u00eda - Divisi\u00f3n Interamericana","og_description":"Obra de arte de Victor Issa a ser develada en el Camporee Internacional de Conquistadores 2024. 16 de enero de 2024 | Los \u00c1ngeles, California, Estados Unidos | Amanda Kent,...","og_url":"https:\/\/interamerica.org\/es\/2024\/01\/develacion-de-la-escultura-moises-una-vida-de-milagros\/","og_site_name":"Iglesia Adventista del S\u00e9ptimo D\u00eda - Divisi\u00f3n Interamericana","article_published_time":"2024-01-16T15:39:51+00:00","article_modified_time":"2024-01-17T17:18:02+00:00","og_image":[{"width":1500,"height":750,"url":"https:\/\/interamerica.org\/wp-content\/uploads\/2024\/01\/sculpture-untitled-1-14.png","type":"image\/png"}],"author":"libna","twitter_card":"summary_large_image","twitter_misc":{"Escrito por":"libna","Tiempo de lectura":"4 minutos"},"schema":{"@context":"https:\/\/schema.org","@graph":[{"@type":"Article","@id":"https:\/\/interamerica.org\/es\/2024\/01\/develacion-de-la-escultura-moises-una-vida-de-milagros\/#article","isPartOf":{"@id":"https:\/\/interamerica.org\/es\/2024\/01\/develacion-de-la-escultura-moises-una-vida-de-milagros\/"},"author":{"name":"libna","@id":"https:\/\/interamerica.org\/es\/#\/schema\/person\/29998f2bc2d8bd0d38662909289b54f1"},"headline":"Develaci\u00f3n de la escultura Mois\u00e9s, una Vida de Milagros","datePublished":"2024-01-16T15:39:51+00:00","dateModified":"2024-01-17T17:18:02+00:00","mainEntityOfPage":{"@id":"https:\/\/interamerica.org\/es\/2024\/01\/develacion-de-la-escultura-moises-una-vida-de-milagros\/"},"wordCount":691,"image":{"@id":"https:\/\/interamerica.org\/es\/2024\/01\/develacion-de-la-escultura-moises-una-vida-de-milagros\/#primaryimage"},"thumbnailUrl":"https:\/\/interamerica.org\/wp-content\/uploads\/2024\/01\/sculpture-untitled-1-14.png","articleSection":["Desde la iglesia mundial","RSS Espa\u00f1ol"],"inLanguage":"es"},{"@type":"WebPage","@id":"https:\/\/interamerica.org\/es\/2024\/01\/develacion-de-la-escultura-moises-una-vida-de-milagros\/","url":"https:\/\/interamerica.org\/es\/2024\/01\/develacion-de-la-escultura-moises-una-vida-de-milagros\/","name":"Develaci\u00f3n de la escultura Mois\u00e9s, una Vida de Milagros - Iglesia Adventista del S\u00e9ptimo D\u00eda - Divisi\u00f3n Interamericana","isPartOf":{"@id":"https:\/\/interamerica.org\/es\/#website"},"primaryImageOfPage":{"@id":"https:\/\/interamerica.org\/es\/2024\/01\/develacion-de-la-escultura-moises-una-vida-de-milagros\/#primaryimage"},"image":{"@id":"https:\/\/interamerica.org\/es\/2024\/01\/develacion-de-la-escultura-moises-una-vida-de-milagros\/#primaryimage"},"thumbnailUrl":"https:\/\/interamerica.org\/wp-content\/uploads\/2024\/01\/sculpture-untitled-1-14.png","datePublished":"2024-01-16T15:39:51+00:00","dateModified":"2024-01-17T17:18:02+00:00","author":{"@id":"https:\/\/interamerica.org\/es\/#\/schema\/person\/29998f2bc2d8bd0d38662909289b54f1"},"breadcrumb":{"@id":"https:\/\/interamerica.org\/es\/2024\/01\/develacion-de-la-escultura-moises-una-vida-de-milagros\/#breadcrumb"},"inLanguage":"es","potentialAction":[{"@type":"ReadAction","target":["https:\/\/interamerica.org\/es\/2024\/01\/develacion-de-la-escultura-moises-una-vida-de-milagros\/"]}]},{"@type":"ImageObject","inLanguage":"es","@id":"https:\/\/interamerica.org\/es\/2024\/01\/develacion-de-la-escultura-moises-una-vida-de-milagros\/#primaryimage","url":"https:\/\/interamerica.org\/wp-content\/uploads\/2024\/01\/sculpture-untitled-1-14.png","contentUrl":"https:\/\/interamerica.org\/wp-content\/uploads\/2024\/01\/sculpture-untitled-1-14.png","width":1500,"height":750,"caption":"Sculptor Victor Issa stands with completed clay sculpture of \u201cMoses, A Life of Miracles,\u201d to be revealed in August during the 2024 Believe the Promise International Pathfinder Camporee. [Photo: Victor Issa Studios]"},{"@type":"BreadcrumbList","@id":"https:\/\/interamerica.org\/es\/2024\/01\/develacion-de-la-escultura-moises-una-vida-de-milagros\/#breadcrumb","itemListElement":[{"@type":"ListItem","position":1,"name":"Home","item":"https:\/\/interamerica.org\/es\/"},{"@type":"ListItem","position":2,"name":"Develaci\u00f3n de la escultura Mois\u00e9s, una Vida de Milagros"}]},{"@type":"WebSite","@id":"https:\/\/interamerica.org\/es\/#website","url":"https:\/\/interamerica.org\/es\/","name":"Iglesia Adventista del S\u00e9ptimo D\u00eda - Divisi\u00f3n Interamericana","description":"","potentialAction":[{"@type":"SearchAction","target":{"@type":"EntryPoint","urlTemplate":"https:\/\/interamerica.org\/es\/?s={search_term_string}"},"query-input":{"@type":"PropertyValueSpecification","valueRequired":true,"valueName":"search_term_string"}}],"inLanguage":"es"},{"@type":"Person","@id":"https:\/\/interamerica.org\/es\/#\/schema\/person\/29998f2bc2d8bd0d38662909289b54f1","name":"libna","image":{"@type":"ImageObject","inLanguage":"es","@id":"https:\/\/secure.gravatar.com\/avatar\/7c5bd30ae4b47a9ba3c856590957fd1d96dc588bf3ac05719d247e126840331f?s=96&d=mm&r=g","url":"https:\/\/secure.gravatar.com\/avatar\/7c5bd30ae4b47a9ba3c856590957fd1d96dc588bf3ac05719d247e126840331f?s=96&d=mm&r=g","contentUrl":"https:\/\/secure.gravatar.com\/avatar\/7c5bd30ae4b47a9ba3c856590957fd1d96dc588bf3ac05719d247e126840331f?s=96&d=mm&r=g","caption":"libna"}}]}},"_links":{"self":[{"href":"https:\/\/interamerica.org\/es\/wp-json\/wp\/v2\/posts\/108912","targetHints":{"allow":["GET"]}}],"collection":[{"href":"https:\/\/interamerica.org\/es\/wp-json\/wp\/v2\/posts"}],"about":[{"href":"https:\/\/interamerica.org\/es\/wp-json\/wp\/v2\/types\/post"}],"author":[{"embeddable":true,"href":"https:\/\/interamerica.org\/es\/wp-json\/wp\/v2\/users\/3"}],"replies":[{"embeddable":true,"href":"https:\/\/interamerica.org\/es\/wp-json\/wp\/v2\/comments?post=108912"}],"version-history":[{"count":0,"href":"https:\/\/interamerica.org\/es\/wp-json\/wp\/v2\/posts\/108912\/revisions"}],"wp:featuredmedia":[{"embeddable":true,"href":"https:\/\/interamerica.org\/es\/wp-json\/wp\/v2\/media\/108874"}],"wp:attachment":[{"href":"https:\/\/interamerica.org\/es\/wp-json\/wp\/v2\/media?parent=108912"}],"wp:term":[{"taxonomy":"category","embeddable":true,"href":"https:\/\/interamerica.org\/es\/wp-json\/wp\/v2\/categories?post=108912"},{"taxonomy":"post_tag","embeddable":true,"href":"https:\/\/interamerica.org\/es\/wp-json\/wp\/v2\/tags?post=108912"}],"curies":[{"name":"wp","href":"https:\/\/api.w.org\/{rel}","templated":true}]}}