{"id":10892,"date":"2007-02-23T00:00:00","date_gmt":"2007-02-23T04:00:00","guid":{"rendered":"http:\/\/192.81.217.108\/interamerica\/2007\/02\/reino-unido-adventistas-se-unen-a-lideres-de-otros-credos-contra-crimenes-con-armas-de-fuego\/"},"modified":"2017-06-02T09:12:18","modified_gmt":"2017-06-02T13:12:18","slug":"reino-unido-adventistas-se-unen-a-lideres-de-otros-credos-contra-crimenes-con-armas-de-fuego","status":"publish","type":"post","link":"https:\/\/interamerica.org\/es\/2007\/02\/reino-unido-adventistas-se-unen-a-lideres-de-otros-credos-contra-crimenes-con-armas-de-fuego\/","title":{"rendered":"Reino Unido: Adventistas se Unen a L\u00edderes de Otros Credos Contra Cr\u00edmenes con Armas de Fuego"},"content":{"rendered":"<p>23 de febrero 23, 2007 Londres, Reino Unido &#8230;. [BUC News\/Alianza Evang\u00e9lica\/Personal de ANN] <\/p>\n<p>Representantes de la Federaci\u00f3n de J\u00f3venes Adventistas del S\u00e9ptimo D\u00eda y otros adventistas del sur de Londres estuvieron entre cerca de 2,000 cristianos y otros londinenses que se unieron en marcha por dos distritos de Londres plagados por una ola de disparos fatales. <\/p>\n<p>La marcha a antorcha encendida desde <em >Peckham Square a Windrus Square <\/em >en Brixton, el 22 de febrero, le sigue a cinco asesinatos en el \u00e1rea en el \u00faltimo mes y ocurrieron el mismo d\u00eda que el Primer Ministro de Inglaterra, Tony Blair, llev\u00f3 realiz\u00f3 una cumbre gubernamental  con ministros, la polic\u00eda y otros expertos sobre cr\u00edmenes a mano armada. <\/p>\n<p>La marcha fue organizada por la Coalici\u00f3n de las Iglesias de Color y otros l\u00edderes cristianos, y fue respaldada por la oficina del alcalde de Londres y el Servicio Metropolitano de la Polic\u00eda. <\/p>\n<p>Uno de los l\u00edderes de la marcha fue el pastor Les Isaac, quien lidera la Ascension Trust Street Pastor Initiative (Iniciativa Pastoral Ascenci\u00f3n de Trust Street) &#8211; un programa que organiza a cientos de pastores voluntarios por todo el pa\u00eds quienes hablan a los j\u00f3venes en las calles por las noches. <\/p>\n<p>\u00abNos han hablado padres sobre j\u00f3venes que van a la escuela con chalecos a prueba de bala\u00bb, dice Isaac. \u00abEstoy marchando porque se espera que la iglesia debe estar haciendo algo, [que \u00e9sta] debe identificarse con aquellos que lloran. Tambi\u00e9n deber\u00edan encontrar una soluci\u00f3n, una forma de avanzar para sacar a nuestros j\u00f3venes de este atolladero\u00bb. <\/p>\n<p>Los adventistas est\u00e1n igualmente activos en este proceso. En las \u00faltimas dos semanas, tanto la <em >British Broadcasting Company<\/em > y <em >Sky News<\/em > han entrevistado a Samantha Robinson, vicepresidenta de la Federaci\u00f3n Juvenil Londinense, respecto a sus iniciativas sobre cr\u00edmenes con armas de fuego. El 16 de diciembre y, tambi\u00e9n, el 6 de enero, la federaci\u00f3n lider\u00f3 en una \u00abManifestaci\u00f3n Anti-asesinatos con Armas de Fuego\u00bb en las iglesias de Brixton y Balham. <\/p>\n<p>La Federaci\u00f3n trabaja ahora hacia la producci\u00f3n de un disco DVD contra el crimen con armas de fuego para ser usado en las escuelas y est\u00e1 planeando una manifestaci\u00f3n al aire libre durante el verano.  <\/p>\n<p>Mientras, la iglesia adventista en Manchester \u2018s Moss Side, contin\u00faa trabajando con los j\u00f3venes que son vulnerables a la cultura ganguista. <\/p>\n<p>El pastor Michael Simpson all\u00e1, ha lanzado \u00abThe Way\u00bb (el camino), una iglesia y centro de acercamiento enfocado en las necesidades de jovencitos y sus familiares. \u00abHasta cierto grado, la antigua estructura de la ganga ha cedido\u00bb, dijo Simson en un programa noticioso local. Si el armado es m\u00e1s joven, existe una falta de control y prop\u00f3sito, que es m\u00e1s una expresi\u00f3n de frustraciones de la adolescencia. Pero en lugar de usar los pu\u00f1os, usan armas. Estos j\u00f3venes est\u00e1n desligados de la sociedad convencional\u00bb. <\/p>\n<p>Simpson cree que la presencia adventista puede marcar una diferencia. Igual cree Sam Gungaloo, dirigente juvenil en la iglesia adventista de Ballham. Pero, Gungaloo solicita a\u00fan m\u00e1s acci\u00f3n por parte de la comunidad. \u00abAsistimos a eventos s\u00e1bado tras s\u00e1bado &#8230;pero tambi\u00e9n tenemos la responsabilidad de embarcarnos en una misi\u00f3n encaminando las almas extraviadas all\u00e1 fuera. Cuando transit\u00f3 por esta tierra, Jes\u00fas emple\u00f3 el tiempo apropiado en la sinagoga, pero su misi\u00f3n era con la gente fuera de la sinagoga\u00bb. <\/p>\n<p><strong >Derechos Reservados (R) 2007 por Adventist News Network. <br  \/><\/strong ><\/p>\n","protected":false},"excerpt":{"rendered":"<p>Representantes de la Federaci\u00f3n de J\u00f3venes Adventistas del S\u00e9ptimo D\u00eda y otros adventistas del sur de Londres estuvieron entre cerca de 2,000 cristianos y otros londinenses que se unieron en marcha por dos distritos de Londres<\/p>\n","protected":false},"author":1,"featured_media":0,"comment_status":"closed","ping_status":"closed","sticky":false,"template":"","format":"standard","meta":{"_acf_changed":false,"footnotes":""},"categories":[8],"tags":[],"class_list":["post-10892","post","type-post","status-publish","format-standard","hentry","category-archivo"],"acf":[],"yoast_head":"<!-- This site is optimized with the Yoast SEO plugin v27.3 - https:\/\/yoast.com\/product\/yoast-seo-wordpress\/ -->\n<title>Reino Unido: Adventistas se Unen a L\u00edderes de Otros Credos Contra Cr\u00edmenes con Armas de Fuego - Iglesia Adventista del S\u00e9ptimo D\u00eda - Divisi\u00f3n Interamericana<\/title>\n<meta name=\"robots\" content=\"index, follow, max-snippet:-1, max-image-preview:large, max-video-preview:-1\" \/>\n<link rel=\"canonical\" href=\"https:\/\/interamerica.org\/es\/2007\/02\/reino-unido-adventistas-se-unen-a-lideres-de-otros-credos-contra-crimenes-con-armas-de-fuego\/\" \/>\n<meta property=\"og:locale\" content=\"es_ES\" \/>\n<meta property=\"og:type\" content=\"article\" \/>\n<meta property=\"og:title\" content=\"Reino Unido: Adventistas se Unen a L\u00edderes de Otros Credos Contra Cr\u00edmenes con Armas de Fuego - Iglesia Adventista del S\u00e9ptimo D\u00eda - Divisi\u00f3n Interamericana\" \/>\n<meta property=\"og:description\" content=\"Representantes de la Federaci\u00f3n de J\u00f3venes Adventistas del S\u00e9ptimo D\u00eda y otros adventistas del sur de Londres estuvieron entre cerca de 2,000 cristianos y otros londinenses que se unieron en marcha por dos distritos de Londres\" \/>\n<meta property=\"og:url\" content=\"https:\/\/interamerica.org\/es\/2007\/02\/reino-unido-adventistas-se-unen-a-lideres-de-otros-credos-contra-crimenes-con-armas-de-fuego\/\" \/>\n<meta property=\"og:site_name\" content=\"Iglesia Adventista del S\u00e9ptimo D\u00eda - Divisi\u00f3n Interamericana\" \/>\n<meta property=\"article:published_time\" content=\"2007-02-23T04:00:00+00:00\" \/>\n<meta property=\"article:modified_time\" content=\"2017-06-02T13:12:18+00:00\" \/>\n<meta name=\"author\" content=\"Lorenzo Verduzco\" \/>\n<meta name=\"twitter:card\" content=\"summary_large_image\" \/>\n<meta name=\"twitter:label1\" content=\"Escrito por\" \/>\n\t<meta name=\"twitter:data1\" content=\"Lorenzo Verduzco\" \/>\n\t<meta name=\"twitter:label2\" content=\"Tiempo de lectura\" \/>\n\t<meta name=\"twitter:data2\" content=\"3 minutos\" \/>\n<script type=\"application\/ld+json\" class=\"yoast-schema-graph\">{\"@context\":\"https:\\\/\\\/schema.org\",\"@graph\":[{\"@type\":\"Article\",\"@id\":\"https:\\\/\\\/interamerica.org\\\/es\\\/2007\\\/02\\\/reino-unido-adventistas-se-unen-a-lideres-de-otros-credos-contra-crimenes-con-armas-de-fuego\\\/#article\",\"isPartOf\":{\"@id\":\"https:\\\/\\\/interamerica.org\\\/es\\\/2007\\\/02\\\/reino-unido-adventistas-se-unen-a-lideres-de-otros-credos-contra-crimenes-con-armas-de-fuego\\\/\"},\"author\":{\"name\":\"Lorenzo Verduzco\",\"@id\":\"https:\\\/\\\/interamerica.org\\\/es\\\/#\\\/schema\\\/person\\\/68ede8bdc292885bb76c1e3810e73c39\"},\"headline\":\"Reino Unido: Adventistas se Unen a L\u00edderes de Otros Credos Contra Cr\u00edmenes con Armas de Fuego\",\"datePublished\":\"2007-02-23T04:00:00+00:00\",\"dateModified\":\"2017-06-02T13:12:18+00:00\",\"mainEntityOfPage\":{\"@id\":\"https:\\\/\\\/interamerica.org\\\/es\\\/2007\\\/02\\\/reino-unido-adventistas-se-unen-a-lideres-de-otros-credos-contra-crimenes-con-armas-de-fuego\\\/\"},\"wordCount\":611,\"articleSection\":[\"Archivo\"],\"inLanguage\":\"es\"},{\"@type\":\"WebPage\",\"@id\":\"https:\\\/\\\/interamerica.org\\\/es\\\/2007\\\/02\\\/reino-unido-adventistas-se-unen-a-lideres-de-otros-credos-contra-crimenes-con-armas-de-fuego\\\/\",\"url\":\"https:\\\/\\\/interamerica.org\\\/es\\\/2007\\\/02\\\/reino-unido-adventistas-se-unen-a-lideres-de-otros-credos-contra-crimenes-con-armas-de-fuego\\\/\",\"name\":\"Reino Unido: Adventistas se Unen a L\u00edderes de Otros Credos Contra Cr\u00edmenes con Armas de Fuego - Iglesia Adventista del S\u00e9ptimo D\u00eda - Divisi\u00f3n Interamericana\",\"isPartOf\":{\"@id\":\"https:\\\/\\\/interamerica.org\\\/es\\\/#website\"},\"datePublished\":\"2007-02-23T04:00:00+00:00\",\"dateModified\":\"2017-06-02T13:12:18+00:00\",\"author\":{\"@id\":\"https:\\\/\\\/interamerica.org\\\/es\\\/#\\\/schema\\\/person\\\/68ede8bdc292885bb76c1e3810e73c39\"},\"breadcrumb\":{\"@id\":\"https:\\\/\\\/interamerica.org\\\/es\\\/2007\\\/02\\\/reino-unido-adventistas-se-unen-a-lideres-de-otros-credos-contra-crimenes-con-armas-de-fuego\\\/#breadcrumb\"},\"inLanguage\":\"es\",\"potentialAction\":[{\"@type\":\"ReadAction\",\"target\":[\"https:\\\/\\\/interamerica.org\\\/es\\\/2007\\\/02\\\/reino-unido-adventistas-se-unen-a-lideres-de-otros-credos-contra-crimenes-con-armas-de-fuego\\\/\"]}]},{\"@type\":\"BreadcrumbList\",\"@id\":\"https:\\\/\\\/interamerica.org\\\/es\\\/2007\\\/02\\\/reino-unido-adventistas-se-unen-a-lideres-de-otros-credos-contra-crimenes-con-armas-de-fuego\\\/#breadcrumb\",\"itemListElement\":[{\"@type\":\"ListItem\",\"position\":1,\"name\":\"Home\",\"item\":\"https:\\\/\\\/interamerica.org\\\/es\\\/\"},{\"@type\":\"ListItem\",\"position\":2,\"name\":\"Reino Unido: Adventistas se Unen a L\u00edderes de Otros Credos Contra Cr\u00edmenes con Armas de Fuego\"}]},{\"@type\":\"WebSite\",\"@id\":\"https:\\\/\\\/interamerica.org\\\/es\\\/#website\",\"url\":\"https:\\\/\\\/interamerica.org\\\/es\\\/\",\"name\":\"Iglesia Adventista del S\u00e9ptimo D\u00eda - Divisi\u00f3n Interamericana\",\"description\":\"\",\"potentialAction\":[{\"@type\":\"SearchAction\",\"target\":{\"@type\":\"EntryPoint\",\"urlTemplate\":\"https:\\\/\\\/interamerica.org\\\/es\\\/?s={search_term_string}\"},\"query-input\":{\"@type\":\"PropertyValueSpecification\",\"valueRequired\":true,\"valueName\":\"search_term_string\"}}],\"inLanguage\":\"es\"},{\"@type\":\"Person\",\"@id\":\"https:\\\/\\\/interamerica.org\\\/es\\\/#\\\/schema\\\/person\\\/68ede8bdc292885bb76c1e3810e73c39\",\"name\":\"Lorenzo Verduzco\",\"image\":{\"@type\":\"ImageObject\",\"inLanguage\":\"es\",\"@id\":\"https:\\\/\\\/secure.gravatar.com\\\/avatar\\\/fb81a55b6218459490a9c1dc841a34909185b81904c5337b4b27f7a6fd60c49e?s=96&d=mm&r=g\",\"url\":\"https:\\\/\\\/secure.gravatar.com\\\/avatar\\\/fb81a55b6218459490a9c1dc841a34909185b81904c5337b4b27f7a6fd60c49e?s=96&d=mm&r=g\",\"contentUrl\":\"https:\\\/\\\/secure.gravatar.com\\\/avatar\\\/fb81a55b6218459490a9c1dc841a34909185b81904c5337b4b27f7a6fd60c49e?s=96&d=mm&r=g\",\"caption\":\"Lorenzo Verduzco\"}}]}<\/script>\n<!-- \/ Yoast SEO plugin. -->","yoast_head_json":{"title":"Reino Unido: Adventistas se Unen a L\u00edderes de Otros Credos Contra Cr\u00edmenes con Armas de Fuego - Iglesia Adventista del S\u00e9ptimo D\u00eda - Divisi\u00f3n Interamericana","robots":{"index":"index","follow":"follow","max-snippet":"max-snippet:-1","max-image-preview":"max-image-preview:large","max-video-preview":"max-video-preview:-1"},"canonical":"https:\/\/interamerica.org\/es\/2007\/02\/reino-unido-adventistas-se-unen-a-lideres-de-otros-credos-contra-crimenes-con-armas-de-fuego\/","og_locale":"es_ES","og_type":"article","og_title":"Reino Unido: Adventistas se Unen a L\u00edderes de Otros Credos Contra Cr\u00edmenes con Armas de Fuego - Iglesia Adventista del S\u00e9ptimo D\u00eda - Divisi\u00f3n Interamericana","og_description":"Representantes de la Federaci\u00f3n de J\u00f3venes Adventistas del S\u00e9ptimo D\u00eda y otros adventistas del sur de Londres estuvieron entre cerca de 2,000 cristianos y otros londinenses que se unieron en marcha por dos distritos de Londres","og_url":"https:\/\/interamerica.org\/es\/2007\/02\/reino-unido-adventistas-se-unen-a-lideres-de-otros-credos-contra-crimenes-con-armas-de-fuego\/","og_site_name":"Iglesia Adventista del S\u00e9ptimo D\u00eda - Divisi\u00f3n Interamericana","article_published_time":"2007-02-23T04:00:00+00:00","article_modified_time":"2017-06-02T13:12:18+00:00","author":"Lorenzo Verduzco","twitter_card":"summary_large_image","twitter_misc":{"Escrito por":"Lorenzo Verduzco","Tiempo de lectura":"3 minutos"},"schema":{"@context":"https:\/\/schema.org","@graph":[{"@type":"Article","@id":"https:\/\/interamerica.org\/es\/2007\/02\/reino-unido-adventistas-se-unen-a-lideres-de-otros-credos-contra-crimenes-con-armas-de-fuego\/#article","isPartOf":{"@id":"https:\/\/interamerica.org\/es\/2007\/02\/reino-unido-adventistas-se-unen-a-lideres-de-otros-credos-contra-crimenes-con-armas-de-fuego\/"},"author":{"name":"Lorenzo Verduzco","@id":"https:\/\/interamerica.org\/es\/#\/schema\/person\/68ede8bdc292885bb76c1e3810e73c39"},"headline":"Reino Unido: Adventistas se Unen a L\u00edderes de Otros Credos Contra Cr\u00edmenes con Armas de Fuego","datePublished":"2007-02-23T04:00:00+00:00","dateModified":"2017-06-02T13:12:18+00:00","mainEntityOfPage":{"@id":"https:\/\/interamerica.org\/es\/2007\/02\/reino-unido-adventistas-se-unen-a-lideres-de-otros-credos-contra-crimenes-con-armas-de-fuego\/"},"wordCount":611,"articleSection":["Archivo"],"inLanguage":"es"},{"@type":"WebPage","@id":"https:\/\/interamerica.org\/es\/2007\/02\/reino-unido-adventistas-se-unen-a-lideres-de-otros-credos-contra-crimenes-con-armas-de-fuego\/","url":"https:\/\/interamerica.org\/es\/2007\/02\/reino-unido-adventistas-se-unen-a-lideres-de-otros-credos-contra-crimenes-con-armas-de-fuego\/","name":"Reino Unido: Adventistas se Unen a L\u00edderes de Otros Credos Contra Cr\u00edmenes con Armas de Fuego - Iglesia Adventista del S\u00e9ptimo D\u00eda - Divisi\u00f3n Interamericana","isPartOf":{"@id":"https:\/\/interamerica.org\/es\/#website"},"datePublished":"2007-02-23T04:00:00+00:00","dateModified":"2017-06-02T13:12:18+00:00","author":{"@id":"https:\/\/interamerica.org\/es\/#\/schema\/person\/68ede8bdc292885bb76c1e3810e73c39"},"breadcrumb":{"@id":"https:\/\/interamerica.org\/es\/2007\/02\/reino-unido-adventistas-se-unen-a-lideres-de-otros-credos-contra-crimenes-con-armas-de-fuego\/#breadcrumb"},"inLanguage":"es","potentialAction":[{"@type":"ReadAction","target":["https:\/\/interamerica.org\/es\/2007\/02\/reino-unido-adventistas-se-unen-a-lideres-de-otros-credos-contra-crimenes-con-armas-de-fuego\/"]}]},{"@type":"BreadcrumbList","@id":"https:\/\/interamerica.org\/es\/2007\/02\/reino-unido-adventistas-se-unen-a-lideres-de-otros-credos-contra-crimenes-con-armas-de-fuego\/#breadcrumb","itemListElement":[{"@type":"ListItem","position":1,"name":"Home","item":"https:\/\/interamerica.org\/es\/"},{"@type":"ListItem","position":2,"name":"Reino Unido: Adventistas se Unen a L\u00edderes de Otros Credos Contra Cr\u00edmenes con Armas de Fuego"}]},{"@type":"WebSite","@id":"https:\/\/interamerica.org\/es\/#website","url":"https:\/\/interamerica.org\/es\/","name":"Iglesia Adventista del S\u00e9ptimo D\u00eda - Divisi\u00f3n Interamericana","description":"","potentialAction":[{"@type":"SearchAction","target":{"@type":"EntryPoint","urlTemplate":"https:\/\/interamerica.org\/es\/?s={search_term_string}"},"query-input":{"@type":"PropertyValueSpecification","valueRequired":true,"valueName":"search_term_string"}}],"inLanguage":"es"},{"@type":"Person","@id":"https:\/\/interamerica.org\/es\/#\/schema\/person\/68ede8bdc292885bb76c1e3810e73c39","name":"Lorenzo Verduzco","image":{"@type":"ImageObject","inLanguage":"es","@id":"https:\/\/secure.gravatar.com\/avatar\/fb81a55b6218459490a9c1dc841a34909185b81904c5337b4b27f7a6fd60c49e?s=96&d=mm&r=g","url":"https:\/\/secure.gravatar.com\/avatar\/fb81a55b6218459490a9c1dc841a34909185b81904c5337b4b27f7a6fd60c49e?s=96&d=mm&r=g","contentUrl":"https:\/\/secure.gravatar.com\/avatar\/fb81a55b6218459490a9c1dc841a34909185b81904c5337b4b27f7a6fd60c49e?s=96&d=mm&r=g","caption":"Lorenzo Verduzco"}}]}},"_links":{"self":[{"href":"https:\/\/interamerica.org\/es\/wp-json\/wp\/v2\/posts\/10892","targetHints":{"allow":["GET"]}}],"collection":[{"href":"https:\/\/interamerica.org\/es\/wp-json\/wp\/v2\/posts"}],"about":[{"href":"https:\/\/interamerica.org\/es\/wp-json\/wp\/v2\/types\/post"}],"author":[{"embeddable":true,"href":"https:\/\/interamerica.org\/es\/wp-json\/wp\/v2\/users\/1"}],"replies":[{"embeddable":true,"href":"https:\/\/interamerica.org\/es\/wp-json\/wp\/v2\/comments?post=10892"}],"version-history":[{"count":0,"href":"https:\/\/interamerica.org\/es\/wp-json\/wp\/v2\/posts\/10892\/revisions"}],"wp:attachment":[{"href":"https:\/\/interamerica.org\/es\/wp-json\/wp\/v2\/media?parent=10892"}],"wp:term":[{"taxonomy":"category","embeddable":true,"href":"https:\/\/interamerica.org\/es\/wp-json\/wp\/v2\/categories?post=10892"},{"taxonomy":"post_tag","embeddable":true,"href":"https:\/\/interamerica.org\/es\/wp-json\/wp\/v2\/tags?post=10892"}],"curies":[{"name":"wp","href":"https:\/\/api.w.org\/{rel}","templated":true}]}}