{"id":10893,"date":"2007-02-27T00:00:00","date_gmt":"2007-02-27T04:00:00","guid":{"rendered":"http:\/\/192.81.217.108\/interamerica\/2007\/02\/estados-unidos-documental-el-septimo-dia-debuta-en-hope-channel-esperanza-tv\/"},"modified":"2017-06-02T09:12:17","modified_gmt":"2017-06-02T13:12:17","slug":"estados-unidos-documental-el-septimo-dia-debuta-en-hope-channel-esperanza-tv","status":"publish","type":"post","link":"https:\/\/interamerica.org\/es\/2007\/02\/estados-unidos-documental-el-septimo-dia-debuta-en-hope-channel-esperanza-tv\/","title":{"rendered":"Estados Unidos: Documental El S\u00e9ptimo D\u00eda Debuta en Hope Channel (Esperanza TV)"},"content":{"rendered":"<p>27 de febrero de 2007, Silver Spring, Maryland, Estados Unidos&#8230;[Hope Channel\/ANN] <\/p>\n<p><em >El S\u00e9ptimo D\u00eda: Revelaciones de las Extraviadas P\u00e1ginas de la Historia<\/em >, una serie documental de cinco partes que rastrea la historia del s\u00e9ptimo d\u00eda s\u00e1bado desde las revolucionarias ense\u00f1anzas de Jes\u00fas hasta la observancia sab\u00e1tica de los revolucionarios <em >Taiping de la China<\/em > del siglo XIX, se transmitir\u00e1 en la red oficial de televisi\u00f3n de la iglesia, Hope Channel (Esperanza TV), comenzando el 6 de abril de 2007. <\/p>\n<p>Producida por LLT Productions con sede al norte de California, <em >El S\u00e9ptimo D\u00eda<\/em > es auspiciado por Hal Holbrook y presenta entrevistas con unos 50 eruditos de las comunidades cat\u00f3lica, jud\u00eda, ortodoxa y cristiana. <\/p>\n<p>A pesar de que el \u00e1ngulo hist\u00f3rico, confirmador de lo que creemos, es apreciado por adventistas, escritores y el productor asociado Jim Wood, dice \u00e9l que, \u00e9l y otros en el proyecto, tienen en mente la audiencia televidente general. <\/p>\n<p><em >\u00abEl S\u00e9ptimo D\u00eda <\/em >est\u00e1 dise\u00f1ado para generar preguntas en la mente de las personas que siempre han dado por sentado que el domingo es el s\u00e1bado b\u00edblico\u00bb. <\/p>\n<p>Mucho del material en <em >El S\u00e9ptimo D\u00eda <\/em >est\u00e1 basado en extensa investigaci\u00f3n por el ya fallecido James Arrabito, quien estuvo viajando por el mundo durante tres a\u00f1os para rastrear evidencia de la observancia historica del s\u00e1bado. <\/p>\n<p>Para las horas de transmisi\u00f3n <em >de El S\u00e9ptimo D\u00eda<\/em >, visite <a  href=\"http:\/\/www.hopetv.org\/\">www.hopetv.org<\/a >. Para conocer m\u00e1s sobre la serie, visite <a  href=\"http:\/\/www.the7thday.org\/\">www.the7thday.org<\/a >   <\/p><\/p>\n","protected":false},"excerpt":{"rendered":"<p>El S\u00e9ptimo D\u00eda: Revelaciones de las Extraviadas P\u00e1ginas de la Historia, una serie documental de cinco partes que rastrea la historia del s\u00e9ptimo d\u00eda s\u00e1bado desde las revolucionarias ense\u00f1anzas&#8230;<\/p>\n","protected":false},"author":1,"featured_media":0,"comment_status":"closed","ping_status":"closed","sticky":false,"template":"","format":"standard","meta":{"_acf_changed":false,"footnotes":""},"categories":[8],"tags":[],"class_list":["post-10893","post","type-post","status-publish","format-standard","hentry","category-archivo"],"acf":[],"yoast_head":"<!-- This site is optimized with the Yoast SEO plugin v27.3 - https:\/\/yoast.com\/product\/yoast-seo-wordpress\/ -->\n<title>Estados Unidos: Documental El S\u00e9ptimo D\u00eda Debuta en Hope Channel (Esperanza TV) - Iglesia Adventista del S\u00e9ptimo D\u00eda - Divisi\u00f3n Interamericana<\/title>\n<meta name=\"robots\" content=\"index, follow, max-snippet:-1, max-image-preview:large, max-video-preview:-1\" \/>\n<link rel=\"canonical\" href=\"https:\/\/interamerica.org\/es\/2007\/02\/estados-unidos-documental-el-septimo-dia-debuta-en-hope-channel-esperanza-tv\/\" \/>\n<meta property=\"og:locale\" content=\"es_ES\" \/>\n<meta property=\"og:type\" content=\"article\" \/>\n<meta property=\"og:title\" content=\"Estados Unidos: Documental El S\u00e9ptimo D\u00eda Debuta en Hope Channel (Esperanza TV) - Iglesia Adventista del S\u00e9ptimo D\u00eda - Divisi\u00f3n Interamericana\" \/>\n<meta property=\"og:description\" content=\"El S\u00e9ptimo D\u00eda: Revelaciones de las Extraviadas P\u00e1ginas de la Historia, una serie documental de cinco partes que rastrea la historia del s\u00e9ptimo d\u00eda s\u00e1bado desde las revolucionarias ense\u00f1anzas...\" \/>\n<meta property=\"og:url\" content=\"https:\/\/interamerica.org\/es\/2007\/02\/estados-unidos-documental-el-septimo-dia-debuta-en-hope-channel-esperanza-tv\/\" \/>\n<meta property=\"og:site_name\" content=\"Iglesia Adventista del S\u00e9ptimo D\u00eda - Divisi\u00f3n Interamericana\" \/>\n<meta property=\"article:published_time\" content=\"2007-02-27T04:00:00+00:00\" \/>\n<meta property=\"article:modified_time\" content=\"2017-06-02T13:12:17+00:00\" \/>\n<meta name=\"author\" content=\"Lorenzo Verduzco\" \/>\n<meta name=\"twitter:card\" content=\"summary_large_image\" \/>\n<meta name=\"twitter:label1\" content=\"Escrito por\" \/>\n\t<meta name=\"twitter:data1\" content=\"Lorenzo Verduzco\" \/>\n\t<meta name=\"twitter:label2\" content=\"Tiempo de lectura\" \/>\n\t<meta name=\"twitter:data2\" content=\"1 minuto\" \/>\n<script type=\"application\/ld+json\" class=\"yoast-schema-graph\">{\"@context\":\"https:\\\/\\\/schema.org\",\"@graph\":[{\"@type\":\"Article\",\"@id\":\"https:\\\/\\\/interamerica.org\\\/es\\\/2007\\\/02\\\/estados-unidos-documental-el-septimo-dia-debuta-en-hope-channel-esperanza-tv\\\/#article\",\"isPartOf\":{\"@id\":\"https:\\\/\\\/interamerica.org\\\/es\\\/2007\\\/02\\\/estados-unidos-documental-el-septimo-dia-debuta-en-hope-channel-esperanza-tv\\\/\"},\"author\":{\"name\":\"Lorenzo Verduzco\",\"@id\":\"https:\\\/\\\/interamerica.org\\\/es\\\/#\\\/schema\\\/person\\\/68ede8bdc292885bb76c1e3810e73c39\"},\"headline\":\"Estados Unidos: Documental El S\u00e9ptimo D\u00eda Debuta en Hope Channel (Esperanza TV)\",\"datePublished\":\"2007-02-27T04:00:00+00:00\",\"dateModified\":\"2017-06-02T13:12:17+00:00\",\"mainEntityOfPage\":{\"@id\":\"https:\\\/\\\/interamerica.org\\\/es\\\/2007\\\/02\\\/estados-unidos-documental-el-septimo-dia-debuta-en-hope-channel-esperanza-tv\\\/\"},\"wordCount\":277,\"articleSection\":[\"Archivo\"],\"inLanguage\":\"es\"},{\"@type\":\"WebPage\",\"@id\":\"https:\\\/\\\/interamerica.org\\\/es\\\/2007\\\/02\\\/estados-unidos-documental-el-septimo-dia-debuta-en-hope-channel-esperanza-tv\\\/\",\"url\":\"https:\\\/\\\/interamerica.org\\\/es\\\/2007\\\/02\\\/estados-unidos-documental-el-septimo-dia-debuta-en-hope-channel-esperanza-tv\\\/\",\"name\":\"Estados Unidos: Documental El S\u00e9ptimo D\u00eda Debuta en Hope Channel (Esperanza TV) - Iglesia Adventista del S\u00e9ptimo D\u00eda - Divisi\u00f3n Interamericana\",\"isPartOf\":{\"@id\":\"https:\\\/\\\/interamerica.org\\\/es\\\/#website\"},\"datePublished\":\"2007-02-27T04:00:00+00:00\",\"dateModified\":\"2017-06-02T13:12:17+00:00\",\"author\":{\"@id\":\"https:\\\/\\\/interamerica.org\\\/es\\\/#\\\/schema\\\/person\\\/68ede8bdc292885bb76c1e3810e73c39\"},\"breadcrumb\":{\"@id\":\"https:\\\/\\\/interamerica.org\\\/es\\\/2007\\\/02\\\/estados-unidos-documental-el-septimo-dia-debuta-en-hope-channel-esperanza-tv\\\/#breadcrumb\"},\"inLanguage\":\"es\",\"potentialAction\":[{\"@type\":\"ReadAction\",\"target\":[\"https:\\\/\\\/interamerica.org\\\/es\\\/2007\\\/02\\\/estados-unidos-documental-el-septimo-dia-debuta-en-hope-channel-esperanza-tv\\\/\"]}]},{\"@type\":\"BreadcrumbList\",\"@id\":\"https:\\\/\\\/interamerica.org\\\/es\\\/2007\\\/02\\\/estados-unidos-documental-el-septimo-dia-debuta-en-hope-channel-esperanza-tv\\\/#breadcrumb\",\"itemListElement\":[{\"@type\":\"ListItem\",\"position\":1,\"name\":\"Home\",\"item\":\"https:\\\/\\\/interamerica.org\\\/es\\\/\"},{\"@type\":\"ListItem\",\"position\":2,\"name\":\"Estados Unidos: Documental El S\u00e9ptimo D\u00eda Debuta en Hope Channel (Esperanza TV)\"}]},{\"@type\":\"WebSite\",\"@id\":\"https:\\\/\\\/interamerica.org\\\/es\\\/#website\",\"url\":\"https:\\\/\\\/interamerica.org\\\/es\\\/\",\"name\":\"Iglesia Adventista del S\u00e9ptimo D\u00eda - Divisi\u00f3n Interamericana\",\"description\":\"\",\"potentialAction\":[{\"@type\":\"SearchAction\",\"target\":{\"@type\":\"EntryPoint\",\"urlTemplate\":\"https:\\\/\\\/interamerica.org\\\/es\\\/?s={search_term_string}\"},\"query-input\":{\"@type\":\"PropertyValueSpecification\",\"valueRequired\":true,\"valueName\":\"search_term_string\"}}],\"inLanguage\":\"es\"},{\"@type\":\"Person\",\"@id\":\"https:\\\/\\\/interamerica.org\\\/es\\\/#\\\/schema\\\/person\\\/68ede8bdc292885bb76c1e3810e73c39\",\"name\":\"Lorenzo Verduzco\",\"image\":{\"@type\":\"ImageObject\",\"inLanguage\":\"es\",\"@id\":\"https:\\\/\\\/secure.gravatar.com\\\/avatar\\\/fb81a55b6218459490a9c1dc841a34909185b81904c5337b4b27f7a6fd60c49e?s=96&d=mm&r=g\",\"url\":\"https:\\\/\\\/secure.gravatar.com\\\/avatar\\\/fb81a55b6218459490a9c1dc841a34909185b81904c5337b4b27f7a6fd60c49e?s=96&d=mm&r=g\",\"contentUrl\":\"https:\\\/\\\/secure.gravatar.com\\\/avatar\\\/fb81a55b6218459490a9c1dc841a34909185b81904c5337b4b27f7a6fd60c49e?s=96&d=mm&r=g\",\"caption\":\"Lorenzo Verduzco\"}}]}<\/script>\n<!-- \/ Yoast SEO plugin. -->","yoast_head_json":{"title":"Estados Unidos: Documental El S\u00e9ptimo D\u00eda Debuta en Hope Channel (Esperanza TV) - Iglesia Adventista del S\u00e9ptimo D\u00eda - Divisi\u00f3n Interamericana","robots":{"index":"index","follow":"follow","max-snippet":"max-snippet:-1","max-image-preview":"max-image-preview:large","max-video-preview":"max-video-preview:-1"},"canonical":"https:\/\/interamerica.org\/es\/2007\/02\/estados-unidos-documental-el-septimo-dia-debuta-en-hope-channel-esperanza-tv\/","og_locale":"es_ES","og_type":"article","og_title":"Estados Unidos: Documental El S\u00e9ptimo D\u00eda Debuta en Hope Channel (Esperanza TV) - Iglesia Adventista del S\u00e9ptimo D\u00eda - Divisi\u00f3n Interamericana","og_description":"El S\u00e9ptimo D\u00eda: Revelaciones de las Extraviadas P\u00e1ginas de la Historia, una serie documental de cinco partes que rastrea la historia del s\u00e9ptimo d\u00eda s\u00e1bado desde las revolucionarias ense\u00f1anzas...","og_url":"https:\/\/interamerica.org\/es\/2007\/02\/estados-unidos-documental-el-septimo-dia-debuta-en-hope-channel-esperanza-tv\/","og_site_name":"Iglesia Adventista del S\u00e9ptimo D\u00eda - Divisi\u00f3n Interamericana","article_published_time":"2007-02-27T04:00:00+00:00","article_modified_time":"2017-06-02T13:12:17+00:00","author":"Lorenzo Verduzco","twitter_card":"summary_large_image","twitter_misc":{"Escrito por":"Lorenzo Verduzco","Tiempo de lectura":"1 minuto"},"schema":{"@context":"https:\/\/schema.org","@graph":[{"@type":"Article","@id":"https:\/\/interamerica.org\/es\/2007\/02\/estados-unidos-documental-el-septimo-dia-debuta-en-hope-channel-esperanza-tv\/#article","isPartOf":{"@id":"https:\/\/interamerica.org\/es\/2007\/02\/estados-unidos-documental-el-septimo-dia-debuta-en-hope-channel-esperanza-tv\/"},"author":{"name":"Lorenzo Verduzco","@id":"https:\/\/interamerica.org\/es\/#\/schema\/person\/68ede8bdc292885bb76c1e3810e73c39"},"headline":"Estados Unidos: Documental El S\u00e9ptimo D\u00eda Debuta en Hope Channel (Esperanza TV)","datePublished":"2007-02-27T04:00:00+00:00","dateModified":"2017-06-02T13:12:17+00:00","mainEntityOfPage":{"@id":"https:\/\/interamerica.org\/es\/2007\/02\/estados-unidos-documental-el-septimo-dia-debuta-en-hope-channel-esperanza-tv\/"},"wordCount":277,"articleSection":["Archivo"],"inLanguage":"es"},{"@type":"WebPage","@id":"https:\/\/interamerica.org\/es\/2007\/02\/estados-unidos-documental-el-septimo-dia-debuta-en-hope-channel-esperanza-tv\/","url":"https:\/\/interamerica.org\/es\/2007\/02\/estados-unidos-documental-el-septimo-dia-debuta-en-hope-channel-esperanza-tv\/","name":"Estados Unidos: Documental El S\u00e9ptimo D\u00eda Debuta en Hope Channel (Esperanza TV) - Iglesia Adventista del S\u00e9ptimo D\u00eda - Divisi\u00f3n Interamericana","isPartOf":{"@id":"https:\/\/interamerica.org\/es\/#website"},"datePublished":"2007-02-27T04:00:00+00:00","dateModified":"2017-06-02T13:12:17+00:00","author":{"@id":"https:\/\/interamerica.org\/es\/#\/schema\/person\/68ede8bdc292885bb76c1e3810e73c39"},"breadcrumb":{"@id":"https:\/\/interamerica.org\/es\/2007\/02\/estados-unidos-documental-el-septimo-dia-debuta-en-hope-channel-esperanza-tv\/#breadcrumb"},"inLanguage":"es","potentialAction":[{"@type":"ReadAction","target":["https:\/\/interamerica.org\/es\/2007\/02\/estados-unidos-documental-el-septimo-dia-debuta-en-hope-channel-esperanza-tv\/"]}]},{"@type":"BreadcrumbList","@id":"https:\/\/interamerica.org\/es\/2007\/02\/estados-unidos-documental-el-septimo-dia-debuta-en-hope-channel-esperanza-tv\/#breadcrumb","itemListElement":[{"@type":"ListItem","position":1,"name":"Home","item":"https:\/\/interamerica.org\/es\/"},{"@type":"ListItem","position":2,"name":"Estados Unidos: Documental El S\u00e9ptimo D\u00eda Debuta en Hope Channel (Esperanza TV)"}]},{"@type":"WebSite","@id":"https:\/\/interamerica.org\/es\/#website","url":"https:\/\/interamerica.org\/es\/","name":"Iglesia Adventista del S\u00e9ptimo D\u00eda - Divisi\u00f3n Interamericana","description":"","potentialAction":[{"@type":"SearchAction","target":{"@type":"EntryPoint","urlTemplate":"https:\/\/interamerica.org\/es\/?s={search_term_string}"},"query-input":{"@type":"PropertyValueSpecification","valueRequired":true,"valueName":"search_term_string"}}],"inLanguage":"es"},{"@type":"Person","@id":"https:\/\/interamerica.org\/es\/#\/schema\/person\/68ede8bdc292885bb76c1e3810e73c39","name":"Lorenzo Verduzco","image":{"@type":"ImageObject","inLanguage":"es","@id":"https:\/\/secure.gravatar.com\/avatar\/fb81a55b6218459490a9c1dc841a34909185b81904c5337b4b27f7a6fd60c49e?s=96&d=mm&r=g","url":"https:\/\/secure.gravatar.com\/avatar\/fb81a55b6218459490a9c1dc841a34909185b81904c5337b4b27f7a6fd60c49e?s=96&d=mm&r=g","contentUrl":"https:\/\/secure.gravatar.com\/avatar\/fb81a55b6218459490a9c1dc841a34909185b81904c5337b4b27f7a6fd60c49e?s=96&d=mm&r=g","caption":"Lorenzo Verduzco"}}]}},"_links":{"self":[{"href":"https:\/\/interamerica.org\/es\/wp-json\/wp\/v2\/posts\/10893","targetHints":{"allow":["GET"]}}],"collection":[{"href":"https:\/\/interamerica.org\/es\/wp-json\/wp\/v2\/posts"}],"about":[{"href":"https:\/\/interamerica.org\/es\/wp-json\/wp\/v2\/types\/post"}],"author":[{"embeddable":true,"href":"https:\/\/interamerica.org\/es\/wp-json\/wp\/v2\/users\/1"}],"replies":[{"embeddable":true,"href":"https:\/\/interamerica.org\/es\/wp-json\/wp\/v2\/comments?post=10893"}],"version-history":[{"count":0,"href":"https:\/\/interamerica.org\/es\/wp-json\/wp\/v2\/posts\/10893\/revisions"}],"wp:attachment":[{"href":"https:\/\/interamerica.org\/es\/wp-json\/wp\/v2\/media?parent=10893"}],"wp:term":[{"taxonomy":"category","embeddable":true,"href":"https:\/\/interamerica.org\/es\/wp-json\/wp\/v2\/categories?post=10893"},{"taxonomy":"post_tag","embeddable":true,"href":"https:\/\/interamerica.org\/es\/wp-json\/wp\/v2\/tags?post=10893"}],"curies":[{"name":"wp","href":"https:\/\/api.w.org\/{rel}","templated":true}]}}