{"id":10894,"date":"2007-02-21T00:00:00","date_gmt":"2007-02-21T04:00:00","guid":{"rendered":"http:\/\/192.81.217.108\/interamerica\/2007\/02\/interamerica-comunicadores-se-reunen-para-establecer-comision-de-medios-de-comunicacion-para-la-dia\/"},"modified":"2017-06-02T09:12:19","modified_gmt":"2017-06-02T13:12:19","slug":"interamerica-comunicadores-se-reunen-para-establecer-comision-de-medios-de-comunicacion-para-la-dia","status":"publish","type":"post","link":"https:\/\/interamerica.org\/es\/2007\/02\/interamerica-comunicadores-se-reunen-para-establecer-comision-de-medios-de-comunicacion-para-la-dia\/","title":{"rendered":"Interam\u00e9rica: Comunicadores se re\u00fanen para establecer comisi\u00f3n de medios de comunicaci\u00f3n para la DIA"},"content":{"rendered":"<p>Miami, Florida, Estados Unidos\u2026[Libna Stevens\/DIA] <\/p>\n<p>Por m\u00e1s de 50 a\u00f1os, comunicar las buenas nuevas de la salvaci\u00f3n en Cristo Jes\u00fas ha estado en el coraz\u00f3n de la misi\u00f3n de la Iglesia Adventista del S\u00e9ptimo D\u00eda, una iglesia que ha pasado de ser un grupo de creyentes hasta tener m\u00e1s de 14 millones de miembros. El mensaje adventista se ha difundido a trav\u00e9s de la palabra escrita y programas de radio y televisi\u00f3n, y, actualmente, ministerios de transmisi\u00f3n por sat\u00e9lite y por Internet, son capaces de difundir las buenas nuevas a\u00fan m\u00e1s distante. <\/p>\n<p>Cuando su membres\u00eda se acerca a los 3 millones, la Divisi\u00f3n Interamericana (DIA) ha hecho del aprovechamiento, tanto de las tecnolog\u00edas tradicionales como de las nuevas, una de sus prioridades principales, impulsando a los miembros de iglesia l\u00edderes a trav\u00e9s del territorio, para reorganizar un concilio especial a fin de coordinar y unificar las estaciones de radio y los ministerios de producci\u00f3n de televisi\u00f3n a lo largo y ancho de la DIA. La primera reuni\u00f3n del concilio, efectuada al principio de este mes, reuni\u00f3 m\u00e1s de 50 directores de comunicaci\u00f3n de la DIA, administradores de estaciones de radio y personal de producci\u00f3n de televisi\u00f3n, para buscar mejores caminos para mejorar sus habilidades, trabajar juntos en red e incrementar el uso de los recursos disponibles. <\/p>\n<p>\u201cLa reuni\u00f3n era necesaria porque tenemos una cantidad de entidades de transmisi\u00f3n que est\u00e1n funcionando b\u00e1sicamente en aislamiento las unas de las otras, de modo que esta reuni\u00f3n las unifica para que podamos lograr m\u00e1s con lo que est\u00e1 siendo invertido en nuestra transmisi\u00f3n del evangelio\u00bb, dijo el pastor Leon B. Wellington, vicepresidente y director de comunicaci\u00f3n para la iglesia en Interam\u00e9rica. <\/p>\n<p>Una de las principales preocupaciones manejadas en el concilio fue la unificaci\u00f3n del mensaje y la b\u00fasqueda de una manera de ayudar a las estaciones que est\u00e1n batallando, para que se vuelvan financieramente m\u00e1s s\u00f3lidas. <\/p>\n<p>Se hicieron presentaciones sobre adherirse a los principios y las ense\u00f1anzas adventistas en la transmisi\u00f3n, y se record\u00f3 sobre la funci\u00f3n que cumple Adventist World Radio (Radio Mundial Adventista) en el proceso de alcanzar a miles de millones de personas en un \u00e1rea desde \u00c1frica del Norte y el Medio Oriente, hasta Asia y el Pac\u00edfico. Estas presentaciones fueron dirigidas espec\u00edficamente a administradores de estaciones de radio pertenecientes a la iglesia y de propiedad privada a lo largo y ancho de la DIA. <\/p>\n<p>Un elemento importante durante la agenda del concilio fue espec\u00edfico en relaci\u00f3n con el pr\u00f3ximo evento satelital <em >Pentecost and More<\/em > (Pentecost\u00e9s y m\u00e1s), de Interam\u00e9rica, para celebrar el acercamiento a la feligres\u00eda de tres millones de personas, el 24 de marzo. A los comunicadores de cada territorio de uni\u00f3n se les explic\u00f3 brevemente sobre la evaluaci\u00f3n de la descarga del enlace satelital, y su funci\u00f3n en sus sitios locales para la transmisi\u00f3n en vivo de los grandes bautismos. <\/p>\n<p>Tambi\u00e9n se ofreci\u00f3 un taller pr\u00e1ctico sobre producci\u00f3n de televisi\u00f3n, estilo de entrevista en estudio, hasta los fundamentos de manejo de c\u00e1mara para producci\u00f3n con c\u00e1maras m\u00faltiples. <\/p>\n<p>Los comunicadores recibieron retoques sobre el uso del logotipo oficial de la iglesia, orientaciones para sitios Web adventista, consejos sobre equipar estudios de comunicaci\u00f3n, y nuevos medios de comunicaci\u00f3n a trav\u00e9s del uso de registros Web (\u201cblogs\u201d) y discusi\u00f3n en l\u00ednea. <\/p>\n<p>A los participantes se les dio la oportunidad de informar sobre el progreso a trav\u00e9s de la tecnolog\u00eda de las comunicaciones y sus entidades de transmisi\u00f3n. <\/p>\n<p>Como resultado del concilio, fue formada la Comisi\u00f3n de Medios de Comunicaci\u00f3n de la Divisi\u00f3n Interamericana, y se estableci\u00f3 un grupo de orientaciones para gobernar la comisi\u00f3n. Adem\u00e1s de los miembros del departamento de Comunicaci\u00f3n de la DIA, entre los miembros aprobados estuvieron: <\/p>\n<p>Presidente: Silvestre Gonz\u00e1lez, de la Uni\u00f3n Dominicana. <\/p>\n<p>Vicepresidentes: Nigel Coke, de la Uni\u00f3n de las Indias Occidentales, y Daniel Lassonier, de la Uni\u00f3n de las Antillas Francesas. <\/p>\n<p>Secretario: Rodolfo Escobar, de la Uni\u00f3n Venezolana Antillana <\/p>\n<p>Tesorero: Marloon Moodie, de la Uni\u00f3n Centroamericana del Sur <\/p>\n<p>Miembros: Abel M\u00e1rquez, de la Universidad de Montemorelos, y Tania Francois-Haugrin de Martinica. <\/p>\n<p>Entre sus objetivos y prop\u00f3sitos, la comisi\u00f3n facilitar\u00e1 \u201coportunidades de entrenamiento grupal y en l\u00ednea para el personal t\u00e9cnico y administrativo, motivar a las entidades y los productores a crear y compartir nuevos programas, proyectar ideas y recursos, desarrollar un grupo de est\u00e1ndares y lineamientos de programa, proveer un foro para la discusi\u00f3n, desarrollo de programa, intercambio de programa, trabajo en red, consecuci\u00f3n de fondos y compartir informaci\u00f3n sobre medios m\u00e1s eficientes y efectivos para alcanzar objetivos establecidos por los medios m\u00e1s rentables\u00bb. <\/p>\n<p>Muchos comunicadores vieron los beneficios del trabajo en red y de reunirse, y expresaron algunos de los desaf\u00edos que ellos enfrentan. <\/p>\n<p>\u201cPienso que es una idea maravillosa que como comunicadores podamos establecer lazos de colaboraci\u00f3n y comunicaci\u00f3n, no s\u00f3lo una vez al a\u00f1o, sino que pienso que es una grandiosa opci\u00f3n usar tecnolog\u00eda como grupos de Internet, blogs y semejantes, para comunicarnos los unos con los otros, y aprender unos de otros\u00bb, dijo Abel M\u00e1rquez, quien fue uno de los presentadores de seminarios, y dirige el departamento de comunicaci\u00f3n en la Universidad de Montemorelos, en M\u00e9xico. <\/p>\n<p>\u201cEste fue un entrenamiento muy bueno, pues aprendimos cosas pr\u00e1cticas como el uso de un blog, c\u00f3mo manejar una c\u00e1mara, c\u00f3mo hacer un programa de televisi\u00f3n, cosas que necesitamos compartir unos con otros de modo que juntos podamos sentirnos apoyados y parte de una familia\u00bb, comparti\u00f3 Rodolfo Escobar, director de comunicaci\u00f3n para la Uni\u00f3n Venezolana Antillana. <\/p>\n<p>Jorge D\u00edaz, del Centro de Producci\u00f3n de la Universidad Adventista de Colombia, estaba agradecido por la oportunidad de participar en el concilio, pero tambi\u00e9n apel\u00f3 al liderazgo de la iglesia para que apoye con recursos humanos y financieros. <\/p>\n<p>\u201cPienso que es muy importante que la Divisi\u00f3n trabaje con nosotros para ejercitar aspectos pr\u00e1cticos de las producciones\u2026 Porque tenemos algunos proyectos que necesitamos terminar, y podemos trabajar juntos y esencialmente beneficiarnos mutuamente a lo largo y ancho del territorio\u00bb, dijo D\u00edaz. <\/p>\n<p>Trabajar juntos es lo que los comunicadores esperan que se vea reflejado durante los meses y a\u00f1os siguientes, mientras unen fuerzas para comunicar el amor y la esperanza de Dios en todo el territorio de la DIA, y en el mundo. <\/p>\n","protected":false},"excerpt":{"rendered":"<p>Comunicar las buenas nuevas de la salvaci\u00f3n en Cristo Jes\u00fas ha estado en el coraz\u00f3n de la misi\u00f3n de la Iglesia Adventista del S\u00e9ptimo D\u00eda por m\u00e1s de 50 a\u00f1os&#8230;<\/p>\n","protected":false},"author":1,"featured_media":0,"comment_status":"closed","ping_status":"closed","sticky":false,"template":"","format":"standard","meta":{"_acf_changed":false,"footnotes":""},"categories":[8],"tags":[],"class_list":["post-10894","post","type-post","status-publish","format-standard","hentry","category-archivo"],"acf":[],"yoast_head":"<!-- This site is optimized with the Yoast SEO plugin v27.3 - https:\/\/yoast.com\/product\/yoast-seo-wordpress\/ -->\n<title>Interam\u00e9rica: Comunicadores se re\u00fanen para establecer comisi\u00f3n de medios de comunicaci\u00f3n para la DIA - Iglesia Adventista del S\u00e9ptimo D\u00eda - Divisi\u00f3n Interamericana<\/title>\n<meta name=\"robots\" content=\"index, follow, max-snippet:-1, max-image-preview:large, max-video-preview:-1\" \/>\n<link rel=\"canonical\" href=\"https:\/\/interamerica.org\/es\/2007\/02\/interamerica-comunicadores-se-reunen-para-establecer-comision-de-medios-de-comunicacion-para-la-dia\/\" \/>\n<meta property=\"og:locale\" content=\"es_ES\" \/>\n<meta property=\"og:type\" content=\"article\" \/>\n<meta property=\"og:title\" content=\"Interam\u00e9rica: Comunicadores se re\u00fanen para establecer comisi\u00f3n de medios de comunicaci\u00f3n para la DIA - Iglesia Adventista del S\u00e9ptimo D\u00eda - Divisi\u00f3n Interamericana\" \/>\n<meta property=\"og:description\" content=\"Comunicar las buenas nuevas de la salvaci\u00f3n en Cristo Jes\u00fas ha estado en el coraz\u00f3n de la misi\u00f3n de la Iglesia Adventista del S\u00e9ptimo D\u00eda por m\u00e1s de 50 a\u00f1os...\" \/>\n<meta property=\"og:url\" content=\"https:\/\/interamerica.org\/es\/2007\/02\/interamerica-comunicadores-se-reunen-para-establecer-comision-de-medios-de-comunicacion-para-la-dia\/\" \/>\n<meta property=\"og:site_name\" content=\"Iglesia Adventista del S\u00e9ptimo D\u00eda - Divisi\u00f3n Interamericana\" \/>\n<meta property=\"article:published_time\" content=\"2007-02-21T04:00:00+00:00\" \/>\n<meta property=\"article:modified_time\" content=\"2017-06-02T13:12:19+00:00\" \/>\n<meta name=\"author\" content=\"Lorenzo Verduzco\" \/>\n<meta name=\"twitter:card\" content=\"summary_large_image\" \/>\n<meta name=\"twitter:label1\" content=\"Escrito por\" \/>\n\t<meta name=\"twitter:data1\" content=\"Lorenzo Verduzco\" \/>\n\t<meta name=\"twitter:label2\" content=\"Tiempo de lectura\" \/>\n\t<meta name=\"twitter:data2\" content=\"6 minutos\" \/>\n<script type=\"application\/ld+json\" class=\"yoast-schema-graph\">{\"@context\":\"https:\\\/\\\/schema.org\",\"@graph\":[{\"@type\":\"Article\",\"@id\":\"https:\\\/\\\/interamerica.org\\\/es\\\/2007\\\/02\\\/interamerica-comunicadores-se-reunen-para-establecer-comision-de-medios-de-comunicacion-para-la-dia\\\/#article\",\"isPartOf\":{\"@id\":\"https:\\\/\\\/interamerica.org\\\/es\\\/2007\\\/02\\\/interamerica-comunicadores-se-reunen-para-establecer-comision-de-medios-de-comunicacion-para-la-dia\\\/\"},\"author\":{\"name\":\"Lorenzo Verduzco\",\"@id\":\"https:\\\/\\\/interamerica.org\\\/es\\\/#\\\/schema\\\/person\\\/68ede8bdc292885bb76c1e3810e73c39\"},\"headline\":\"Interam\u00e9rica: Comunicadores se re\u00fanen para establecer comisi\u00f3n de medios de comunicaci\u00f3n para la DIA\",\"datePublished\":\"2007-02-21T04:00:00+00:00\",\"dateModified\":\"2017-06-02T13:12:19+00:00\",\"mainEntityOfPage\":{\"@id\":\"https:\\\/\\\/interamerica.org\\\/es\\\/2007\\\/02\\\/interamerica-comunicadores-se-reunen-para-establecer-comision-de-medios-de-comunicacion-para-la-dia\\\/\"},\"wordCount\":1159,\"articleSection\":[\"Archivo\"],\"inLanguage\":\"es\"},{\"@type\":\"WebPage\",\"@id\":\"https:\\\/\\\/interamerica.org\\\/es\\\/2007\\\/02\\\/interamerica-comunicadores-se-reunen-para-establecer-comision-de-medios-de-comunicacion-para-la-dia\\\/\",\"url\":\"https:\\\/\\\/interamerica.org\\\/es\\\/2007\\\/02\\\/interamerica-comunicadores-se-reunen-para-establecer-comision-de-medios-de-comunicacion-para-la-dia\\\/\",\"name\":\"Interam\u00e9rica: Comunicadores se re\u00fanen para establecer comisi\u00f3n de medios de comunicaci\u00f3n para la DIA - Iglesia Adventista del S\u00e9ptimo D\u00eda - Divisi\u00f3n Interamericana\",\"isPartOf\":{\"@id\":\"https:\\\/\\\/interamerica.org\\\/es\\\/#website\"},\"datePublished\":\"2007-02-21T04:00:00+00:00\",\"dateModified\":\"2017-06-02T13:12:19+00:00\",\"author\":{\"@id\":\"https:\\\/\\\/interamerica.org\\\/es\\\/#\\\/schema\\\/person\\\/68ede8bdc292885bb76c1e3810e73c39\"},\"breadcrumb\":{\"@id\":\"https:\\\/\\\/interamerica.org\\\/es\\\/2007\\\/02\\\/interamerica-comunicadores-se-reunen-para-establecer-comision-de-medios-de-comunicacion-para-la-dia\\\/#breadcrumb\"},\"inLanguage\":\"es\",\"potentialAction\":[{\"@type\":\"ReadAction\",\"target\":[\"https:\\\/\\\/interamerica.org\\\/es\\\/2007\\\/02\\\/interamerica-comunicadores-se-reunen-para-establecer-comision-de-medios-de-comunicacion-para-la-dia\\\/\"]}]},{\"@type\":\"BreadcrumbList\",\"@id\":\"https:\\\/\\\/interamerica.org\\\/es\\\/2007\\\/02\\\/interamerica-comunicadores-se-reunen-para-establecer-comision-de-medios-de-comunicacion-para-la-dia\\\/#breadcrumb\",\"itemListElement\":[{\"@type\":\"ListItem\",\"position\":1,\"name\":\"Home\",\"item\":\"https:\\\/\\\/interamerica.org\\\/es\\\/\"},{\"@type\":\"ListItem\",\"position\":2,\"name\":\"Interam\u00e9rica: Comunicadores se re\u00fanen para establecer comisi\u00f3n de medios de comunicaci\u00f3n para la DIA\"}]},{\"@type\":\"WebSite\",\"@id\":\"https:\\\/\\\/interamerica.org\\\/es\\\/#website\",\"url\":\"https:\\\/\\\/interamerica.org\\\/es\\\/\",\"name\":\"Iglesia Adventista del S\u00e9ptimo D\u00eda - Divisi\u00f3n Interamericana\",\"description\":\"\",\"potentialAction\":[{\"@type\":\"SearchAction\",\"target\":{\"@type\":\"EntryPoint\",\"urlTemplate\":\"https:\\\/\\\/interamerica.org\\\/es\\\/?s={search_term_string}\"},\"query-input\":{\"@type\":\"PropertyValueSpecification\",\"valueRequired\":true,\"valueName\":\"search_term_string\"}}],\"inLanguage\":\"es\"},{\"@type\":\"Person\",\"@id\":\"https:\\\/\\\/interamerica.org\\\/es\\\/#\\\/schema\\\/person\\\/68ede8bdc292885bb76c1e3810e73c39\",\"name\":\"Lorenzo Verduzco\",\"image\":{\"@type\":\"ImageObject\",\"inLanguage\":\"es\",\"@id\":\"https:\\\/\\\/secure.gravatar.com\\\/avatar\\\/fb81a55b6218459490a9c1dc841a34909185b81904c5337b4b27f7a6fd60c49e?s=96&d=mm&r=g\",\"url\":\"https:\\\/\\\/secure.gravatar.com\\\/avatar\\\/fb81a55b6218459490a9c1dc841a34909185b81904c5337b4b27f7a6fd60c49e?s=96&d=mm&r=g\",\"contentUrl\":\"https:\\\/\\\/secure.gravatar.com\\\/avatar\\\/fb81a55b6218459490a9c1dc841a34909185b81904c5337b4b27f7a6fd60c49e?s=96&d=mm&r=g\",\"caption\":\"Lorenzo Verduzco\"}}]}<\/script>\n<!-- \/ Yoast SEO plugin. -->","yoast_head_json":{"title":"Interam\u00e9rica: Comunicadores se re\u00fanen para establecer comisi\u00f3n de medios de comunicaci\u00f3n para la DIA - Iglesia Adventista del S\u00e9ptimo D\u00eda - Divisi\u00f3n Interamericana","robots":{"index":"index","follow":"follow","max-snippet":"max-snippet:-1","max-image-preview":"max-image-preview:large","max-video-preview":"max-video-preview:-1"},"canonical":"https:\/\/interamerica.org\/es\/2007\/02\/interamerica-comunicadores-se-reunen-para-establecer-comision-de-medios-de-comunicacion-para-la-dia\/","og_locale":"es_ES","og_type":"article","og_title":"Interam\u00e9rica: Comunicadores se re\u00fanen para establecer comisi\u00f3n de medios de comunicaci\u00f3n para la DIA - Iglesia Adventista del S\u00e9ptimo D\u00eda - Divisi\u00f3n Interamericana","og_description":"Comunicar las buenas nuevas de la salvaci\u00f3n en Cristo Jes\u00fas ha estado en el coraz\u00f3n de la misi\u00f3n de la Iglesia Adventista del S\u00e9ptimo D\u00eda por m\u00e1s de 50 a\u00f1os...","og_url":"https:\/\/interamerica.org\/es\/2007\/02\/interamerica-comunicadores-se-reunen-para-establecer-comision-de-medios-de-comunicacion-para-la-dia\/","og_site_name":"Iglesia Adventista del S\u00e9ptimo D\u00eda - Divisi\u00f3n Interamericana","article_published_time":"2007-02-21T04:00:00+00:00","article_modified_time":"2017-06-02T13:12:19+00:00","author":"Lorenzo Verduzco","twitter_card":"summary_large_image","twitter_misc":{"Escrito por":"Lorenzo Verduzco","Tiempo de lectura":"6 minutos"},"schema":{"@context":"https:\/\/schema.org","@graph":[{"@type":"Article","@id":"https:\/\/interamerica.org\/es\/2007\/02\/interamerica-comunicadores-se-reunen-para-establecer-comision-de-medios-de-comunicacion-para-la-dia\/#article","isPartOf":{"@id":"https:\/\/interamerica.org\/es\/2007\/02\/interamerica-comunicadores-se-reunen-para-establecer-comision-de-medios-de-comunicacion-para-la-dia\/"},"author":{"name":"Lorenzo Verduzco","@id":"https:\/\/interamerica.org\/es\/#\/schema\/person\/68ede8bdc292885bb76c1e3810e73c39"},"headline":"Interam\u00e9rica: Comunicadores se re\u00fanen para establecer comisi\u00f3n de medios de comunicaci\u00f3n para la DIA","datePublished":"2007-02-21T04:00:00+00:00","dateModified":"2017-06-02T13:12:19+00:00","mainEntityOfPage":{"@id":"https:\/\/interamerica.org\/es\/2007\/02\/interamerica-comunicadores-se-reunen-para-establecer-comision-de-medios-de-comunicacion-para-la-dia\/"},"wordCount":1159,"articleSection":["Archivo"],"inLanguage":"es"},{"@type":"WebPage","@id":"https:\/\/interamerica.org\/es\/2007\/02\/interamerica-comunicadores-se-reunen-para-establecer-comision-de-medios-de-comunicacion-para-la-dia\/","url":"https:\/\/interamerica.org\/es\/2007\/02\/interamerica-comunicadores-se-reunen-para-establecer-comision-de-medios-de-comunicacion-para-la-dia\/","name":"Interam\u00e9rica: Comunicadores se re\u00fanen para establecer comisi\u00f3n de medios de comunicaci\u00f3n para la DIA - Iglesia Adventista del S\u00e9ptimo D\u00eda - Divisi\u00f3n Interamericana","isPartOf":{"@id":"https:\/\/interamerica.org\/es\/#website"},"datePublished":"2007-02-21T04:00:00+00:00","dateModified":"2017-06-02T13:12:19+00:00","author":{"@id":"https:\/\/interamerica.org\/es\/#\/schema\/person\/68ede8bdc292885bb76c1e3810e73c39"},"breadcrumb":{"@id":"https:\/\/interamerica.org\/es\/2007\/02\/interamerica-comunicadores-se-reunen-para-establecer-comision-de-medios-de-comunicacion-para-la-dia\/#breadcrumb"},"inLanguage":"es","potentialAction":[{"@type":"ReadAction","target":["https:\/\/interamerica.org\/es\/2007\/02\/interamerica-comunicadores-se-reunen-para-establecer-comision-de-medios-de-comunicacion-para-la-dia\/"]}]},{"@type":"BreadcrumbList","@id":"https:\/\/interamerica.org\/es\/2007\/02\/interamerica-comunicadores-se-reunen-para-establecer-comision-de-medios-de-comunicacion-para-la-dia\/#breadcrumb","itemListElement":[{"@type":"ListItem","position":1,"name":"Home","item":"https:\/\/interamerica.org\/es\/"},{"@type":"ListItem","position":2,"name":"Interam\u00e9rica: Comunicadores se re\u00fanen para establecer comisi\u00f3n de medios de comunicaci\u00f3n para la DIA"}]},{"@type":"WebSite","@id":"https:\/\/interamerica.org\/es\/#website","url":"https:\/\/interamerica.org\/es\/","name":"Iglesia Adventista del S\u00e9ptimo D\u00eda - Divisi\u00f3n Interamericana","description":"","potentialAction":[{"@type":"SearchAction","target":{"@type":"EntryPoint","urlTemplate":"https:\/\/interamerica.org\/es\/?s={search_term_string}"},"query-input":{"@type":"PropertyValueSpecification","valueRequired":true,"valueName":"search_term_string"}}],"inLanguage":"es"},{"@type":"Person","@id":"https:\/\/interamerica.org\/es\/#\/schema\/person\/68ede8bdc292885bb76c1e3810e73c39","name":"Lorenzo Verduzco","image":{"@type":"ImageObject","inLanguage":"es","@id":"https:\/\/secure.gravatar.com\/avatar\/fb81a55b6218459490a9c1dc841a34909185b81904c5337b4b27f7a6fd60c49e?s=96&d=mm&r=g","url":"https:\/\/secure.gravatar.com\/avatar\/fb81a55b6218459490a9c1dc841a34909185b81904c5337b4b27f7a6fd60c49e?s=96&d=mm&r=g","contentUrl":"https:\/\/secure.gravatar.com\/avatar\/fb81a55b6218459490a9c1dc841a34909185b81904c5337b4b27f7a6fd60c49e?s=96&d=mm&r=g","caption":"Lorenzo Verduzco"}}]}},"_links":{"self":[{"href":"https:\/\/interamerica.org\/es\/wp-json\/wp\/v2\/posts\/10894","targetHints":{"allow":["GET"]}}],"collection":[{"href":"https:\/\/interamerica.org\/es\/wp-json\/wp\/v2\/posts"}],"about":[{"href":"https:\/\/interamerica.org\/es\/wp-json\/wp\/v2\/types\/post"}],"author":[{"embeddable":true,"href":"https:\/\/interamerica.org\/es\/wp-json\/wp\/v2\/users\/1"}],"replies":[{"embeddable":true,"href":"https:\/\/interamerica.org\/es\/wp-json\/wp\/v2\/comments?post=10894"}],"version-history":[{"count":0,"href":"https:\/\/interamerica.org\/es\/wp-json\/wp\/v2\/posts\/10894\/revisions"}],"wp:attachment":[{"href":"https:\/\/interamerica.org\/es\/wp-json\/wp\/v2\/media?parent=10894"}],"wp:term":[{"taxonomy":"category","embeddable":true,"href":"https:\/\/interamerica.org\/es\/wp-json\/wp\/v2\/categories?post=10894"},{"taxonomy":"post_tag","embeddable":true,"href":"https:\/\/interamerica.org\/es\/wp-json\/wp\/v2\/tags?post=10894"}],"curies":[{"name":"wp","href":"https:\/\/api.w.org\/{rel}","templated":true}]}}