{"id":10895,"date":"2007-02-27T00:00:00","date_gmt":"2007-02-27T04:00:00","guid":{"rendered":"http:\/\/192.81.217.108\/interamerica\/2007\/02\/colombia-universidad-adventista-celebra-septuagesimo-aniversario\/"},"modified":"2017-06-02T09:12:17","modified_gmt":"2017-06-02T13:12:17","slug":"colombia-universidad-adventista-celebra-septuagesimo-aniversario","status":"publish","type":"post","link":"https:\/\/interamerica.org\/es\/2007\/02\/colombia-universidad-adventista-celebra-septuagesimo-aniversario\/","title":{"rendered":"Colombia: Universidad Adventista Celebra Septuag\u00e9simo Aniversario"},"content":{"rendered":"<p>Medell\u00edn, Colombia&#8230;[\u00c1ngela Barrios\/Personal de DIA] <\/p>\n<p>La Universidad Adventista de Colombia (UNAC) empez\u00f3 la celebraci\u00f3n de su Septuag\u00e9simo Aniversario proveyendo educaci\u00f3n cristiana a miles de estudiantes, durante una ceremonia especial en su recinto en Medell\u00edn, Colombia, el 25 de febrero. <\/p>\n<p>M\u00e1s de 800 invitados entre rectores de otras universidades, alumnos, funcionarios y miembros de la comunidad Adventista de la ciudad, presenciaron la condecoraci\u00f3n especial por la Representante a la C\u00e1mara de Representantes, la doctora Mar\u00eda Isabel Urrutia quien concedi\u00f3 la Orden Democracia Sim\u00f3n Bol\u00edvar, categor\u00eda Gran Caballero, por el servicio educacional permanente de la universidad. <\/p>\n<p>En el momento de la imposici\u00f3n de la condecoraci\u00f3n al Rector de la UNAC, pastor Gamaliel Fl\u00f3rez G\u00f3mez, la doctora Mar\u00eda Isabel Urrutia resalt\u00f3 \u00abla labor social de la UNAC y su aporte al pa\u00eds a trav\u00e9s de las oportunidades que le brinda a j\u00f3venes de estratos uno y dos quienes pueden dar un giro a su vida por medio del estudio\u00bb. Adem\u00e1s, durante su intervenci\u00f3n resalt\u00f3 el enfoque de servicio que tiene la UNAC al ser una universidad \u00abno comercial\u00bb. <\/p>\n<p>De igual manera el Rector de la UNAC, pastor Gamaliel Fl\u00f3rez G\u00f3mez, agradeci\u00f3 la condecoraci\u00f3n y la catalog\u00f3 como una \u00abAlabanza a Dios\u00bb. Durante su discurso habl\u00f3 de los cuidados de Dios al permitir que la UNAC venciera prejuicios y problemas financieros, al permitirle ser la primera universidad confesional no cat\u00f3lica del pa\u00eds. Al recibir esta condecoraci\u00f3n el se\u00f1or rector resalt\u00f3 que era un privilegio para la presente generaci\u00f3n recibir el honor m\u00e1s grande que le ha atribuido el gobierno a la UNAC, pero que \u00e9ste era el resultado de \u00abla suma de esfuerzos y sacrificios de las generaciones anteriores\u00bb. Termin\u00f3 su intervenci\u00f3n afirmando que este \u00abReconocimiento nos compromete a un trabajo m\u00e1s identificado con la misi\u00f3n de Dios, de mayor calidad; y con el compromiso de reflejar el car\u00e1cter de Jes\u00fas\u00bb. <\/p>\n<p>Una vez terminado el acto protocolario, la Orquesta Filarm\u00f3nica de Medell\u00edn, bajo la direcci\u00f3n del maestro Gonzalo Ospina, le regal\u00f3 50 minutos de m\u00fasica al p\u00fablico asistente. <\/p>\n<p>La Universidad Adventista de Colombia continuar\u00e1 la celebraci\u00f3n de su Septuag\u00e9simo Aniversario a trav\u00e9s de todo el a\u00f1o con otras actividades que se han planeado, tales como el despliegue de fotograf\u00edas, seminarios sobre liderazgo, celebraci\u00f3n especial de exalumnos y la apertura de un museo en el recinto, entre otras. <\/p>\n<p>La Universidad Adventista de Colombia, establecida en 1937, en la actualidad ofrece diez programas de estudios pre-graduados y dos de post grado a m\u00e1s de 1,200 estudiantes. <\/p>\n<p>Para m\u00e1s informaci\u00f3n sobre la universidad y sus programas, visite <a  href=\"http:\/\/www.unac.edu.co.\/\"><u >www.unac.edu.co.<\/u ><\/a > <\/p><\/p>\n","protected":false},"excerpt":{"rendered":"<p>La Universidad Adventista de Colombia (UNAC) empez\u00f3 la celebraci\u00f3n de su Septuag\u00e9simo Aniversario proveyendo educaci\u00f3n cristiana a miles de estudiantes, durante una ceremonia especial en su recinto en Medell\u00edn, Colombia,<\/p>\n","protected":false},"author":1,"featured_media":0,"comment_status":"closed","ping_status":"closed","sticky":false,"template":"","format":"standard","meta":{"_acf_changed":false,"footnotes":""},"categories":[8],"tags":[],"class_list":["post-10895","post","type-post","status-publish","format-standard","hentry","category-archivo"],"acf":[],"yoast_head":"<!-- This site is optimized with the Yoast SEO plugin v27.3 - https:\/\/yoast.com\/product\/yoast-seo-wordpress\/ -->\n<title>Colombia: Universidad Adventista Celebra Septuag\u00e9simo Aniversario - Iglesia Adventista del S\u00e9ptimo D\u00eda - Divisi\u00f3n Interamericana<\/title>\n<meta name=\"robots\" content=\"index, follow, max-snippet:-1, max-image-preview:large, max-video-preview:-1\" \/>\n<link rel=\"canonical\" href=\"https:\/\/interamerica.org\/es\/2007\/02\/colombia-universidad-adventista-celebra-septuagesimo-aniversario\/\" \/>\n<meta property=\"og:locale\" content=\"es_ES\" \/>\n<meta property=\"og:type\" content=\"article\" \/>\n<meta property=\"og:title\" content=\"Colombia: Universidad Adventista Celebra Septuag\u00e9simo Aniversario - Iglesia Adventista del S\u00e9ptimo D\u00eda - Divisi\u00f3n Interamericana\" \/>\n<meta property=\"og:description\" content=\"La Universidad Adventista de Colombia (UNAC) empez\u00f3 la celebraci\u00f3n de su Septuag\u00e9simo Aniversario proveyendo educaci\u00f3n cristiana a miles de estudiantes, durante una ceremonia especial en su recinto en Medell\u00edn, Colombia,\" \/>\n<meta property=\"og:url\" content=\"https:\/\/interamerica.org\/es\/2007\/02\/colombia-universidad-adventista-celebra-septuagesimo-aniversario\/\" \/>\n<meta property=\"og:site_name\" content=\"Iglesia Adventista del S\u00e9ptimo D\u00eda - Divisi\u00f3n Interamericana\" \/>\n<meta property=\"article:published_time\" content=\"2007-02-27T04:00:00+00:00\" \/>\n<meta property=\"article:modified_time\" content=\"2017-06-02T13:12:17+00:00\" \/>\n<meta name=\"author\" content=\"Lorenzo Verduzco\" \/>\n<meta name=\"twitter:card\" content=\"summary_large_image\" \/>\n<meta name=\"twitter:label1\" content=\"Escrito por\" \/>\n\t<meta name=\"twitter:data1\" content=\"Lorenzo Verduzco\" \/>\n\t<meta name=\"twitter:label2\" content=\"Tiempo de lectura\" \/>\n\t<meta name=\"twitter:data2\" content=\"2 minutos\" \/>\n<script type=\"application\/ld+json\" class=\"yoast-schema-graph\">{\"@context\":\"https:\\\/\\\/schema.org\",\"@graph\":[{\"@type\":\"Article\",\"@id\":\"https:\\\/\\\/interamerica.org\\\/es\\\/2007\\\/02\\\/colombia-universidad-adventista-celebra-septuagesimo-aniversario\\\/#article\",\"isPartOf\":{\"@id\":\"https:\\\/\\\/interamerica.org\\\/es\\\/2007\\\/02\\\/colombia-universidad-adventista-celebra-septuagesimo-aniversario\\\/\"},\"author\":{\"name\":\"Lorenzo Verduzco\",\"@id\":\"https:\\\/\\\/interamerica.org\\\/es\\\/#\\\/schema\\\/person\\\/68ede8bdc292885bb76c1e3810e73c39\"},\"headline\":\"Colombia: Universidad Adventista Celebra Septuag\u00e9simo Aniversario\",\"datePublished\":\"2007-02-27T04:00:00+00:00\",\"dateModified\":\"2017-06-02T13:12:17+00:00\",\"mainEntityOfPage\":{\"@id\":\"https:\\\/\\\/interamerica.org\\\/es\\\/2007\\\/02\\\/colombia-universidad-adventista-celebra-septuagesimo-aniversario\\\/\"},\"wordCount\":478,\"articleSection\":[\"Archivo\"],\"inLanguage\":\"es\"},{\"@type\":\"WebPage\",\"@id\":\"https:\\\/\\\/interamerica.org\\\/es\\\/2007\\\/02\\\/colombia-universidad-adventista-celebra-septuagesimo-aniversario\\\/\",\"url\":\"https:\\\/\\\/interamerica.org\\\/es\\\/2007\\\/02\\\/colombia-universidad-adventista-celebra-septuagesimo-aniversario\\\/\",\"name\":\"Colombia: Universidad Adventista Celebra Septuag\u00e9simo Aniversario - Iglesia Adventista del S\u00e9ptimo D\u00eda - Divisi\u00f3n Interamericana\",\"isPartOf\":{\"@id\":\"https:\\\/\\\/interamerica.org\\\/es\\\/#website\"},\"datePublished\":\"2007-02-27T04:00:00+00:00\",\"dateModified\":\"2017-06-02T13:12:17+00:00\",\"author\":{\"@id\":\"https:\\\/\\\/interamerica.org\\\/es\\\/#\\\/schema\\\/person\\\/68ede8bdc292885bb76c1e3810e73c39\"},\"breadcrumb\":{\"@id\":\"https:\\\/\\\/interamerica.org\\\/es\\\/2007\\\/02\\\/colombia-universidad-adventista-celebra-septuagesimo-aniversario\\\/#breadcrumb\"},\"inLanguage\":\"es\",\"potentialAction\":[{\"@type\":\"ReadAction\",\"target\":[\"https:\\\/\\\/interamerica.org\\\/es\\\/2007\\\/02\\\/colombia-universidad-adventista-celebra-septuagesimo-aniversario\\\/\"]}]},{\"@type\":\"BreadcrumbList\",\"@id\":\"https:\\\/\\\/interamerica.org\\\/es\\\/2007\\\/02\\\/colombia-universidad-adventista-celebra-septuagesimo-aniversario\\\/#breadcrumb\",\"itemListElement\":[{\"@type\":\"ListItem\",\"position\":1,\"name\":\"Home\",\"item\":\"https:\\\/\\\/interamerica.org\\\/es\\\/\"},{\"@type\":\"ListItem\",\"position\":2,\"name\":\"Colombia: Universidad Adventista Celebra Septuag\u00e9simo Aniversario\"}]},{\"@type\":\"WebSite\",\"@id\":\"https:\\\/\\\/interamerica.org\\\/es\\\/#website\",\"url\":\"https:\\\/\\\/interamerica.org\\\/es\\\/\",\"name\":\"Iglesia Adventista del S\u00e9ptimo D\u00eda - Divisi\u00f3n Interamericana\",\"description\":\"\",\"potentialAction\":[{\"@type\":\"SearchAction\",\"target\":{\"@type\":\"EntryPoint\",\"urlTemplate\":\"https:\\\/\\\/interamerica.org\\\/es\\\/?s={search_term_string}\"},\"query-input\":{\"@type\":\"PropertyValueSpecification\",\"valueRequired\":true,\"valueName\":\"search_term_string\"}}],\"inLanguage\":\"es\"},{\"@type\":\"Person\",\"@id\":\"https:\\\/\\\/interamerica.org\\\/es\\\/#\\\/schema\\\/person\\\/68ede8bdc292885bb76c1e3810e73c39\",\"name\":\"Lorenzo Verduzco\",\"image\":{\"@type\":\"ImageObject\",\"inLanguage\":\"es\",\"@id\":\"https:\\\/\\\/secure.gravatar.com\\\/avatar\\\/fb81a55b6218459490a9c1dc841a34909185b81904c5337b4b27f7a6fd60c49e?s=96&d=mm&r=g\",\"url\":\"https:\\\/\\\/secure.gravatar.com\\\/avatar\\\/fb81a55b6218459490a9c1dc841a34909185b81904c5337b4b27f7a6fd60c49e?s=96&d=mm&r=g\",\"contentUrl\":\"https:\\\/\\\/secure.gravatar.com\\\/avatar\\\/fb81a55b6218459490a9c1dc841a34909185b81904c5337b4b27f7a6fd60c49e?s=96&d=mm&r=g\",\"caption\":\"Lorenzo Verduzco\"}}]}<\/script>\n<!-- \/ Yoast SEO plugin. -->","yoast_head_json":{"title":"Colombia: Universidad Adventista Celebra Septuag\u00e9simo Aniversario - Iglesia Adventista del S\u00e9ptimo D\u00eda - Divisi\u00f3n Interamericana","robots":{"index":"index","follow":"follow","max-snippet":"max-snippet:-1","max-image-preview":"max-image-preview:large","max-video-preview":"max-video-preview:-1"},"canonical":"https:\/\/interamerica.org\/es\/2007\/02\/colombia-universidad-adventista-celebra-septuagesimo-aniversario\/","og_locale":"es_ES","og_type":"article","og_title":"Colombia: Universidad Adventista Celebra Septuag\u00e9simo Aniversario - Iglesia Adventista del S\u00e9ptimo D\u00eda - Divisi\u00f3n Interamericana","og_description":"La Universidad Adventista de Colombia (UNAC) empez\u00f3 la celebraci\u00f3n de su Septuag\u00e9simo Aniversario proveyendo educaci\u00f3n cristiana a miles de estudiantes, durante una ceremonia especial en su recinto en Medell\u00edn, Colombia,","og_url":"https:\/\/interamerica.org\/es\/2007\/02\/colombia-universidad-adventista-celebra-septuagesimo-aniversario\/","og_site_name":"Iglesia Adventista del S\u00e9ptimo D\u00eda - Divisi\u00f3n Interamericana","article_published_time":"2007-02-27T04:00:00+00:00","article_modified_time":"2017-06-02T13:12:17+00:00","author":"Lorenzo Verduzco","twitter_card":"summary_large_image","twitter_misc":{"Escrito por":"Lorenzo Verduzco","Tiempo de lectura":"2 minutos"},"schema":{"@context":"https:\/\/schema.org","@graph":[{"@type":"Article","@id":"https:\/\/interamerica.org\/es\/2007\/02\/colombia-universidad-adventista-celebra-septuagesimo-aniversario\/#article","isPartOf":{"@id":"https:\/\/interamerica.org\/es\/2007\/02\/colombia-universidad-adventista-celebra-septuagesimo-aniversario\/"},"author":{"name":"Lorenzo Verduzco","@id":"https:\/\/interamerica.org\/es\/#\/schema\/person\/68ede8bdc292885bb76c1e3810e73c39"},"headline":"Colombia: Universidad Adventista Celebra Septuag\u00e9simo Aniversario","datePublished":"2007-02-27T04:00:00+00:00","dateModified":"2017-06-02T13:12:17+00:00","mainEntityOfPage":{"@id":"https:\/\/interamerica.org\/es\/2007\/02\/colombia-universidad-adventista-celebra-septuagesimo-aniversario\/"},"wordCount":478,"articleSection":["Archivo"],"inLanguage":"es"},{"@type":"WebPage","@id":"https:\/\/interamerica.org\/es\/2007\/02\/colombia-universidad-adventista-celebra-septuagesimo-aniversario\/","url":"https:\/\/interamerica.org\/es\/2007\/02\/colombia-universidad-adventista-celebra-septuagesimo-aniversario\/","name":"Colombia: Universidad Adventista Celebra Septuag\u00e9simo Aniversario - Iglesia Adventista del S\u00e9ptimo D\u00eda - Divisi\u00f3n Interamericana","isPartOf":{"@id":"https:\/\/interamerica.org\/es\/#website"},"datePublished":"2007-02-27T04:00:00+00:00","dateModified":"2017-06-02T13:12:17+00:00","author":{"@id":"https:\/\/interamerica.org\/es\/#\/schema\/person\/68ede8bdc292885bb76c1e3810e73c39"},"breadcrumb":{"@id":"https:\/\/interamerica.org\/es\/2007\/02\/colombia-universidad-adventista-celebra-septuagesimo-aniversario\/#breadcrumb"},"inLanguage":"es","potentialAction":[{"@type":"ReadAction","target":["https:\/\/interamerica.org\/es\/2007\/02\/colombia-universidad-adventista-celebra-septuagesimo-aniversario\/"]}]},{"@type":"BreadcrumbList","@id":"https:\/\/interamerica.org\/es\/2007\/02\/colombia-universidad-adventista-celebra-septuagesimo-aniversario\/#breadcrumb","itemListElement":[{"@type":"ListItem","position":1,"name":"Home","item":"https:\/\/interamerica.org\/es\/"},{"@type":"ListItem","position":2,"name":"Colombia: Universidad Adventista Celebra Septuag\u00e9simo Aniversario"}]},{"@type":"WebSite","@id":"https:\/\/interamerica.org\/es\/#website","url":"https:\/\/interamerica.org\/es\/","name":"Iglesia Adventista del S\u00e9ptimo D\u00eda - Divisi\u00f3n Interamericana","description":"","potentialAction":[{"@type":"SearchAction","target":{"@type":"EntryPoint","urlTemplate":"https:\/\/interamerica.org\/es\/?s={search_term_string}"},"query-input":{"@type":"PropertyValueSpecification","valueRequired":true,"valueName":"search_term_string"}}],"inLanguage":"es"},{"@type":"Person","@id":"https:\/\/interamerica.org\/es\/#\/schema\/person\/68ede8bdc292885bb76c1e3810e73c39","name":"Lorenzo Verduzco","image":{"@type":"ImageObject","inLanguage":"es","@id":"https:\/\/secure.gravatar.com\/avatar\/fb81a55b6218459490a9c1dc841a34909185b81904c5337b4b27f7a6fd60c49e?s=96&d=mm&r=g","url":"https:\/\/secure.gravatar.com\/avatar\/fb81a55b6218459490a9c1dc841a34909185b81904c5337b4b27f7a6fd60c49e?s=96&d=mm&r=g","contentUrl":"https:\/\/secure.gravatar.com\/avatar\/fb81a55b6218459490a9c1dc841a34909185b81904c5337b4b27f7a6fd60c49e?s=96&d=mm&r=g","caption":"Lorenzo Verduzco"}}]}},"_links":{"self":[{"href":"https:\/\/interamerica.org\/es\/wp-json\/wp\/v2\/posts\/10895","targetHints":{"allow":["GET"]}}],"collection":[{"href":"https:\/\/interamerica.org\/es\/wp-json\/wp\/v2\/posts"}],"about":[{"href":"https:\/\/interamerica.org\/es\/wp-json\/wp\/v2\/types\/post"}],"author":[{"embeddable":true,"href":"https:\/\/interamerica.org\/es\/wp-json\/wp\/v2\/users\/1"}],"replies":[{"embeddable":true,"href":"https:\/\/interamerica.org\/es\/wp-json\/wp\/v2\/comments?post=10895"}],"version-history":[{"count":0,"href":"https:\/\/interamerica.org\/es\/wp-json\/wp\/v2\/posts\/10895\/revisions"}],"wp:attachment":[{"href":"https:\/\/interamerica.org\/es\/wp-json\/wp\/v2\/media?parent=10895"}],"wp:term":[{"taxonomy":"category","embeddable":true,"href":"https:\/\/interamerica.org\/es\/wp-json\/wp\/v2\/categories?post=10895"},{"taxonomy":"post_tag","embeddable":true,"href":"https:\/\/interamerica.org\/es\/wp-json\/wp\/v2\/tags?post=10895"}],"curies":[{"name":"wp","href":"https:\/\/api.w.org\/{rel}","templated":true}]}}