{"id":108955,"date":"2024-01-18T19:12:35","date_gmt":"2024-01-19T00:12:35","guid":{"rendered":"https:\/\/interamerica.org\/?p=108955"},"modified":"2024-01-19T16:09:42","modified_gmt":"2024-01-19T21:09:42","slug":"un-mensaje-urgente","status":"publish","type":"post","link":"https:\/\/interamerica.org\/es\/2024\/01\/un-mensaje-urgente\/","title":{"rendered":"Un mensaje urgente"},"content":{"rendered":"<p>18 de enero del\u00a0 2024 | Silver Spring, Maryland, Estados Unidos | Ted N.C. Wilson, Presidente de la Asociaci\u00f3n General de los Adventistas del S\u00e9ptimo D\u00eda<\/p>\n<p>Hola, amigos, hoy estaremos considerando el evento m\u00e1s incre\u00edble y transformador de la vida, la segunda venida de Jesucristo. Esto es la culminaci\u00f3n de todas las esperanzas de los creyentes a lo largo de los milenios.<\/p>\n<p>Al describir ese glorioso evento, el profeta Isa\u00edas escribi\u00f3: &#8216;Y se dir\u00e1 en aquel d\u00eda: &#8216;He aqu\u00ed, este es nuestro Dios; hemos esperado en \u00c9l y nos salvar\u00e1. Este es el Se\u00f1or; hemos esperado en \u00c9l; nos alegraremos y nos regocijaremos en su salvaci\u00f3n&#8217;. En el Salmo cincuenta, vers\u00edculo tres, leemos: &#8216;Nuestro Dios vendr\u00e1 y no guardar\u00e1 silencio; un fuego devorar\u00e1 delante de \u00c9l y a su alrededor habr\u00e1 una gran tempestad&#8217;.<\/p>\n<p>Mientras estaba en la Tierra, Jes\u00fas les dijo a sus disc\u00edpulos: &#8216;Voy a preparar un lugar para ustedes. Y si voy y preparo un lugar para ustedes, vendr\u00e9 de nuevo y los recibir\u00e9 conmigo; para que donde yo est\u00e9, ustedes tambi\u00e9n est\u00e9n&#8217;. Repite esta promesa con urgencia en Apocalipsis veintid\u00f3s, diciendo en el vers\u00edculo siete: &#8216;\u00a1Miren, vengo pronto! Bendito es aquel que guarda las palabras de la profec\u00eda de este libro&#8217;; vers\u00edculo doce: &#8216;Y miren, vengo pronto, y mi recompensa est\u00e1 conmigo, para dar a cada uno seg\u00fan su obra&#8217;; y luego, en el vers\u00edculo veinte: &#8216;Ciertamente vengo pronto&#8217;.<\/p>\n<p>Y sin embargo, \u00bfqu\u00e9 tan r\u00e1pido es \u00abr\u00e1pido\u00bb? Desde nuestro punto de vista humano, especialmente en el mundo de Instagram de hoy en d\u00eda, cualquier cosa que no sea instant\u00e1nea es lenta.<\/p>\n<p>Los adventistas han estado predicando la segunda venida de Cristo durante ciento ochenta a\u00f1os, lo cual puede parecer una eternidad para algunos. Desalentados, algunos han perdido su sentido de urgencia en la segunda venida de Cristo, lo cual deber\u00eda impregnar cada aspecto de la vida adventista del s\u00e9ptimo d\u00eda.<\/p>\n<p>Sin embargo, esto no deber\u00eda sorprendernos. Leemos en 2 Pedro 3:3-7: &#8216;En los \u00faltimos d\u00edas vendr\u00e1n burladores, que seguir\u00e1n sus propias pasiones y dir\u00e1n: \u00bfD\u00f3nde est\u00e1 la promesa de su venida? Porque desde que los padres murieron, todo sigue igual desde el principio de la creaci\u00f3n.&#8217;<\/p>\n<p>Ahora, Pedro se\u00f1ala que estos burladores \u00abolvidan voluntariamente\u00bb que Dios cre\u00f3 los cielos y la tierra, y que hubo un diluvio mundial. Luego advierte que un d\u00eda todo ser\u00e1 destruido por el fuego.<\/p>\n<p>El pasaje contin\u00faa, dando instrucciones importantes y aliento a aquellos que creen:<\/p>\n<p>&#8230;amados, no olviden esto: para el Se\u00f1or, un d\u00eda es como mil a\u00f1os, y mil a\u00f1os como un d\u00eda. El Se\u00f1or no tarda en cumplir su promesa, seg\u00fan entienden algunos la tardanza. M\u00e1s bien, \u00e9l tiene paciencia con ustedes, porque no quiere que nadie perezca sino que todos se arrepientan.<\/p>\n<p>Ves, el pasaje nos insta, ya que la tierra y todas las cosas en ella ser\u00e1n destruidas, a considerar qu\u00e9 tipo de personas debemos ser \u00aben conducta santa y piedad, esperando y apresurando la venida del d\u00eda de Dios&#8230; Por lo tanto, amados, esperando estas cosas, esfu\u00e9rcense por ser encontrados por \u00c9l en paz, sin mancha y sin culpa\u00bb.<\/p>\n<p>Qu\u00e9 llamado tenemos, manteni\u00e9ndonos cerca del Se\u00f1or y permiti\u00e9ndole que nos gu\u00ede mientras avanzamos ansiosamente hacia su venida.<\/p>\n<p>El libro de Hebreos nos anima: \u00ab. . . no deseches tu confianza, la cual tiene gran recompensa. Porque tienes necesidad de perseverancia, para que cuando hayas hecho la voluntad de Dios, obtengas la promesa: &#8216;Porque a\u00fan un poco, y el que ha de venir vendr\u00e1, y no tardar\u00e1. Mas el justo vivir\u00e1 por fe; y si retrocediere, no agradar\u00e1 a mi alma.&#8217; Pero nosotros no somos de los que retroceden para perdici\u00f3n, sino de los que tienen fe para preservaci\u00f3n del alma.\u00bb<\/p>\n<p>Amigos, la Palabra de Dios nos est\u00e1 hablando hoy. No dejen que nadie les quite la esperanza en la pronta venida de Jesucristo. \u00a1\u00c9l viene pronto!<\/p>\n<p>Nuestra creencia fundamental n\u00famero veinticinco de los Adventistas del S\u00e9ptimo D\u00eda establece: \u00abLa segunda venida de Cristo es la esperanza bendita de la iglesia, el gran cl\u00edmax del evangelio.<\/p>\n<p>La venida del Salvador ser\u00e1 literal, personal, visible y mundial. Cuando \u00c9l regrese, los justos muertos resucitar\u00e1n y, junto con los justos vivos, ser\u00e1n glorificados y llevados al cielo, pero los injustos morir\u00e1n. El cumplimiento casi completo de la mayor\u00eda de las l\u00edneas de profec\u00eda, junto con la condici\u00f3n actual del mundo, indica que la venida de Cristo est\u00e1 cerca. El tiempo de ese evento no ha sido revelado y, por lo tanto, se nos exhorta a estar siempre preparados.<\/p>\n<p>Recientemente, aqu\u00ed en la sede mundial de la Iglesia Adventista del S\u00e9ptimo D\u00eda en Silver Spring, Maryland, hemos perdido a dos l\u00edderes senior: el Pastor Maurice Valentine, vicepresidente de la Conferencia General, y la Sra. Heather-Dawn Small, directora de Ministerios de la Mujer para la iglesia mundial. Ambas muertes ocurrieron muy r\u00e1pidamente; de repente incluso.<\/p>\n<p>Amigos, el tiempo es corto, ninguno de nosotros tiene la promesa de ma\u00f1ana o incluso del resto de hoy. Solo tenemos este momento, ahora mismo. \u00bfEst\u00e1s listo para que Jes\u00fas venga? Ya sea que vivamos o descansemos en la tumba, pronto lo veremos.<\/p>\n<p>Ves, las actuales condiciones mundiales deteriorantes deber\u00edan despertarnos a la urgente necesidad de estar preparados y proclamar los mensajes de los tres \u00e1ngeles del Apocalipsis 14 en anticipaci\u00f3n al pronto regreso de Cristo.<\/p>\n<p>La inspiraci\u00f3n nos dice: \u00abEn estas \u00faltimas horas de prueba&#8230; cuando el destino de cada alma est\u00e1 a punto de decidirse para siempre, el Se\u00f1or del cielo y la tierra espera que Su iglesia se levante a la acci\u00f3n como nunca antes. Aquellos que han sido liberados en Cristo a trav\u00e9s del conocimiento de la preciosa verdad, son considerados por el Se\u00f1or Jes\u00fas como Sus elegidos, favorecidos por encima de todas las dem\u00e1s personas en la faz de la tierra; y \u00c9l cuenta con ellos para mostrar las alabanzas de Aquel que los llam\u00f3 de las tinieblas a la maravillosa luz. Las bendiciones que se otorgan generosamente deben ser comunicadas a otros. Las buenas nuevas de la salvaci\u00f3n deben llegar a todas las naciones, tribus, lenguas y pueblos. En las visiones de los profetas del pasado, el Se\u00f1or de la gloria se representaba como otorgando una luz especial a Su iglesia en los d\u00edas de oscuridad e incredulidad que preceden a Su segunda venida. Como el Sol de Justicia, \u00c9l deb\u00eda surgir sobre Su iglesia, &#8216;con sanidad en Sus alas&#8217;&#8230; Y de cada verdadero disc\u00edpulo deb\u00eda emanar una influencia de vida, valent\u00eda, ayuda y verdadera sanidad\u00bb.<\/p>\n<p>Queridos hermanos y hermanas, estamos viviendo en el mismo fin de los tiempos. Vivamos con un sentido de urgencia que permita al Esp\u00edritu Santo trabajar a trav\u00e9s de cada uno de nosotros para compartir la necesidad de caer a los pies de la cruz, estando preparados para la segunda venida a trav\u00e9s de la gracia de Jesucristo. Les invito a orar conmigo en este momento.<\/p>\n<p>Padre celestial, gracias por este maravilloso plan. De implementar el pronto regreso de Jes\u00fas para llevarnos a estar con \u00e9l para siempre.<\/p>\n<p>Gracias por este plan de salvaci\u00f3n que nos permite vivir cada d\u00eda en conexi\u00f3n con Jes\u00fas, permitiendo que su justificadora y santificadora justicia obre en y a trav\u00e9s de nosotros y para nosotros. Ahora, Se\u00f1or, te pedimos tu bendici\u00f3n mientras nos preparamos para tu pronto regreso, y te agradecemos por escucharnos en esta oraci\u00f3n y por la maravillosa promesa de vida eterna contigo. Todo esto te lo pedimos en el nombre de nuestro poderoso Salvador y pr\u00f3ximo Rey, Jesucristo. Am\u00e9n.<\/p>\n<p>&nbsp;<\/p>\n<p><iframe title=\"La Segunda Venida de Cristo | Pastor Ted Wilson\" width=\"500\" height=\"281\" src=\"https:\/\/www.youtube.com\/embed\/-qiIiE3rNO0?feature=oembed\" frameborder=\"0\" allow=\"accelerometer; autoplay; clipboard-write; encrypted-media; gyroscope; picture-in-picture; web-share\" referrerpolicy=\"strict-origin-when-cross-origin\" allowfullscreen><\/iframe><\/p>\n","protected":false},"excerpt":{"rendered":"<p>18 de enero del\u00a0 2024 | Silver Spring, Maryland, Estados Unidos | Ted N.C. Wilson, Presidente de la Asociaci\u00f3n General de los Adventistas del S\u00e9ptimo D\u00eda Hola, amigos, hoy estaremos&#8230;<\/p>\n","protected":false},"author":3,"featured_media":108953,"comment_status":"closed","ping_status":"closed","sticky":false,"template":"","format":"standard","meta":{"_acf_changed":false,"footnotes":""},"categories":[14,15],"tags":[],"class_list":["post-108955","post","type-post","status-publish","format-standard","has-post-thumbnail","hentry","category-de-la-iglesia-mundial","category-rss-espanol"],"acf":[],"yoast_head":"<!-- This site is optimized with the Yoast SEO plugin v27.3 - https:\/\/yoast.com\/product\/yoast-seo-wordpress\/ -->\n<title>Un mensaje urgente - Iglesia Adventista del S\u00e9ptimo D\u00eda - Divisi\u00f3n Interamericana<\/title>\n<meta name=\"robots\" content=\"index, follow, max-snippet:-1, max-image-preview:large, max-video-preview:-1\" \/>\n<link rel=\"canonical\" href=\"https:\/\/interamerica.org\/es\/2024\/01\/un-mensaje-urgente\/\" \/>\n<meta property=\"og:locale\" content=\"es_ES\" \/>\n<meta property=\"og:type\" content=\"article\" \/>\n<meta property=\"og:title\" content=\"Un mensaje urgente - Iglesia Adventista del S\u00e9ptimo D\u00eda - Divisi\u00f3n Interamericana\" \/>\n<meta property=\"og:description\" content=\"18 de enero del\u00a0 2024 | Silver Spring, Maryland, Estados Unidos | Ted N.C. Wilson, Presidente de la Asociaci\u00f3n General de los Adventistas del S\u00e9ptimo D\u00eda Hola, amigos, hoy estaremos...\" \/>\n<meta property=\"og:url\" content=\"https:\/\/interamerica.org\/es\/2024\/01\/un-mensaje-urgente\/\" \/>\n<meta property=\"og:site_name\" content=\"Iglesia Adventista del S\u00e9ptimo D\u00eda - Divisi\u00f3n Interamericana\" \/>\n<meta property=\"article:published_time\" content=\"2024-01-19T00:12:35+00:00\" \/>\n<meta property=\"article:modified_time\" content=\"2024-01-19T21:09:42+00:00\" \/>\n<meta property=\"og:image\" content=\"https:\/\/interamerica.org\/wp-content\/uploads\/2024\/01\/an-urgent-message-es.jpg\" \/>\n\t<meta property=\"og:image:width\" content=\"1920\" \/>\n\t<meta property=\"og:image:height\" content=\"1080\" \/>\n\t<meta property=\"og:image:type\" content=\"image\/jpeg\" \/>\n<meta name=\"author\" content=\"libna\" \/>\n<meta name=\"twitter:card\" content=\"summary_large_image\" \/>\n<meta name=\"twitter:label1\" content=\"Escrito por\" \/>\n\t<meta name=\"twitter:data1\" content=\"libna\" \/>\n\t<meta name=\"twitter:label2\" content=\"Tiempo de lectura\" \/>\n\t<meta name=\"twitter:data2\" content=\"6 minutos\" \/>\n<script type=\"application\/ld+json\" class=\"yoast-schema-graph\">{\"@context\":\"https:\\\/\\\/schema.org\",\"@graph\":[{\"@type\":\"Article\",\"@id\":\"https:\\\/\\\/interamerica.org\\\/es\\\/2024\\\/01\\\/un-mensaje-urgente\\\/#article\",\"isPartOf\":{\"@id\":\"https:\\\/\\\/interamerica.org\\\/es\\\/2024\\\/01\\\/un-mensaje-urgente\\\/\"},\"author\":{\"name\":\"libna\",\"@id\":\"https:\\\/\\\/interamerica.org\\\/es\\\/#\\\/schema\\\/person\\\/29998f2bc2d8bd0d38662909289b54f1\"},\"headline\":\"Un mensaje urgente\",\"datePublished\":\"2024-01-19T00:12:35+00:00\",\"dateModified\":\"2024-01-19T21:09:42+00:00\",\"mainEntityOfPage\":{\"@id\":\"https:\\\/\\\/interamerica.org\\\/es\\\/2024\\\/01\\\/un-mensaje-urgente\\\/\"},\"wordCount\":1357,\"image\":{\"@id\":\"https:\\\/\\\/interamerica.org\\\/es\\\/2024\\\/01\\\/un-mensaje-urgente\\\/#primaryimage\"},\"thumbnailUrl\":\"https:\\\/\\\/interamerica.org\\\/wp-content\\\/uploads\\\/2024\\\/01\\\/an-urgent-message-es.jpg\",\"articleSection\":[\"Desde la iglesia mundial\",\"RSS Espa\u00f1ol\"],\"inLanguage\":\"es\"},{\"@type\":\"WebPage\",\"@id\":\"https:\\\/\\\/interamerica.org\\\/es\\\/2024\\\/01\\\/un-mensaje-urgente\\\/\",\"url\":\"https:\\\/\\\/interamerica.org\\\/es\\\/2024\\\/01\\\/un-mensaje-urgente\\\/\",\"name\":\"Un mensaje urgente - Iglesia Adventista del S\u00e9ptimo D\u00eda - Divisi\u00f3n Interamericana\",\"isPartOf\":{\"@id\":\"https:\\\/\\\/interamerica.org\\\/es\\\/#website\"},\"primaryImageOfPage\":{\"@id\":\"https:\\\/\\\/interamerica.org\\\/es\\\/2024\\\/01\\\/un-mensaje-urgente\\\/#primaryimage\"},\"image\":{\"@id\":\"https:\\\/\\\/interamerica.org\\\/es\\\/2024\\\/01\\\/un-mensaje-urgente\\\/#primaryimage\"},\"thumbnailUrl\":\"https:\\\/\\\/interamerica.org\\\/wp-content\\\/uploads\\\/2024\\\/01\\\/an-urgent-message-es.jpg\",\"datePublished\":\"2024-01-19T00:12:35+00:00\",\"dateModified\":\"2024-01-19T21:09:42+00:00\",\"author\":{\"@id\":\"https:\\\/\\\/interamerica.org\\\/es\\\/#\\\/schema\\\/person\\\/29998f2bc2d8bd0d38662909289b54f1\"},\"breadcrumb\":{\"@id\":\"https:\\\/\\\/interamerica.org\\\/es\\\/2024\\\/01\\\/un-mensaje-urgente\\\/#breadcrumb\"},\"inLanguage\":\"es\",\"potentialAction\":[{\"@type\":\"ReadAction\",\"target\":[\"https:\\\/\\\/interamerica.org\\\/es\\\/2024\\\/01\\\/un-mensaje-urgente\\\/\"]}]},{\"@type\":\"ImageObject\",\"inLanguage\":\"es\",\"@id\":\"https:\\\/\\\/interamerica.org\\\/es\\\/2024\\\/01\\\/un-mensaje-urgente\\\/#primaryimage\",\"url\":\"https:\\\/\\\/interamerica.org\\\/wp-content\\\/uploads\\\/2024\\\/01\\\/an-urgent-message-es.jpg\",\"contentUrl\":\"https:\\\/\\\/interamerica.org\\\/wp-content\\\/uploads\\\/2024\\\/01\\\/an-urgent-message-es.jpg\",\"width\":1920,\"height\":1080},{\"@type\":\"BreadcrumbList\",\"@id\":\"https:\\\/\\\/interamerica.org\\\/es\\\/2024\\\/01\\\/un-mensaje-urgente\\\/#breadcrumb\",\"itemListElement\":[{\"@type\":\"ListItem\",\"position\":1,\"name\":\"Home\",\"item\":\"https:\\\/\\\/interamerica.org\\\/es\\\/\"},{\"@type\":\"ListItem\",\"position\":2,\"name\":\"Un mensaje urgente\"}]},{\"@type\":\"WebSite\",\"@id\":\"https:\\\/\\\/interamerica.org\\\/es\\\/#website\",\"url\":\"https:\\\/\\\/interamerica.org\\\/es\\\/\",\"name\":\"Iglesia Adventista del S\u00e9ptimo D\u00eda - Divisi\u00f3n Interamericana\",\"description\":\"\",\"potentialAction\":[{\"@type\":\"SearchAction\",\"target\":{\"@type\":\"EntryPoint\",\"urlTemplate\":\"https:\\\/\\\/interamerica.org\\\/es\\\/?s={search_term_string}\"},\"query-input\":{\"@type\":\"PropertyValueSpecification\",\"valueRequired\":true,\"valueName\":\"search_term_string\"}}],\"inLanguage\":\"es\"},{\"@type\":\"Person\",\"@id\":\"https:\\\/\\\/interamerica.org\\\/es\\\/#\\\/schema\\\/person\\\/29998f2bc2d8bd0d38662909289b54f1\",\"name\":\"libna\",\"image\":{\"@type\":\"ImageObject\",\"inLanguage\":\"es\",\"@id\":\"https:\\\/\\\/secure.gravatar.com\\\/avatar\\\/7c5bd30ae4b47a9ba3c856590957fd1d96dc588bf3ac05719d247e126840331f?s=96&d=mm&r=g\",\"url\":\"https:\\\/\\\/secure.gravatar.com\\\/avatar\\\/7c5bd30ae4b47a9ba3c856590957fd1d96dc588bf3ac05719d247e126840331f?s=96&d=mm&r=g\",\"contentUrl\":\"https:\\\/\\\/secure.gravatar.com\\\/avatar\\\/7c5bd30ae4b47a9ba3c856590957fd1d96dc588bf3ac05719d247e126840331f?s=96&d=mm&r=g\",\"caption\":\"libna\"}}]}<\/script>\n<!-- \/ Yoast SEO plugin. -->","yoast_head_json":{"title":"Un mensaje urgente - Iglesia Adventista del S\u00e9ptimo D\u00eda - Divisi\u00f3n Interamericana","robots":{"index":"index","follow":"follow","max-snippet":"max-snippet:-1","max-image-preview":"max-image-preview:large","max-video-preview":"max-video-preview:-1"},"canonical":"https:\/\/interamerica.org\/es\/2024\/01\/un-mensaje-urgente\/","og_locale":"es_ES","og_type":"article","og_title":"Un mensaje urgente - Iglesia Adventista del S\u00e9ptimo D\u00eda - Divisi\u00f3n Interamericana","og_description":"18 de enero del\u00a0 2024 | Silver Spring, Maryland, Estados Unidos | Ted N.C. Wilson, Presidente de la Asociaci\u00f3n General de los Adventistas del S\u00e9ptimo D\u00eda Hola, amigos, hoy estaremos...","og_url":"https:\/\/interamerica.org\/es\/2024\/01\/un-mensaje-urgente\/","og_site_name":"Iglesia Adventista del S\u00e9ptimo D\u00eda - Divisi\u00f3n Interamericana","article_published_time":"2024-01-19T00:12:35+00:00","article_modified_time":"2024-01-19T21:09:42+00:00","og_image":[{"width":1920,"height":1080,"url":"https:\/\/interamerica.org\/wp-content\/uploads\/2024\/01\/an-urgent-message-es.jpg","type":"image\/jpeg"}],"author":"libna","twitter_card":"summary_large_image","twitter_misc":{"Escrito por":"libna","Tiempo de lectura":"6 minutos"},"schema":{"@context":"https:\/\/schema.org","@graph":[{"@type":"Article","@id":"https:\/\/interamerica.org\/es\/2024\/01\/un-mensaje-urgente\/#article","isPartOf":{"@id":"https:\/\/interamerica.org\/es\/2024\/01\/un-mensaje-urgente\/"},"author":{"name":"libna","@id":"https:\/\/interamerica.org\/es\/#\/schema\/person\/29998f2bc2d8bd0d38662909289b54f1"},"headline":"Un mensaje urgente","datePublished":"2024-01-19T00:12:35+00:00","dateModified":"2024-01-19T21:09:42+00:00","mainEntityOfPage":{"@id":"https:\/\/interamerica.org\/es\/2024\/01\/un-mensaje-urgente\/"},"wordCount":1357,"image":{"@id":"https:\/\/interamerica.org\/es\/2024\/01\/un-mensaje-urgente\/#primaryimage"},"thumbnailUrl":"https:\/\/interamerica.org\/wp-content\/uploads\/2024\/01\/an-urgent-message-es.jpg","articleSection":["Desde la iglesia mundial","RSS Espa\u00f1ol"],"inLanguage":"es"},{"@type":"WebPage","@id":"https:\/\/interamerica.org\/es\/2024\/01\/un-mensaje-urgente\/","url":"https:\/\/interamerica.org\/es\/2024\/01\/un-mensaje-urgente\/","name":"Un mensaje urgente - Iglesia Adventista del S\u00e9ptimo D\u00eda - Divisi\u00f3n Interamericana","isPartOf":{"@id":"https:\/\/interamerica.org\/es\/#website"},"primaryImageOfPage":{"@id":"https:\/\/interamerica.org\/es\/2024\/01\/un-mensaje-urgente\/#primaryimage"},"image":{"@id":"https:\/\/interamerica.org\/es\/2024\/01\/un-mensaje-urgente\/#primaryimage"},"thumbnailUrl":"https:\/\/interamerica.org\/wp-content\/uploads\/2024\/01\/an-urgent-message-es.jpg","datePublished":"2024-01-19T00:12:35+00:00","dateModified":"2024-01-19T21:09:42+00:00","author":{"@id":"https:\/\/interamerica.org\/es\/#\/schema\/person\/29998f2bc2d8bd0d38662909289b54f1"},"breadcrumb":{"@id":"https:\/\/interamerica.org\/es\/2024\/01\/un-mensaje-urgente\/#breadcrumb"},"inLanguage":"es","potentialAction":[{"@type":"ReadAction","target":["https:\/\/interamerica.org\/es\/2024\/01\/un-mensaje-urgente\/"]}]},{"@type":"ImageObject","inLanguage":"es","@id":"https:\/\/interamerica.org\/es\/2024\/01\/un-mensaje-urgente\/#primaryimage","url":"https:\/\/interamerica.org\/wp-content\/uploads\/2024\/01\/an-urgent-message-es.jpg","contentUrl":"https:\/\/interamerica.org\/wp-content\/uploads\/2024\/01\/an-urgent-message-es.jpg","width":1920,"height":1080},{"@type":"BreadcrumbList","@id":"https:\/\/interamerica.org\/es\/2024\/01\/un-mensaje-urgente\/#breadcrumb","itemListElement":[{"@type":"ListItem","position":1,"name":"Home","item":"https:\/\/interamerica.org\/es\/"},{"@type":"ListItem","position":2,"name":"Un mensaje urgente"}]},{"@type":"WebSite","@id":"https:\/\/interamerica.org\/es\/#website","url":"https:\/\/interamerica.org\/es\/","name":"Iglesia Adventista del S\u00e9ptimo D\u00eda - Divisi\u00f3n Interamericana","description":"","potentialAction":[{"@type":"SearchAction","target":{"@type":"EntryPoint","urlTemplate":"https:\/\/interamerica.org\/es\/?s={search_term_string}"},"query-input":{"@type":"PropertyValueSpecification","valueRequired":true,"valueName":"search_term_string"}}],"inLanguage":"es"},{"@type":"Person","@id":"https:\/\/interamerica.org\/es\/#\/schema\/person\/29998f2bc2d8bd0d38662909289b54f1","name":"libna","image":{"@type":"ImageObject","inLanguage":"es","@id":"https:\/\/secure.gravatar.com\/avatar\/7c5bd30ae4b47a9ba3c856590957fd1d96dc588bf3ac05719d247e126840331f?s=96&d=mm&r=g","url":"https:\/\/secure.gravatar.com\/avatar\/7c5bd30ae4b47a9ba3c856590957fd1d96dc588bf3ac05719d247e126840331f?s=96&d=mm&r=g","contentUrl":"https:\/\/secure.gravatar.com\/avatar\/7c5bd30ae4b47a9ba3c856590957fd1d96dc588bf3ac05719d247e126840331f?s=96&d=mm&r=g","caption":"libna"}}]}},"_links":{"self":[{"href":"https:\/\/interamerica.org\/es\/wp-json\/wp\/v2\/posts\/108955","targetHints":{"allow":["GET"]}}],"collection":[{"href":"https:\/\/interamerica.org\/es\/wp-json\/wp\/v2\/posts"}],"about":[{"href":"https:\/\/interamerica.org\/es\/wp-json\/wp\/v2\/types\/post"}],"author":[{"embeddable":true,"href":"https:\/\/interamerica.org\/es\/wp-json\/wp\/v2\/users\/3"}],"replies":[{"embeddable":true,"href":"https:\/\/interamerica.org\/es\/wp-json\/wp\/v2\/comments?post=108955"}],"version-history":[{"count":0,"href":"https:\/\/interamerica.org\/es\/wp-json\/wp\/v2\/posts\/108955\/revisions"}],"wp:featuredmedia":[{"embeddable":true,"href":"https:\/\/interamerica.org\/es\/wp-json\/wp\/v2\/media\/108953"}],"wp:attachment":[{"href":"https:\/\/interamerica.org\/es\/wp-json\/wp\/v2\/media?parent=108955"}],"wp:term":[{"taxonomy":"category","embeddable":true,"href":"https:\/\/interamerica.org\/es\/wp-json\/wp\/v2\/categories?post=108955"},{"taxonomy":"post_tag","embeddable":true,"href":"https:\/\/interamerica.org\/es\/wp-json\/wp\/v2\/tags?post=108955"}],"curies":[{"name":"wp","href":"https:\/\/api.w.org\/{rel}","templated":true}]}}