{"id":10896,"date":"2007-03-01T00:00:00","date_gmt":"2007-03-01T04:00:00","guid":{"rendered":"http:\/\/192.81.217.108\/interamerica\/2007\/03\/republica-dominicana-adventistas-marchan-contra-violencia-y-abuso-de-drogas\/"},"modified":"2017-06-02T09:12:14","modified_gmt":"2017-06-02T13:12:14","slug":"republica-dominicana-adventistas-marchan-contra-violencia-y-abuso-de-drogas","status":"publish","type":"post","link":"https:\/\/interamerica.org\/es\/2007\/03\/republica-dominicana-adventistas-marchan-contra-violencia-y-abuso-de-drogas\/","title":{"rendered":"Rep\u00fablica Dominicana:  Adventistas Marchan Contra Violencia y Abuso de Drogas"},"content":{"rendered":"<p>Santiago, Rep\u00fablica Dominicana&#8230; [Libna Stevens\/DIA] <\/p>\n<p>Tomando una posici\u00f3n contra el aumento en la violencia y el abuso de las drogas en su pa\u00eds, m\u00e1s de 3,000 j\u00f3venes adventistas del s\u00e9ptimo d\u00eda marcharon por las calles principales de Santiago, Rep\u00fablica Dominicana, el 24 de febrero. El evento fue dise\u00f1ado para promover la uni\u00f3n familiar, una sociedad libre de drogas y obediencia hacia a la ley de Dios. <\/p>\n<p>\u00abHa habido un aumento como nunca antes de violencia y tr\u00e1fico de drogas en los sectores populares de la Rep\u00fablica Dominicana\u00bb, dijo Silvestre Gonz\u00e1lez, director de comunicaciones para la iglesia en Rep\u00fablica Dominicana. \u00abTodos los d\u00edas hay nuevos informes de dos o tres personas muertas como resultado de tiroteos entre las autoridades y los ofensores, y esto ha generado mucha incertidumbre para las familias dominicanas\u00bb.    <\/p>\n<p>Es por tal raz\u00f3n, dijo Gonz\u00e1lez, que la iglesia adventista se ha lanzado ha compartir la esperanza de una vida mejor en Cristo a trav\u00e9s de las principales ciudades en el pa\u00eds.  <\/p>\n<p>\u00abLa iglesia adventista por medio de sus j\u00f3venes busca aumentar su presencia en sus comunidades y guiar a los j\u00f3venes al conocimiento de Cristo\u00bb, expres\u00f3 \u00e9l. <\/p>\n<p>La marcha que inclu\u00eda j\u00f3venes, conquistadores y gu\u00edas mayores de docenas de iglesias adventistas en la ciudad de Santiago y comunidades alrededor, fue bien cubierta por los medios noticiosos locales y nacionales. <\/p>\n<p>El pastor Gonz\u00e1lez habl\u00f3 a la prensa sobre el trabajo de la Iglesia Adventista del S\u00e9ptimo D\u00eda y su compromiso en ayudar los j\u00f3venes dominicanos a hacer las decisiones correctas y darle las espaldas a la violencia y a las drogas para salvar las generaciones del ma\u00f1ana. <\/p>\n<p>Este fue el segundo evento de esta naturaleza organizado por el departamento de j\u00f3venes de la iglesia adventista en Santiago en los \u00faltimos dos a\u00f1os.  La primera manifestaci\u00f3n se realiz\u00f3 en junio de 2005. <\/p>\n<p>La Iglesia Adventista del S\u00e9ptimo D\u00eda es la segunda iglesia organizada m\u00e1s numerosa en la Rep\u00fablica Dominicana. Hay m\u00e1s de 231,000 miembros adventistas que adoran en 609 edificios de iglesias en la isla. <\/p>\n","protected":false},"excerpt":{"rendered":"<p>Tomando una posici\u00f3n contra el aumento en la violencia y abuso de las drogas en su pa\u00eds, m\u00e1s de 3,000 j\u00f3venes adventistas del s\u00e9ptimo d\u00eda marcharon por las calles principales de Santiago, Rep\u00fablica Dominica<\/p>\n","protected":false},"author":1,"featured_media":0,"comment_status":"closed","ping_status":"closed","sticky":false,"template":"","format":"standard","meta":{"_acf_changed":false,"footnotes":""},"categories":[8],"tags":[],"class_list":["post-10896","post","type-post","status-publish","format-standard","hentry","category-archivo"],"acf":[],"yoast_head":"<!-- This site is optimized with the Yoast SEO plugin v27.3 - https:\/\/yoast.com\/product\/yoast-seo-wordpress\/ -->\n<title>Rep\u00fablica Dominicana: Adventistas Marchan Contra Violencia y Abuso de Drogas - Iglesia Adventista del S\u00e9ptimo D\u00eda - Divisi\u00f3n Interamericana<\/title>\n<meta name=\"robots\" content=\"index, follow, max-snippet:-1, max-image-preview:large, max-video-preview:-1\" \/>\n<link rel=\"canonical\" href=\"https:\/\/interamerica.org\/es\/2007\/03\/republica-dominicana-adventistas-marchan-contra-violencia-y-abuso-de-drogas\/\" \/>\n<meta property=\"og:locale\" content=\"es_ES\" \/>\n<meta property=\"og:type\" content=\"article\" \/>\n<meta property=\"og:title\" content=\"Rep\u00fablica Dominicana: Adventistas Marchan Contra Violencia y Abuso de Drogas - Iglesia Adventista del S\u00e9ptimo D\u00eda - Divisi\u00f3n Interamericana\" \/>\n<meta property=\"og:description\" content=\"Tomando una posici\u00f3n contra el aumento en la violencia y abuso de las drogas en su pa\u00eds, m\u00e1s de 3,000 j\u00f3venes adventistas del s\u00e9ptimo d\u00eda marcharon por las calles principales de Santiago, Rep\u00fablica Dominica\" \/>\n<meta property=\"og:url\" content=\"https:\/\/interamerica.org\/es\/2007\/03\/republica-dominicana-adventistas-marchan-contra-violencia-y-abuso-de-drogas\/\" \/>\n<meta property=\"og:site_name\" content=\"Iglesia Adventista del S\u00e9ptimo D\u00eda - Divisi\u00f3n Interamericana\" \/>\n<meta property=\"article:published_time\" content=\"2007-03-01T04:00:00+00:00\" \/>\n<meta property=\"article:modified_time\" content=\"2017-06-02T13:12:14+00:00\" \/>\n<meta name=\"author\" content=\"Lorenzo Verduzco\" \/>\n<meta name=\"twitter:card\" content=\"summary_large_image\" \/>\n<meta name=\"twitter:label1\" content=\"Escrito por\" \/>\n\t<meta name=\"twitter:data1\" content=\"Lorenzo Verduzco\" \/>\n\t<meta name=\"twitter:label2\" content=\"Tiempo de lectura\" \/>\n\t<meta name=\"twitter:data2\" content=\"2 minutos\" \/>\n<script type=\"application\/ld+json\" class=\"yoast-schema-graph\">{\"@context\":\"https:\\\/\\\/schema.org\",\"@graph\":[{\"@type\":\"Article\",\"@id\":\"https:\\\/\\\/interamerica.org\\\/es\\\/2007\\\/03\\\/republica-dominicana-adventistas-marchan-contra-violencia-y-abuso-de-drogas\\\/#article\",\"isPartOf\":{\"@id\":\"https:\\\/\\\/interamerica.org\\\/es\\\/2007\\\/03\\\/republica-dominicana-adventistas-marchan-contra-violencia-y-abuso-de-drogas\\\/\"},\"author\":{\"name\":\"Lorenzo Verduzco\",\"@id\":\"https:\\\/\\\/interamerica.org\\\/es\\\/#\\\/schema\\\/person\\\/68ede8bdc292885bb76c1e3810e73c39\"},\"headline\":\"Rep\u00fablica Dominicana: Adventistas Marchan Contra Violencia y Abuso de Drogas\",\"datePublished\":\"2007-03-01T04:00:00+00:00\",\"dateModified\":\"2017-06-02T13:12:14+00:00\",\"mainEntityOfPage\":{\"@id\":\"https:\\\/\\\/interamerica.org\\\/es\\\/2007\\\/03\\\/republica-dominicana-adventistas-marchan-contra-violencia-y-abuso-de-drogas\\\/\"},\"wordCount\":379,\"articleSection\":[\"Archivo\"],\"inLanguage\":\"es\"},{\"@type\":\"WebPage\",\"@id\":\"https:\\\/\\\/interamerica.org\\\/es\\\/2007\\\/03\\\/republica-dominicana-adventistas-marchan-contra-violencia-y-abuso-de-drogas\\\/\",\"url\":\"https:\\\/\\\/interamerica.org\\\/es\\\/2007\\\/03\\\/republica-dominicana-adventistas-marchan-contra-violencia-y-abuso-de-drogas\\\/\",\"name\":\"Rep\u00fablica Dominicana: Adventistas Marchan Contra Violencia y Abuso de Drogas - Iglesia Adventista del S\u00e9ptimo D\u00eda - Divisi\u00f3n Interamericana\",\"isPartOf\":{\"@id\":\"https:\\\/\\\/interamerica.org\\\/es\\\/#website\"},\"datePublished\":\"2007-03-01T04:00:00+00:00\",\"dateModified\":\"2017-06-02T13:12:14+00:00\",\"author\":{\"@id\":\"https:\\\/\\\/interamerica.org\\\/es\\\/#\\\/schema\\\/person\\\/68ede8bdc292885bb76c1e3810e73c39\"},\"breadcrumb\":{\"@id\":\"https:\\\/\\\/interamerica.org\\\/es\\\/2007\\\/03\\\/republica-dominicana-adventistas-marchan-contra-violencia-y-abuso-de-drogas\\\/#breadcrumb\"},\"inLanguage\":\"es\",\"potentialAction\":[{\"@type\":\"ReadAction\",\"target\":[\"https:\\\/\\\/interamerica.org\\\/es\\\/2007\\\/03\\\/republica-dominicana-adventistas-marchan-contra-violencia-y-abuso-de-drogas\\\/\"]}]},{\"@type\":\"BreadcrumbList\",\"@id\":\"https:\\\/\\\/interamerica.org\\\/es\\\/2007\\\/03\\\/republica-dominicana-adventistas-marchan-contra-violencia-y-abuso-de-drogas\\\/#breadcrumb\",\"itemListElement\":[{\"@type\":\"ListItem\",\"position\":1,\"name\":\"Home\",\"item\":\"https:\\\/\\\/interamerica.org\\\/es\\\/\"},{\"@type\":\"ListItem\",\"position\":2,\"name\":\"Rep\u00fablica Dominicana: Adventistas Marchan Contra Violencia y Abuso de Drogas\"}]},{\"@type\":\"WebSite\",\"@id\":\"https:\\\/\\\/interamerica.org\\\/es\\\/#website\",\"url\":\"https:\\\/\\\/interamerica.org\\\/es\\\/\",\"name\":\"Iglesia Adventista del S\u00e9ptimo D\u00eda - Divisi\u00f3n Interamericana\",\"description\":\"\",\"potentialAction\":[{\"@type\":\"SearchAction\",\"target\":{\"@type\":\"EntryPoint\",\"urlTemplate\":\"https:\\\/\\\/interamerica.org\\\/es\\\/?s={search_term_string}\"},\"query-input\":{\"@type\":\"PropertyValueSpecification\",\"valueRequired\":true,\"valueName\":\"search_term_string\"}}],\"inLanguage\":\"es\"},{\"@type\":\"Person\",\"@id\":\"https:\\\/\\\/interamerica.org\\\/es\\\/#\\\/schema\\\/person\\\/68ede8bdc292885bb76c1e3810e73c39\",\"name\":\"Lorenzo Verduzco\",\"image\":{\"@type\":\"ImageObject\",\"inLanguage\":\"es\",\"@id\":\"https:\\\/\\\/secure.gravatar.com\\\/avatar\\\/fb81a55b6218459490a9c1dc841a34909185b81904c5337b4b27f7a6fd60c49e?s=96&d=mm&r=g\",\"url\":\"https:\\\/\\\/secure.gravatar.com\\\/avatar\\\/fb81a55b6218459490a9c1dc841a34909185b81904c5337b4b27f7a6fd60c49e?s=96&d=mm&r=g\",\"contentUrl\":\"https:\\\/\\\/secure.gravatar.com\\\/avatar\\\/fb81a55b6218459490a9c1dc841a34909185b81904c5337b4b27f7a6fd60c49e?s=96&d=mm&r=g\",\"caption\":\"Lorenzo Verduzco\"}}]}<\/script>\n<!-- \/ Yoast SEO plugin. -->","yoast_head_json":{"title":"Rep\u00fablica Dominicana: Adventistas Marchan Contra Violencia y Abuso de Drogas - Iglesia Adventista del S\u00e9ptimo D\u00eda - Divisi\u00f3n Interamericana","robots":{"index":"index","follow":"follow","max-snippet":"max-snippet:-1","max-image-preview":"max-image-preview:large","max-video-preview":"max-video-preview:-1"},"canonical":"https:\/\/interamerica.org\/es\/2007\/03\/republica-dominicana-adventistas-marchan-contra-violencia-y-abuso-de-drogas\/","og_locale":"es_ES","og_type":"article","og_title":"Rep\u00fablica Dominicana: Adventistas Marchan Contra Violencia y Abuso de Drogas - Iglesia Adventista del S\u00e9ptimo D\u00eda - Divisi\u00f3n Interamericana","og_description":"Tomando una posici\u00f3n contra el aumento en la violencia y abuso de las drogas en su pa\u00eds, m\u00e1s de 3,000 j\u00f3venes adventistas del s\u00e9ptimo d\u00eda marcharon por las calles principales de Santiago, Rep\u00fablica Dominica","og_url":"https:\/\/interamerica.org\/es\/2007\/03\/republica-dominicana-adventistas-marchan-contra-violencia-y-abuso-de-drogas\/","og_site_name":"Iglesia Adventista del S\u00e9ptimo D\u00eda - Divisi\u00f3n Interamericana","article_published_time":"2007-03-01T04:00:00+00:00","article_modified_time":"2017-06-02T13:12:14+00:00","author":"Lorenzo Verduzco","twitter_card":"summary_large_image","twitter_misc":{"Escrito por":"Lorenzo Verduzco","Tiempo de lectura":"2 minutos"},"schema":{"@context":"https:\/\/schema.org","@graph":[{"@type":"Article","@id":"https:\/\/interamerica.org\/es\/2007\/03\/republica-dominicana-adventistas-marchan-contra-violencia-y-abuso-de-drogas\/#article","isPartOf":{"@id":"https:\/\/interamerica.org\/es\/2007\/03\/republica-dominicana-adventistas-marchan-contra-violencia-y-abuso-de-drogas\/"},"author":{"name":"Lorenzo Verduzco","@id":"https:\/\/interamerica.org\/es\/#\/schema\/person\/68ede8bdc292885bb76c1e3810e73c39"},"headline":"Rep\u00fablica Dominicana: Adventistas Marchan Contra Violencia y Abuso de Drogas","datePublished":"2007-03-01T04:00:00+00:00","dateModified":"2017-06-02T13:12:14+00:00","mainEntityOfPage":{"@id":"https:\/\/interamerica.org\/es\/2007\/03\/republica-dominicana-adventistas-marchan-contra-violencia-y-abuso-de-drogas\/"},"wordCount":379,"articleSection":["Archivo"],"inLanguage":"es"},{"@type":"WebPage","@id":"https:\/\/interamerica.org\/es\/2007\/03\/republica-dominicana-adventistas-marchan-contra-violencia-y-abuso-de-drogas\/","url":"https:\/\/interamerica.org\/es\/2007\/03\/republica-dominicana-adventistas-marchan-contra-violencia-y-abuso-de-drogas\/","name":"Rep\u00fablica Dominicana: Adventistas Marchan Contra Violencia y Abuso de Drogas - Iglesia Adventista del S\u00e9ptimo D\u00eda - Divisi\u00f3n Interamericana","isPartOf":{"@id":"https:\/\/interamerica.org\/es\/#website"},"datePublished":"2007-03-01T04:00:00+00:00","dateModified":"2017-06-02T13:12:14+00:00","author":{"@id":"https:\/\/interamerica.org\/es\/#\/schema\/person\/68ede8bdc292885bb76c1e3810e73c39"},"breadcrumb":{"@id":"https:\/\/interamerica.org\/es\/2007\/03\/republica-dominicana-adventistas-marchan-contra-violencia-y-abuso-de-drogas\/#breadcrumb"},"inLanguage":"es","potentialAction":[{"@type":"ReadAction","target":["https:\/\/interamerica.org\/es\/2007\/03\/republica-dominicana-adventistas-marchan-contra-violencia-y-abuso-de-drogas\/"]}]},{"@type":"BreadcrumbList","@id":"https:\/\/interamerica.org\/es\/2007\/03\/republica-dominicana-adventistas-marchan-contra-violencia-y-abuso-de-drogas\/#breadcrumb","itemListElement":[{"@type":"ListItem","position":1,"name":"Home","item":"https:\/\/interamerica.org\/es\/"},{"@type":"ListItem","position":2,"name":"Rep\u00fablica Dominicana: Adventistas Marchan Contra Violencia y Abuso de Drogas"}]},{"@type":"WebSite","@id":"https:\/\/interamerica.org\/es\/#website","url":"https:\/\/interamerica.org\/es\/","name":"Iglesia Adventista del S\u00e9ptimo D\u00eda - Divisi\u00f3n Interamericana","description":"","potentialAction":[{"@type":"SearchAction","target":{"@type":"EntryPoint","urlTemplate":"https:\/\/interamerica.org\/es\/?s={search_term_string}"},"query-input":{"@type":"PropertyValueSpecification","valueRequired":true,"valueName":"search_term_string"}}],"inLanguage":"es"},{"@type":"Person","@id":"https:\/\/interamerica.org\/es\/#\/schema\/person\/68ede8bdc292885bb76c1e3810e73c39","name":"Lorenzo Verduzco","image":{"@type":"ImageObject","inLanguage":"es","@id":"https:\/\/secure.gravatar.com\/avatar\/fb81a55b6218459490a9c1dc841a34909185b81904c5337b4b27f7a6fd60c49e?s=96&d=mm&r=g","url":"https:\/\/secure.gravatar.com\/avatar\/fb81a55b6218459490a9c1dc841a34909185b81904c5337b4b27f7a6fd60c49e?s=96&d=mm&r=g","contentUrl":"https:\/\/secure.gravatar.com\/avatar\/fb81a55b6218459490a9c1dc841a34909185b81904c5337b4b27f7a6fd60c49e?s=96&d=mm&r=g","caption":"Lorenzo Verduzco"}}]}},"_links":{"self":[{"href":"https:\/\/interamerica.org\/es\/wp-json\/wp\/v2\/posts\/10896","targetHints":{"allow":["GET"]}}],"collection":[{"href":"https:\/\/interamerica.org\/es\/wp-json\/wp\/v2\/posts"}],"about":[{"href":"https:\/\/interamerica.org\/es\/wp-json\/wp\/v2\/types\/post"}],"author":[{"embeddable":true,"href":"https:\/\/interamerica.org\/es\/wp-json\/wp\/v2\/users\/1"}],"replies":[{"embeddable":true,"href":"https:\/\/interamerica.org\/es\/wp-json\/wp\/v2\/comments?post=10896"}],"version-history":[{"count":0,"href":"https:\/\/interamerica.org\/es\/wp-json\/wp\/v2\/posts\/10896\/revisions"}],"wp:attachment":[{"href":"https:\/\/interamerica.org\/es\/wp-json\/wp\/v2\/media?parent=10896"}],"wp:term":[{"taxonomy":"category","embeddable":true,"href":"https:\/\/interamerica.org\/es\/wp-json\/wp\/v2\/categories?post=10896"},{"taxonomy":"post_tag","embeddable":true,"href":"https:\/\/interamerica.org\/es\/wp-json\/wp\/v2\/tags?post=10896"}],"curies":[{"name":"wp","href":"https:\/\/api.w.org\/{rel}","templated":true}]}}