{"id":10897,"date":"2007-03-01T00:00:00","date_gmt":"2007-03-01T04:00:00","guid":{"rendered":"http:\/\/192.81.217.108\/interamerica\/2007\/03\/barbados-iglesia-adventista-se-une-a-un-proyecto-gubernamental-para-reconstruir-casas\/"},"modified":"2017-06-02T09:12:14","modified_gmt":"2017-06-02T13:12:14","slug":"barbados-iglesia-adventista-se-une-a-un-proyecto-gubernamental-para-reconstruir-casas","status":"publish","type":"post","link":"https:\/\/interamerica.org\/es\/2007\/03\/barbados-iglesia-adventista-se-une-a-un-proyecto-gubernamental-para-reconstruir-casas\/","title":{"rendered":"Barbados; Iglesia adventista se une a un proyecto gubernamental para reconstruir casas"},"content":{"rendered":"<p>Santa Lucy, Barbados&#8230;[James Daniel\/DIA] <\/p>\n<p>La Iglesia Adventista del S\u00e9ptimo D\u00eda en Barbados est\u00e1 colaborando con el gobierno de la naci\u00f3n para erradicar la pobreza. El proyecto conjunto involucra a la Oficina del Asesor para el Gobierno sobre la Erradicaci\u00f3n de la Pobreza (OAGPE, por sus siglas en ingl\u00e9s), la Comisi\u00f3n para el Desarrollo Rural, y el Distrito Norte de la Iglesia Adventista en la parroquia de Santa Lucy. <\/p>\n<p>El Honorable Hamilton Lashley, asesor para el gobierno sobre la erradicaci\u00f3n de la pobreza, dijo que el proyecto es parte del programa del gobierno, Carrying Out the Promise (Cumpliendo la Promesa). <\/p>\n<p>El proyecto de erradicaci\u00f3n de la pobreza implica la reconstrucci\u00f3n de cuatro casas que se encuentran en un estado de descompostura, con materiales provistos por el gobierno, y la mano de obra provista a trav\u00e9s del Adventist Community Services (servicios adventistas a la comunidad), departamento de la Iglesia Adventista, en el \u00e1rea. <\/p>\n<p>Ya dos casas fueron reconstruidas y sus llaves fueron entregadas a los ocupantes Urcille Babb, de 81 a\u00f1os, de River Bay, en la parroquia de Santa Lucy, y Beryl Broome, de 79, de Checker Hall, en la misma parroquia. Ambos contaron c\u00f3mo sus antiguos hogares fueron infestados por la termita, y ahora se regocijan en sus nuevos hogares desde que se mudaron de vuelta el 8 de febrero. <\/p>\n<p>El pastor Dayle Haynes, pastor del distrito, anot\u00f3 que \u201cuno debe ver Carrying Out the Promise no solo como una promesa del gobierno, sino \u2013lo que es m\u00e1s importante\u2014como una promesa de Dios\u201d. <\/p>\n<p>Por causa de su sobresaliente trabajo en el programa, a la Iglesia Adventista del S\u00e9ptimo D\u00eda le fue presentada el Premio del Primer Ministro, por parte de la Sra. Petra Tannis, de OAGPE. <\/p>\n<p>Tambi\u00e9n estuvieron presentes para la ocasi\u00f3n el Honorable Dennis Kellman, representante parlamentario para la el distrito electoral de Santa Lucy; representantes de la oficina del consejero sobre la erradicaci\u00f3n de la pobreza; el pastor Colin Thorne, director de ministerios personales para la Asociaci\u00f3n Caribe\u00f1a del Este, de los Adventistas del S\u00e9ptimo D\u00eda; y miembros del departamento de servicios a la comunidad, del Distrito Norte de la Iglesia Adventista del S\u00e9ptimo D\u00eda. <\/p>\n","protected":false},"excerpt":{"rendered":"<p>La Iglesia Adventista del S\u00e9ptimo D\u00eda en Barbados est\u00e1 colaborando con el gobierno de la naci\u00f3n para erradicar la pobreza. El proyecto conjunto involucra a la Oficina del Asesor para el Gobierno sobre la Erradicaci\u00f3n de<\/p>\n","protected":false},"author":1,"featured_media":0,"comment_status":"closed","ping_status":"closed","sticky":false,"template":"","format":"standard","meta":{"_acf_changed":false,"footnotes":""},"categories":[8],"tags":[],"class_list":["post-10897","post","type-post","status-publish","format-standard","hentry","category-archivo"],"acf":[],"yoast_head":"<!-- This site is optimized with the Yoast SEO plugin v27.3 - https:\/\/yoast.com\/product\/yoast-seo-wordpress\/ -->\n<title>Barbados; Iglesia adventista se une a un proyecto gubernamental para reconstruir casas - Iglesia Adventista del S\u00e9ptimo D\u00eda - Divisi\u00f3n Interamericana<\/title>\n<meta name=\"robots\" content=\"index, follow, max-snippet:-1, max-image-preview:large, max-video-preview:-1\" \/>\n<link rel=\"canonical\" href=\"https:\/\/interamerica.org\/es\/2007\/03\/barbados-iglesia-adventista-se-une-a-un-proyecto-gubernamental-para-reconstruir-casas\/\" \/>\n<meta property=\"og:locale\" content=\"es_ES\" \/>\n<meta property=\"og:type\" content=\"article\" \/>\n<meta property=\"og:title\" content=\"Barbados; Iglesia adventista se une a un proyecto gubernamental para reconstruir casas - Iglesia Adventista del S\u00e9ptimo D\u00eda - Divisi\u00f3n Interamericana\" \/>\n<meta property=\"og:description\" content=\"La Iglesia Adventista del S\u00e9ptimo D\u00eda en Barbados est\u00e1 colaborando con el gobierno de la naci\u00f3n para erradicar la pobreza. El proyecto conjunto involucra a la Oficina del Asesor para el Gobierno sobre la Erradicaci\u00f3n de\" \/>\n<meta property=\"og:url\" content=\"https:\/\/interamerica.org\/es\/2007\/03\/barbados-iglesia-adventista-se-une-a-un-proyecto-gubernamental-para-reconstruir-casas\/\" \/>\n<meta property=\"og:site_name\" content=\"Iglesia Adventista del S\u00e9ptimo D\u00eda - Divisi\u00f3n Interamericana\" \/>\n<meta property=\"article:published_time\" content=\"2007-03-01T04:00:00+00:00\" \/>\n<meta property=\"article:modified_time\" content=\"2017-06-02T13:12:14+00:00\" \/>\n<meta name=\"author\" content=\"Lorenzo Verduzco\" \/>\n<meta name=\"twitter:card\" content=\"summary_large_image\" \/>\n<meta name=\"twitter:label1\" content=\"Escrito por\" \/>\n\t<meta name=\"twitter:data1\" content=\"Lorenzo Verduzco\" \/>\n\t<meta name=\"twitter:label2\" content=\"Tiempo de lectura\" \/>\n\t<meta name=\"twitter:data2\" content=\"2 minutos\" \/>\n<script type=\"application\/ld+json\" class=\"yoast-schema-graph\">{\"@context\":\"https:\\\/\\\/schema.org\",\"@graph\":[{\"@type\":\"Article\",\"@id\":\"https:\\\/\\\/interamerica.org\\\/es\\\/2007\\\/03\\\/barbados-iglesia-adventista-se-une-a-un-proyecto-gubernamental-para-reconstruir-casas\\\/#article\",\"isPartOf\":{\"@id\":\"https:\\\/\\\/interamerica.org\\\/es\\\/2007\\\/03\\\/barbados-iglesia-adventista-se-une-a-un-proyecto-gubernamental-para-reconstruir-casas\\\/\"},\"author\":{\"name\":\"Lorenzo Verduzco\",\"@id\":\"https:\\\/\\\/interamerica.org\\\/es\\\/#\\\/schema\\\/person\\\/68ede8bdc292885bb76c1e3810e73c39\"},\"headline\":\"Barbados; Iglesia adventista se une a un proyecto gubernamental para reconstruir casas\",\"datePublished\":\"2007-03-01T04:00:00+00:00\",\"dateModified\":\"2017-06-02T13:12:14+00:00\",\"mainEntityOfPage\":{\"@id\":\"https:\\\/\\\/interamerica.org\\\/es\\\/2007\\\/03\\\/barbados-iglesia-adventista-se-une-a-un-proyecto-gubernamental-para-reconstruir-casas\\\/\"},\"wordCount\":392,\"articleSection\":[\"Archivo\"],\"inLanguage\":\"es\"},{\"@type\":\"WebPage\",\"@id\":\"https:\\\/\\\/interamerica.org\\\/es\\\/2007\\\/03\\\/barbados-iglesia-adventista-se-une-a-un-proyecto-gubernamental-para-reconstruir-casas\\\/\",\"url\":\"https:\\\/\\\/interamerica.org\\\/es\\\/2007\\\/03\\\/barbados-iglesia-adventista-se-une-a-un-proyecto-gubernamental-para-reconstruir-casas\\\/\",\"name\":\"Barbados; Iglesia adventista se une a un proyecto gubernamental para reconstruir casas - Iglesia Adventista del S\u00e9ptimo D\u00eda - Divisi\u00f3n Interamericana\",\"isPartOf\":{\"@id\":\"https:\\\/\\\/interamerica.org\\\/es\\\/#website\"},\"datePublished\":\"2007-03-01T04:00:00+00:00\",\"dateModified\":\"2017-06-02T13:12:14+00:00\",\"author\":{\"@id\":\"https:\\\/\\\/interamerica.org\\\/es\\\/#\\\/schema\\\/person\\\/68ede8bdc292885bb76c1e3810e73c39\"},\"breadcrumb\":{\"@id\":\"https:\\\/\\\/interamerica.org\\\/es\\\/2007\\\/03\\\/barbados-iglesia-adventista-se-une-a-un-proyecto-gubernamental-para-reconstruir-casas\\\/#breadcrumb\"},\"inLanguage\":\"es\",\"potentialAction\":[{\"@type\":\"ReadAction\",\"target\":[\"https:\\\/\\\/interamerica.org\\\/es\\\/2007\\\/03\\\/barbados-iglesia-adventista-se-une-a-un-proyecto-gubernamental-para-reconstruir-casas\\\/\"]}]},{\"@type\":\"BreadcrumbList\",\"@id\":\"https:\\\/\\\/interamerica.org\\\/es\\\/2007\\\/03\\\/barbados-iglesia-adventista-se-une-a-un-proyecto-gubernamental-para-reconstruir-casas\\\/#breadcrumb\",\"itemListElement\":[{\"@type\":\"ListItem\",\"position\":1,\"name\":\"Home\",\"item\":\"https:\\\/\\\/interamerica.org\\\/es\\\/\"},{\"@type\":\"ListItem\",\"position\":2,\"name\":\"Barbados; Iglesia adventista se une a un proyecto gubernamental para reconstruir casas\"}]},{\"@type\":\"WebSite\",\"@id\":\"https:\\\/\\\/interamerica.org\\\/es\\\/#website\",\"url\":\"https:\\\/\\\/interamerica.org\\\/es\\\/\",\"name\":\"Iglesia Adventista del S\u00e9ptimo D\u00eda - Divisi\u00f3n Interamericana\",\"description\":\"\",\"potentialAction\":[{\"@type\":\"SearchAction\",\"target\":{\"@type\":\"EntryPoint\",\"urlTemplate\":\"https:\\\/\\\/interamerica.org\\\/es\\\/?s={search_term_string}\"},\"query-input\":{\"@type\":\"PropertyValueSpecification\",\"valueRequired\":true,\"valueName\":\"search_term_string\"}}],\"inLanguage\":\"es\"},{\"@type\":\"Person\",\"@id\":\"https:\\\/\\\/interamerica.org\\\/es\\\/#\\\/schema\\\/person\\\/68ede8bdc292885bb76c1e3810e73c39\",\"name\":\"Lorenzo Verduzco\",\"image\":{\"@type\":\"ImageObject\",\"inLanguage\":\"es\",\"@id\":\"https:\\\/\\\/secure.gravatar.com\\\/avatar\\\/fb81a55b6218459490a9c1dc841a34909185b81904c5337b4b27f7a6fd60c49e?s=96&d=mm&r=g\",\"url\":\"https:\\\/\\\/secure.gravatar.com\\\/avatar\\\/fb81a55b6218459490a9c1dc841a34909185b81904c5337b4b27f7a6fd60c49e?s=96&d=mm&r=g\",\"contentUrl\":\"https:\\\/\\\/secure.gravatar.com\\\/avatar\\\/fb81a55b6218459490a9c1dc841a34909185b81904c5337b4b27f7a6fd60c49e?s=96&d=mm&r=g\",\"caption\":\"Lorenzo Verduzco\"}}]}<\/script>\n<!-- \/ Yoast SEO plugin. -->","yoast_head_json":{"title":"Barbados; Iglesia adventista se une a un proyecto gubernamental para reconstruir casas - Iglesia Adventista del S\u00e9ptimo D\u00eda - Divisi\u00f3n Interamericana","robots":{"index":"index","follow":"follow","max-snippet":"max-snippet:-1","max-image-preview":"max-image-preview:large","max-video-preview":"max-video-preview:-1"},"canonical":"https:\/\/interamerica.org\/es\/2007\/03\/barbados-iglesia-adventista-se-une-a-un-proyecto-gubernamental-para-reconstruir-casas\/","og_locale":"es_ES","og_type":"article","og_title":"Barbados; Iglesia adventista se une a un proyecto gubernamental para reconstruir casas - Iglesia Adventista del S\u00e9ptimo D\u00eda - Divisi\u00f3n Interamericana","og_description":"La Iglesia Adventista del S\u00e9ptimo D\u00eda en Barbados est\u00e1 colaborando con el gobierno de la naci\u00f3n para erradicar la pobreza. El proyecto conjunto involucra a la Oficina del Asesor para el Gobierno sobre la Erradicaci\u00f3n de","og_url":"https:\/\/interamerica.org\/es\/2007\/03\/barbados-iglesia-adventista-se-une-a-un-proyecto-gubernamental-para-reconstruir-casas\/","og_site_name":"Iglesia Adventista del S\u00e9ptimo D\u00eda - Divisi\u00f3n Interamericana","article_published_time":"2007-03-01T04:00:00+00:00","article_modified_time":"2017-06-02T13:12:14+00:00","author":"Lorenzo Verduzco","twitter_card":"summary_large_image","twitter_misc":{"Escrito por":"Lorenzo Verduzco","Tiempo de lectura":"2 minutos"},"schema":{"@context":"https:\/\/schema.org","@graph":[{"@type":"Article","@id":"https:\/\/interamerica.org\/es\/2007\/03\/barbados-iglesia-adventista-se-une-a-un-proyecto-gubernamental-para-reconstruir-casas\/#article","isPartOf":{"@id":"https:\/\/interamerica.org\/es\/2007\/03\/barbados-iglesia-adventista-se-une-a-un-proyecto-gubernamental-para-reconstruir-casas\/"},"author":{"name":"Lorenzo Verduzco","@id":"https:\/\/interamerica.org\/es\/#\/schema\/person\/68ede8bdc292885bb76c1e3810e73c39"},"headline":"Barbados; Iglesia adventista se une a un proyecto gubernamental para reconstruir casas","datePublished":"2007-03-01T04:00:00+00:00","dateModified":"2017-06-02T13:12:14+00:00","mainEntityOfPage":{"@id":"https:\/\/interamerica.org\/es\/2007\/03\/barbados-iglesia-adventista-se-une-a-un-proyecto-gubernamental-para-reconstruir-casas\/"},"wordCount":392,"articleSection":["Archivo"],"inLanguage":"es"},{"@type":"WebPage","@id":"https:\/\/interamerica.org\/es\/2007\/03\/barbados-iglesia-adventista-se-une-a-un-proyecto-gubernamental-para-reconstruir-casas\/","url":"https:\/\/interamerica.org\/es\/2007\/03\/barbados-iglesia-adventista-se-une-a-un-proyecto-gubernamental-para-reconstruir-casas\/","name":"Barbados; Iglesia adventista se une a un proyecto gubernamental para reconstruir casas - Iglesia Adventista del S\u00e9ptimo D\u00eda - Divisi\u00f3n Interamericana","isPartOf":{"@id":"https:\/\/interamerica.org\/es\/#website"},"datePublished":"2007-03-01T04:00:00+00:00","dateModified":"2017-06-02T13:12:14+00:00","author":{"@id":"https:\/\/interamerica.org\/es\/#\/schema\/person\/68ede8bdc292885bb76c1e3810e73c39"},"breadcrumb":{"@id":"https:\/\/interamerica.org\/es\/2007\/03\/barbados-iglesia-adventista-se-une-a-un-proyecto-gubernamental-para-reconstruir-casas\/#breadcrumb"},"inLanguage":"es","potentialAction":[{"@type":"ReadAction","target":["https:\/\/interamerica.org\/es\/2007\/03\/barbados-iglesia-adventista-se-une-a-un-proyecto-gubernamental-para-reconstruir-casas\/"]}]},{"@type":"BreadcrumbList","@id":"https:\/\/interamerica.org\/es\/2007\/03\/barbados-iglesia-adventista-se-une-a-un-proyecto-gubernamental-para-reconstruir-casas\/#breadcrumb","itemListElement":[{"@type":"ListItem","position":1,"name":"Home","item":"https:\/\/interamerica.org\/es\/"},{"@type":"ListItem","position":2,"name":"Barbados; Iglesia adventista se une a un proyecto gubernamental para reconstruir casas"}]},{"@type":"WebSite","@id":"https:\/\/interamerica.org\/es\/#website","url":"https:\/\/interamerica.org\/es\/","name":"Iglesia Adventista del S\u00e9ptimo D\u00eda - Divisi\u00f3n Interamericana","description":"","potentialAction":[{"@type":"SearchAction","target":{"@type":"EntryPoint","urlTemplate":"https:\/\/interamerica.org\/es\/?s={search_term_string}"},"query-input":{"@type":"PropertyValueSpecification","valueRequired":true,"valueName":"search_term_string"}}],"inLanguage":"es"},{"@type":"Person","@id":"https:\/\/interamerica.org\/es\/#\/schema\/person\/68ede8bdc292885bb76c1e3810e73c39","name":"Lorenzo Verduzco","image":{"@type":"ImageObject","inLanguage":"es","@id":"https:\/\/secure.gravatar.com\/avatar\/fb81a55b6218459490a9c1dc841a34909185b81904c5337b4b27f7a6fd60c49e?s=96&d=mm&r=g","url":"https:\/\/secure.gravatar.com\/avatar\/fb81a55b6218459490a9c1dc841a34909185b81904c5337b4b27f7a6fd60c49e?s=96&d=mm&r=g","contentUrl":"https:\/\/secure.gravatar.com\/avatar\/fb81a55b6218459490a9c1dc841a34909185b81904c5337b4b27f7a6fd60c49e?s=96&d=mm&r=g","caption":"Lorenzo Verduzco"}}]}},"_links":{"self":[{"href":"https:\/\/interamerica.org\/es\/wp-json\/wp\/v2\/posts\/10897","targetHints":{"allow":["GET"]}}],"collection":[{"href":"https:\/\/interamerica.org\/es\/wp-json\/wp\/v2\/posts"}],"about":[{"href":"https:\/\/interamerica.org\/es\/wp-json\/wp\/v2\/types\/post"}],"author":[{"embeddable":true,"href":"https:\/\/interamerica.org\/es\/wp-json\/wp\/v2\/users\/1"}],"replies":[{"embeddable":true,"href":"https:\/\/interamerica.org\/es\/wp-json\/wp\/v2\/comments?post=10897"}],"version-history":[{"count":0,"href":"https:\/\/interamerica.org\/es\/wp-json\/wp\/v2\/posts\/10897\/revisions"}],"wp:attachment":[{"href":"https:\/\/interamerica.org\/es\/wp-json\/wp\/v2\/media?parent=10897"}],"wp:term":[{"taxonomy":"category","embeddable":true,"href":"https:\/\/interamerica.org\/es\/wp-json\/wp\/v2\/categories?post=10897"},{"taxonomy":"post_tag","embeddable":true,"href":"https:\/\/interamerica.org\/es\/wp-json\/wp\/v2\/tags?post=10897"}],"curies":[{"name":"wp","href":"https:\/\/api.w.org\/{rel}","templated":true}]}}