{"id":10899,"date":"2007-03-01T00:00:00","date_gmt":"2007-03-01T04:00:00","guid":{"rendered":"http:\/\/192.81.217.108\/interamerica\/2007\/03\/iglesia-mundial-salud-internacional-adventista-celebra-decada-en-asistencia-mundial-a-hospitales\/"},"modified":"2017-06-02T09:12:16","modified_gmt":"2017-06-02T13:12:16","slug":"iglesia-mundial-salud-internacional-adventista-celebra-decada-en-asistencia-mundial-a-hospitales","status":"publish","type":"post","link":"https:\/\/interamerica.org\/es\/2007\/03\/iglesia-mundial-salud-internacional-adventista-celebra-decada-en-asistencia-mundial-a-hospitales\/","title":{"rendered":"Iglesia Mundial: Salud Internacional Adventista Celebra D\u00e9cada en Asistencia Mundial a Hospitales"},"content":{"rendered":"<p>1 de marzo, 2007 Loma Linda, California, Estados Unidos &#8230;. [Dustin R. Jones\/LLU\/Personal de ANN ] <\/p>\n<p>Aunque los hospitales, las cl\u00ednicas y otros centros del cuidado de la salud son t\u00edpicamente vistos como constantes en la comunidad, no est\u00e1n exentos a dif\u00edciles situaciones que ponen en riesgo la vitalidad de su regi\u00f3n. Son susceptibles aquellos que est\u00e1n, particularmente, en pa\u00edses en desarrollo. <\/p>\n<p>Hist\u00f3ricamente, los hospitales y sanatorios internacionales de la Iglesia Adventista del S\u00e9ptimo D\u00eda encabezaban las gr\u00e1ficas siempre que se trataba de habilidades m\u00e9dicas y el cuidado del paciente. Pero, en la \u00faltima d\u00e9cada, econom\u00edas en deterioro, los menguantes presupuestos de ultramar y las cambiantes din\u00e1micas nacionales y de la iglesia, han resultado en muchas facilidades m\u00e9dicas con personal insuficiente, pobremente surtidos que ofrecen cuidados de la salud m\u00e1s inadecuados que una bata de hospital. <\/p>\n<p>Fue entonces que un grupo de corporaciones adventistas se asociaron para organizar Salud Adventista Internacional (AHI por sus siglas en ingl\u00e9s). La Universidad de Loma Linda (LLU por sus siglas en ingl\u00e9s), la sede de la iglesia mundial adventista, la Agencia Adventista de Desarrollo y Recursos Asistenciales (ADRA por sus siglas en ingl\u00e9s) Adventist Health System West (Sistema de Salud Adventista del Oeste), Adventist Health System Sunbelt Health Care Corporation (Corporaci\u00f3n del Cuidado de la Salud de los Estados del Sur y Suroeste de Estados Unidos del Sistema de Salud Adventista), Adventist Health Care, Inc. (Cuidado de la Salud Adventista, Inc.), y Kettering Adventist Healthcare Network [Red del Cuidado de la Salud Adventista Kettering (en Ohio)] fusionaron sus esfuerzos para revivir los hospitales en deterioro. <\/p>\n<p>Despu\u00e9s de obtener la aprobaci\u00f3n de la sede de la iglesia adventista mundial, el Hospital Adventista Gimbie en Etiopia y el Hospital y Cl\u00ednica Davis Memorial en Guyana fueron las primeras facilidades en beneficiarse de AH\u00cd. \u00abEstas instituciones estaban en desesperada situaci\u00f3n y en peligro de ser clausuradas\u00bb, dice el doctor Richar Hart, Presidente de AH\u00cd y Rector de la Universidad de Loma Linda (LLU siglas en ingl\u00e9s). \u00abEnfrent\u00e1bamos muchos retos, incluyendo establecer gobierno y sistema administrativo que establecen la funci\u00f3n de la junta y del personal juntos en forma efectiva\u00bb. <\/p>\n<p>Anterior a la intervenci\u00f3n de AHI, la situaci\u00f3n en Etiop\u00eda era particularmente d\u00e9bil. El gobierno local hab\u00eda enviado a la sede de la iglesia local una carta exponiendo que ellos ten\u00edan un a\u00f1o para rehacer o enfrentar la clausura impuesta. \u00abEl hospital ya estaba cuatro meses dentro del per\u00edodo de los 12 meses\u00bb, dijo Hart. <\/p>\n<p>Con la ayuda de ADRA Neerlandesa y un estudiante del Servicio Misi\u00f3n Internacional, un estudiante del programa de misi\u00f3n de la Universidad de Loma Linda, la construcci\u00f3n del nuevo edificio del hospital comenz\u00f3 en 1998. Despu\u00e9s de cinco a\u00f1os y con cerca de US$400,000 en donaciones, fue terminado en 2003 un nuevo hospital con un edificio de tres pisos. Las nuevas facilidades incluyen una sala de cirug\u00eda, sala de pre-parto, parto, salas de pacientes y un piso educacional. <\/p>\n<p>Mientras, en la Cl\u00ednica y Hospital Davis Memorial en Georgetown, Guyana, \u00abpoco se hab\u00eda hecho a la facilidad en los \u00faltimos 50 a\u00f1os\u00bb, dice Hart. Cuando se construy\u00f3 en 1952, el hospital era el centro de cuidado m\u00e9dico de mayor importancia. Pero hab\u00eda llegado tanto al punto de derrumbarse que los oficiales de la iglesia local aprobaron cerrarlo. Fue entonces que AH\u00cd intervino. <\/p>\n<p>\u00abAHI ha logrado verdadero progreso en Guyana\u00bb, dice el doctor Donn Gaede, secretario de y profesor auxiliar en la Escuela de Salud P\u00fablica de la Universidad de Loma Linda. <\/p>\n<p>\u00abEl Davis Memorial es ahora uno de nuestros sitios brillantes\u00bb, dice el doctor Elie Honor\u00e9, director del Departamento de Ministerios de la Salud de la regi\u00f3n Interamericana de la iglesia. \u00c9l agrega, refiri\u00e9ndose al hospital como \u00abun vuelco total\u00bb. Dice que el \u00e9nfasis de AH\u00cd en fortalecer la junta y el equipo administrativo del hospital tuvo un enorme impacto. <\/p>\n<p>Mejoras de fondo, tales como remplazar el sistema el\u00e9ctrico de Davis Memorial, lograron impactar de igual forma. El personal del hospital puede operar ahora equipo esencial sin la constante amenaza de apagones interfiriendo con el cuidado al paciente. <\/p>\n<p>Temprano en 2001, AHI actualiza a\u00fan m\u00e1s en Davis Memorial al implementar el programa de capacitaci\u00f3n Foundation Health-Care Worker (fundaci\u00f3n obrero del cuidado de la salud), que provee una introducci\u00f3n al cuidado de la salud a trav\u00e9s de instrucci\u00f3n y de familiarizaci\u00f3n con cada departamento del hospital. El Ministro de Salud de Guyana pronto reconoci\u00f3 el valor del programa y lo convirti\u00f3 en un pre-requisito para varias carreras en salud. <\/p>\n<p>\u00abUna de las cosas emocionantes de la nueva vida en Davis Memorial es la revitalizaci\u00f3n de la iglesia adyacente\u00bb, expresa Hart. Cuando visit\u00e9 Davis Memorial en a\u00f1os anteriores, los miembros de iglesia me desanimaron de asistir a la iglesia ubicada en el hospital y me invitaban a las iglesias m\u00e1s grandes en Georgetown\u00bb. La feligres\u00eda de la iglesia del hospital, la cual hab\u00eda ca\u00eddo a aproximadamente 50 asistentes regulares, se ha disparado desde entonces a 1,000. Hart informa que un nuevo edificio de iglesia fue construido para acomodar el influjo.<br  \/>Los 32 hospitales y 52 cl\u00ednicas que AH\u00cd ha impactado, ahora se extienden a 13 pa\u00edses: Camer\u00f3n, Etiop\u00eda, Guyana, Hait\u00ed, Honduras, India, Malawi, Nigeria, Ruanda, Chad, Trinidad, Venezuela and Zambia. <\/p>\n<p>\u00abMuchas instituciones de nuestra regi\u00f3n ahora est\u00e1n ansiosas de formar parte de AHI,\u00bb dice Honor\u00e9. \u00abDeseo que las cosas caminen m\u00e1s r\u00e1pido, pero entiendo las limitaciones financieras y de personal en AH\u00cd\u00bb. <\/p>\n<p>Hart explica que AHI recibe cantidad de solicitudes de afiliaci\u00f3n, pero que la organizaci\u00f3n quiere asegurarse que \u00abse desarrolle una base s\u00f3lida con personal y reglamentos de calidad en cada \u00e1rea a fin de que las mejoras se mantengan. El coraz\u00f3n de la actividad de AHI es salud, y debemos mantener calidad y el nivel de tecnolog\u00eda apropiado. Cada pa\u00eds debe, tambi\u00e9n, moverse hacia cierto nivel de autosuficiencia financiera\u00bb. <\/p>\n<p>Para m\u00e1s informaci\u00f3n acerca de Salud Internacional Adventista, vaya a <a  href=\"http:\/\/www.adventisthealthinternational.org\/\">www.adventisthealthinternational.org<\/a >. <\/p>\n<p><strong >Derechos reservados (R) 2007 por Adventist News Network. <br  \/><\/strong ><\/p>\n","protected":false},"excerpt":{"rendered":"<p>Aunque hospitales, cl\u00ednicas y centros del cuidado de la salud son vistos como constantes en una comunidad, no est\u00e1n fuera de situaciones que pueden hacer tambalear la vitalidad de su regi\u00f3n.<\/p>\n","protected":false},"author":1,"featured_media":0,"comment_status":"closed","ping_status":"closed","sticky":false,"template":"","format":"standard","meta":{"_acf_changed":false,"footnotes":""},"categories":[8],"tags":[],"class_list":["post-10899","post","type-post","status-publish","format-standard","hentry","category-archivo"],"acf":[],"yoast_head":"<!-- This site is optimized with the Yoast SEO plugin v27.3 - https:\/\/yoast.com\/product\/yoast-seo-wordpress\/ -->\n<title>Iglesia Mundial: Salud Internacional Adventista Celebra D\u00e9cada en Asistencia Mundial a Hospitales - Iglesia Adventista del S\u00e9ptimo D\u00eda - Divisi\u00f3n Interamericana<\/title>\n<meta name=\"robots\" content=\"index, follow, max-snippet:-1, max-image-preview:large, max-video-preview:-1\" \/>\n<link rel=\"canonical\" href=\"https:\/\/interamerica.org\/es\/2007\/03\/iglesia-mundial-salud-internacional-adventista-celebra-decada-en-asistencia-mundial-a-hospitales\/\" \/>\n<meta property=\"og:locale\" content=\"es_ES\" \/>\n<meta property=\"og:type\" content=\"article\" \/>\n<meta property=\"og:title\" content=\"Iglesia Mundial: Salud Internacional Adventista Celebra D\u00e9cada en Asistencia Mundial a Hospitales - Iglesia Adventista del S\u00e9ptimo D\u00eda - Divisi\u00f3n Interamericana\" \/>\n<meta property=\"og:description\" content=\"Aunque hospitales, cl\u00ednicas y centros del cuidado de la salud son vistos como constantes en una comunidad, no est\u00e1n fuera de situaciones que pueden hacer tambalear la vitalidad de su regi\u00f3n.\" \/>\n<meta property=\"og:url\" content=\"https:\/\/interamerica.org\/es\/2007\/03\/iglesia-mundial-salud-internacional-adventista-celebra-decada-en-asistencia-mundial-a-hospitales\/\" \/>\n<meta property=\"og:site_name\" content=\"Iglesia Adventista del S\u00e9ptimo D\u00eda - Divisi\u00f3n Interamericana\" \/>\n<meta property=\"article:published_time\" content=\"2007-03-01T04:00:00+00:00\" \/>\n<meta property=\"article:modified_time\" content=\"2017-06-02T13:12:16+00:00\" \/>\n<meta name=\"author\" content=\"Lorenzo Verduzco\" \/>\n<meta name=\"twitter:card\" content=\"summary_large_image\" \/>\n<meta name=\"twitter:label1\" content=\"Escrito por\" \/>\n\t<meta name=\"twitter:data1\" content=\"Lorenzo Verduzco\" \/>\n\t<meta name=\"twitter:label2\" content=\"Tiempo de lectura\" \/>\n\t<meta name=\"twitter:data2\" content=\"5 minutos\" \/>\n<script type=\"application\/ld+json\" class=\"yoast-schema-graph\">{\"@context\":\"https:\\\/\\\/schema.org\",\"@graph\":[{\"@type\":\"Article\",\"@id\":\"https:\\\/\\\/interamerica.org\\\/es\\\/2007\\\/03\\\/iglesia-mundial-salud-internacional-adventista-celebra-decada-en-asistencia-mundial-a-hospitales\\\/#article\",\"isPartOf\":{\"@id\":\"https:\\\/\\\/interamerica.org\\\/es\\\/2007\\\/03\\\/iglesia-mundial-salud-internacional-adventista-celebra-decada-en-asistencia-mundial-a-hospitales\\\/\"},\"author\":{\"name\":\"Lorenzo Verduzco\",\"@id\":\"https:\\\/\\\/interamerica.org\\\/es\\\/#\\\/schema\\\/person\\\/68ede8bdc292885bb76c1e3810e73c39\"},\"headline\":\"Iglesia Mundial: Salud Internacional Adventista Celebra D\u00e9cada en Asistencia Mundial a Hospitales\",\"datePublished\":\"2007-03-01T04:00:00+00:00\",\"dateModified\":\"2017-06-02T13:12:16+00:00\",\"mainEntityOfPage\":{\"@id\":\"https:\\\/\\\/interamerica.org\\\/es\\\/2007\\\/03\\\/iglesia-mundial-salud-internacional-adventista-celebra-decada-en-asistencia-mundial-a-hospitales\\\/\"},\"wordCount\":1067,\"articleSection\":[\"Archivo\"],\"inLanguage\":\"es\"},{\"@type\":\"WebPage\",\"@id\":\"https:\\\/\\\/interamerica.org\\\/es\\\/2007\\\/03\\\/iglesia-mundial-salud-internacional-adventista-celebra-decada-en-asistencia-mundial-a-hospitales\\\/\",\"url\":\"https:\\\/\\\/interamerica.org\\\/es\\\/2007\\\/03\\\/iglesia-mundial-salud-internacional-adventista-celebra-decada-en-asistencia-mundial-a-hospitales\\\/\",\"name\":\"Iglesia Mundial: Salud Internacional Adventista Celebra D\u00e9cada en Asistencia Mundial a Hospitales - Iglesia Adventista del S\u00e9ptimo D\u00eda - Divisi\u00f3n Interamericana\",\"isPartOf\":{\"@id\":\"https:\\\/\\\/interamerica.org\\\/es\\\/#website\"},\"datePublished\":\"2007-03-01T04:00:00+00:00\",\"dateModified\":\"2017-06-02T13:12:16+00:00\",\"author\":{\"@id\":\"https:\\\/\\\/interamerica.org\\\/es\\\/#\\\/schema\\\/person\\\/68ede8bdc292885bb76c1e3810e73c39\"},\"breadcrumb\":{\"@id\":\"https:\\\/\\\/interamerica.org\\\/es\\\/2007\\\/03\\\/iglesia-mundial-salud-internacional-adventista-celebra-decada-en-asistencia-mundial-a-hospitales\\\/#breadcrumb\"},\"inLanguage\":\"es\",\"potentialAction\":[{\"@type\":\"ReadAction\",\"target\":[\"https:\\\/\\\/interamerica.org\\\/es\\\/2007\\\/03\\\/iglesia-mundial-salud-internacional-adventista-celebra-decada-en-asistencia-mundial-a-hospitales\\\/\"]}]},{\"@type\":\"BreadcrumbList\",\"@id\":\"https:\\\/\\\/interamerica.org\\\/es\\\/2007\\\/03\\\/iglesia-mundial-salud-internacional-adventista-celebra-decada-en-asistencia-mundial-a-hospitales\\\/#breadcrumb\",\"itemListElement\":[{\"@type\":\"ListItem\",\"position\":1,\"name\":\"Home\",\"item\":\"https:\\\/\\\/interamerica.org\\\/es\\\/\"},{\"@type\":\"ListItem\",\"position\":2,\"name\":\"Iglesia Mundial: Salud Internacional Adventista Celebra D\u00e9cada en Asistencia Mundial a Hospitales\"}]},{\"@type\":\"WebSite\",\"@id\":\"https:\\\/\\\/interamerica.org\\\/es\\\/#website\",\"url\":\"https:\\\/\\\/interamerica.org\\\/es\\\/\",\"name\":\"Iglesia Adventista del S\u00e9ptimo D\u00eda - Divisi\u00f3n Interamericana\",\"description\":\"\",\"potentialAction\":[{\"@type\":\"SearchAction\",\"target\":{\"@type\":\"EntryPoint\",\"urlTemplate\":\"https:\\\/\\\/interamerica.org\\\/es\\\/?s={search_term_string}\"},\"query-input\":{\"@type\":\"PropertyValueSpecification\",\"valueRequired\":true,\"valueName\":\"search_term_string\"}}],\"inLanguage\":\"es\"},{\"@type\":\"Person\",\"@id\":\"https:\\\/\\\/interamerica.org\\\/es\\\/#\\\/schema\\\/person\\\/68ede8bdc292885bb76c1e3810e73c39\",\"name\":\"Lorenzo Verduzco\",\"image\":{\"@type\":\"ImageObject\",\"inLanguage\":\"es\",\"@id\":\"https:\\\/\\\/secure.gravatar.com\\\/avatar\\\/fb81a55b6218459490a9c1dc841a34909185b81904c5337b4b27f7a6fd60c49e?s=96&d=mm&r=g\",\"url\":\"https:\\\/\\\/secure.gravatar.com\\\/avatar\\\/fb81a55b6218459490a9c1dc841a34909185b81904c5337b4b27f7a6fd60c49e?s=96&d=mm&r=g\",\"contentUrl\":\"https:\\\/\\\/secure.gravatar.com\\\/avatar\\\/fb81a55b6218459490a9c1dc841a34909185b81904c5337b4b27f7a6fd60c49e?s=96&d=mm&r=g\",\"caption\":\"Lorenzo Verduzco\"}}]}<\/script>\n<!-- \/ Yoast SEO plugin. -->","yoast_head_json":{"title":"Iglesia Mundial: Salud Internacional Adventista Celebra D\u00e9cada en Asistencia Mundial a Hospitales - Iglesia Adventista del S\u00e9ptimo D\u00eda - Divisi\u00f3n Interamericana","robots":{"index":"index","follow":"follow","max-snippet":"max-snippet:-1","max-image-preview":"max-image-preview:large","max-video-preview":"max-video-preview:-1"},"canonical":"https:\/\/interamerica.org\/es\/2007\/03\/iglesia-mundial-salud-internacional-adventista-celebra-decada-en-asistencia-mundial-a-hospitales\/","og_locale":"es_ES","og_type":"article","og_title":"Iglesia Mundial: Salud Internacional Adventista Celebra D\u00e9cada en Asistencia Mundial a Hospitales - Iglesia Adventista del S\u00e9ptimo D\u00eda - Divisi\u00f3n Interamericana","og_description":"Aunque hospitales, cl\u00ednicas y centros del cuidado de la salud son vistos como constantes en una comunidad, no est\u00e1n fuera de situaciones que pueden hacer tambalear la vitalidad de su regi\u00f3n.","og_url":"https:\/\/interamerica.org\/es\/2007\/03\/iglesia-mundial-salud-internacional-adventista-celebra-decada-en-asistencia-mundial-a-hospitales\/","og_site_name":"Iglesia Adventista del S\u00e9ptimo D\u00eda - Divisi\u00f3n Interamericana","article_published_time":"2007-03-01T04:00:00+00:00","article_modified_time":"2017-06-02T13:12:16+00:00","author":"Lorenzo Verduzco","twitter_card":"summary_large_image","twitter_misc":{"Escrito por":"Lorenzo Verduzco","Tiempo de lectura":"5 minutos"},"schema":{"@context":"https:\/\/schema.org","@graph":[{"@type":"Article","@id":"https:\/\/interamerica.org\/es\/2007\/03\/iglesia-mundial-salud-internacional-adventista-celebra-decada-en-asistencia-mundial-a-hospitales\/#article","isPartOf":{"@id":"https:\/\/interamerica.org\/es\/2007\/03\/iglesia-mundial-salud-internacional-adventista-celebra-decada-en-asistencia-mundial-a-hospitales\/"},"author":{"name":"Lorenzo Verduzco","@id":"https:\/\/interamerica.org\/es\/#\/schema\/person\/68ede8bdc292885bb76c1e3810e73c39"},"headline":"Iglesia Mundial: Salud Internacional Adventista Celebra D\u00e9cada en Asistencia Mundial a Hospitales","datePublished":"2007-03-01T04:00:00+00:00","dateModified":"2017-06-02T13:12:16+00:00","mainEntityOfPage":{"@id":"https:\/\/interamerica.org\/es\/2007\/03\/iglesia-mundial-salud-internacional-adventista-celebra-decada-en-asistencia-mundial-a-hospitales\/"},"wordCount":1067,"articleSection":["Archivo"],"inLanguage":"es"},{"@type":"WebPage","@id":"https:\/\/interamerica.org\/es\/2007\/03\/iglesia-mundial-salud-internacional-adventista-celebra-decada-en-asistencia-mundial-a-hospitales\/","url":"https:\/\/interamerica.org\/es\/2007\/03\/iglesia-mundial-salud-internacional-adventista-celebra-decada-en-asistencia-mundial-a-hospitales\/","name":"Iglesia Mundial: Salud Internacional Adventista Celebra D\u00e9cada en Asistencia Mundial a Hospitales - Iglesia Adventista del S\u00e9ptimo D\u00eda - Divisi\u00f3n Interamericana","isPartOf":{"@id":"https:\/\/interamerica.org\/es\/#website"},"datePublished":"2007-03-01T04:00:00+00:00","dateModified":"2017-06-02T13:12:16+00:00","author":{"@id":"https:\/\/interamerica.org\/es\/#\/schema\/person\/68ede8bdc292885bb76c1e3810e73c39"},"breadcrumb":{"@id":"https:\/\/interamerica.org\/es\/2007\/03\/iglesia-mundial-salud-internacional-adventista-celebra-decada-en-asistencia-mundial-a-hospitales\/#breadcrumb"},"inLanguage":"es","potentialAction":[{"@type":"ReadAction","target":["https:\/\/interamerica.org\/es\/2007\/03\/iglesia-mundial-salud-internacional-adventista-celebra-decada-en-asistencia-mundial-a-hospitales\/"]}]},{"@type":"BreadcrumbList","@id":"https:\/\/interamerica.org\/es\/2007\/03\/iglesia-mundial-salud-internacional-adventista-celebra-decada-en-asistencia-mundial-a-hospitales\/#breadcrumb","itemListElement":[{"@type":"ListItem","position":1,"name":"Home","item":"https:\/\/interamerica.org\/es\/"},{"@type":"ListItem","position":2,"name":"Iglesia Mundial: Salud Internacional Adventista Celebra D\u00e9cada en Asistencia Mundial a Hospitales"}]},{"@type":"WebSite","@id":"https:\/\/interamerica.org\/es\/#website","url":"https:\/\/interamerica.org\/es\/","name":"Iglesia Adventista del S\u00e9ptimo D\u00eda - Divisi\u00f3n Interamericana","description":"","potentialAction":[{"@type":"SearchAction","target":{"@type":"EntryPoint","urlTemplate":"https:\/\/interamerica.org\/es\/?s={search_term_string}"},"query-input":{"@type":"PropertyValueSpecification","valueRequired":true,"valueName":"search_term_string"}}],"inLanguage":"es"},{"@type":"Person","@id":"https:\/\/interamerica.org\/es\/#\/schema\/person\/68ede8bdc292885bb76c1e3810e73c39","name":"Lorenzo Verduzco","image":{"@type":"ImageObject","inLanguage":"es","@id":"https:\/\/secure.gravatar.com\/avatar\/fb81a55b6218459490a9c1dc841a34909185b81904c5337b4b27f7a6fd60c49e?s=96&d=mm&r=g","url":"https:\/\/secure.gravatar.com\/avatar\/fb81a55b6218459490a9c1dc841a34909185b81904c5337b4b27f7a6fd60c49e?s=96&d=mm&r=g","contentUrl":"https:\/\/secure.gravatar.com\/avatar\/fb81a55b6218459490a9c1dc841a34909185b81904c5337b4b27f7a6fd60c49e?s=96&d=mm&r=g","caption":"Lorenzo Verduzco"}}]}},"_links":{"self":[{"href":"https:\/\/interamerica.org\/es\/wp-json\/wp\/v2\/posts\/10899","targetHints":{"allow":["GET"]}}],"collection":[{"href":"https:\/\/interamerica.org\/es\/wp-json\/wp\/v2\/posts"}],"about":[{"href":"https:\/\/interamerica.org\/es\/wp-json\/wp\/v2\/types\/post"}],"author":[{"embeddable":true,"href":"https:\/\/interamerica.org\/es\/wp-json\/wp\/v2\/users\/1"}],"replies":[{"embeddable":true,"href":"https:\/\/interamerica.org\/es\/wp-json\/wp\/v2\/comments?post=10899"}],"version-history":[{"count":0,"href":"https:\/\/interamerica.org\/es\/wp-json\/wp\/v2\/posts\/10899\/revisions"}],"wp:attachment":[{"href":"https:\/\/interamerica.org\/es\/wp-json\/wp\/v2\/media?parent=10899"}],"wp:term":[{"taxonomy":"category","embeddable":true,"href":"https:\/\/interamerica.org\/es\/wp-json\/wp\/v2\/categories?post=10899"},{"taxonomy":"post_tag","embeddable":true,"href":"https:\/\/interamerica.org\/es\/wp-json\/wp\/v2\/tags?post=10899"}],"curies":[{"name":"wp","href":"https:\/\/api.w.org\/{rel}","templated":true}]}}