{"id":108996,"date":"2024-01-19T10:15:18","date_gmt":"2024-01-19T15:15:18","guid":{"rendered":"https:\/\/interamerica.org\/?p=108996"},"modified":"2024-01-29T09:54:40","modified_gmt":"2024-01-29T14:54:40","slug":"semana-anual-de-oracion-busca-fortalecer-las-familias-pastorales-de-toda-interamerica","status":"publish","type":"post","link":"https:\/\/interamerica.org\/es\/2024\/01\/semana-anual-de-oracion-busca-fortalecer-las-familias-pastorales-de-toda-interamerica\/","title":{"rendered":"Semana anual de oraci\u00f3n busca fortalecer las familias pastorales de toda Interam\u00e9rica"},"content":{"rendered":"<p>18 de enero de 2024 | Miami, Florida, Estados Unidos | Libna Stevens, Noticias de la Divisi\u00f3n Interamericana<\/p>\n<p>Miles de pastores y sus familias en toda la Iglesia Adventista del S\u00e9ptimo D\u00eda en la Divisi\u00f3n Interamericana tendr\u00e1n la oportunidad de hacer una pausa para adorar y orar juntos durante la Semana de Oraci\u00f3n de este a\u00f1o, del 29 de enero al 2 de febrero de 2024.<\/p>\n<p>El evento en l\u00ednea busca inspirar a los pastores, sus c\u00f3nyuges y los ni\u00f1os para que estudien la Palabra de Dios y oren juntos, obtengan fortaleza espiritual, sirvan a la iglesia y esparzan el evangelio en sus comunidades.<\/p>\n<p>\u201cQueremos que nuestras familias pastorales crezcan en la fe y sean capaces de continuar motivando a sus congregaciones, para que tengan en claro la misi\u00f3n de hacer disc\u00edpulos de Cristo, aun cuando enfrentan desaf\u00edos y crisis\u201d, dijo el pastor Josney Rodr\u00edguez, secretario de la asociaci\u00f3n ministerial de la Divisi\u00f3n Interamericana.<\/p>\n<p><div id=\"attachment_108934\" style=\"width: 850px\" class=\"wp-caption aligncenter\"><img fetchpriority=\"high\" decoding=\"async\" aria-describedby=\"caption-attachment-108934\" class=\"wp-image-108934\" src=\"https:\/\/interamerica.org\/wp-content\/uploads\/2023\/12\/2-1024x640.jpg\" alt=\"\" width=\"840\" height=\"525\" srcset=\"https:\/\/interamerica.org\/wp-content\/uploads\/2023\/12\/2-1024x640.jpg 1024w, https:\/\/interamerica.org\/wp-content\/uploads\/2023\/12\/2-300x188.jpg 300w, https:\/\/interamerica.org\/wp-content\/uploads\/2023\/12\/2-768x480.jpg 768w, https:\/\/interamerica.org\/wp-content\/uploads\/2023\/12\/2.jpg 1280w\" sizes=\"(max-width: 840px) 100vw, 840px\" \/><p id=\"caption-attachment-108934\" class=\"wp-caption-text\">[Imagen: Divisi\u00f3n Interamericana]<\/p><\/div>Bajo el lema \u201c\u00a1Por fe!\u201d, los programas vespertinos de una hora de duraci\u00f3n tambi\u00e9n buscar\u00e1n reasegurar a las familias de los pastores que no est\u00e1n solas ante la tarea que tienen de pastorear sus congregaciones, record\u00e1ndoles que Dios est\u00e1 con ellos a cada paso del camino en ese importante ministerio, dijo Rodr\u00edguez.<\/p>\n<p>\u201cEl principal desaf\u00edo que enfrentan hoy los pastores es reconectar a la iglesia con Dios, principalmente a los j\u00f3venes y las nuevas generaciones. Eso significa que tienen que transmitir un mensaje adaptado y relevante para este tiempo\u201d, a\u00f1adi\u00f3. No implica solo tener, conocer y compartir la verdad del evangelio con los congregantes, dijo Rodr\u00edguez, sino ayudar a que los miembros y en especial los j\u00f3venes comprendan que la iglesia no solo pertenece a sus padres sino tambi\u00e9n a ellos. \u201cEllos [los j\u00f3venes] tambi\u00e9n pueden crecer en la fe y participar para llegar a ser s\u00f3lidos disc\u00edpulos, y para permanecer involucrados en la tarea de esparcir el evangelio a sus compa\u00f1eros y a todos aquellos con quienes entren en contacto\u201d.<\/p>\n<p>El pastor Pavel Goia, editor de la revista Ministry de la Asociaci\u00f3n Ministerial de la Asociaci\u00f3n General, ser\u00e1 el orador destacado. Los Ministerios de Familia y la Asociaci\u00f3n Ministerial de la Divisi\u00f3n Interamericana son los organizadores de esta semana especial de oraci\u00f3n para los m\u00e1s de 3700 pastores que supervisan congregaciones en los distritos locales del territorio.<\/p>\n<p>La semana de oraci\u00f3n da inicio a la primera de cinco semanas de iniciativas y actividades que apuntan a preparar a la familia para que crezca en la fe, durante la iniciativa de este a\u00f1o en la Divisi\u00f3n Interamericana denominada \u201cToda la familia en misi\u00f3n\u201d.<\/p>\n<p>Para ver la Semana de Oraci\u00f3n ministerial a partir del 29 de enero de 2024 a las 20:00 (Hora de Miami), y por recursos adicionales, ingrese <a href=\"https:\/\/ministerial.iadnet.org\/\">AQU\u00cd<\/a>.<\/p>\n<p>Traducci\u00f3n de Marcos Paseggi<\/p>\n","protected":false},"excerpt":{"rendered":"<p>18 de enero de 2024 | Miami, Florida, Estados Unidos | Libna Stevens, Noticias de la Divisi\u00f3n Interamericana Miles de pastores y sus familias en toda la Iglesia Adventista del&#8230;<\/p>\n","protected":false},"author":3,"featured_media":108934,"comment_status":"closed","ping_status":"closed","sticky":false,"template":"","format":"standard","meta":{"_acf_changed":false,"footnotes":""},"categories":[16,15],"tags":[],"class_list":["post-108996","post","type-post","status-publish","format-standard","has-post-thumbnail","hentry","category-desde-la-sede","category-rss-espanol"],"acf":[],"yoast_head":"<!-- This site is optimized with the Yoast SEO plugin v27.3 - https:\/\/yoast.com\/product\/yoast-seo-wordpress\/ -->\n<title>Semana anual de oraci\u00f3n busca fortalecer las familias pastorales de toda Interam\u00e9rica - Iglesia Adventista del S\u00e9ptimo D\u00eda - Divisi\u00f3n Interamericana<\/title>\n<meta name=\"robots\" content=\"index, follow, max-snippet:-1, max-image-preview:large, max-video-preview:-1\" \/>\n<link rel=\"canonical\" href=\"https:\/\/interamerica.org\/es\/2024\/01\/semana-anual-de-oracion-busca-fortalecer-las-familias-pastorales-de-toda-interamerica\/\" \/>\n<meta property=\"og:locale\" content=\"es_ES\" \/>\n<meta property=\"og:type\" content=\"article\" \/>\n<meta property=\"og:title\" content=\"Semana anual de oraci\u00f3n busca fortalecer las familias pastorales de toda Interam\u00e9rica - Iglesia Adventista del S\u00e9ptimo D\u00eda - Divisi\u00f3n Interamericana\" \/>\n<meta property=\"og:description\" content=\"18 de enero de 2024 | Miami, Florida, Estados Unidos | Libna Stevens, Noticias de la Divisi\u00f3n Interamericana Miles de pastores y sus familias en toda la Iglesia Adventista del...\" \/>\n<meta property=\"og:url\" content=\"https:\/\/interamerica.org\/es\/2024\/01\/semana-anual-de-oracion-busca-fortalecer-las-familias-pastorales-de-toda-interamerica\/\" \/>\n<meta property=\"og:site_name\" content=\"Iglesia Adventista del S\u00e9ptimo D\u00eda - Divisi\u00f3n Interamericana\" \/>\n<meta property=\"article:published_time\" content=\"2024-01-19T15:15:18+00:00\" \/>\n<meta property=\"article:modified_time\" content=\"2024-01-29T14:54:40+00:00\" \/>\n<meta property=\"og:image\" content=\"https:\/\/interamerica.org\/wp-content\/uploads\/2023\/12\/2.jpg\" \/>\n\t<meta property=\"og:image:width\" content=\"1280\" \/>\n\t<meta property=\"og:image:height\" content=\"800\" \/>\n\t<meta property=\"og:image:type\" content=\"image\/jpeg\" \/>\n<meta name=\"author\" content=\"libna\" \/>\n<meta name=\"twitter:card\" content=\"summary_large_image\" \/>\n<meta name=\"twitter:label1\" content=\"Escrito por\" \/>\n\t<meta name=\"twitter:data1\" content=\"libna\" \/>\n\t<meta name=\"twitter:label2\" content=\"Tiempo de lectura\" \/>\n\t<meta name=\"twitter:data2\" content=\"3 minutos\" \/>\n<script type=\"application\/ld+json\" class=\"yoast-schema-graph\">{\"@context\":\"https:\\\/\\\/schema.org\",\"@graph\":[{\"@type\":\"Article\",\"@id\":\"https:\\\/\\\/interamerica.org\\\/es\\\/2024\\\/01\\\/semana-anual-de-oracion-busca-fortalecer-las-familias-pastorales-de-toda-interamerica\\\/#article\",\"isPartOf\":{\"@id\":\"https:\\\/\\\/interamerica.org\\\/es\\\/2024\\\/01\\\/semana-anual-de-oracion-busca-fortalecer-las-familias-pastorales-de-toda-interamerica\\\/\"},\"author\":{\"name\":\"libna\",\"@id\":\"https:\\\/\\\/interamerica.org\\\/es\\\/#\\\/schema\\\/person\\\/29998f2bc2d8bd0d38662909289b54f1\"},\"headline\":\"Semana anual de oraci\u00f3n busca fortalecer las familias pastorales de toda Interam\u00e9rica\",\"datePublished\":\"2024-01-19T15:15:18+00:00\",\"dateModified\":\"2024-01-29T14:54:40+00:00\",\"mainEntityOfPage\":{\"@id\":\"https:\\\/\\\/interamerica.org\\\/es\\\/2024\\\/01\\\/semana-anual-de-oracion-busca-fortalecer-las-familias-pastorales-de-toda-interamerica\\\/\"},\"wordCount\":517,\"image\":{\"@id\":\"https:\\\/\\\/interamerica.org\\\/es\\\/2024\\\/01\\\/semana-anual-de-oracion-busca-fortalecer-las-familias-pastorales-de-toda-interamerica\\\/#primaryimage\"},\"thumbnailUrl\":\"https:\\\/\\\/interamerica.org\\\/wp-content\\\/uploads\\\/2023\\\/12\\\/2.jpg\",\"articleSection\":[\"Desde la sede\",\"RSS Espa\u00f1ol\"],\"inLanguage\":\"es\"},{\"@type\":\"WebPage\",\"@id\":\"https:\\\/\\\/interamerica.org\\\/es\\\/2024\\\/01\\\/semana-anual-de-oracion-busca-fortalecer-las-familias-pastorales-de-toda-interamerica\\\/\",\"url\":\"https:\\\/\\\/interamerica.org\\\/es\\\/2024\\\/01\\\/semana-anual-de-oracion-busca-fortalecer-las-familias-pastorales-de-toda-interamerica\\\/\",\"name\":\"Semana anual de oraci\u00f3n busca fortalecer las familias pastorales de toda Interam\u00e9rica - Iglesia Adventista del S\u00e9ptimo D\u00eda - Divisi\u00f3n Interamericana\",\"isPartOf\":{\"@id\":\"https:\\\/\\\/interamerica.org\\\/es\\\/#website\"},\"primaryImageOfPage\":{\"@id\":\"https:\\\/\\\/interamerica.org\\\/es\\\/2024\\\/01\\\/semana-anual-de-oracion-busca-fortalecer-las-familias-pastorales-de-toda-interamerica\\\/#primaryimage\"},\"image\":{\"@id\":\"https:\\\/\\\/interamerica.org\\\/es\\\/2024\\\/01\\\/semana-anual-de-oracion-busca-fortalecer-las-familias-pastorales-de-toda-interamerica\\\/#primaryimage\"},\"thumbnailUrl\":\"https:\\\/\\\/interamerica.org\\\/wp-content\\\/uploads\\\/2023\\\/12\\\/2.jpg\",\"datePublished\":\"2024-01-19T15:15:18+00:00\",\"dateModified\":\"2024-01-29T14:54:40+00:00\",\"author\":{\"@id\":\"https:\\\/\\\/interamerica.org\\\/es\\\/#\\\/schema\\\/person\\\/29998f2bc2d8bd0d38662909289b54f1\"},\"breadcrumb\":{\"@id\":\"https:\\\/\\\/interamerica.org\\\/es\\\/2024\\\/01\\\/semana-anual-de-oracion-busca-fortalecer-las-familias-pastorales-de-toda-interamerica\\\/#breadcrumb\"},\"inLanguage\":\"es\",\"potentialAction\":[{\"@type\":\"ReadAction\",\"target\":[\"https:\\\/\\\/interamerica.org\\\/es\\\/2024\\\/01\\\/semana-anual-de-oracion-busca-fortalecer-las-familias-pastorales-de-toda-interamerica\\\/\"]}]},{\"@type\":\"ImageObject\",\"inLanguage\":\"es\",\"@id\":\"https:\\\/\\\/interamerica.org\\\/es\\\/2024\\\/01\\\/semana-anual-de-oracion-busca-fortalecer-las-familias-pastorales-de-toda-interamerica\\\/#primaryimage\",\"url\":\"https:\\\/\\\/interamerica.org\\\/wp-content\\\/uploads\\\/2023\\\/12\\\/2.jpg\",\"contentUrl\":\"https:\\\/\\\/interamerica.org\\\/wp-content\\\/uploads\\\/2023\\\/12\\\/2.jpg\",\"width\":1280,\"height\":800},{\"@type\":\"BreadcrumbList\",\"@id\":\"https:\\\/\\\/interamerica.org\\\/es\\\/2024\\\/01\\\/semana-anual-de-oracion-busca-fortalecer-las-familias-pastorales-de-toda-interamerica\\\/#breadcrumb\",\"itemListElement\":[{\"@type\":\"ListItem\",\"position\":1,\"name\":\"Home\",\"item\":\"https:\\\/\\\/interamerica.org\\\/es\\\/\"},{\"@type\":\"ListItem\",\"position\":2,\"name\":\"Semana anual de oraci\u00f3n busca fortalecer las familias pastorales de toda Interam\u00e9rica\"}]},{\"@type\":\"WebSite\",\"@id\":\"https:\\\/\\\/interamerica.org\\\/es\\\/#website\",\"url\":\"https:\\\/\\\/interamerica.org\\\/es\\\/\",\"name\":\"Iglesia Adventista del S\u00e9ptimo D\u00eda - Divisi\u00f3n Interamericana\",\"description\":\"\",\"potentialAction\":[{\"@type\":\"SearchAction\",\"target\":{\"@type\":\"EntryPoint\",\"urlTemplate\":\"https:\\\/\\\/interamerica.org\\\/es\\\/?s={search_term_string}\"},\"query-input\":{\"@type\":\"PropertyValueSpecification\",\"valueRequired\":true,\"valueName\":\"search_term_string\"}}],\"inLanguage\":\"es\"},{\"@type\":\"Person\",\"@id\":\"https:\\\/\\\/interamerica.org\\\/es\\\/#\\\/schema\\\/person\\\/29998f2bc2d8bd0d38662909289b54f1\",\"name\":\"libna\",\"image\":{\"@type\":\"ImageObject\",\"inLanguage\":\"es\",\"@id\":\"https:\\\/\\\/secure.gravatar.com\\\/avatar\\\/7c5bd30ae4b47a9ba3c856590957fd1d96dc588bf3ac05719d247e126840331f?s=96&d=mm&r=g\",\"url\":\"https:\\\/\\\/secure.gravatar.com\\\/avatar\\\/7c5bd30ae4b47a9ba3c856590957fd1d96dc588bf3ac05719d247e126840331f?s=96&d=mm&r=g\",\"contentUrl\":\"https:\\\/\\\/secure.gravatar.com\\\/avatar\\\/7c5bd30ae4b47a9ba3c856590957fd1d96dc588bf3ac05719d247e126840331f?s=96&d=mm&r=g\",\"caption\":\"libna\"}}]}<\/script>\n<!-- \/ Yoast SEO plugin. -->","yoast_head_json":{"title":"Semana anual de oraci\u00f3n busca fortalecer las familias pastorales de toda Interam\u00e9rica - Iglesia Adventista del S\u00e9ptimo D\u00eda - Divisi\u00f3n Interamericana","robots":{"index":"index","follow":"follow","max-snippet":"max-snippet:-1","max-image-preview":"max-image-preview:large","max-video-preview":"max-video-preview:-1"},"canonical":"https:\/\/interamerica.org\/es\/2024\/01\/semana-anual-de-oracion-busca-fortalecer-las-familias-pastorales-de-toda-interamerica\/","og_locale":"es_ES","og_type":"article","og_title":"Semana anual de oraci\u00f3n busca fortalecer las familias pastorales de toda Interam\u00e9rica - Iglesia Adventista del S\u00e9ptimo D\u00eda - Divisi\u00f3n Interamericana","og_description":"18 de enero de 2024 | Miami, Florida, Estados Unidos | Libna Stevens, Noticias de la Divisi\u00f3n Interamericana Miles de pastores y sus familias en toda la Iglesia Adventista del...","og_url":"https:\/\/interamerica.org\/es\/2024\/01\/semana-anual-de-oracion-busca-fortalecer-las-familias-pastorales-de-toda-interamerica\/","og_site_name":"Iglesia Adventista del S\u00e9ptimo D\u00eda - Divisi\u00f3n Interamericana","article_published_time":"2024-01-19T15:15:18+00:00","article_modified_time":"2024-01-29T14:54:40+00:00","og_image":[{"width":1280,"height":800,"url":"https:\/\/interamerica.org\/wp-content\/uploads\/2023\/12\/2.jpg","type":"image\/jpeg"}],"author":"libna","twitter_card":"summary_large_image","twitter_misc":{"Escrito por":"libna","Tiempo de lectura":"3 minutos"},"schema":{"@context":"https:\/\/schema.org","@graph":[{"@type":"Article","@id":"https:\/\/interamerica.org\/es\/2024\/01\/semana-anual-de-oracion-busca-fortalecer-las-familias-pastorales-de-toda-interamerica\/#article","isPartOf":{"@id":"https:\/\/interamerica.org\/es\/2024\/01\/semana-anual-de-oracion-busca-fortalecer-las-familias-pastorales-de-toda-interamerica\/"},"author":{"name":"libna","@id":"https:\/\/interamerica.org\/es\/#\/schema\/person\/29998f2bc2d8bd0d38662909289b54f1"},"headline":"Semana anual de oraci\u00f3n busca fortalecer las familias pastorales de toda Interam\u00e9rica","datePublished":"2024-01-19T15:15:18+00:00","dateModified":"2024-01-29T14:54:40+00:00","mainEntityOfPage":{"@id":"https:\/\/interamerica.org\/es\/2024\/01\/semana-anual-de-oracion-busca-fortalecer-las-familias-pastorales-de-toda-interamerica\/"},"wordCount":517,"image":{"@id":"https:\/\/interamerica.org\/es\/2024\/01\/semana-anual-de-oracion-busca-fortalecer-las-familias-pastorales-de-toda-interamerica\/#primaryimage"},"thumbnailUrl":"https:\/\/interamerica.org\/wp-content\/uploads\/2023\/12\/2.jpg","articleSection":["Desde la sede","RSS Espa\u00f1ol"],"inLanguage":"es"},{"@type":"WebPage","@id":"https:\/\/interamerica.org\/es\/2024\/01\/semana-anual-de-oracion-busca-fortalecer-las-familias-pastorales-de-toda-interamerica\/","url":"https:\/\/interamerica.org\/es\/2024\/01\/semana-anual-de-oracion-busca-fortalecer-las-familias-pastorales-de-toda-interamerica\/","name":"Semana anual de oraci\u00f3n busca fortalecer las familias pastorales de toda Interam\u00e9rica - Iglesia Adventista del S\u00e9ptimo D\u00eda - Divisi\u00f3n Interamericana","isPartOf":{"@id":"https:\/\/interamerica.org\/es\/#website"},"primaryImageOfPage":{"@id":"https:\/\/interamerica.org\/es\/2024\/01\/semana-anual-de-oracion-busca-fortalecer-las-familias-pastorales-de-toda-interamerica\/#primaryimage"},"image":{"@id":"https:\/\/interamerica.org\/es\/2024\/01\/semana-anual-de-oracion-busca-fortalecer-las-familias-pastorales-de-toda-interamerica\/#primaryimage"},"thumbnailUrl":"https:\/\/interamerica.org\/wp-content\/uploads\/2023\/12\/2.jpg","datePublished":"2024-01-19T15:15:18+00:00","dateModified":"2024-01-29T14:54:40+00:00","author":{"@id":"https:\/\/interamerica.org\/es\/#\/schema\/person\/29998f2bc2d8bd0d38662909289b54f1"},"breadcrumb":{"@id":"https:\/\/interamerica.org\/es\/2024\/01\/semana-anual-de-oracion-busca-fortalecer-las-familias-pastorales-de-toda-interamerica\/#breadcrumb"},"inLanguage":"es","potentialAction":[{"@type":"ReadAction","target":["https:\/\/interamerica.org\/es\/2024\/01\/semana-anual-de-oracion-busca-fortalecer-las-familias-pastorales-de-toda-interamerica\/"]}]},{"@type":"ImageObject","inLanguage":"es","@id":"https:\/\/interamerica.org\/es\/2024\/01\/semana-anual-de-oracion-busca-fortalecer-las-familias-pastorales-de-toda-interamerica\/#primaryimage","url":"https:\/\/interamerica.org\/wp-content\/uploads\/2023\/12\/2.jpg","contentUrl":"https:\/\/interamerica.org\/wp-content\/uploads\/2023\/12\/2.jpg","width":1280,"height":800},{"@type":"BreadcrumbList","@id":"https:\/\/interamerica.org\/es\/2024\/01\/semana-anual-de-oracion-busca-fortalecer-las-familias-pastorales-de-toda-interamerica\/#breadcrumb","itemListElement":[{"@type":"ListItem","position":1,"name":"Home","item":"https:\/\/interamerica.org\/es\/"},{"@type":"ListItem","position":2,"name":"Semana anual de oraci\u00f3n busca fortalecer las familias pastorales de toda Interam\u00e9rica"}]},{"@type":"WebSite","@id":"https:\/\/interamerica.org\/es\/#website","url":"https:\/\/interamerica.org\/es\/","name":"Iglesia Adventista del S\u00e9ptimo D\u00eda - Divisi\u00f3n Interamericana","description":"","potentialAction":[{"@type":"SearchAction","target":{"@type":"EntryPoint","urlTemplate":"https:\/\/interamerica.org\/es\/?s={search_term_string}"},"query-input":{"@type":"PropertyValueSpecification","valueRequired":true,"valueName":"search_term_string"}}],"inLanguage":"es"},{"@type":"Person","@id":"https:\/\/interamerica.org\/es\/#\/schema\/person\/29998f2bc2d8bd0d38662909289b54f1","name":"libna","image":{"@type":"ImageObject","inLanguage":"es","@id":"https:\/\/secure.gravatar.com\/avatar\/7c5bd30ae4b47a9ba3c856590957fd1d96dc588bf3ac05719d247e126840331f?s=96&d=mm&r=g","url":"https:\/\/secure.gravatar.com\/avatar\/7c5bd30ae4b47a9ba3c856590957fd1d96dc588bf3ac05719d247e126840331f?s=96&d=mm&r=g","contentUrl":"https:\/\/secure.gravatar.com\/avatar\/7c5bd30ae4b47a9ba3c856590957fd1d96dc588bf3ac05719d247e126840331f?s=96&d=mm&r=g","caption":"libna"}}]}},"_links":{"self":[{"href":"https:\/\/interamerica.org\/es\/wp-json\/wp\/v2\/posts\/108996","targetHints":{"allow":["GET"]}}],"collection":[{"href":"https:\/\/interamerica.org\/es\/wp-json\/wp\/v2\/posts"}],"about":[{"href":"https:\/\/interamerica.org\/es\/wp-json\/wp\/v2\/types\/post"}],"author":[{"embeddable":true,"href":"https:\/\/interamerica.org\/es\/wp-json\/wp\/v2\/users\/3"}],"replies":[{"embeddable":true,"href":"https:\/\/interamerica.org\/es\/wp-json\/wp\/v2\/comments?post=108996"}],"version-history":[{"count":0,"href":"https:\/\/interamerica.org\/es\/wp-json\/wp\/v2\/posts\/108996\/revisions"}],"wp:featuredmedia":[{"embeddable":true,"href":"https:\/\/interamerica.org\/es\/wp-json\/wp\/v2\/media\/108934"}],"wp:attachment":[{"href":"https:\/\/interamerica.org\/es\/wp-json\/wp\/v2\/media?parent=108996"}],"wp:term":[{"taxonomy":"category","embeddable":true,"href":"https:\/\/interamerica.org\/es\/wp-json\/wp\/v2\/categories?post=108996"},{"taxonomy":"post_tag","embeddable":true,"href":"https:\/\/interamerica.org\/es\/wp-json\/wp\/v2\/tags?post=108996"}],"curies":[{"name":"wp","href":"https:\/\/api.w.org\/{rel}","templated":true}]}}