{"id":10900,"date":"2007-03-05T00:00:00","date_gmt":"2007-03-05T04:00:00","guid":{"rendered":"http:\/\/192.81.217.108\/interamerica\/2007\/03\/jovenes-adventistas-ayudan-en-campana-de-limpieza-total-de-ciudad-en-jamaica\/"},"modified":"2017-06-02T09:12:12","modified_gmt":"2017-06-02T13:12:12","slug":"jovenes-adventistas-ayudan-en-campana-de-limpieza-total-de-ciudad-en-jamaica","status":"publish","type":"post","link":"https:\/\/interamerica.org\/es\/2007\/03\/jovenes-adventistas-ayudan-en-campana-de-limpieza-total-de-ciudad-en-jamaica\/","title":{"rendered":"J\u00f3venes Adventistas Ayudan en Campa\u00f1a de Limpieza Total de Ciudad, en Jamaica"},"content":{"rendered":"<p>Mandeville, Jamaica, 2 de Marzo de 2007 [Nigel Coke\/UIO] <\/p>\n<p>M\u00e1s de 200 j\u00f3venes y l\u00edderes juveniles de la Asociaci\u00f3n del Este  y la Asociaci\u00f3n Central de Jamaica de los adventistas del s\u00e9ptimo d\u00eda se volcaron al centro de Kingston, Jamaica, el 25 de febrero, para una campa\u00f1a de limpieza total. El proyecto es una iniciativa de Hope 2007, una organizaci\u00f3n que aglutina varias denominaciones cristianas en Jamaica para impactar la naci\u00f3n. <\/p>\n<p>Los j\u00f3venes adventistas se unieron a m\u00e1s de 400 j\u00f3venes de otras denominaciones cristianas, quienes estuvieron por fuera el s\u00e1bado 24 de febrero para hacer su contribuci\u00f3n con este noble esfuerzo. <\/p>\n<p>Inspirados por la presencia y la participaci\u00f3n de los directores de Ministerio Juvenil de la Iglesia Adventista del S\u00e9ptimo D\u00eda en la Uni\u00f3n de las Indias Occidentales y la Asociaci\u00f3n del Este de Jamaica, los pastores Charles Blythe y Ryan Simpson respectivamente, los j\u00f3venes se reunieron en el St. William Grant Park, la calle Harbour y el Kingston Craft Market, limpiando, pintando y recogiendo basura. El esfuerzo ha sido fuertemente apoyado por el gobierno, el sector privado y muchas otras organizaciones. <\/p>\n<p>Este fue el primero en una serie de esfuerzos dirigidos por el grupo de iglesias Hope 2007. El proyecto continuar\u00e1 a lo largo y ancho de otras comunidades en toda la naci\u00f3n este a\u00f1o. <\/p>\n<p>El proyecto tambi\u00e9n buscar\u00e1 alcanzar almas para Cristo e incluir\u00e1 la distribuci\u00f3n de folletos, entre otros programas de alcance. <\/p>\n","protected":false},"excerpt":{"rendered":"<p>M\u00e1s de 200 j\u00f3venes y l\u00edderes juveniles de la Asociaci\u00f3n del Este  y la Asociaci\u00f3n Central de Jamaica de los adventistas del s\u00e9ptimo d\u00eda se volcaron al centro de Kingston, Jamaica, el 25 de febrero, para u<\/p>\n","protected":false},"author":1,"featured_media":0,"comment_status":"closed","ping_status":"closed","sticky":false,"template":"","format":"standard","meta":{"_acf_changed":false,"footnotes":""},"categories":[8],"tags":[],"class_list":["post-10900","post","type-post","status-publish","format-standard","hentry","category-archivo"],"acf":[],"yoast_head":"<!-- This site is optimized with the Yoast SEO plugin v27.3 - https:\/\/yoast.com\/product\/yoast-seo-wordpress\/ -->\n<title>J\u00f3venes Adventistas Ayudan en Campa\u00f1a de Limpieza Total de Ciudad, en Jamaica - Iglesia Adventista del S\u00e9ptimo D\u00eda - Divisi\u00f3n Interamericana<\/title>\n<meta name=\"robots\" content=\"index, follow, max-snippet:-1, max-image-preview:large, max-video-preview:-1\" \/>\n<link rel=\"canonical\" href=\"https:\/\/interamerica.org\/es\/2007\/03\/jovenes-adventistas-ayudan-en-campana-de-limpieza-total-de-ciudad-en-jamaica\/\" \/>\n<meta property=\"og:locale\" content=\"es_ES\" \/>\n<meta property=\"og:type\" content=\"article\" \/>\n<meta property=\"og:title\" content=\"J\u00f3venes Adventistas Ayudan en Campa\u00f1a de Limpieza Total de Ciudad, en Jamaica - Iglesia Adventista del S\u00e9ptimo D\u00eda - Divisi\u00f3n Interamericana\" \/>\n<meta property=\"og:description\" content=\"M\u00e1s de 200 j\u00f3venes y l\u00edderes juveniles de la Asociaci\u00f3n del Este y la Asociaci\u00f3n Central de Jamaica de los adventistas del s\u00e9ptimo d\u00eda se volcaron al centro de Kingston, Jamaica, el 25 de febrero, para u\" \/>\n<meta property=\"og:url\" content=\"https:\/\/interamerica.org\/es\/2007\/03\/jovenes-adventistas-ayudan-en-campana-de-limpieza-total-de-ciudad-en-jamaica\/\" \/>\n<meta property=\"og:site_name\" content=\"Iglesia Adventista del S\u00e9ptimo D\u00eda - Divisi\u00f3n Interamericana\" \/>\n<meta property=\"article:published_time\" content=\"2007-03-05T04:00:00+00:00\" \/>\n<meta property=\"article:modified_time\" content=\"2017-06-02T13:12:12+00:00\" \/>\n<meta name=\"author\" content=\"Lorenzo Verduzco\" \/>\n<meta name=\"twitter:card\" content=\"summary_large_image\" \/>\n<meta name=\"twitter:label1\" content=\"Escrito por\" \/>\n\t<meta name=\"twitter:data1\" content=\"Lorenzo Verduzco\" \/>\n\t<meta name=\"twitter:label2\" content=\"Tiempo de lectura\" \/>\n\t<meta name=\"twitter:data2\" content=\"1 minuto\" \/>\n<script type=\"application\/ld+json\" class=\"yoast-schema-graph\">{\"@context\":\"https:\\\/\\\/schema.org\",\"@graph\":[{\"@type\":\"Article\",\"@id\":\"https:\\\/\\\/interamerica.org\\\/es\\\/2007\\\/03\\\/jovenes-adventistas-ayudan-en-campana-de-limpieza-total-de-ciudad-en-jamaica\\\/#article\",\"isPartOf\":{\"@id\":\"https:\\\/\\\/interamerica.org\\\/es\\\/2007\\\/03\\\/jovenes-adventistas-ayudan-en-campana-de-limpieza-total-de-ciudad-en-jamaica\\\/\"},\"author\":{\"name\":\"Lorenzo Verduzco\",\"@id\":\"https:\\\/\\\/interamerica.org\\\/es\\\/#\\\/schema\\\/person\\\/68ede8bdc292885bb76c1e3810e73c39\"},\"headline\":\"J\u00f3venes Adventistas Ayudan en Campa\u00f1a de Limpieza Total de Ciudad, en Jamaica\",\"datePublished\":\"2007-03-05T04:00:00+00:00\",\"dateModified\":\"2017-06-02T13:12:12+00:00\",\"mainEntityOfPage\":{\"@id\":\"https:\\\/\\\/interamerica.org\\\/es\\\/2007\\\/03\\\/jovenes-adventistas-ayudan-en-campana-de-limpieza-total-de-ciudad-en-jamaica\\\/\"},\"wordCount\":268,\"articleSection\":[\"Archivo\"],\"inLanguage\":\"es\"},{\"@type\":\"WebPage\",\"@id\":\"https:\\\/\\\/interamerica.org\\\/es\\\/2007\\\/03\\\/jovenes-adventistas-ayudan-en-campana-de-limpieza-total-de-ciudad-en-jamaica\\\/\",\"url\":\"https:\\\/\\\/interamerica.org\\\/es\\\/2007\\\/03\\\/jovenes-adventistas-ayudan-en-campana-de-limpieza-total-de-ciudad-en-jamaica\\\/\",\"name\":\"J\u00f3venes Adventistas Ayudan en Campa\u00f1a de Limpieza Total de Ciudad, en Jamaica - Iglesia Adventista del S\u00e9ptimo D\u00eda - Divisi\u00f3n Interamericana\",\"isPartOf\":{\"@id\":\"https:\\\/\\\/interamerica.org\\\/es\\\/#website\"},\"datePublished\":\"2007-03-05T04:00:00+00:00\",\"dateModified\":\"2017-06-02T13:12:12+00:00\",\"author\":{\"@id\":\"https:\\\/\\\/interamerica.org\\\/es\\\/#\\\/schema\\\/person\\\/68ede8bdc292885bb76c1e3810e73c39\"},\"breadcrumb\":{\"@id\":\"https:\\\/\\\/interamerica.org\\\/es\\\/2007\\\/03\\\/jovenes-adventistas-ayudan-en-campana-de-limpieza-total-de-ciudad-en-jamaica\\\/#breadcrumb\"},\"inLanguage\":\"es\",\"potentialAction\":[{\"@type\":\"ReadAction\",\"target\":[\"https:\\\/\\\/interamerica.org\\\/es\\\/2007\\\/03\\\/jovenes-adventistas-ayudan-en-campana-de-limpieza-total-de-ciudad-en-jamaica\\\/\"]}]},{\"@type\":\"BreadcrumbList\",\"@id\":\"https:\\\/\\\/interamerica.org\\\/es\\\/2007\\\/03\\\/jovenes-adventistas-ayudan-en-campana-de-limpieza-total-de-ciudad-en-jamaica\\\/#breadcrumb\",\"itemListElement\":[{\"@type\":\"ListItem\",\"position\":1,\"name\":\"Home\",\"item\":\"https:\\\/\\\/interamerica.org\\\/es\\\/\"},{\"@type\":\"ListItem\",\"position\":2,\"name\":\"J\u00f3venes Adventistas Ayudan en Campa\u00f1a de Limpieza Total de Ciudad, en Jamaica\"}]},{\"@type\":\"WebSite\",\"@id\":\"https:\\\/\\\/interamerica.org\\\/es\\\/#website\",\"url\":\"https:\\\/\\\/interamerica.org\\\/es\\\/\",\"name\":\"Iglesia Adventista del S\u00e9ptimo D\u00eda - Divisi\u00f3n Interamericana\",\"description\":\"\",\"potentialAction\":[{\"@type\":\"SearchAction\",\"target\":{\"@type\":\"EntryPoint\",\"urlTemplate\":\"https:\\\/\\\/interamerica.org\\\/es\\\/?s={search_term_string}\"},\"query-input\":{\"@type\":\"PropertyValueSpecification\",\"valueRequired\":true,\"valueName\":\"search_term_string\"}}],\"inLanguage\":\"es\"},{\"@type\":\"Person\",\"@id\":\"https:\\\/\\\/interamerica.org\\\/es\\\/#\\\/schema\\\/person\\\/68ede8bdc292885bb76c1e3810e73c39\",\"name\":\"Lorenzo Verduzco\",\"image\":{\"@type\":\"ImageObject\",\"inLanguage\":\"es\",\"@id\":\"https:\\\/\\\/secure.gravatar.com\\\/avatar\\\/fb81a55b6218459490a9c1dc841a34909185b81904c5337b4b27f7a6fd60c49e?s=96&d=mm&r=g\",\"url\":\"https:\\\/\\\/secure.gravatar.com\\\/avatar\\\/fb81a55b6218459490a9c1dc841a34909185b81904c5337b4b27f7a6fd60c49e?s=96&d=mm&r=g\",\"contentUrl\":\"https:\\\/\\\/secure.gravatar.com\\\/avatar\\\/fb81a55b6218459490a9c1dc841a34909185b81904c5337b4b27f7a6fd60c49e?s=96&d=mm&r=g\",\"caption\":\"Lorenzo Verduzco\"}}]}<\/script>\n<!-- \/ Yoast SEO plugin. -->","yoast_head_json":{"title":"J\u00f3venes Adventistas Ayudan en Campa\u00f1a de Limpieza Total de Ciudad, en Jamaica - Iglesia Adventista del S\u00e9ptimo D\u00eda - Divisi\u00f3n Interamericana","robots":{"index":"index","follow":"follow","max-snippet":"max-snippet:-1","max-image-preview":"max-image-preview:large","max-video-preview":"max-video-preview:-1"},"canonical":"https:\/\/interamerica.org\/es\/2007\/03\/jovenes-adventistas-ayudan-en-campana-de-limpieza-total-de-ciudad-en-jamaica\/","og_locale":"es_ES","og_type":"article","og_title":"J\u00f3venes Adventistas Ayudan en Campa\u00f1a de Limpieza Total de Ciudad, en Jamaica - Iglesia Adventista del S\u00e9ptimo D\u00eda - Divisi\u00f3n Interamericana","og_description":"M\u00e1s de 200 j\u00f3venes y l\u00edderes juveniles de la Asociaci\u00f3n del Este y la Asociaci\u00f3n Central de Jamaica de los adventistas del s\u00e9ptimo d\u00eda se volcaron al centro de Kingston, Jamaica, el 25 de febrero, para u","og_url":"https:\/\/interamerica.org\/es\/2007\/03\/jovenes-adventistas-ayudan-en-campana-de-limpieza-total-de-ciudad-en-jamaica\/","og_site_name":"Iglesia Adventista del S\u00e9ptimo D\u00eda - Divisi\u00f3n Interamericana","article_published_time":"2007-03-05T04:00:00+00:00","article_modified_time":"2017-06-02T13:12:12+00:00","author":"Lorenzo Verduzco","twitter_card":"summary_large_image","twitter_misc":{"Escrito por":"Lorenzo Verduzco","Tiempo de lectura":"1 minuto"},"schema":{"@context":"https:\/\/schema.org","@graph":[{"@type":"Article","@id":"https:\/\/interamerica.org\/es\/2007\/03\/jovenes-adventistas-ayudan-en-campana-de-limpieza-total-de-ciudad-en-jamaica\/#article","isPartOf":{"@id":"https:\/\/interamerica.org\/es\/2007\/03\/jovenes-adventistas-ayudan-en-campana-de-limpieza-total-de-ciudad-en-jamaica\/"},"author":{"name":"Lorenzo Verduzco","@id":"https:\/\/interamerica.org\/es\/#\/schema\/person\/68ede8bdc292885bb76c1e3810e73c39"},"headline":"J\u00f3venes Adventistas Ayudan en Campa\u00f1a de Limpieza Total de Ciudad, en Jamaica","datePublished":"2007-03-05T04:00:00+00:00","dateModified":"2017-06-02T13:12:12+00:00","mainEntityOfPage":{"@id":"https:\/\/interamerica.org\/es\/2007\/03\/jovenes-adventistas-ayudan-en-campana-de-limpieza-total-de-ciudad-en-jamaica\/"},"wordCount":268,"articleSection":["Archivo"],"inLanguage":"es"},{"@type":"WebPage","@id":"https:\/\/interamerica.org\/es\/2007\/03\/jovenes-adventistas-ayudan-en-campana-de-limpieza-total-de-ciudad-en-jamaica\/","url":"https:\/\/interamerica.org\/es\/2007\/03\/jovenes-adventistas-ayudan-en-campana-de-limpieza-total-de-ciudad-en-jamaica\/","name":"J\u00f3venes Adventistas Ayudan en Campa\u00f1a de Limpieza Total de Ciudad, en Jamaica - Iglesia Adventista del S\u00e9ptimo D\u00eda - Divisi\u00f3n Interamericana","isPartOf":{"@id":"https:\/\/interamerica.org\/es\/#website"},"datePublished":"2007-03-05T04:00:00+00:00","dateModified":"2017-06-02T13:12:12+00:00","author":{"@id":"https:\/\/interamerica.org\/es\/#\/schema\/person\/68ede8bdc292885bb76c1e3810e73c39"},"breadcrumb":{"@id":"https:\/\/interamerica.org\/es\/2007\/03\/jovenes-adventistas-ayudan-en-campana-de-limpieza-total-de-ciudad-en-jamaica\/#breadcrumb"},"inLanguage":"es","potentialAction":[{"@type":"ReadAction","target":["https:\/\/interamerica.org\/es\/2007\/03\/jovenes-adventistas-ayudan-en-campana-de-limpieza-total-de-ciudad-en-jamaica\/"]}]},{"@type":"BreadcrumbList","@id":"https:\/\/interamerica.org\/es\/2007\/03\/jovenes-adventistas-ayudan-en-campana-de-limpieza-total-de-ciudad-en-jamaica\/#breadcrumb","itemListElement":[{"@type":"ListItem","position":1,"name":"Home","item":"https:\/\/interamerica.org\/es\/"},{"@type":"ListItem","position":2,"name":"J\u00f3venes Adventistas Ayudan en Campa\u00f1a de Limpieza Total de Ciudad, en Jamaica"}]},{"@type":"WebSite","@id":"https:\/\/interamerica.org\/es\/#website","url":"https:\/\/interamerica.org\/es\/","name":"Iglesia Adventista del S\u00e9ptimo D\u00eda - Divisi\u00f3n Interamericana","description":"","potentialAction":[{"@type":"SearchAction","target":{"@type":"EntryPoint","urlTemplate":"https:\/\/interamerica.org\/es\/?s={search_term_string}"},"query-input":{"@type":"PropertyValueSpecification","valueRequired":true,"valueName":"search_term_string"}}],"inLanguage":"es"},{"@type":"Person","@id":"https:\/\/interamerica.org\/es\/#\/schema\/person\/68ede8bdc292885bb76c1e3810e73c39","name":"Lorenzo Verduzco","image":{"@type":"ImageObject","inLanguage":"es","@id":"https:\/\/secure.gravatar.com\/avatar\/fb81a55b6218459490a9c1dc841a34909185b81904c5337b4b27f7a6fd60c49e?s=96&d=mm&r=g","url":"https:\/\/secure.gravatar.com\/avatar\/fb81a55b6218459490a9c1dc841a34909185b81904c5337b4b27f7a6fd60c49e?s=96&d=mm&r=g","contentUrl":"https:\/\/secure.gravatar.com\/avatar\/fb81a55b6218459490a9c1dc841a34909185b81904c5337b4b27f7a6fd60c49e?s=96&d=mm&r=g","caption":"Lorenzo Verduzco"}}]}},"_links":{"self":[{"href":"https:\/\/interamerica.org\/es\/wp-json\/wp\/v2\/posts\/10900","targetHints":{"allow":["GET"]}}],"collection":[{"href":"https:\/\/interamerica.org\/es\/wp-json\/wp\/v2\/posts"}],"about":[{"href":"https:\/\/interamerica.org\/es\/wp-json\/wp\/v2\/types\/post"}],"author":[{"embeddable":true,"href":"https:\/\/interamerica.org\/es\/wp-json\/wp\/v2\/users\/1"}],"replies":[{"embeddable":true,"href":"https:\/\/interamerica.org\/es\/wp-json\/wp\/v2\/comments?post=10900"}],"version-history":[{"count":0,"href":"https:\/\/interamerica.org\/es\/wp-json\/wp\/v2\/posts\/10900\/revisions"}],"wp:attachment":[{"href":"https:\/\/interamerica.org\/es\/wp-json\/wp\/v2\/media?parent=10900"}],"wp:term":[{"taxonomy":"category","embeddable":true,"href":"https:\/\/interamerica.org\/es\/wp-json\/wp\/v2\/categories?post=10900"},{"taxonomy":"post_tag","embeddable":true,"href":"https:\/\/interamerica.org\/es\/wp-json\/wp\/v2\/tags?post=10900"}],"curies":[{"name":"wp","href":"https:\/\/api.w.org\/{rel}","templated":true}]}}