{"id":10901,"date":"2007-03-02T00:00:00","date_gmt":"2007-03-02T04:00:00","guid":{"rendered":"http:\/\/192.81.217.108\/interamerica\/2007\/03\/fallece-wayne-hooper-compositor-del-himno-una-esperanza-alienta-el-corazon\/"},"modified":"2017-06-02T09:12:13","modified_gmt":"2017-06-02T13:12:13","slug":"fallece-wayne-hooper-compositor-del-himno-una-esperanza-alienta-el-corazon","status":"publish","type":"post","link":"https:\/\/interamerica.org\/es\/2007\/03\/fallece-wayne-hooper-compositor-del-himno-una-esperanza-alienta-el-corazon\/","title":{"rendered":"Fallece Wayne Hooper, compositor del himno \u00abUna Esperanza Alienta el Coraz\u00f3n\u00bb"},"content":{"rendered":"<p>2 de marzo, 2007 Thousand Oaks, California &#8230;. [La Voz de la Profec\u00eda\/Personal de ANN]   <\/p>\n<p>Hayne Hooper, el hombre que compuso el canto sin\u00f3nimo de la creencia adventista del s\u00e9ptimo en la <em >Segunda Venida de Jesucristo<\/em >, muri\u00f3 el  28 de febrero en su hogar en Thousand Oaks, California. Ten\u00eda 86 a\u00f1os de edad. El canto, \u201cWe have this Hope\u201d (Una Esperanza Alienta el Coraz\u00f3n), fue la mejor conocida de sus composiciones y fue compuesta como el himno tema para la Sesi\u00f3n de la Asociaci\u00f3n General de 1966, 1975, 1995 y 2000.   <\/p>\n<p>El himno ha sido incluido en los himnarios adventistas y traducido a docenas de idiomas por demanda popular.  <\/p>\n<p>Hooper, quien escribi\u00f3 tanto la l\u00edrica como la m\u00fasica del himno dijo m\u00e1s tarde de esta experiencia, \u201cEsta es la particular ocasi\u00f3n en mi vida que me siento seguro de que el Se\u00f1or me dio las ideas musicales\u201d.  <\/p>\n<p>Hooper trabaj\u00f3 con The Voice of Prophecy (Voz de la Profec\u00eda), un ministerio de los medios de apoyo a la iglesia adventista, por cerca de 65 a\u00f1os. Se uni\u00f3 al cuarteto Los Heraldos del Rey en The Voice of Prophecy (La Voz de la Esperanza) en 1943, cantando como bar\u00edtono por cuatro a\u00f1os antes de irse a Nebraska para completar su grado de Bachiller en m\u00fasica. Volvi\u00f3 al cuartero de 1949 a 1962 y luego continu\u00f3 sirviendo a The Voice of Prophecy como director de m\u00fasica, productor de la transmisi\u00f3n radial para los domingos y director de fideicomiso. Recibi\u00f3 su grado de Master of Arts en m\u00fasica en 1957 del Occidental College de Los \u00c1ngeles, California.    <\/p>\n<p>Despu\u00e9s de acogerse a la jubilaci\u00f3n oficialmente en 1980, Hooper coordin\u00f3 la producci\u00f3n del actual <em >Seventh Day Adventist Hymnal<\/em > (Himnario Adventista) y un tomo acompa\u00f1ante dando la historia de las 695 selecciones y sus compositores. Del himnario se han vendido m\u00e1s de un mill\u00f3n de copias.    <\/p>\n<p>Su perfil profesional incluy\u00f3 cientos de composiciones y arreglos para solistas, cuartetos, coros y orquestas. Sobreviven a Hooper su esposa, Harriet, y sus cuatro hijos y familiares: Jim Hooper, Sra. Jan (Lind), David Hooper y Dan Hooper.   <\/p>\n<p>Los arreglos para el servicio funeral ya fueron finalizados. Para m\u00e1s informaci\u00f3n ver <a  href=\"http:\/\/www.vop.com\/\">www.vop.com<\/a >   <\/p>\n<p><strong >Derechos reservados (c) 2007 por Adventist News Network. <\/strong >  <\/p>\n","protected":false},"excerpt":{"rendered":"<p>Hayne Hooper, el hombre que compuso el canto sin\u00f3nimo de la creencia adventista del s\u00e9ptimo en la Segunda Venida de Jesucristo, muri\u00f3 el  28 de febrero en su hogar en Thousand Oaks, California. Ten\u00eda 86 a\u00f1os de edad.<\/p>\n","protected":false},"author":1,"featured_media":0,"comment_status":"closed","ping_status":"closed","sticky":false,"template":"","format":"standard","meta":{"_acf_changed":false,"footnotes":""},"categories":[8],"tags":[],"class_list":["post-10901","post","type-post","status-publish","format-standard","hentry","category-archivo"],"acf":[],"yoast_head":"<!-- This site is optimized with the Yoast SEO plugin v27.3 - https:\/\/yoast.com\/product\/yoast-seo-wordpress\/ -->\n<title>Fallece Wayne Hooper, compositor del himno &quot;Una Esperanza Alienta el Coraz\u00f3n&quot; - Iglesia Adventista del S\u00e9ptimo D\u00eda - Divisi\u00f3n Interamericana<\/title>\n<meta name=\"robots\" content=\"index, follow, max-snippet:-1, max-image-preview:large, max-video-preview:-1\" \/>\n<link rel=\"canonical\" href=\"https:\/\/interamerica.org\/es\/2007\/03\/fallece-wayne-hooper-compositor-del-himno-una-esperanza-alienta-el-corazon\/\" \/>\n<meta property=\"og:locale\" content=\"es_ES\" \/>\n<meta property=\"og:type\" content=\"article\" \/>\n<meta property=\"og:title\" content=\"Fallece Wayne Hooper, compositor del himno &quot;Una Esperanza Alienta el Coraz\u00f3n&quot; - Iglesia Adventista del S\u00e9ptimo D\u00eda - Divisi\u00f3n Interamericana\" \/>\n<meta property=\"og:description\" content=\"Hayne Hooper, el hombre que compuso el canto sin\u00f3nimo de la creencia adventista del s\u00e9ptimo en la Segunda Venida de Jesucristo, muri\u00f3 el 28 de febrero en su hogar en Thousand Oaks, California. Ten\u00eda 86 a\u00f1os de edad.\" \/>\n<meta property=\"og:url\" content=\"https:\/\/interamerica.org\/es\/2007\/03\/fallece-wayne-hooper-compositor-del-himno-una-esperanza-alienta-el-corazon\/\" \/>\n<meta property=\"og:site_name\" content=\"Iglesia Adventista del S\u00e9ptimo D\u00eda - Divisi\u00f3n Interamericana\" \/>\n<meta property=\"article:published_time\" content=\"2007-03-02T04:00:00+00:00\" \/>\n<meta property=\"article:modified_time\" content=\"2017-06-02T13:12:13+00:00\" \/>\n<meta name=\"author\" content=\"Lorenzo Verduzco\" \/>\n<meta name=\"twitter:card\" content=\"summary_large_image\" \/>\n<meta name=\"twitter:label1\" content=\"Escrito por\" \/>\n\t<meta name=\"twitter:data1\" content=\"Lorenzo Verduzco\" \/>\n\t<meta name=\"twitter:label2\" content=\"Tiempo de lectura\" \/>\n\t<meta name=\"twitter:data2\" content=\"2 minutos\" \/>\n<script type=\"application\/ld+json\" class=\"yoast-schema-graph\">{\"@context\":\"https:\\\/\\\/schema.org\",\"@graph\":[{\"@type\":\"Article\",\"@id\":\"https:\\\/\\\/interamerica.org\\\/es\\\/2007\\\/03\\\/fallece-wayne-hooper-compositor-del-himno-una-esperanza-alienta-el-corazon\\\/#article\",\"isPartOf\":{\"@id\":\"https:\\\/\\\/interamerica.org\\\/es\\\/2007\\\/03\\\/fallece-wayne-hooper-compositor-del-himno-una-esperanza-alienta-el-corazon\\\/\"},\"author\":{\"name\":\"Lorenzo Verduzco\",\"@id\":\"https:\\\/\\\/interamerica.org\\\/es\\\/#\\\/schema\\\/person\\\/68ede8bdc292885bb76c1e3810e73c39\"},\"headline\":\"Fallece Wayne Hooper, compositor del himno \u00abUna Esperanza Alienta el Coraz\u00f3n\u00bb\",\"datePublished\":\"2007-03-02T04:00:00+00:00\",\"dateModified\":\"2017-06-02T13:12:13+00:00\",\"mainEntityOfPage\":{\"@id\":\"https:\\\/\\\/interamerica.org\\\/es\\\/2007\\\/03\\\/fallece-wayne-hooper-compositor-del-himno-una-esperanza-alienta-el-corazon\\\/\"},\"wordCount\":395,\"articleSection\":[\"Archivo\"],\"inLanguage\":\"es\"},{\"@type\":\"WebPage\",\"@id\":\"https:\\\/\\\/interamerica.org\\\/es\\\/2007\\\/03\\\/fallece-wayne-hooper-compositor-del-himno-una-esperanza-alienta-el-corazon\\\/\",\"url\":\"https:\\\/\\\/interamerica.org\\\/es\\\/2007\\\/03\\\/fallece-wayne-hooper-compositor-del-himno-una-esperanza-alienta-el-corazon\\\/\",\"name\":\"Fallece Wayne Hooper, compositor del himno \\\"Una Esperanza Alienta el Coraz\u00f3n\\\" - Iglesia Adventista del S\u00e9ptimo D\u00eda - Divisi\u00f3n Interamericana\",\"isPartOf\":{\"@id\":\"https:\\\/\\\/interamerica.org\\\/es\\\/#website\"},\"datePublished\":\"2007-03-02T04:00:00+00:00\",\"dateModified\":\"2017-06-02T13:12:13+00:00\",\"author\":{\"@id\":\"https:\\\/\\\/interamerica.org\\\/es\\\/#\\\/schema\\\/person\\\/68ede8bdc292885bb76c1e3810e73c39\"},\"breadcrumb\":{\"@id\":\"https:\\\/\\\/interamerica.org\\\/es\\\/2007\\\/03\\\/fallece-wayne-hooper-compositor-del-himno-una-esperanza-alienta-el-corazon\\\/#breadcrumb\"},\"inLanguage\":\"es\",\"potentialAction\":[{\"@type\":\"ReadAction\",\"target\":[\"https:\\\/\\\/interamerica.org\\\/es\\\/2007\\\/03\\\/fallece-wayne-hooper-compositor-del-himno-una-esperanza-alienta-el-corazon\\\/\"]}]},{\"@type\":\"BreadcrumbList\",\"@id\":\"https:\\\/\\\/interamerica.org\\\/es\\\/2007\\\/03\\\/fallece-wayne-hooper-compositor-del-himno-una-esperanza-alienta-el-corazon\\\/#breadcrumb\",\"itemListElement\":[{\"@type\":\"ListItem\",\"position\":1,\"name\":\"Home\",\"item\":\"https:\\\/\\\/interamerica.org\\\/es\\\/\"},{\"@type\":\"ListItem\",\"position\":2,\"name\":\"Fallece Wayne Hooper, compositor del himno \u00abUna Esperanza Alienta el Coraz\u00f3n\u00bb\"}]},{\"@type\":\"WebSite\",\"@id\":\"https:\\\/\\\/interamerica.org\\\/es\\\/#website\",\"url\":\"https:\\\/\\\/interamerica.org\\\/es\\\/\",\"name\":\"Iglesia Adventista del S\u00e9ptimo D\u00eda - Divisi\u00f3n Interamericana\",\"description\":\"\",\"potentialAction\":[{\"@type\":\"SearchAction\",\"target\":{\"@type\":\"EntryPoint\",\"urlTemplate\":\"https:\\\/\\\/interamerica.org\\\/es\\\/?s={search_term_string}\"},\"query-input\":{\"@type\":\"PropertyValueSpecification\",\"valueRequired\":true,\"valueName\":\"search_term_string\"}}],\"inLanguage\":\"es\"},{\"@type\":\"Person\",\"@id\":\"https:\\\/\\\/interamerica.org\\\/es\\\/#\\\/schema\\\/person\\\/68ede8bdc292885bb76c1e3810e73c39\",\"name\":\"Lorenzo Verduzco\",\"image\":{\"@type\":\"ImageObject\",\"inLanguage\":\"es\",\"@id\":\"https:\\\/\\\/secure.gravatar.com\\\/avatar\\\/fb81a55b6218459490a9c1dc841a34909185b81904c5337b4b27f7a6fd60c49e?s=96&d=mm&r=g\",\"url\":\"https:\\\/\\\/secure.gravatar.com\\\/avatar\\\/fb81a55b6218459490a9c1dc841a34909185b81904c5337b4b27f7a6fd60c49e?s=96&d=mm&r=g\",\"contentUrl\":\"https:\\\/\\\/secure.gravatar.com\\\/avatar\\\/fb81a55b6218459490a9c1dc841a34909185b81904c5337b4b27f7a6fd60c49e?s=96&d=mm&r=g\",\"caption\":\"Lorenzo Verduzco\"}}]}<\/script>\n<!-- \/ Yoast SEO plugin. -->","yoast_head_json":{"title":"Fallece Wayne Hooper, compositor del himno \"Una Esperanza Alienta el Coraz\u00f3n\" - Iglesia Adventista del S\u00e9ptimo D\u00eda - Divisi\u00f3n Interamericana","robots":{"index":"index","follow":"follow","max-snippet":"max-snippet:-1","max-image-preview":"max-image-preview:large","max-video-preview":"max-video-preview:-1"},"canonical":"https:\/\/interamerica.org\/es\/2007\/03\/fallece-wayne-hooper-compositor-del-himno-una-esperanza-alienta-el-corazon\/","og_locale":"es_ES","og_type":"article","og_title":"Fallece Wayne Hooper, compositor del himno \"Una Esperanza Alienta el Coraz\u00f3n\" - Iglesia Adventista del S\u00e9ptimo D\u00eda - Divisi\u00f3n Interamericana","og_description":"Hayne Hooper, el hombre que compuso el canto sin\u00f3nimo de la creencia adventista del s\u00e9ptimo en la Segunda Venida de Jesucristo, muri\u00f3 el 28 de febrero en su hogar en Thousand Oaks, California. Ten\u00eda 86 a\u00f1os de edad.","og_url":"https:\/\/interamerica.org\/es\/2007\/03\/fallece-wayne-hooper-compositor-del-himno-una-esperanza-alienta-el-corazon\/","og_site_name":"Iglesia Adventista del S\u00e9ptimo D\u00eda - Divisi\u00f3n Interamericana","article_published_time":"2007-03-02T04:00:00+00:00","article_modified_time":"2017-06-02T13:12:13+00:00","author":"Lorenzo Verduzco","twitter_card":"summary_large_image","twitter_misc":{"Escrito por":"Lorenzo Verduzco","Tiempo de lectura":"2 minutos"},"schema":{"@context":"https:\/\/schema.org","@graph":[{"@type":"Article","@id":"https:\/\/interamerica.org\/es\/2007\/03\/fallece-wayne-hooper-compositor-del-himno-una-esperanza-alienta-el-corazon\/#article","isPartOf":{"@id":"https:\/\/interamerica.org\/es\/2007\/03\/fallece-wayne-hooper-compositor-del-himno-una-esperanza-alienta-el-corazon\/"},"author":{"name":"Lorenzo Verduzco","@id":"https:\/\/interamerica.org\/es\/#\/schema\/person\/68ede8bdc292885bb76c1e3810e73c39"},"headline":"Fallece Wayne Hooper, compositor del himno \u00abUna Esperanza Alienta el Coraz\u00f3n\u00bb","datePublished":"2007-03-02T04:00:00+00:00","dateModified":"2017-06-02T13:12:13+00:00","mainEntityOfPage":{"@id":"https:\/\/interamerica.org\/es\/2007\/03\/fallece-wayne-hooper-compositor-del-himno-una-esperanza-alienta-el-corazon\/"},"wordCount":395,"articleSection":["Archivo"],"inLanguage":"es"},{"@type":"WebPage","@id":"https:\/\/interamerica.org\/es\/2007\/03\/fallece-wayne-hooper-compositor-del-himno-una-esperanza-alienta-el-corazon\/","url":"https:\/\/interamerica.org\/es\/2007\/03\/fallece-wayne-hooper-compositor-del-himno-una-esperanza-alienta-el-corazon\/","name":"Fallece Wayne Hooper, compositor del himno \"Una Esperanza Alienta el Coraz\u00f3n\" - Iglesia Adventista del S\u00e9ptimo D\u00eda - Divisi\u00f3n Interamericana","isPartOf":{"@id":"https:\/\/interamerica.org\/es\/#website"},"datePublished":"2007-03-02T04:00:00+00:00","dateModified":"2017-06-02T13:12:13+00:00","author":{"@id":"https:\/\/interamerica.org\/es\/#\/schema\/person\/68ede8bdc292885bb76c1e3810e73c39"},"breadcrumb":{"@id":"https:\/\/interamerica.org\/es\/2007\/03\/fallece-wayne-hooper-compositor-del-himno-una-esperanza-alienta-el-corazon\/#breadcrumb"},"inLanguage":"es","potentialAction":[{"@type":"ReadAction","target":["https:\/\/interamerica.org\/es\/2007\/03\/fallece-wayne-hooper-compositor-del-himno-una-esperanza-alienta-el-corazon\/"]}]},{"@type":"BreadcrumbList","@id":"https:\/\/interamerica.org\/es\/2007\/03\/fallece-wayne-hooper-compositor-del-himno-una-esperanza-alienta-el-corazon\/#breadcrumb","itemListElement":[{"@type":"ListItem","position":1,"name":"Home","item":"https:\/\/interamerica.org\/es\/"},{"@type":"ListItem","position":2,"name":"Fallece Wayne Hooper, compositor del himno \u00abUna Esperanza Alienta el Coraz\u00f3n\u00bb"}]},{"@type":"WebSite","@id":"https:\/\/interamerica.org\/es\/#website","url":"https:\/\/interamerica.org\/es\/","name":"Iglesia Adventista del S\u00e9ptimo D\u00eda - Divisi\u00f3n Interamericana","description":"","potentialAction":[{"@type":"SearchAction","target":{"@type":"EntryPoint","urlTemplate":"https:\/\/interamerica.org\/es\/?s={search_term_string}"},"query-input":{"@type":"PropertyValueSpecification","valueRequired":true,"valueName":"search_term_string"}}],"inLanguage":"es"},{"@type":"Person","@id":"https:\/\/interamerica.org\/es\/#\/schema\/person\/68ede8bdc292885bb76c1e3810e73c39","name":"Lorenzo Verduzco","image":{"@type":"ImageObject","inLanguage":"es","@id":"https:\/\/secure.gravatar.com\/avatar\/fb81a55b6218459490a9c1dc841a34909185b81904c5337b4b27f7a6fd60c49e?s=96&d=mm&r=g","url":"https:\/\/secure.gravatar.com\/avatar\/fb81a55b6218459490a9c1dc841a34909185b81904c5337b4b27f7a6fd60c49e?s=96&d=mm&r=g","contentUrl":"https:\/\/secure.gravatar.com\/avatar\/fb81a55b6218459490a9c1dc841a34909185b81904c5337b4b27f7a6fd60c49e?s=96&d=mm&r=g","caption":"Lorenzo Verduzco"}}]}},"_links":{"self":[{"href":"https:\/\/interamerica.org\/es\/wp-json\/wp\/v2\/posts\/10901","targetHints":{"allow":["GET"]}}],"collection":[{"href":"https:\/\/interamerica.org\/es\/wp-json\/wp\/v2\/posts"}],"about":[{"href":"https:\/\/interamerica.org\/es\/wp-json\/wp\/v2\/types\/post"}],"author":[{"embeddable":true,"href":"https:\/\/interamerica.org\/es\/wp-json\/wp\/v2\/users\/1"}],"replies":[{"embeddable":true,"href":"https:\/\/interamerica.org\/es\/wp-json\/wp\/v2\/comments?post=10901"}],"version-history":[{"count":0,"href":"https:\/\/interamerica.org\/es\/wp-json\/wp\/v2\/posts\/10901\/revisions"}],"wp:attachment":[{"href":"https:\/\/interamerica.org\/es\/wp-json\/wp\/v2\/media?parent=10901"}],"wp:term":[{"taxonomy":"category","embeddable":true,"href":"https:\/\/interamerica.org\/es\/wp-json\/wp\/v2\/categories?post=10901"},{"taxonomy":"post_tag","embeddable":true,"href":"https:\/\/interamerica.org\/es\/wp-json\/wp\/v2\/tags?post=10901"}],"curies":[{"name":"wp","href":"https:\/\/api.w.org\/{rel}","templated":true}]}}