{"id":10902,"date":"2007-03-02T00:00:00","date_gmt":"2007-03-02T04:00:00","guid":{"rendered":"http:\/\/192.81.217.108\/interamerica\/2007\/03\/dominica-miles-rinden-tributo-a-pastor-adventista-muerto-por-vehiculo-en-movimiento\/"},"modified":"2017-06-02T09:12:13","modified_gmt":"2017-06-02T13:12:13","slug":"dominica-miles-rinden-tributo-a-pastor-adventista-muerto-por-vehiculo-en-movimiento","status":"publish","type":"post","link":"https:\/\/interamerica.org\/es\/2007\/03\/dominica-miles-rinden-tributo-a-pastor-adventista-muerto-por-vehiculo-en-movimiento\/","title":{"rendered":"Dominica: Miles rinden tributo a pastor adventista muerto por veh\u00edculo en movimiento"},"content":{"rendered":"<p>Villa San Jos\u00e9, Dominica &#8230;[Uni\u00f3n Caribe\/Personal de la DIA]<\/p>\n<p>Miles rindieron tributo al fallecido pastor adventista del s\u00e9ptimo d\u00eda, Mozart Serrant, durante un servicio funeral especial el 25 de febrero en San Jos\u00e9, Dominica. El pastor Serrant, quien recientemente fue elegido como pastor de distrito para Dominica noreste, muri\u00f3 el 15 de febrero despu\u00e9s de ser golpeado por un cami\u00f3n mientras estaba en pie frente a su casa. \u00c9l ten\u00eda 59 a\u00f1os.<\/p>\n<p>M\u00e1s de 3.000 personas asistieron al servicio f\u00fanebre, incluyendo l\u00edderes de la iglesia y el primer ministro suplente de Dominica, honorable Matthew Walters, el Abogado General, honorable Ian Douglas, otros miembros del parlamento y adventistas del s\u00e9ptimo d\u00eda provenientes de Dominica, y la isla cercana de Santa Luc\u00eda, donde \u00e9l hab\u00eda servido como pastor de distrito durante los pasados cuatro a\u00f1os.<\/p>\n<p>El pastor James Daniel, director de comunicaci\u00f3n para la iglesia en la Uni\u00f3n Caribe, dice que el pastor Serrant y su hermano Eslie Serrant \u201cestaban en una conversaci\u00f3n cuando el cami\u00f3n, evidentemente viajando a alta velocidad, cruz\u00f3 la calle y atropell\u00f3 a ambos hermanos\u201d. Eslie muri\u00f3 en la escena, mientras el pastor Serrant muri\u00f3 despu\u00e9s en el hospital Princesa Margaret. Asimismo, tres ocupantes de un cami\u00f3n pick-up que se hab\u00eda detenido en la casa de Serrant fueron heridos en el accidente.<\/p>\n<p>El pastor Serrant inici\u00f3 su servicio como profesor en 1971, llegando m\u00e1s tarde a ser un ministro en 1984 y sirviendo como rector y pastor de distrito. Le sobreviven su esposa, Enis, y dos menores. <\/p>\n","protected":false},"excerpt":{"rendered":"<p>Miles rindieron tributo al fallecido pastor adventista del s\u00e9ptimo d\u00eda, Mozart Serrant, durante un servicio funeral especial el 25 de febrero en San Jos\u00e9, Dominica. El pastor Serrant, quien recientemente fue elegido como pastor de distrito para Dominica n<\/p>\n","protected":false},"author":1,"featured_media":0,"comment_status":"closed","ping_status":"closed","sticky":false,"template":"","format":"standard","meta":{"_acf_changed":false,"footnotes":""},"categories":[8],"tags":[],"class_list":["post-10902","post","type-post","status-publish","format-standard","hentry","category-archivo"],"acf":[],"yoast_head":"<!-- This site is optimized with the Yoast SEO plugin v27.3 - https:\/\/yoast.com\/product\/yoast-seo-wordpress\/ -->\n<title>Dominica: Miles rinden tributo a pastor adventista muerto por veh\u00edculo en movimiento - Iglesia Adventista del S\u00e9ptimo D\u00eda - Divisi\u00f3n Interamericana<\/title>\n<meta name=\"robots\" content=\"index, follow, max-snippet:-1, max-image-preview:large, max-video-preview:-1\" \/>\n<link rel=\"canonical\" href=\"https:\/\/interamerica.org\/es\/2007\/03\/dominica-miles-rinden-tributo-a-pastor-adventista-muerto-por-vehiculo-en-movimiento\/\" \/>\n<meta property=\"og:locale\" content=\"es_ES\" \/>\n<meta property=\"og:type\" content=\"article\" \/>\n<meta property=\"og:title\" content=\"Dominica: Miles rinden tributo a pastor adventista muerto por veh\u00edculo en movimiento - Iglesia Adventista del S\u00e9ptimo D\u00eda - Divisi\u00f3n Interamericana\" \/>\n<meta property=\"og:description\" content=\"Miles rindieron tributo al fallecido pastor adventista del s\u00e9ptimo d\u00eda, Mozart Serrant, durante un servicio funeral especial el 25 de febrero en San Jos\u00e9, Dominica. El pastor Serrant, quien recientemente fue elegido como pastor de distrito para Dominica n\" \/>\n<meta property=\"og:url\" content=\"https:\/\/interamerica.org\/es\/2007\/03\/dominica-miles-rinden-tributo-a-pastor-adventista-muerto-por-vehiculo-en-movimiento\/\" \/>\n<meta property=\"og:site_name\" content=\"Iglesia Adventista del S\u00e9ptimo D\u00eda - Divisi\u00f3n Interamericana\" \/>\n<meta property=\"article:published_time\" content=\"2007-03-02T04:00:00+00:00\" \/>\n<meta property=\"article:modified_time\" content=\"2017-06-02T13:12:13+00:00\" \/>\n<meta name=\"author\" content=\"Lorenzo Verduzco\" \/>\n<meta name=\"twitter:card\" content=\"summary_large_image\" \/>\n<meta name=\"twitter:label1\" content=\"Escrito por\" \/>\n\t<meta name=\"twitter:data1\" content=\"Lorenzo Verduzco\" \/>\n\t<meta name=\"twitter:label2\" content=\"Tiempo de lectura\" \/>\n\t<meta name=\"twitter:data2\" content=\"1 minuto\" \/>\n<script type=\"application\/ld+json\" class=\"yoast-schema-graph\">{\"@context\":\"https:\\\/\\\/schema.org\",\"@graph\":[{\"@type\":\"Article\",\"@id\":\"https:\\\/\\\/interamerica.org\\\/es\\\/2007\\\/03\\\/dominica-miles-rinden-tributo-a-pastor-adventista-muerto-por-vehiculo-en-movimiento\\\/#article\",\"isPartOf\":{\"@id\":\"https:\\\/\\\/interamerica.org\\\/es\\\/2007\\\/03\\\/dominica-miles-rinden-tributo-a-pastor-adventista-muerto-por-vehiculo-en-movimiento\\\/\"},\"author\":{\"name\":\"Lorenzo Verduzco\",\"@id\":\"https:\\\/\\\/interamerica.org\\\/es\\\/#\\\/schema\\\/person\\\/68ede8bdc292885bb76c1e3810e73c39\"},\"headline\":\"Dominica: Miles rinden tributo a pastor adventista muerto por veh\u00edculo en movimiento\",\"datePublished\":\"2007-03-02T04:00:00+00:00\",\"dateModified\":\"2017-06-02T13:12:13+00:00\",\"mainEntityOfPage\":{\"@id\":\"https:\\\/\\\/interamerica.org\\\/es\\\/2007\\\/03\\\/dominica-miles-rinden-tributo-a-pastor-adventista-muerto-por-vehiculo-en-movimiento\\\/\"},\"wordCount\":280,\"articleSection\":[\"Archivo\"],\"inLanguage\":\"es\"},{\"@type\":\"WebPage\",\"@id\":\"https:\\\/\\\/interamerica.org\\\/es\\\/2007\\\/03\\\/dominica-miles-rinden-tributo-a-pastor-adventista-muerto-por-vehiculo-en-movimiento\\\/\",\"url\":\"https:\\\/\\\/interamerica.org\\\/es\\\/2007\\\/03\\\/dominica-miles-rinden-tributo-a-pastor-adventista-muerto-por-vehiculo-en-movimiento\\\/\",\"name\":\"Dominica: Miles rinden tributo a pastor adventista muerto por veh\u00edculo en movimiento - Iglesia Adventista del S\u00e9ptimo D\u00eda - Divisi\u00f3n Interamericana\",\"isPartOf\":{\"@id\":\"https:\\\/\\\/interamerica.org\\\/es\\\/#website\"},\"datePublished\":\"2007-03-02T04:00:00+00:00\",\"dateModified\":\"2017-06-02T13:12:13+00:00\",\"author\":{\"@id\":\"https:\\\/\\\/interamerica.org\\\/es\\\/#\\\/schema\\\/person\\\/68ede8bdc292885bb76c1e3810e73c39\"},\"breadcrumb\":{\"@id\":\"https:\\\/\\\/interamerica.org\\\/es\\\/2007\\\/03\\\/dominica-miles-rinden-tributo-a-pastor-adventista-muerto-por-vehiculo-en-movimiento\\\/#breadcrumb\"},\"inLanguage\":\"es\",\"potentialAction\":[{\"@type\":\"ReadAction\",\"target\":[\"https:\\\/\\\/interamerica.org\\\/es\\\/2007\\\/03\\\/dominica-miles-rinden-tributo-a-pastor-adventista-muerto-por-vehiculo-en-movimiento\\\/\"]}]},{\"@type\":\"BreadcrumbList\",\"@id\":\"https:\\\/\\\/interamerica.org\\\/es\\\/2007\\\/03\\\/dominica-miles-rinden-tributo-a-pastor-adventista-muerto-por-vehiculo-en-movimiento\\\/#breadcrumb\",\"itemListElement\":[{\"@type\":\"ListItem\",\"position\":1,\"name\":\"Home\",\"item\":\"https:\\\/\\\/interamerica.org\\\/es\\\/\"},{\"@type\":\"ListItem\",\"position\":2,\"name\":\"Dominica: Miles rinden tributo a pastor adventista muerto por veh\u00edculo en movimiento\"}]},{\"@type\":\"WebSite\",\"@id\":\"https:\\\/\\\/interamerica.org\\\/es\\\/#website\",\"url\":\"https:\\\/\\\/interamerica.org\\\/es\\\/\",\"name\":\"Iglesia Adventista del S\u00e9ptimo D\u00eda - Divisi\u00f3n Interamericana\",\"description\":\"\",\"potentialAction\":[{\"@type\":\"SearchAction\",\"target\":{\"@type\":\"EntryPoint\",\"urlTemplate\":\"https:\\\/\\\/interamerica.org\\\/es\\\/?s={search_term_string}\"},\"query-input\":{\"@type\":\"PropertyValueSpecification\",\"valueRequired\":true,\"valueName\":\"search_term_string\"}}],\"inLanguage\":\"es\"},{\"@type\":\"Person\",\"@id\":\"https:\\\/\\\/interamerica.org\\\/es\\\/#\\\/schema\\\/person\\\/68ede8bdc292885bb76c1e3810e73c39\",\"name\":\"Lorenzo Verduzco\",\"image\":{\"@type\":\"ImageObject\",\"inLanguage\":\"es\",\"@id\":\"https:\\\/\\\/secure.gravatar.com\\\/avatar\\\/fb81a55b6218459490a9c1dc841a34909185b81904c5337b4b27f7a6fd60c49e?s=96&d=mm&r=g\",\"url\":\"https:\\\/\\\/secure.gravatar.com\\\/avatar\\\/fb81a55b6218459490a9c1dc841a34909185b81904c5337b4b27f7a6fd60c49e?s=96&d=mm&r=g\",\"contentUrl\":\"https:\\\/\\\/secure.gravatar.com\\\/avatar\\\/fb81a55b6218459490a9c1dc841a34909185b81904c5337b4b27f7a6fd60c49e?s=96&d=mm&r=g\",\"caption\":\"Lorenzo Verduzco\"}}]}<\/script>\n<!-- \/ Yoast SEO plugin. -->","yoast_head_json":{"title":"Dominica: Miles rinden tributo a pastor adventista muerto por veh\u00edculo en movimiento - Iglesia Adventista del S\u00e9ptimo D\u00eda - Divisi\u00f3n Interamericana","robots":{"index":"index","follow":"follow","max-snippet":"max-snippet:-1","max-image-preview":"max-image-preview:large","max-video-preview":"max-video-preview:-1"},"canonical":"https:\/\/interamerica.org\/es\/2007\/03\/dominica-miles-rinden-tributo-a-pastor-adventista-muerto-por-vehiculo-en-movimiento\/","og_locale":"es_ES","og_type":"article","og_title":"Dominica: Miles rinden tributo a pastor adventista muerto por veh\u00edculo en movimiento - Iglesia Adventista del S\u00e9ptimo D\u00eda - Divisi\u00f3n Interamericana","og_description":"Miles rindieron tributo al fallecido pastor adventista del s\u00e9ptimo d\u00eda, Mozart Serrant, durante un servicio funeral especial el 25 de febrero en San Jos\u00e9, Dominica. El pastor Serrant, quien recientemente fue elegido como pastor de distrito para Dominica n","og_url":"https:\/\/interamerica.org\/es\/2007\/03\/dominica-miles-rinden-tributo-a-pastor-adventista-muerto-por-vehiculo-en-movimiento\/","og_site_name":"Iglesia Adventista del S\u00e9ptimo D\u00eda - Divisi\u00f3n Interamericana","article_published_time":"2007-03-02T04:00:00+00:00","article_modified_time":"2017-06-02T13:12:13+00:00","author":"Lorenzo Verduzco","twitter_card":"summary_large_image","twitter_misc":{"Escrito por":"Lorenzo Verduzco","Tiempo de lectura":"1 minuto"},"schema":{"@context":"https:\/\/schema.org","@graph":[{"@type":"Article","@id":"https:\/\/interamerica.org\/es\/2007\/03\/dominica-miles-rinden-tributo-a-pastor-adventista-muerto-por-vehiculo-en-movimiento\/#article","isPartOf":{"@id":"https:\/\/interamerica.org\/es\/2007\/03\/dominica-miles-rinden-tributo-a-pastor-adventista-muerto-por-vehiculo-en-movimiento\/"},"author":{"name":"Lorenzo Verduzco","@id":"https:\/\/interamerica.org\/es\/#\/schema\/person\/68ede8bdc292885bb76c1e3810e73c39"},"headline":"Dominica: Miles rinden tributo a pastor adventista muerto por veh\u00edculo en movimiento","datePublished":"2007-03-02T04:00:00+00:00","dateModified":"2017-06-02T13:12:13+00:00","mainEntityOfPage":{"@id":"https:\/\/interamerica.org\/es\/2007\/03\/dominica-miles-rinden-tributo-a-pastor-adventista-muerto-por-vehiculo-en-movimiento\/"},"wordCount":280,"articleSection":["Archivo"],"inLanguage":"es"},{"@type":"WebPage","@id":"https:\/\/interamerica.org\/es\/2007\/03\/dominica-miles-rinden-tributo-a-pastor-adventista-muerto-por-vehiculo-en-movimiento\/","url":"https:\/\/interamerica.org\/es\/2007\/03\/dominica-miles-rinden-tributo-a-pastor-adventista-muerto-por-vehiculo-en-movimiento\/","name":"Dominica: Miles rinden tributo a pastor adventista muerto por veh\u00edculo en movimiento - Iglesia Adventista del S\u00e9ptimo D\u00eda - Divisi\u00f3n Interamericana","isPartOf":{"@id":"https:\/\/interamerica.org\/es\/#website"},"datePublished":"2007-03-02T04:00:00+00:00","dateModified":"2017-06-02T13:12:13+00:00","author":{"@id":"https:\/\/interamerica.org\/es\/#\/schema\/person\/68ede8bdc292885bb76c1e3810e73c39"},"breadcrumb":{"@id":"https:\/\/interamerica.org\/es\/2007\/03\/dominica-miles-rinden-tributo-a-pastor-adventista-muerto-por-vehiculo-en-movimiento\/#breadcrumb"},"inLanguage":"es","potentialAction":[{"@type":"ReadAction","target":["https:\/\/interamerica.org\/es\/2007\/03\/dominica-miles-rinden-tributo-a-pastor-adventista-muerto-por-vehiculo-en-movimiento\/"]}]},{"@type":"BreadcrumbList","@id":"https:\/\/interamerica.org\/es\/2007\/03\/dominica-miles-rinden-tributo-a-pastor-adventista-muerto-por-vehiculo-en-movimiento\/#breadcrumb","itemListElement":[{"@type":"ListItem","position":1,"name":"Home","item":"https:\/\/interamerica.org\/es\/"},{"@type":"ListItem","position":2,"name":"Dominica: Miles rinden tributo a pastor adventista muerto por veh\u00edculo en movimiento"}]},{"@type":"WebSite","@id":"https:\/\/interamerica.org\/es\/#website","url":"https:\/\/interamerica.org\/es\/","name":"Iglesia Adventista del S\u00e9ptimo D\u00eda - Divisi\u00f3n Interamericana","description":"","potentialAction":[{"@type":"SearchAction","target":{"@type":"EntryPoint","urlTemplate":"https:\/\/interamerica.org\/es\/?s={search_term_string}"},"query-input":{"@type":"PropertyValueSpecification","valueRequired":true,"valueName":"search_term_string"}}],"inLanguage":"es"},{"@type":"Person","@id":"https:\/\/interamerica.org\/es\/#\/schema\/person\/68ede8bdc292885bb76c1e3810e73c39","name":"Lorenzo Verduzco","image":{"@type":"ImageObject","inLanguage":"es","@id":"https:\/\/secure.gravatar.com\/avatar\/fb81a55b6218459490a9c1dc841a34909185b81904c5337b4b27f7a6fd60c49e?s=96&d=mm&r=g","url":"https:\/\/secure.gravatar.com\/avatar\/fb81a55b6218459490a9c1dc841a34909185b81904c5337b4b27f7a6fd60c49e?s=96&d=mm&r=g","contentUrl":"https:\/\/secure.gravatar.com\/avatar\/fb81a55b6218459490a9c1dc841a34909185b81904c5337b4b27f7a6fd60c49e?s=96&d=mm&r=g","caption":"Lorenzo Verduzco"}}]}},"_links":{"self":[{"href":"https:\/\/interamerica.org\/es\/wp-json\/wp\/v2\/posts\/10902","targetHints":{"allow":["GET"]}}],"collection":[{"href":"https:\/\/interamerica.org\/es\/wp-json\/wp\/v2\/posts"}],"about":[{"href":"https:\/\/interamerica.org\/es\/wp-json\/wp\/v2\/types\/post"}],"author":[{"embeddable":true,"href":"https:\/\/interamerica.org\/es\/wp-json\/wp\/v2\/users\/1"}],"replies":[{"embeddable":true,"href":"https:\/\/interamerica.org\/es\/wp-json\/wp\/v2\/comments?post=10902"}],"version-history":[{"count":0,"href":"https:\/\/interamerica.org\/es\/wp-json\/wp\/v2\/posts\/10902\/revisions"}],"wp:attachment":[{"href":"https:\/\/interamerica.org\/es\/wp-json\/wp\/v2\/media?parent=10902"}],"wp:term":[{"taxonomy":"category","embeddable":true,"href":"https:\/\/interamerica.org\/es\/wp-json\/wp\/v2\/categories?post=10902"},{"taxonomy":"post_tag","embeddable":true,"href":"https:\/\/interamerica.org\/es\/wp-json\/wp\/v2\/tags?post=10902"}],"curies":[{"name":"wp","href":"https:\/\/api.w.org\/{rel}","templated":true}]}}