{"id":10903,"date":"2007-03-06T00:00:00","date_gmt":"2007-03-06T04:00:00","guid":{"rendered":"http:\/\/192.81.217.108\/interamerica\/2007\/03\/africa-del-sur-adventistas-reciben-a-damas-de-diferentes-credos\/"},"modified":"2017-06-02T09:12:11","modified_gmt":"2017-06-02T13:12:11","slug":"africa-del-sur-adventistas-reciben-a-damas-de-diferentes-credos","status":"publish","type":"post","link":"https:\/\/interamerica.org\/es\/2007\/03\/africa-del-sur-adventistas-reciben-a-damas-de-diferentes-credos\/","title":{"rendered":"\u00c1frica del Sur: Adventistas Reciben a Damas de Diferentes Credos"},"content":{"rendered":"<p>6 de marzo, 2007 Somerset West, \u00c1frica del Sur&#8230; [Penny Brink\/Personal de ANN ] <\/p>\n<p>Este a\u00f1o marc\u00f3 la 77ma vez que las damas sudafricanas participan en un d\u00eda mundial de oraci\u00f3n dirigido por la mujer.  Sin embargo, esta fue la primera vez que las damas de la iglesia adventista del s\u00e9ptimo d\u00eda en Helderberg Basin en Somerset occidental, cerca a Cape Town, Sud\u00e1frica, fueron las anfitrionas del d\u00eda de la oraci\u00f3n interdenominacional.  El d\u00eda de la oraci\u00f3n se celebr\u00f3 el viernes, 2 de marzo, de 10 a.m. a 12 m.  <\/p>\n<p>El D\u00eda Mundial de Oraci\u00f3n de las Mujeres (WWDP) es un movimiento mundial de las mujeres cristianas de diversas culturas, razas e iglesias que se unieron para observar un d\u00eda de oreci\u00f3n el primer viernes de marzo cada a\u00f1o.  La oportunidad es abierta para todos los grupos de diferentes credos que deseen unirse en oraci\u00f3n.  Los organizadores de WWDP dicen que la visi\u00f3n es para que las damas cristianas sean usadas por Dios a trav\u00e9s de un din\u00e1mico movimiento de oraci\u00f3n a fin de impactar positivamente sobre todas las esferas de la sociedad. <\/p>\n<p>El tema mundial para el programa de adoraci\u00f3n de WWDP este a\u00f1o fue, \u00abUnidas Bajo la Carpa de Dios\u00bb.  El programa fue dise\u00f1ado por las mujeres de Paraguay, cuyas preocupaciones respecto al desempleo, la pobreza, desigualdad entre hombre y mujer, violencia, inigualdad de g\u00e9nero, la violencia, la corrupci\u00f3n, el alcoholismo, las drogas y la prostituci\u00f3n, fueron los temas compartidos con las mujeres de otros pa\u00edses alrededor del mundo. <\/p>\n<p>\u00abAlgo como esto une los corazones, nos lleva a identificarnos com\u00fanmente los unos con los otros, en necesidades comunes\u00bb, dijo Aleta Blow, quien coordin\u00f3 el evento en la iglesia Adventista de Helderberg localizada en los terrenos del Colegio Helderberg.  \u00abAl allegarnos al gran Dios del cielo, algo sucede dentro de nosotros que nos concientiza respecto a la hermandad entre hermanos y hermanas.  Tambi\u00e9n nos hace m\u00e1s consientes de las grandes necesidades del mundo\u00bb. <\/p>\n<p>\u00abA trav\u00e9s de los a\u00f1os la mujer ha desempe\u00f1ado una parte significativa en estabilizarse en \u00c1frica del Sur, en especial justo despu\u00e9s del apartheid\u00bb, dijo Wilma Anderson, otra coordinadora adventista.  \u00abMuchas damas visitaban las reuniones de oraci\u00f3n por que reconocieron que hab\u00eda poder en sus oraciones y en estar unidas.  Esto no es diferente\u00bb. <\/p>\n<p>El programa fue concurrido por m\u00e1s de 200 mujeres quienes representaron a pa\u00edses tales como, Francia, Alemania, Suecia, Brasil, Italia, Bolivia, Holanda, Australia, Paraguay, Tailandia, Tanzan\u00eda, Swaziland, Uganda, Zimbaue, Zambia, Sudafrica y Lesoto. <\/p>\n<p>Se ofrecieron saludos en 23 idiomas diferentes.  Esta clase de diversidad rompe el prejuicio a todo nivel, racial y sectario, se\u00f1al\u00f3 Blow. Recalc\u00f3 que ella tuvo una reacci\u00f3n similar cuando las mujeres de otros grupos denominacionales se enteraron que la iglesia adventista ser\u00eda la anfitriona del evento. <\/p>\n<p>\u00abFue como una sorpresa para otras mujeres de otras iglesias que nosotros abri\u00e9ramos nuestras puertas\u00bb, dijo ella.  \u00abLos adventistas en Helderberg Basin son vistos como un grupo muy exclusivo.  Pienso que este d\u00eda de la oraci\u00f3n ha sido una experiencia unificadora que no est\u00e1 limitada a s\u00f3lo para ese d\u00eda en espec\u00edfico\u00bb. <\/p>\n<p>\u00abPienso que fue maravilloso reunirnos\u00bb, dijo Fritzi Eck, quien no es adventista.  \u00abNos acercamos unas a otras y nos entendimos cada una un poco mejor.  No hizo diferencia de qu\u00e9 credo eran\u00bb. <\/p>\n<p><strong >Derechos Reservados (R) 2007 by Adventist News Network<\/strong >.   <\/p>\n","protected":false},"excerpt":{"rendered":"<p>Este a\u00f1o marc\u00f3 la 77ma vez que las damas sudafricanas participan en un d\u00eda mundial de oraci\u00f3n dirigido por la mujer.  Sin embargo, esta fue la primera vez que las damas de la iglesia adventista del s\u00e9ptimo d\u00eda e<\/p>\n","protected":false},"author":1,"featured_media":0,"comment_status":"closed","ping_status":"closed","sticky":false,"template":"","format":"standard","meta":{"_acf_changed":false,"footnotes":""},"categories":[8],"tags":[],"class_list":["post-10903","post","type-post","status-publish","format-standard","hentry","category-archivo"],"acf":[],"yoast_head":"<!-- This site is optimized with the Yoast SEO plugin v27.3 - https:\/\/yoast.com\/product\/yoast-seo-wordpress\/ -->\n<title>\u00c1frica del Sur: Adventistas Reciben a Damas de Diferentes Credos - Iglesia Adventista del S\u00e9ptimo D\u00eda - Divisi\u00f3n Interamericana<\/title>\n<meta name=\"robots\" content=\"index, follow, max-snippet:-1, max-image-preview:large, max-video-preview:-1\" \/>\n<link rel=\"canonical\" href=\"https:\/\/interamerica.org\/es\/2007\/03\/africa-del-sur-adventistas-reciben-a-damas-de-diferentes-credos\/\" \/>\n<meta property=\"og:locale\" content=\"es_ES\" \/>\n<meta property=\"og:type\" content=\"article\" \/>\n<meta property=\"og:title\" content=\"\u00c1frica del Sur: Adventistas Reciben a Damas de Diferentes Credos - Iglesia Adventista del S\u00e9ptimo D\u00eda - Divisi\u00f3n Interamericana\" \/>\n<meta property=\"og:description\" content=\"Este a\u00f1o marc\u00f3 la 77ma vez que las damas sudafricanas participan en un d\u00eda mundial de oraci\u00f3n dirigido por la mujer. Sin embargo, esta fue la primera vez que las damas de la iglesia adventista del s\u00e9ptimo d\u00eda e\" \/>\n<meta property=\"og:url\" content=\"https:\/\/interamerica.org\/es\/2007\/03\/africa-del-sur-adventistas-reciben-a-damas-de-diferentes-credos\/\" \/>\n<meta property=\"og:site_name\" content=\"Iglesia Adventista del S\u00e9ptimo D\u00eda - Divisi\u00f3n Interamericana\" \/>\n<meta property=\"article:published_time\" content=\"2007-03-06T04:00:00+00:00\" \/>\n<meta property=\"article:modified_time\" content=\"2017-06-02T13:12:11+00:00\" \/>\n<meta name=\"author\" content=\"Lorenzo Verduzco\" \/>\n<meta name=\"twitter:card\" content=\"summary_large_image\" \/>\n<meta name=\"twitter:label1\" content=\"Escrito por\" \/>\n\t<meta name=\"twitter:data1\" content=\"Lorenzo Verduzco\" \/>\n\t<meta name=\"twitter:label2\" content=\"Tiempo de lectura\" \/>\n\t<meta name=\"twitter:data2\" content=\"3 minutos\" \/>\n<script type=\"application\/ld+json\" class=\"yoast-schema-graph\">{\"@context\":\"https:\\\/\\\/schema.org\",\"@graph\":[{\"@type\":\"Article\",\"@id\":\"https:\\\/\\\/interamerica.org\\\/es\\\/2007\\\/03\\\/africa-del-sur-adventistas-reciben-a-damas-de-diferentes-credos\\\/#article\",\"isPartOf\":{\"@id\":\"https:\\\/\\\/interamerica.org\\\/es\\\/2007\\\/03\\\/africa-del-sur-adventistas-reciben-a-damas-de-diferentes-credos\\\/\"},\"author\":{\"name\":\"Lorenzo Verduzco\",\"@id\":\"https:\\\/\\\/interamerica.org\\\/es\\\/#\\\/schema\\\/person\\\/68ede8bdc292885bb76c1e3810e73c39\"},\"headline\":\"\u00c1frica del Sur: Adventistas Reciben a Damas de Diferentes Credos\",\"datePublished\":\"2007-03-06T04:00:00+00:00\",\"dateModified\":\"2017-06-02T13:12:11+00:00\",\"mainEntityOfPage\":{\"@id\":\"https:\\\/\\\/interamerica.org\\\/es\\\/2007\\\/03\\\/africa-del-sur-adventistas-reciben-a-damas-de-diferentes-credos\\\/\"},\"wordCount\":601,\"articleSection\":[\"Archivo\"],\"inLanguage\":\"es\"},{\"@type\":\"WebPage\",\"@id\":\"https:\\\/\\\/interamerica.org\\\/es\\\/2007\\\/03\\\/africa-del-sur-adventistas-reciben-a-damas-de-diferentes-credos\\\/\",\"url\":\"https:\\\/\\\/interamerica.org\\\/es\\\/2007\\\/03\\\/africa-del-sur-adventistas-reciben-a-damas-de-diferentes-credos\\\/\",\"name\":\"\u00c1frica del Sur: Adventistas Reciben a Damas de Diferentes Credos - Iglesia Adventista del S\u00e9ptimo D\u00eda - Divisi\u00f3n Interamericana\",\"isPartOf\":{\"@id\":\"https:\\\/\\\/interamerica.org\\\/es\\\/#website\"},\"datePublished\":\"2007-03-06T04:00:00+00:00\",\"dateModified\":\"2017-06-02T13:12:11+00:00\",\"author\":{\"@id\":\"https:\\\/\\\/interamerica.org\\\/es\\\/#\\\/schema\\\/person\\\/68ede8bdc292885bb76c1e3810e73c39\"},\"breadcrumb\":{\"@id\":\"https:\\\/\\\/interamerica.org\\\/es\\\/2007\\\/03\\\/africa-del-sur-adventistas-reciben-a-damas-de-diferentes-credos\\\/#breadcrumb\"},\"inLanguage\":\"es\",\"potentialAction\":[{\"@type\":\"ReadAction\",\"target\":[\"https:\\\/\\\/interamerica.org\\\/es\\\/2007\\\/03\\\/africa-del-sur-adventistas-reciben-a-damas-de-diferentes-credos\\\/\"]}]},{\"@type\":\"BreadcrumbList\",\"@id\":\"https:\\\/\\\/interamerica.org\\\/es\\\/2007\\\/03\\\/africa-del-sur-adventistas-reciben-a-damas-de-diferentes-credos\\\/#breadcrumb\",\"itemListElement\":[{\"@type\":\"ListItem\",\"position\":1,\"name\":\"Home\",\"item\":\"https:\\\/\\\/interamerica.org\\\/es\\\/\"},{\"@type\":\"ListItem\",\"position\":2,\"name\":\"\u00c1frica del Sur: Adventistas Reciben a Damas de Diferentes Credos\"}]},{\"@type\":\"WebSite\",\"@id\":\"https:\\\/\\\/interamerica.org\\\/es\\\/#website\",\"url\":\"https:\\\/\\\/interamerica.org\\\/es\\\/\",\"name\":\"Iglesia Adventista del S\u00e9ptimo D\u00eda - Divisi\u00f3n Interamericana\",\"description\":\"\",\"potentialAction\":[{\"@type\":\"SearchAction\",\"target\":{\"@type\":\"EntryPoint\",\"urlTemplate\":\"https:\\\/\\\/interamerica.org\\\/es\\\/?s={search_term_string}\"},\"query-input\":{\"@type\":\"PropertyValueSpecification\",\"valueRequired\":true,\"valueName\":\"search_term_string\"}}],\"inLanguage\":\"es\"},{\"@type\":\"Person\",\"@id\":\"https:\\\/\\\/interamerica.org\\\/es\\\/#\\\/schema\\\/person\\\/68ede8bdc292885bb76c1e3810e73c39\",\"name\":\"Lorenzo Verduzco\",\"image\":{\"@type\":\"ImageObject\",\"inLanguage\":\"es\",\"@id\":\"https:\\\/\\\/secure.gravatar.com\\\/avatar\\\/fb81a55b6218459490a9c1dc841a34909185b81904c5337b4b27f7a6fd60c49e?s=96&d=mm&r=g\",\"url\":\"https:\\\/\\\/secure.gravatar.com\\\/avatar\\\/fb81a55b6218459490a9c1dc841a34909185b81904c5337b4b27f7a6fd60c49e?s=96&d=mm&r=g\",\"contentUrl\":\"https:\\\/\\\/secure.gravatar.com\\\/avatar\\\/fb81a55b6218459490a9c1dc841a34909185b81904c5337b4b27f7a6fd60c49e?s=96&d=mm&r=g\",\"caption\":\"Lorenzo Verduzco\"}}]}<\/script>\n<!-- \/ Yoast SEO plugin. -->","yoast_head_json":{"title":"\u00c1frica del Sur: Adventistas Reciben a Damas de Diferentes Credos - Iglesia Adventista del S\u00e9ptimo D\u00eda - Divisi\u00f3n Interamericana","robots":{"index":"index","follow":"follow","max-snippet":"max-snippet:-1","max-image-preview":"max-image-preview:large","max-video-preview":"max-video-preview:-1"},"canonical":"https:\/\/interamerica.org\/es\/2007\/03\/africa-del-sur-adventistas-reciben-a-damas-de-diferentes-credos\/","og_locale":"es_ES","og_type":"article","og_title":"\u00c1frica del Sur: Adventistas Reciben a Damas de Diferentes Credos - Iglesia Adventista del S\u00e9ptimo D\u00eda - Divisi\u00f3n Interamericana","og_description":"Este a\u00f1o marc\u00f3 la 77ma vez que las damas sudafricanas participan en un d\u00eda mundial de oraci\u00f3n dirigido por la mujer. Sin embargo, esta fue la primera vez que las damas de la iglesia adventista del s\u00e9ptimo d\u00eda e","og_url":"https:\/\/interamerica.org\/es\/2007\/03\/africa-del-sur-adventistas-reciben-a-damas-de-diferentes-credos\/","og_site_name":"Iglesia Adventista del S\u00e9ptimo D\u00eda - Divisi\u00f3n Interamericana","article_published_time":"2007-03-06T04:00:00+00:00","article_modified_time":"2017-06-02T13:12:11+00:00","author":"Lorenzo Verduzco","twitter_card":"summary_large_image","twitter_misc":{"Escrito por":"Lorenzo Verduzco","Tiempo de lectura":"3 minutos"},"schema":{"@context":"https:\/\/schema.org","@graph":[{"@type":"Article","@id":"https:\/\/interamerica.org\/es\/2007\/03\/africa-del-sur-adventistas-reciben-a-damas-de-diferentes-credos\/#article","isPartOf":{"@id":"https:\/\/interamerica.org\/es\/2007\/03\/africa-del-sur-adventistas-reciben-a-damas-de-diferentes-credos\/"},"author":{"name":"Lorenzo Verduzco","@id":"https:\/\/interamerica.org\/es\/#\/schema\/person\/68ede8bdc292885bb76c1e3810e73c39"},"headline":"\u00c1frica del Sur: Adventistas Reciben a Damas de Diferentes Credos","datePublished":"2007-03-06T04:00:00+00:00","dateModified":"2017-06-02T13:12:11+00:00","mainEntityOfPage":{"@id":"https:\/\/interamerica.org\/es\/2007\/03\/africa-del-sur-adventistas-reciben-a-damas-de-diferentes-credos\/"},"wordCount":601,"articleSection":["Archivo"],"inLanguage":"es"},{"@type":"WebPage","@id":"https:\/\/interamerica.org\/es\/2007\/03\/africa-del-sur-adventistas-reciben-a-damas-de-diferentes-credos\/","url":"https:\/\/interamerica.org\/es\/2007\/03\/africa-del-sur-adventistas-reciben-a-damas-de-diferentes-credos\/","name":"\u00c1frica del Sur: Adventistas Reciben a Damas de Diferentes Credos - Iglesia Adventista del S\u00e9ptimo D\u00eda - Divisi\u00f3n Interamericana","isPartOf":{"@id":"https:\/\/interamerica.org\/es\/#website"},"datePublished":"2007-03-06T04:00:00+00:00","dateModified":"2017-06-02T13:12:11+00:00","author":{"@id":"https:\/\/interamerica.org\/es\/#\/schema\/person\/68ede8bdc292885bb76c1e3810e73c39"},"breadcrumb":{"@id":"https:\/\/interamerica.org\/es\/2007\/03\/africa-del-sur-adventistas-reciben-a-damas-de-diferentes-credos\/#breadcrumb"},"inLanguage":"es","potentialAction":[{"@type":"ReadAction","target":["https:\/\/interamerica.org\/es\/2007\/03\/africa-del-sur-adventistas-reciben-a-damas-de-diferentes-credos\/"]}]},{"@type":"BreadcrumbList","@id":"https:\/\/interamerica.org\/es\/2007\/03\/africa-del-sur-adventistas-reciben-a-damas-de-diferentes-credos\/#breadcrumb","itemListElement":[{"@type":"ListItem","position":1,"name":"Home","item":"https:\/\/interamerica.org\/es\/"},{"@type":"ListItem","position":2,"name":"\u00c1frica del Sur: Adventistas Reciben a Damas de Diferentes Credos"}]},{"@type":"WebSite","@id":"https:\/\/interamerica.org\/es\/#website","url":"https:\/\/interamerica.org\/es\/","name":"Iglesia Adventista del S\u00e9ptimo D\u00eda - Divisi\u00f3n Interamericana","description":"","potentialAction":[{"@type":"SearchAction","target":{"@type":"EntryPoint","urlTemplate":"https:\/\/interamerica.org\/es\/?s={search_term_string}"},"query-input":{"@type":"PropertyValueSpecification","valueRequired":true,"valueName":"search_term_string"}}],"inLanguage":"es"},{"@type":"Person","@id":"https:\/\/interamerica.org\/es\/#\/schema\/person\/68ede8bdc292885bb76c1e3810e73c39","name":"Lorenzo Verduzco","image":{"@type":"ImageObject","inLanguage":"es","@id":"https:\/\/secure.gravatar.com\/avatar\/fb81a55b6218459490a9c1dc841a34909185b81904c5337b4b27f7a6fd60c49e?s=96&d=mm&r=g","url":"https:\/\/secure.gravatar.com\/avatar\/fb81a55b6218459490a9c1dc841a34909185b81904c5337b4b27f7a6fd60c49e?s=96&d=mm&r=g","contentUrl":"https:\/\/secure.gravatar.com\/avatar\/fb81a55b6218459490a9c1dc841a34909185b81904c5337b4b27f7a6fd60c49e?s=96&d=mm&r=g","caption":"Lorenzo Verduzco"}}]}},"_links":{"self":[{"href":"https:\/\/interamerica.org\/es\/wp-json\/wp\/v2\/posts\/10903","targetHints":{"allow":["GET"]}}],"collection":[{"href":"https:\/\/interamerica.org\/es\/wp-json\/wp\/v2\/posts"}],"about":[{"href":"https:\/\/interamerica.org\/es\/wp-json\/wp\/v2\/types\/post"}],"author":[{"embeddable":true,"href":"https:\/\/interamerica.org\/es\/wp-json\/wp\/v2\/users\/1"}],"replies":[{"embeddable":true,"href":"https:\/\/interamerica.org\/es\/wp-json\/wp\/v2\/comments?post=10903"}],"version-history":[{"count":0,"href":"https:\/\/interamerica.org\/es\/wp-json\/wp\/v2\/posts\/10903\/revisions"}],"wp:attachment":[{"href":"https:\/\/interamerica.org\/es\/wp-json\/wp\/v2\/media?parent=10903"}],"wp:term":[{"taxonomy":"category","embeddable":true,"href":"https:\/\/interamerica.org\/es\/wp-json\/wp\/v2\/categories?post=10903"},{"taxonomy":"post_tag","embeddable":true,"href":"https:\/\/interamerica.org\/es\/wp-json\/wp\/v2\/tags?post=10903"}],"curies":[{"name":"wp","href":"https:\/\/api.w.org\/{rel}","templated":true}]}}