{"id":10905,"date":"2007-03-07T00:00:00","date_gmt":"2007-03-07T04:00:00","guid":{"rendered":"http:\/\/192.81.217.108\/interamerica\/2007\/03\/brasil-los-lideres-denuncian-un-crimen-cometido-en-templo-adventista-y-reiteran-su-compromiso-con-el-bienestar-de-los-ninos\/"},"modified":"2017-06-02T09:12:10","modified_gmt":"2017-06-02T13:12:10","slug":"brasil-los-lideres-denuncian-un-crimen-cometido-en-templo-adventista-y-reiteran-su-compromiso-con-el-bienestar-de-los-ninos","status":"publish","type":"post","link":"https:\/\/interamerica.org\/es\/2007\/03\/brasil-los-lideres-denuncian-un-crimen-cometido-en-templo-adventista-y-reiteran-su-compromiso-con-el-bienestar-de-los-ninos\/","title":{"rendered":"Brasil: Los l\u00edderes denuncian un crimen cometido en templo adventista y reiteran su compromiso con el bienestar de los ni\u00f1os"},"content":{"rendered":"<p>6 de marzo, 2007 Brasilia, Brasil &#8230;. [ASN\/Personal de ANN] <\/p>\n<p>Los adventistas de Brasil est\u00e1n atravesando un momento dif\u00edcil despu\u00e9s que una ni\u00f1ita de 20 meses fue hallada estrangulada en la pila bautismal de una iglesia adventista de Joinville, Santa Catarina, Brasil, el pasado 3 de marzo. Los l\u00edderes presentaron una declaraci\u00f3n donde denuncian este crimen atroz y reiteran el compromiso de la Iglesia Adventista con la seguridad y el bienestar de todos los ni\u00f1os. <\/p>\n<p>\u00abLa Iglesia Adventista de Santa Catarina se presenta ante el p\u00fablico, a la luz de este desafortunado episodio para expresar &#8230; al estado que la iglesia repudia con vehemencia este horrendo acto contra esta ni\u00f1a\u00bb, expresa una parte de la declaraci\u00f3n dada a conocer este 6 de marzo. <\/p>\n<p>Seg\u00fan la agencia Associated Press, la ni\u00f1a habr\u00eda sido sustra\u00edda por su asesino de una sala donde junto con otros ni\u00f1os bajo supervisi\u00f3n participaba de actividades sab\u00e1ticas de adoraci\u00f3n. La agencia tambi\u00e9n agrega que el asesino se identific\u00f3 como el padre de la ni\u00f1a ante el requerimiento de una de las supervisoras. <\/p>\n<p>Cuando la administraci\u00f3n eclesi\u00e1stica local supo del crimen, se pusieron en contacto inmediato con la polic\u00eda y solicit\u00f3 que se clarifique todo el suceso y que el o los criminales sean castigados de conformidad con la ley local. De acuerdo con la Constituci\u00f3n del Brasil, las iglesias est\u00e1n abiertas al p\u00fablico, y los directivos eclesi\u00e1sticos no quieren de ninguna manera interferir con la investigaci\u00f3n criminal. La comunidad adventista local tambi\u00e9n est\u00e1 cooperando con la investigaci\u00f3n, que a\u00fan deben detener al sospechoso. <\/p>\n<p>La declaraci\u00f3n oficial agrega que la Iglesia Adventista es conocida en todo el mundo \u00abpor predicar contra la violencia y que est\u00e1 a favor de los valores cristianos que honran la familia y respetan a los ni\u00f1os\u00bb. <\/p>\n<p>\u00abLa Iglesia est\u00e1 del lado de la polic\u00eda y del sistema de justicia en la b\u00fasqueda de la resoluci\u00f3n completa de este crimen\u00bb, afirman los l\u00edderes en la declaraci\u00f3n. \u00abDejamos en claro que el crimen ocurri\u00f3 m\u00e1s all\u00e1 de nuestro conocimiento y que estamos colaborando de todas las formas posibles con la investigaci\u00f3n desde el momento mismo en que \u00e9ste fue descubierto\u00bb. <\/p>\n<p>La declaraci\u00f3n culmin\u00f3 con la seguridad de que los feligreses y directivos extienden sus sinceras condolencias y oraciones con la familia de la v\u00edctima. <\/p>\n<p>En la regi\u00f3n Sudamericana, la Iglesia Adventista lleva a cabo cada a\u00f1o la campa\u00f1a \u00abRomper el silencio\u00bb, que busca prevenir la violencia contra los ni\u00f1os al crear conciencia respecto del tema. <\/p>\n<p><strong >Derechos Reservados (R) 2007 por Red de Noticias Adventista (ANN)<\/strong > <\/p>\n","protected":false},"excerpt":{"rendered":"<p>Los adventistas de Brasil est\u00e1n atravesando un momento dif\u00edcil despu\u00e9s que una ni\u00f1ita de 20 meses fue hallada estrangulada en la pila bautismal de una iglesia adventista de Joinville, Santa Catarina, Brasil.<\/p>\n","protected":false},"author":1,"featured_media":0,"comment_status":"closed","ping_status":"closed","sticky":false,"template":"","format":"standard","meta":{"_acf_changed":false,"footnotes":""},"categories":[8],"tags":[],"class_list":["post-10905","post","type-post","status-publish","format-standard","hentry","category-archivo"],"acf":[],"yoast_head":"<!-- This site is optimized with the Yoast SEO plugin v27.3 - https:\/\/yoast.com\/product\/yoast-seo-wordpress\/ -->\n<title>Brasil: Los l\u00edderes denuncian un crimen cometido en templo adventista y reiteran su compromiso con el bienestar de los ni\u00f1os - Iglesia Adventista del S\u00e9ptimo D\u00eda - Divisi\u00f3n Interamericana<\/title>\n<meta name=\"robots\" content=\"index, follow, max-snippet:-1, max-image-preview:large, max-video-preview:-1\" \/>\n<link rel=\"canonical\" href=\"https:\/\/interamerica.org\/es\/2007\/03\/brasil-los-lideres-denuncian-un-crimen-cometido-en-templo-adventista-y-reiteran-su-compromiso-con-el-bienestar-de-los-ninos\/\" \/>\n<meta property=\"og:locale\" content=\"es_ES\" \/>\n<meta property=\"og:type\" content=\"article\" \/>\n<meta property=\"og:title\" content=\"Brasil: Los l\u00edderes denuncian un crimen cometido en templo adventista y reiteran su compromiso con el bienestar de los ni\u00f1os - Iglesia Adventista del S\u00e9ptimo D\u00eda - Divisi\u00f3n Interamericana\" \/>\n<meta property=\"og:description\" content=\"Los adventistas de Brasil est\u00e1n atravesando un momento dif\u00edcil despu\u00e9s que una ni\u00f1ita de 20 meses fue hallada estrangulada en la pila bautismal de una iglesia adventista de Joinville, Santa Catarina, Brasil.\" \/>\n<meta property=\"og:url\" content=\"https:\/\/interamerica.org\/es\/2007\/03\/brasil-los-lideres-denuncian-un-crimen-cometido-en-templo-adventista-y-reiteran-su-compromiso-con-el-bienestar-de-los-ninos\/\" \/>\n<meta property=\"og:site_name\" content=\"Iglesia Adventista del S\u00e9ptimo D\u00eda - Divisi\u00f3n Interamericana\" \/>\n<meta property=\"article:published_time\" content=\"2007-03-07T04:00:00+00:00\" \/>\n<meta property=\"article:modified_time\" content=\"2017-06-02T13:12:10+00:00\" \/>\n<meta name=\"author\" content=\"Lorenzo Verduzco\" \/>\n<meta name=\"twitter:card\" content=\"summary_large_image\" \/>\n<meta name=\"twitter:label1\" content=\"Escrito por\" \/>\n\t<meta name=\"twitter:data1\" content=\"Lorenzo Verduzco\" \/>\n\t<meta name=\"twitter:label2\" content=\"Tiempo de lectura\" \/>\n\t<meta name=\"twitter:data2\" content=\"2 minutos\" \/>\n<script type=\"application\/ld+json\" class=\"yoast-schema-graph\">{\"@context\":\"https:\\\/\\\/schema.org\",\"@graph\":[{\"@type\":\"Article\",\"@id\":\"https:\\\/\\\/interamerica.org\\\/es\\\/2007\\\/03\\\/brasil-los-lideres-denuncian-un-crimen-cometido-en-templo-adventista-y-reiteran-su-compromiso-con-el-bienestar-de-los-ninos\\\/#article\",\"isPartOf\":{\"@id\":\"https:\\\/\\\/interamerica.org\\\/es\\\/2007\\\/03\\\/brasil-los-lideres-denuncian-un-crimen-cometido-en-templo-adventista-y-reiteran-su-compromiso-con-el-bienestar-de-los-ninos\\\/\"},\"author\":{\"name\":\"Lorenzo Verduzco\",\"@id\":\"https:\\\/\\\/interamerica.org\\\/es\\\/#\\\/schema\\\/person\\\/68ede8bdc292885bb76c1e3810e73c39\"},\"headline\":\"Brasil: Los l\u00edderes denuncian un crimen cometido en templo adventista y reiteran su compromiso con el bienestar de los ni\u00f1os\",\"datePublished\":\"2007-03-07T04:00:00+00:00\",\"dateModified\":\"2017-06-02T13:12:10+00:00\",\"mainEntityOfPage\":{\"@id\":\"https:\\\/\\\/interamerica.org\\\/es\\\/2007\\\/03\\\/brasil-los-lideres-denuncian-un-crimen-cometido-en-templo-adventista-y-reiteran-su-compromiso-con-el-bienestar-de-los-ninos\\\/\"},\"wordCount\":481,\"articleSection\":[\"Archivo\"],\"inLanguage\":\"es\"},{\"@type\":\"WebPage\",\"@id\":\"https:\\\/\\\/interamerica.org\\\/es\\\/2007\\\/03\\\/brasil-los-lideres-denuncian-un-crimen-cometido-en-templo-adventista-y-reiteran-su-compromiso-con-el-bienestar-de-los-ninos\\\/\",\"url\":\"https:\\\/\\\/interamerica.org\\\/es\\\/2007\\\/03\\\/brasil-los-lideres-denuncian-un-crimen-cometido-en-templo-adventista-y-reiteran-su-compromiso-con-el-bienestar-de-los-ninos\\\/\",\"name\":\"Brasil: Los l\u00edderes denuncian un crimen cometido en templo adventista y reiteran su compromiso con el bienestar de los ni\u00f1os - Iglesia Adventista del S\u00e9ptimo D\u00eda - Divisi\u00f3n Interamericana\",\"isPartOf\":{\"@id\":\"https:\\\/\\\/interamerica.org\\\/es\\\/#website\"},\"datePublished\":\"2007-03-07T04:00:00+00:00\",\"dateModified\":\"2017-06-02T13:12:10+00:00\",\"author\":{\"@id\":\"https:\\\/\\\/interamerica.org\\\/es\\\/#\\\/schema\\\/person\\\/68ede8bdc292885bb76c1e3810e73c39\"},\"breadcrumb\":{\"@id\":\"https:\\\/\\\/interamerica.org\\\/es\\\/2007\\\/03\\\/brasil-los-lideres-denuncian-un-crimen-cometido-en-templo-adventista-y-reiteran-su-compromiso-con-el-bienestar-de-los-ninos\\\/#breadcrumb\"},\"inLanguage\":\"es\",\"potentialAction\":[{\"@type\":\"ReadAction\",\"target\":[\"https:\\\/\\\/interamerica.org\\\/es\\\/2007\\\/03\\\/brasil-los-lideres-denuncian-un-crimen-cometido-en-templo-adventista-y-reiteran-su-compromiso-con-el-bienestar-de-los-ninos\\\/\"]}]},{\"@type\":\"BreadcrumbList\",\"@id\":\"https:\\\/\\\/interamerica.org\\\/es\\\/2007\\\/03\\\/brasil-los-lideres-denuncian-un-crimen-cometido-en-templo-adventista-y-reiteran-su-compromiso-con-el-bienestar-de-los-ninos\\\/#breadcrumb\",\"itemListElement\":[{\"@type\":\"ListItem\",\"position\":1,\"name\":\"Home\",\"item\":\"https:\\\/\\\/interamerica.org\\\/es\\\/\"},{\"@type\":\"ListItem\",\"position\":2,\"name\":\"Brasil: Los l\u00edderes denuncian un crimen cometido en templo adventista y reiteran su compromiso con el bienestar de los ni\u00f1os\"}]},{\"@type\":\"WebSite\",\"@id\":\"https:\\\/\\\/interamerica.org\\\/es\\\/#website\",\"url\":\"https:\\\/\\\/interamerica.org\\\/es\\\/\",\"name\":\"Iglesia Adventista del S\u00e9ptimo D\u00eda - Divisi\u00f3n Interamericana\",\"description\":\"\",\"potentialAction\":[{\"@type\":\"SearchAction\",\"target\":{\"@type\":\"EntryPoint\",\"urlTemplate\":\"https:\\\/\\\/interamerica.org\\\/es\\\/?s={search_term_string}\"},\"query-input\":{\"@type\":\"PropertyValueSpecification\",\"valueRequired\":true,\"valueName\":\"search_term_string\"}}],\"inLanguage\":\"es\"},{\"@type\":\"Person\",\"@id\":\"https:\\\/\\\/interamerica.org\\\/es\\\/#\\\/schema\\\/person\\\/68ede8bdc292885bb76c1e3810e73c39\",\"name\":\"Lorenzo Verduzco\",\"image\":{\"@type\":\"ImageObject\",\"inLanguage\":\"es\",\"@id\":\"https:\\\/\\\/secure.gravatar.com\\\/avatar\\\/fb81a55b6218459490a9c1dc841a34909185b81904c5337b4b27f7a6fd60c49e?s=96&d=mm&r=g\",\"url\":\"https:\\\/\\\/secure.gravatar.com\\\/avatar\\\/fb81a55b6218459490a9c1dc841a34909185b81904c5337b4b27f7a6fd60c49e?s=96&d=mm&r=g\",\"contentUrl\":\"https:\\\/\\\/secure.gravatar.com\\\/avatar\\\/fb81a55b6218459490a9c1dc841a34909185b81904c5337b4b27f7a6fd60c49e?s=96&d=mm&r=g\",\"caption\":\"Lorenzo Verduzco\"}}]}<\/script>\n<!-- \/ Yoast SEO plugin. -->","yoast_head_json":{"title":"Brasil: Los l\u00edderes denuncian un crimen cometido en templo adventista y reiteran su compromiso con el bienestar de los ni\u00f1os - Iglesia Adventista del S\u00e9ptimo D\u00eda - Divisi\u00f3n Interamericana","robots":{"index":"index","follow":"follow","max-snippet":"max-snippet:-1","max-image-preview":"max-image-preview:large","max-video-preview":"max-video-preview:-1"},"canonical":"https:\/\/interamerica.org\/es\/2007\/03\/brasil-los-lideres-denuncian-un-crimen-cometido-en-templo-adventista-y-reiteran-su-compromiso-con-el-bienestar-de-los-ninos\/","og_locale":"es_ES","og_type":"article","og_title":"Brasil: Los l\u00edderes denuncian un crimen cometido en templo adventista y reiteran su compromiso con el bienestar de los ni\u00f1os - Iglesia Adventista del S\u00e9ptimo D\u00eda - Divisi\u00f3n Interamericana","og_description":"Los adventistas de Brasil est\u00e1n atravesando un momento dif\u00edcil despu\u00e9s que una ni\u00f1ita de 20 meses fue hallada estrangulada en la pila bautismal de una iglesia adventista de Joinville, Santa Catarina, Brasil.","og_url":"https:\/\/interamerica.org\/es\/2007\/03\/brasil-los-lideres-denuncian-un-crimen-cometido-en-templo-adventista-y-reiteran-su-compromiso-con-el-bienestar-de-los-ninos\/","og_site_name":"Iglesia Adventista del S\u00e9ptimo D\u00eda - Divisi\u00f3n Interamericana","article_published_time":"2007-03-07T04:00:00+00:00","article_modified_time":"2017-06-02T13:12:10+00:00","author":"Lorenzo Verduzco","twitter_card":"summary_large_image","twitter_misc":{"Escrito por":"Lorenzo Verduzco","Tiempo de lectura":"2 minutos"},"schema":{"@context":"https:\/\/schema.org","@graph":[{"@type":"Article","@id":"https:\/\/interamerica.org\/es\/2007\/03\/brasil-los-lideres-denuncian-un-crimen-cometido-en-templo-adventista-y-reiteran-su-compromiso-con-el-bienestar-de-los-ninos\/#article","isPartOf":{"@id":"https:\/\/interamerica.org\/es\/2007\/03\/brasil-los-lideres-denuncian-un-crimen-cometido-en-templo-adventista-y-reiteran-su-compromiso-con-el-bienestar-de-los-ninos\/"},"author":{"name":"Lorenzo Verduzco","@id":"https:\/\/interamerica.org\/es\/#\/schema\/person\/68ede8bdc292885bb76c1e3810e73c39"},"headline":"Brasil: Los l\u00edderes denuncian un crimen cometido en templo adventista y reiteran su compromiso con el bienestar de los ni\u00f1os","datePublished":"2007-03-07T04:00:00+00:00","dateModified":"2017-06-02T13:12:10+00:00","mainEntityOfPage":{"@id":"https:\/\/interamerica.org\/es\/2007\/03\/brasil-los-lideres-denuncian-un-crimen-cometido-en-templo-adventista-y-reiteran-su-compromiso-con-el-bienestar-de-los-ninos\/"},"wordCount":481,"articleSection":["Archivo"],"inLanguage":"es"},{"@type":"WebPage","@id":"https:\/\/interamerica.org\/es\/2007\/03\/brasil-los-lideres-denuncian-un-crimen-cometido-en-templo-adventista-y-reiteran-su-compromiso-con-el-bienestar-de-los-ninos\/","url":"https:\/\/interamerica.org\/es\/2007\/03\/brasil-los-lideres-denuncian-un-crimen-cometido-en-templo-adventista-y-reiteran-su-compromiso-con-el-bienestar-de-los-ninos\/","name":"Brasil: Los l\u00edderes denuncian un crimen cometido en templo adventista y reiteran su compromiso con el bienestar de los ni\u00f1os - Iglesia Adventista del S\u00e9ptimo D\u00eda - Divisi\u00f3n Interamericana","isPartOf":{"@id":"https:\/\/interamerica.org\/es\/#website"},"datePublished":"2007-03-07T04:00:00+00:00","dateModified":"2017-06-02T13:12:10+00:00","author":{"@id":"https:\/\/interamerica.org\/es\/#\/schema\/person\/68ede8bdc292885bb76c1e3810e73c39"},"breadcrumb":{"@id":"https:\/\/interamerica.org\/es\/2007\/03\/brasil-los-lideres-denuncian-un-crimen-cometido-en-templo-adventista-y-reiteran-su-compromiso-con-el-bienestar-de-los-ninos\/#breadcrumb"},"inLanguage":"es","potentialAction":[{"@type":"ReadAction","target":["https:\/\/interamerica.org\/es\/2007\/03\/brasil-los-lideres-denuncian-un-crimen-cometido-en-templo-adventista-y-reiteran-su-compromiso-con-el-bienestar-de-los-ninos\/"]}]},{"@type":"BreadcrumbList","@id":"https:\/\/interamerica.org\/es\/2007\/03\/brasil-los-lideres-denuncian-un-crimen-cometido-en-templo-adventista-y-reiteran-su-compromiso-con-el-bienestar-de-los-ninos\/#breadcrumb","itemListElement":[{"@type":"ListItem","position":1,"name":"Home","item":"https:\/\/interamerica.org\/es\/"},{"@type":"ListItem","position":2,"name":"Brasil: Los l\u00edderes denuncian un crimen cometido en templo adventista y reiteran su compromiso con el bienestar de los ni\u00f1os"}]},{"@type":"WebSite","@id":"https:\/\/interamerica.org\/es\/#website","url":"https:\/\/interamerica.org\/es\/","name":"Iglesia Adventista del S\u00e9ptimo D\u00eda - Divisi\u00f3n Interamericana","description":"","potentialAction":[{"@type":"SearchAction","target":{"@type":"EntryPoint","urlTemplate":"https:\/\/interamerica.org\/es\/?s={search_term_string}"},"query-input":{"@type":"PropertyValueSpecification","valueRequired":true,"valueName":"search_term_string"}}],"inLanguage":"es"},{"@type":"Person","@id":"https:\/\/interamerica.org\/es\/#\/schema\/person\/68ede8bdc292885bb76c1e3810e73c39","name":"Lorenzo Verduzco","image":{"@type":"ImageObject","inLanguage":"es","@id":"https:\/\/secure.gravatar.com\/avatar\/fb81a55b6218459490a9c1dc841a34909185b81904c5337b4b27f7a6fd60c49e?s=96&d=mm&r=g","url":"https:\/\/secure.gravatar.com\/avatar\/fb81a55b6218459490a9c1dc841a34909185b81904c5337b4b27f7a6fd60c49e?s=96&d=mm&r=g","contentUrl":"https:\/\/secure.gravatar.com\/avatar\/fb81a55b6218459490a9c1dc841a34909185b81904c5337b4b27f7a6fd60c49e?s=96&d=mm&r=g","caption":"Lorenzo Verduzco"}}]}},"_links":{"self":[{"href":"https:\/\/interamerica.org\/es\/wp-json\/wp\/v2\/posts\/10905","targetHints":{"allow":["GET"]}}],"collection":[{"href":"https:\/\/interamerica.org\/es\/wp-json\/wp\/v2\/posts"}],"about":[{"href":"https:\/\/interamerica.org\/es\/wp-json\/wp\/v2\/types\/post"}],"author":[{"embeddable":true,"href":"https:\/\/interamerica.org\/es\/wp-json\/wp\/v2\/users\/1"}],"replies":[{"embeddable":true,"href":"https:\/\/interamerica.org\/es\/wp-json\/wp\/v2\/comments?post=10905"}],"version-history":[{"count":0,"href":"https:\/\/interamerica.org\/es\/wp-json\/wp\/v2\/posts\/10905\/revisions"}],"wp:attachment":[{"href":"https:\/\/interamerica.org\/es\/wp-json\/wp\/v2\/media?parent=10905"}],"wp:term":[{"taxonomy":"category","embeddable":true,"href":"https:\/\/interamerica.org\/es\/wp-json\/wp\/v2\/categories?post=10905"},{"taxonomy":"post_tag","embeddable":true,"href":"https:\/\/interamerica.org\/es\/wp-json\/wp\/v2\/tags?post=10905"}],"curies":[{"name":"wp","href":"https:\/\/api.w.org\/{rel}","templated":true}]}}