{"id":10907,"date":"2007-03-08T00:00:00","date_gmt":"2007-03-08T04:00:00","guid":{"rendered":"http:\/\/192.81.217.108\/interamerica\/2007\/03\/estados-unidos-conferencia-general-juvenil-inspira-a-jovenes\/"},"modified":"2017-06-02T09:12:09","modified_gmt":"2017-06-02T13:12:09","slug":"estados-unidos-conferencia-general-juvenil-inspira-a-jovenes","status":"publish","type":"post","link":"https:\/\/interamerica.org\/es\/2007\/03\/estados-unidos-conferencia-general-juvenil-inspira-a-jovenes\/","title":{"rendered":"Estados Unidos:  Conferencia General Juvenil Inspira a J\u00f3venes"},"content":{"rendered":"<p>Baltimore, Maryland&#8230;.[Joelle Damsteegt, GYC\/Revista Adventista] <\/p>\n<\/p>\n<p>La Quinta Conferencia Juvenil Anual <em >(GYC por sus siglas en ingl\u00e9s<\/em >) atrajo a miles de j\u00f3venes adventistas a Baltimore, Maryland, del 27-31 de diciembre, 2006.  Atrajo a profesionales j\u00f3venes, estudiantes, l\u00edderes juveniles, capellanes, alumnos de escuela superior\/bachillerato y otros provenientes de todo los Estados Unidos, y muchos otros pa\u00edses.  Se registraron unos 2,600 para la conferencia, y asistieron 4,000 a los eventos de la ma\u00f1ana del s\u00e1bado.    <\/p>\n<p>El tema para este evento de cinco d\u00edas fue, <em >\u201c<strong >De toda palabra\u201d,<\/strong ><\/em ><em > <\/em >basado en San Mateo 4:4, \u201cNo s\u00f3lo de pan vivir\u00e1 el hombre, sino de toda palabra que sale de la boca de Dios\u201d.  Las sesiones plenarias y los seminarios fueron planeados alrededor de este tema.  Los oradores incluidos, el pastor Ted Wilson, vicepresidente de la Asociaci\u00f3n General; David Asscherik, director de <em >ARISE (Lev\u00e1ntate), <\/em >Troy Michigan; Michael Hasel, profesor de religi\u00f3n de la Southern Adventist University (Universidad Adventista del Sur); y C. D. Brooks, orador em\u00e9rito del programa de televisi\u00f3n, <em >Breath of Life (Aliento de Vida)<\/em >.      <\/p>\n<p>\u201c<strong ><em >GYC<\/em ><\/strong > es necesaria para nuestra iglesia en esta \u00e9poca, porque hace recordar a las personas que Dios es real. La Biblia es real. Los mensajes de las profec\u00edas son verdaderos.  Necesitamos movernos y actuar para compartir el amor de Dios con el mundo\u201d, dijo Kari Lund, una maestra de sexto grado de la Escuela Elemental Adventista del 7mo D\u00eda de Village, Berrien Springs, Michigan.    <\/p>\n<p>Samuel Leonor, capell\u00e1n de La Sierra University (Universidad La Sierra), dijo, \u201c<strong ><em >GYC<\/em ><\/strong > est\u00e1 ofreciendo a nuestra juventud doctrinas claras y una interpretaci\u00f3n clara de las Escrituras, para que ellos sean inspirados a terminar la obra\u201d !   <\/p>\n<p>El s\u00e1bado en la tarde, los asistentes a la <strong ><em >GYC<\/em ><\/strong > participaron en visitaci\u00f3n de-puerta-a-puerta en Baltimore.  Tocaron en 8,950 puertas, oraron con 894 personas, distribuyeron 7,538 tarjetas de estudios b\u00edblicos y registraron m\u00e1s de 719 personas para recibir estudios b\u00edblicos.  Los estudios b\u00edblicos ser\u00e1n seguidos por una serie de conferencias evangelistas patrocinada por <strong ><em >GYC<\/em ><\/strong > y dirigida por los j\u00f3venes.  <\/p>\n<p>Para m\u00e1s informaci\u00f3n sobre las actividades y programas de  <strong ><em >GYC<\/em ><\/strong > vea,  <a  href=\"http:\/\/www.generalyouthconference.org\/\">www.generalyouthconference.org<\/a >     <\/p><\/p>\n","protected":false},"excerpt":{"rendered":"<p>La Quinta Conferncia General Juvenil Anual (GYC por sus siglas en ingl\u00e9s) atrajo miles de j\u00f3venes adventistas a Baltimore, Maryland, del 27-31 de diciembre, 2006.<\/p>\n","protected":false},"author":1,"featured_media":0,"comment_status":"closed","ping_status":"closed","sticky":false,"template":"","format":"standard","meta":{"_acf_changed":false,"footnotes":""},"categories":[8],"tags":[],"class_list":["post-10907","post","type-post","status-publish","format-standard","hentry","category-archivo"],"acf":[],"yoast_head":"<!-- This site is optimized with the Yoast SEO plugin v27.3 - https:\/\/yoast.com\/product\/yoast-seo-wordpress\/ -->\n<title>Estados Unidos: Conferencia General Juvenil Inspira a J\u00f3venes - Iglesia Adventista del S\u00e9ptimo D\u00eda - Divisi\u00f3n Interamericana<\/title>\n<meta name=\"robots\" content=\"index, follow, max-snippet:-1, max-image-preview:large, max-video-preview:-1\" \/>\n<link rel=\"canonical\" href=\"https:\/\/interamerica.org\/es\/2007\/03\/estados-unidos-conferencia-general-juvenil-inspira-a-jovenes\/\" \/>\n<meta property=\"og:locale\" content=\"es_ES\" \/>\n<meta property=\"og:type\" content=\"article\" \/>\n<meta property=\"og:title\" content=\"Estados Unidos: Conferencia General Juvenil Inspira a J\u00f3venes - Iglesia Adventista del S\u00e9ptimo D\u00eda - Divisi\u00f3n Interamericana\" \/>\n<meta property=\"og:description\" content=\"La Quinta Conferncia General Juvenil Anual (GYC por sus siglas en ingl\u00e9s) atrajo miles de j\u00f3venes adventistas a Baltimore, Maryland, del 27-31 de diciembre, 2006.\" \/>\n<meta property=\"og:url\" content=\"https:\/\/interamerica.org\/es\/2007\/03\/estados-unidos-conferencia-general-juvenil-inspira-a-jovenes\/\" \/>\n<meta property=\"og:site_name\" content=\"Iglesia Adventista del S\u00e9ptimo D\u00eda - Divisi\u00f3n Interamericana\" \/>\n<meta property=\"article:published_time\" content=\"2007-03-08T04:00:00+00:00\" \/>\n<meta property=\"article:modified_time\" content=\"2017-06-02T13:12:09+00:00\" \/>\n<meta name=\"author\" content=\"Lorenzo Verduzco\" \/>\n<meta name=\"twitter:card\" content=\"summary_large_image\" \/>\n<meta name=\"twitter:label1\" content=\"Escrito por\" \/>\n\t<meta name=\"twitter:data1\" content=\"Lorenzo Verduzco\" \/>\n\t<meta name=\"twitter:label2\" content=\"Tiempo de lectura\" \/>\n\t<meta name=\"twitter:data2\" content=\"2 minutos\" \/>\n<script type=\"application\/ld+json\" class=\"yoast-schema-graph\">{\"@context\":\"https:\\\/\\\/schema.org\",\"@graph\":[{\"@type\":\"Article\",\"@id\":\"https:\\\/\\\/interamerica.org\\\/es\\\/2007\\\/03\\\/estados-unidos-conferencia-general-juvenil-inspira-a-jovenes\\\/#article\",\"isPartOf\":{\"@id\":\"https:\\\/\\\/interamerica.org\\\/es\\\/2007\\\/03\\\/estados-unidos-conferencia-general-juvenil-inspira-a-jovenes\\\/\"},\"author\":{\"name\":\"Lorenzo Verduzco\",\"@id\":\"https:\\\/\\\/interamerica.org\\\/es\\\/#\\\/schema\\\/person\\\/68ede8bdc292885bb76c1e3810e73c39\"},\"headline\":\"Estados Unidos: Conferencia General Juvenil Inspira a J\u00f3venes\",\"datePublished\":\"2007-03-08T04:00:00+00:00\",\"dateModified\":\"2017-06-02T13:12:09+00:00\",\"mainEntityOfPage\":{\"@id\":\"https:\\\/\\\/interamerica.org\\\/es\\\/2007\\\/03\\\/estados-unidos-conferencia-general-juvenil-inspira-a-jovenes\\\/\"},\"wordCount\":373,\"articleSection\":[\"Archivo\"],\"inLanguage\":\"es\"},{\"@type\":\"WebPage\",\"@id\":\"https:\\\/\\\/interamerica.org\\\/es\\\/2007\\\/03\\\/estados-unidos-conferencia-general-juvenil-inspira-a-jovenes\\\/\",\"url\":\"https:\\\/\\\/interamerica.org\\\/es\\\/2007\\\/03\\\/estados-unidos-conferencia-general-juvenil-inspira-a-jovenes\\\/\",\"name\":\"Estados Unidos: Conferencia General Juvenil Inspira a J\u00f3venes - Iglesia Adventista del S\u00e9ptimo D\u00eda - Divisi\u00f3n Interamericana\",\"isPartOf\":{\"@id\":\"https:\\\/\\\/interamerica.org\\\/es\\\/#website\"},\"datePublished\":\"2007-03-08T04:00:00+00:00\",\"dateModified\":\"2017-06-02T13:12:09+00:00\",\"author\":{\"@id\":\"https:\\\/\\\/interamerica.org\\\/es\\\/#\\\/schema\\\/person\\\/68ede8bdc292885bb76c1e3810e73c39\"},\"breadcrumb\":{\"@id\":\"https:\\\/\\\/interamerica.org\\\/es\\\/2007\\\/03\\\/estados-unidos-conferencia-general-juvenil-inspira-a-jovenes\\\/#breadcrumb\"},\"inLanguage\":\"es\",\"potentialAction\":[{\"@type\":\"ReadAction\",\"target\":[\"https:\\\/\\\/interamerica.org\\\/es\\\/2007\\\/03\\\/estados-unidos-conferencia-general-juvenil-inspira-a-jovenes\\\/\"]}]},{\"@type\":\"BreadcrumbList\",\"@id\":\"https:\\\/\\\/interamerica.org\\\/es\\\/2007\\\/03\\\/estados-unidos-conferencia-general-juvenil-inspira-a-jovenes\\\/#breadcrumb\",\"itemListElement\":[{\"@type\":\"ListItem\",\"position\":1,\"name\":\"Home\",\"item\":\"https:\\\/\\\/interamerica.org\\\/es\\\/\"},{\"@type\":\"ListItem\",\"position\":2,\"name\":\"Estados Unidos: Conferencia General Juvenil Inspira a J\u00f3venes\"}]},{\"@type\":\"WebSite\",\"@id\":\"https:\\\/\\\/interamerica.org\\\/es\\\/#website\",\"url\":\"https:\\\/\\\/interamerica.org\\\/es\\\/\",\"name\":\"Iglesia Adventista del S\u00e9ptimo D\u00eda - Divisi\u00f3n Interamericana\",\"description\":\"\",\"potentialAction\":[{\"@type\":\"SearchAction\",\"target\":{\"@type\":\"EntryPoint\",\"urlTemplate\":\"https:\\\/\\\/interamerica.org\\\/es\\\/?s={search_term_string}\"},\"query-input\":{\"@type\":\"PropertyValueSpecification\",\"valueRequired\":true,\"valueName\":\"search_term_string\"}}],\"inLanguage\":\"es\"},{\"@type\":\"Person\",\"@id\":\"https:\\\/\\\/interamerica.org\\\/es\\\/#\\\/schema\\\/person\\\/68ede8bdc292885bb76c1e3810e73c39\",\"name\":\"Lorenzo Verduzco\",\"image\":{\"@type\":\"ImageObject\",\"inLanguage\":\"es\",\"@id\":\"https:\\\/\\\/secure.gravatar.com\\\/avatar\\\/fb81a55b6218459490a9c1dc841a34909185b81904c5337b4b27f7a6fd60c49e?s=96&d=mm&r=g\",\"url\":\"https:\\\/\\\/secure.gravatar.com\\\/avatar\\\/fb81a55b6218459490a9c1dc841a34909185b81904c5337b4b27f7a6fd60c49e?s=96&d=mm&r=g\",\"contentUrl\":\"https:\\\/\\\/secure.gravatar.com\\\/avatar\\\/fb81a55b6218459490a9c1dc841a34909185b81904c5337b4b27f7a6fd60c49e?s=96&d=mm&r=g\",\"caption\":\"Lorenzo Verduzco\"}}]}<\/script>\n<!-- \/ Yoast SEO plugin. -->","yoast_head_json":{"title":"Estados Unidos: Conferencia General Juvenil Inspira a J\u00f3venes - Iglesia Adventista del S\u00e9ptimo D\u00eda - Divisi\u00f3n Interamericana","robots":{"index":"index","follow":"follow","max-snippet":"max-snippet:-1","max-image-preview":"max-image-preview:large","max-video-preview":"max-video-preview:-1"},"canonical":"https:\/\/interamerica.org\/es\/2007\/03\/estados-unidos-conferencia-general-juvenil-inspira-a-jovenes\/","og_locale":"es_ES","og_type":"article","og_title":"Estados Unidos: Conferencia General Juvenil Inspira a J\u00f3venes - Iglesia Adventista del S\u00e9ptimo D\u00eda - Divisi\u00f3n Interamericana","og_description":"La Quinta Conferncia General Juvenil Anual (GYC por sus siglas en ingl\u00e9s) atrajo miles de j\u00f3venes adventistas a Baltimore, Maryland, del 27-31 de diciembre, 2006.","og_url":"https:\/\/interamerica.org\/es\/2007\/03\/estados-unidos-conferencia-general-juvenil-inspira-a-jovenes\/","og_site_name":"Iglesia Adventista del S\u00e9ptimo D\u00eda - Divisi\u00f3n Interamericana","article_published_time":"2007-03-08T04:00:00+00:00","article_modified_time":"2017-06-02T13:12:09+00:00","author":"Lorenzo Verduzco","twitter_card":"summary_large_image","twitter_misc":{"Escrito por":"Lorenzo Verduzco","Tiempo de lectura":"2 minutos"},"schema":{"@context":"https:\/\/schema.org","@graph":[{"@type":"Article","@id":"https:\/\/interamerica.org\/es\/2007\/03\/estados-unidos-conferencia-general-juvenil-inspira-a-jovenes\/#article","isPartOf":{"@id":"https:\/\/interamerica.org\/es\/2007\/03\/estados-unidos-conferencia-general-juvenil-inspira-a-jovenes\/"},"author":{"name":"Lorenzo Verduzco","@id":"https:\/\/interamerica.org\/es\/#\/schema\/person\/68ede8bdc292885bb76c1e3810e73c39"},"headline":"Estados Unidos: Conferencia General Juvenil Inspira a J\u00f3venes","datePublished":"2007-03-08T04:00:00+00:00","dateModified":"2017-06-02T13:12:09+00:00","mainEntityOfPage":{"@id":"https:\/\/interamerica.org\/es\/2007\/03\/estados-unidos-conferencia-general-juvenil-inspira-a-jovenes\/"},"wordCount":373,"articleSection":["Archivo"],"inLanguage":"es"},{"@type":"WebPage","@id":"https:\/\/interamerica.org\/es\/2007\/03\/estados-unidos-conferencia-general-juvenil-inspira-a-jovenes\/","url":"https:\/\/interamerica.org\/es\/2007\/03\/estados-unidos-conferencia-general-juvenil-inspira-a-jovenes\/","name":"Estados Unidos: Conferencia General Juvenil Inspira a J\u00f3venes - Iglesia Adventista del S\u00e9ptimo D\u00eda - Divisi\u00f3n Interamericana","isPartOf":{"@id":"https:\/\/interamerica.org\/es\/#website"},"datePublished":"2007-03-08T04:00:00+00:00","dateModified":"2017-06-02T13:12:09+00:00","author":{"@id":"https:\/\/interamerica.org\/es\/#\/schema\/person\/68ede8bdc292885bb76c1e3810e73c39"},"breadcrumb":{"@id":"https:\/\/interamerica.org\/es\/2007\/03\/estados-unidos-conferencia-general-juvenil-inspira-a-jovenes\/#breadcrumb"},"inLanguage":"es","potentialAction":[{"@type":"ReadAction","target":["https:\/\/interamerica.org\/es\/2007\/03\/estados-unidos-conferencia-general-juvenil-inspira-a-jovenes\/"]}]},{"@type":"BreadcrumbList","@id":"https:\/\/interamerica.org\/es\/2007\/03\/estados-unidos-conferencia-general-juvenil-inspira-a-jovenes\/#breadcrumb","itemListElement":[{"@type":"ListItem","position":1,"name":"Home","item":"https:\/\/interamerica.org\/es\/"},{"@type":"ListItem","position":2,"name":"Estados Unidos: Conferencia General Juvenil Inspira a J\u00f3venes"}]},{"@type":"WebSite","@id":"https:\/\/interamerica.org\/es\/#website","url":"https:\/\/interamerica.org\/es\/","name":"Iglesia Adventista del S\u00e9ptimo D\u00eda - Divisi\u00f3n Interamericana","description":"","potentialAction":[{"@type":"SearchAction","target":{"@type":"EntryPoint","urlTemplate":"https:\/\/interamerica.org\/es\/?s={search_term_string}"},"query-input":{"@type":"PropertyValueSpecification","valueRequired":true,"valueName":"search_term_string"}}],"inLanguage":"es"},{"@type":"Person","@id":"https:\/\/interamerica.org\/es\/#\/schema\/person\/68ede8bdc292885bb76c1e3810e73c39","name":"Lorenzo Verduzco","image":{"@type":"ImageObject","inLanguage":"es","@id":"https:\/\/secure.gravatar.com\/avatar\/fb81a55b6218459490a9c1dc841a34909185b81904c5337b4b27f7a6fd60c49e?s=96&d=mm&r=g","url":"https:\/\/secure.gravatar.com\/avatar\/fb81a55b6218459490a9c1dc841a34909185b81904c5337b4b27f7a6fd60c49e?s=96&d=mm&r=g","contentUrl":"https:\/\/secure.gravatar.com\/avatar\/fb81a55b6218459490a9c1dc841a34909185b81904c5337b4b27f7a6fd60c49e?s=96&d=mm&r=g","caption":"Lorenzo Verduzco"}}]}},"_links":{"self":[{"href":"https:\/\/interamerica.org\/es\/wp-json\/wp\/v2\/posts\/10907","targetHints":{"allow":["GET"]}}],"collection":[{"href":"https:\/\/interamerica.org\/es\/wp-json\/wp\/v2\/posts"}],"about":[{"href":"https:\/\/interamerica.org\/es\/wp-json\/wp\/v2\/types\/post"}],"author":[{"embeddable":true,"href":"https:\/\/interamerica.org\/es\/wp-json\/wp\/v2\/users\/1"}],"replies":[{"embeddable":true,"href":"https:\/\/interamerica.org\/es\/wp-json\/wp\/v2\/comments?post=10907"}],"version-history":[{"count":0,"href":"https:\/\/interamerica.org\/es\/wp-json\/wp\/v2\/posts\/10907\/revisions"}],"wp:attachment":[{"href":"https:\/\/interamerica.org\/es\/wp-json\/wp\/v2\/media?parent=10907"}],"wp:term":[{"taxonomy":"category","embeddable":true,"href":"https:\/\/interamerica.org\/es\/wp-json\/wp\/v2\/categories?post=10907"},{"taxonomy":"post_tag","embeddable":true,"href":"https:\/\/interamerica.org\/es\/wp-json\/wp\/v2\/tags?post=10907"}],"curies":[{"name":"wp","href":"https:\/\/api.w.org\/{rel}","templated":true}]}}