{"id":10911,"date":"2007-03-13T00:00:00","date_gmt":"2007-03-13T04:00:00","guid":{"rendered":"http:\/\/192.81.217.108\/interamerica\/2007\/03\/estados-unidos-miles-de-jovenes-reclaman-el-poder-de-la-oracion\/"},"modified":"2017-06-02T09:12:07","modified_gmt":"2017-06-02T13:12:07","slug":"estados-unidos-miles-de-jovenes-reclaman-el-poder-de-la-oracion","status":"publish","type":"post","link":"https:\/\/interamerica.org\/es\/2007\/03\/estados-unidos-miles-de-jovenes-reclaman-el-poder-de-la-oracion\/","title":{"rendered":"Estados Unidos:  Miles de J\u00f3venes Reclaman el Poder de la Oraci\u00f3n"},"content":{"rendered":"<p><em >13 de marzo, 2007 <\/em >Dallas, Texas, Estados Unidos&#8230; [Kristina Pascua\/JCI\/ANN] <\/p>\n<p>\u00abSi usted es una buena persona, debe salir al frente por su pr\u00f3jimo.  Es de eso de lo que trata un car\u00e1cter semejante al de Cristo, ayudarnos unos a otros\u00bb, dijo Joseph Adante de la Iglesia Filipina en Alberta, Chanada. <\/p>\n<p>Adante fue uno de los miles de j\u00f3venes adventistas del 7mo. d\u00eda que se congregaron en el Centro de Convenciones de Dallas, Texas, del 28 de febrero al 3 de marzo, 2007, para aprender a c\u00f3mo orar y servir a sus comunidades.  Adolescentes y j\u00f3venes vinieron de toda la naci\u00f3n y 42 pa\u00edses para <em ><strong >Just to Claim It [<\/strong >justo para reclamarlo] -JCI por sus siglas en ingl\u00e9s &#8212;<\/em >la primera Conferencia Mundial de Oraci\u00f3n Juvenil.<\/p>\n<p>Los delegados aprovecharon los m\u00e1s de 225 talleres que inclu\u00edan ministerios desde el uso de marionetas y payasos hasta el desarrollo de ministerios juveniles, asuntos familiares y relaciones.  Muchos de los j\u00f3venes pasaron la ma\u00f1ana en capacitaci\u00f3n pr\u00e1ctica y talleres de preparaci\u00f3n. <\/p>\n<p>En las tardes, los delegados deb\u00edan poner su \u201cfe en acci\u00f3n\u201d.  \u201cUn grupo aprendi\u00f3 m\u00e1s acerca de los \u201cdesamparados\u201d en las comunidades, a menudo descuidados y poco apreciados; los desamparados necesitan que nuestras iglesias participen, dijo el l\u00edder de la sesi\u00f3n, pastor Darriel Hoy, del programa adventista de servicios a la comunidad de Baltimore. <\/p>\n<p>Antes que los delegados se dirigieran al sitio de refugio, prepararon bolsas del cuidado personal para los residentes que consist\u00edan primordialmente de productos de higiene como jab\u00f3n, cepillo de dientes, pasta dental, toallitas para la cara, etc.  En la tarde, los delegados tuvieron la oportunidad de visitar el refugio para los desamparados en el centro de Dallas, \u00abThe <em >Union Gospel Mission\u00bb.<\/em > All\u00e1 ofrec\u00edan su tiempo como voluntarios despejando el espacio tan necesitado, lo cual permiti\u00f3 al centro servir mejor a la comunidad. <\/p>\n<p>Hay un verdadero entusiasmo en hacer la obra de Dios ayudando a la comunidad\u201d, se\u00f1al\u00f3 Daniel Stoppelmoor, de la iglesia <em >Tampa First<\/em > en Florida.<\/p>\n<p>Durante el programa de la ma\u00f1ana del s\u00e1bado, los directores juveniles de todas partes del mundo, fueron reconocidos al la iglesia adventista del 7mo d\u00eda celebrar 100 a\u00f1os de Ministerio Juvenil. <\/p>\n<p>\u201cAl celebrar los 100 a\u00f1os, hemos visto c\u00f3mo el Se\u00f1or ha dirigido en este departamento, preparando j\u00f3venes a conocer a Jesucristo, vigoriz\u00e1ndolos, form\u00e1ndolos como disc\u00edpulos, para que lleguen a ser cristianos s\u00f3lidos y dando oportunidades para que participen en la misi\u00f3n de la iglesia\u201d, dijo Barbara Muganda, directora de Ministerio Juvenil para la iglesia adventista del 7mo. D\u00eda. <\/p>\n<p>Varios j\u00f3venes testificaron c\u00f3mo Dios ha influido en sus vidas y les ha usado para llevar a otros en la comunidad a Jesucristo.<\/p>\n<p>\u201cJCI no termina aqu\u00ed\u201d, dijo James Black, director de Ministerios Juveniles para la iglesia adventista en Norte Am\u00e9rica.  \u201cEsto es s\u00f3lo el comienzo de lo que va a suceder en su ciudad, escuela y hogar\u201d.<\/p>\n<p>&#8211; <em >Melody Argueta, George Johnson Jr., Roxie Graham-Marski, Patricia Humphrey, y Diane Thurber contribuyeron para este informe.<\/em > <\/p>\n<p><strong >Derechos reservados (R) 2007 por Red de Noticias Adventista (A<\/strong > <\/p>\n","protected":false},"excerpt":{"rendered":"<p>\u00abSi usted es una buena persona, debe salir al frente por su pr\u00f3jimo. De esto trata el car\u00e1cter semejente al de Cristo, ayudarnos unos a otros\u00bb, dijo Joseph Adante de la Iglesia Filipina en Alberta, C\u00e1nada.<\/p>\n","protected":false},"author":1,"featured_media":0,"comment_status":"closed","ping_status":"closed","sticky":false,"template":"","format":"standard","meta":{"_acf_changed":false,"footnotes":""},"categories":[8],"tags":[],"class_list":["post-10911","post","type-post","status-publish","format-standard","hentry","category-archivo"],"acf":[],"yoast_head":"<!-- This site is optimized with the Yoast SEO plugin v27.3 - https:\/\/yoast.com\/product\/yoast-seo-wordpress\/ -->\n<title>Estados Unidos: Miles de J\u00f3venes Reclaman el Poder de la Oraci\u00f3n - Iglesia Adventista del S\u00e9ptimo D\u00eda - Divisi\u00f3n Interamericana<\/title>\n<meta name=\"robots\" content=\"index, follow, max-snippet:-1, max-image-preview:large, max-video-preview:-1\" \/>\n<link rel=\"canonical\" href=\"https:\/\/interamerica.org\/es\/2007\/03\/estados-unidos-miles-de-jovenes-reclaman-el-poder-de-la-oracion\/\" \/>\n<meta property=\"og:locale\" content=\"es_ES\" \/>\n<meta property=\"og:type\" content=\"article\" \/>\n<meta property=\"og:title\" content=\"Estados Unidos: Miles de J\u00f3venes Reclaman el Poder de la Oraci\u00f3n - Iglesia Adventista del S\u00e9ptimo D\u00eda - Divisi\u00f3n Interamericana\" \/>\n<meta property=\"og:description\" content=\"&quot;Si usted es una buena persona, debe salir al frente por su pr\u00f3jimo. De esto trata el car\u00e1cter semejente al de Cristo, ayudarnos unos a otros&quot;, dijo Joseph Adante de la Iglesia Filipina en Alberta, C\u00e1nada.\" \/>\n<meta property=\"og:url\" content=\"https:\/\/interamerica.org\/es\/2007\/03\/estados-unidos-miles-de-jovenes-reclaman-el-poder-de-la-oracion\/\" \/>\n<meta property=\"og:site_name\" content=\"Iglesia Adventista del S\u00e9ptimo D\u00eda - Divisi\u00f3n Interamericana\" \/>\n<meta property=\"article:published_time\" content=\"2007-03-13T04:00:00+00:00\" \/>\n<meta property=\"article:modified_time\" content=\"2017-06-02T13:12:07+00:00\" \/>\n<meta name=\"author\" content=\"Lorenzo Verduzco\" \/>\n<meta name=\"twitter:card\" content=\"summary_large_image\" \/>\n<meta name=\"twitter:label1\" content=\"Escrito por\" \/>\n\t<meta name=\"twitter:data1\" content=\"Lorenzo Verduzco\" \/>\n\t<meta name=\"twitter:label2\" content=\"Tiempo de lectura\" \/>\n\t<meta name=\"twitter:data2\" content=\"3 minutos\" \/>\n<script type=\"application\/ld+json\" class=\"yoast-schema-graph\">{\"@context\":\"https:\\\/\\\/schema.org\",\"@graph\":[{\"@type\":\"Article\",\"@id\":\"https:\\\/\\\/interamerica.org\\\/es\\\/2007\\\/03\\\/estados-unidos-miles-de-jovenes-reclaman-el-poder-de-la-oracion\\\/#article\",\"isPartOf\":{\"@id\":\"https:\\\/\\\/interamerica.org\\\/es\\\/2007\\\/03\\\/estados-unidos-miles-de-jovenes-reclaman-el-poder-de-la-oracion\\\/\"},\"author\":{\"name\":\"Lorenzo Verduzco\",\"@id\":\"https:\\\/\\\/interamerica.org\\\/es\\\/#\\\/schema\\\/person\\\/68ede8bdc292885bb76c1e3810e73c39\"},\"headline\":\"Estados Unidos: Miles de J\u00f3venes Reclaman el Poder de la Oraci\u00f3n\",\"datePublished\":\"2007-03-13T04:00:00+00:00\",\"dateModified\":\"2017-06-02T13:12:07+00:00\",\"mainEntityOfPage\":{\"@id\":\"https:\\\/\\\/interamerica.org\\\/es\\\/2007\\\/03\\\/estados-unidos-miles-de-jovenes-reclaman-el-poder-de-la-oracion\\\/\"},\"wordCount\":549,\"articleSection\":[\"Archivo\"],\"inLanguage\":\"es\"},{\"@type\":\"WebPage\",\"@id\":\"https:\\\/\\\/interamerica.org\\\/es\\\/2007\\\/03\\\/estados-unidos-miles-de-jovenes-reclaman-el-poder-de-la-oracion\\\/\",\"url\":\"https:\\\/\\\/interamerica.org\\\/es\\\/2007\\\/03\\\/estados-unidos-miles-de-jovenes-reclaman-el-poder-de-la-oracion\\\/\",\"name\":\"Estados Unidos: Miles de J\u00f3venes Reclaman el Poder de la Oraci\u00f3n - Iglesia Adventista del S\u00e9ptimo D\u00eda - Divisi\u00f3n Interamericana\",\"isPartOf\":{\"@id\":\"https:\\\/\\\/interamerica.org\\\/es\\\/#website\"},\"datePublished\":\"2007-03-13T04:00:00+00:00\",\"dateModified\":\"2017-06-02T13:12:07+00:00\",\"author\":{\"@id\":\"https:\\\/\\\/interamerica.org\\\/es\\\/#\\\/schema\\\/person\\\/68ede8bdc292885bb76c1e3810e73c39\"},\"breadcrumb\":{\"@id\":\"https:\\\/\\\/interamerica.org\\\/es\\\/2007\\\/03\\\/estados-unidos-miles-de-jovenes-reclaman-el-poder-de-la-oracion\\\/#breadcrumb\"},\"inLanguage\":\"es\",\"potentialAction\":[{\"@type\":\"ReadAction\",\"target\":[\"https:\\\/\\\/interamerica.org\\\/es\\\/2007\\\/03\\\/estados-unidos-miles-de-jovenes-reclaman-el-poder-de-la-oracion\\\/\"]}]},{\"@type\":\"BreadcrumbList\",\"@id\":\"https:\\\/\\\/interamerica.org\\\/es\\\/2007\\\/03\\\/estados-unidos-miles-de-jovenes-reclaman-el-poder-de-la-oracion\\\/#breadcrumb\",\"itemListElement\":[{\"@type\":\"ListItem\",\"position\":1,\"name\":\"Home\",\"item\":\"https:\\\/\\\/interamerica.org\\\/es\\\/\"},{\"@type\":\"ListItem\",\"position\":2,\"name\":\"Estados Unidos: Miles de J\u00f3venes Reclaman el Poder de la Oraci\u00f3n\"}]},{\"@type\":\"WebSite\",\"@id\":\"https:\\\/\\\/interamerica.org\\\/es\\\/#website\",\"url\":\"https:\\\/\\\/interamerica.org\\\/es\\\/\",\"name\":\"Iglesia Adventista del S\u00e9ptimo D\u00eda - Divisi\u00f3n Interamericana\",\"description\":\"\",\"potentialAction\":[{\"@type\":\"SearchAction\",\"target\":{\"@type\":\"EntryPoint\",\"urlTemplate\":\"https:\\\/\\\/interamerica.org\\\/es\\\/?s={search_term_string}\"},\"query-input\":{\"@type\":\"PropertyValueSpecification\",\"valueRequired\":true,\"valueName\":\"search_term_string\"}}],\"inLanguage\":\"es\"},{\"@type\":\"Person\",\"@id\":\"https:\\\/\\\/interamerica.org\\\/es\\\/#\\\/schema\\\/person\\\/68ede8bdc292885bb76c1e3810e73c39\",\"name\":\"Lorenzo Verduzco\",\"image\":{\"@type\":\"ImageObject\",\"inLanguage\":\"es\",\"@id\":\"https:\\\/\\\/secure.gravatar.com\\\/avatar\\\/fb81a55b6218459490a9c1dc841a34909185b81904c5337b4b27f7a6fd60c49e?s=96&d=mm&r=g\",\"url\":\"https:\\\/\\\/secure.gravatar.com\\\/avatar\\\/fb81a55b6218459490a9c1dc841a34909185b81904c5337b4b27f7a6fd60c49e?s=96&d=mm&r=g\",\"contentUrl\":\"https:\\\/\\\/secure.gravatar.com\\\/avatar\\\/fb81a55b6218459490a9c1dc841a34909185b81904c5337b4b27f7a6fd60c49e?s=96&d=mm&r=g\",\"caption\":\"Lorenzo Verduzco\"}}]}<\/script>\n<!-- \/ Yoast SEO plugin. -->","yoast_head_json":{"title":"Estados Unidos: Miles de J\u00f3venes Reclaman el Poder de la Oraci\u00f3n - Iglesia Adventista del S\u00e9ptimo D\u00eda - Divisi\u00f3n Interamericana","robots":{"index":"index","follow":"follow","max-snippet":"max-snippet:-1","max-image-preview":"max-image-preview:large","max-video-preview":"max-video-preview:-1"},"canonical":"https:\/\/interamerica.org\/es\/2007\/03\/estados-unidos-miles-de-jovenes-reclaman-el-poder-de-la-oracion\/","og_locale":"es_ES","og_type":"article","og_title":"Estados Unidos: Miles de J\u00f3venes Reclaman el Poder de la Oraci\u00f3n - Iglesia Adventista del S\u00e9ptimo D\u00eda - Divisi\u00f3n Interamericana","og_description":"\"Si usted es una buena persona, debe salir al frente por su pr\u00f3jimo. De esto trata el car\u00e1cter semejente al de Cristo, ayudarnos unos a otros\", dijo Joseph Adante de la Iglesia Filipina en Alberta, C\u00e1nada.","og_url":"https:\/\/interamerica.org\/es\/2007\/03\/estados-unidos-miles-de-jovenes-reclaman-el-poder-de-la-oracion\/","og_site_name":"Iglesia Adventista del S\u00e9ptimo D\u00eda - Divisi\u00f3n Interamericana","article_published_time":"2007-03-13T04:00:00+00:00","article_modified_time":"2017-06-02T13:12:07+00:00","author":"Lorenzo Verduzco","twitter_card":"summary_large_image","twitter_misc":{"Escrito por":"Lorenzo Verduzco","Tiempo de lectura":"3 minutos"},"schema":{"@context":"https:\/\/schema.org","@graph":[{"@type":"Article","@id":"https:\/\/interamerica.org\/es\/2007\/03\/estados-unidos-miles-de-jovenes-reclaman-el-poder-de-la-oracion\/#article","isPartOf":{"@id":"https:\/\/interamerica.org\/es\/2007\/03\/estados-unidos-miles-de-jovenes-reclaman-el-poder-de-la-oracion\/"},"author":{"name":"Lorenzo Verduzco","@id":"https:\/\/interamerica.org\/es\/#\/schema\/person\/68ede8bdc292885bb76c1e3810e73c39"},"headline":"Estados Unidos: Miles de J\u00f3venes Reclaman el Poder de la Oraci\u00f3n","datePublished":"2007-03-13T04:00:00+00:00","dateModified":"2017-06-02T13:12:07+00:00","mainEntityOfPage":{"@id":"https:\/\/interamerica.org\/es\/2007\/03\/estados-unidos-miles-de-jovenes-reclaman-el-poder-de-la-oracion\/"},"wordCount":549,"articleSection":["Archivo"],"inLanguage":"es"},{"@type":"WebPage","@id":"https:\/\/interamerica.org\/es\/2007\/03\/estados-unidos-miles-de-jovenes-reclaman-el-poder-de-la-oracion\/","url":"https:\/\/interamerica.org\/es\/2007\/03\/estados-unidos-miles-de-jovenes-reclaman-el-poder-de-la-oracion\/","name":"Estados Unidos: Miles de J\u00f3venes Reclaman el Poder de la Oraci\u00f3n - Iglesia Adventista del S\u00e9ptimo D\u00eda - Divisi\u00f3n Interamericana","isPartOf":{"@id":"https:\/\/interamerica.org\/es\/#website"},"datePublished":"2007-03-13T04:00:00+00:00","dateModified":"2017-06-02T13:12:07+00:00","author":{"@id":"https:\/\/interamerica.org\/es\/#\/schema\/person\/68ede8bdc292885bb76c1e3810e73c39"},"breadcrumb":{"@id":"https:\/\/interamerica.org\/es\/2007\/03\/estados-unidos-miles-de-jovenes-reclaman-el-poder-de-la-oracion\/#breadcrumb"},"inLanguage":"es","potentialAction":[{"@type":"ReadAction","target":["https:\/\/interamerica.org\/es\/2007\/03\/estados-unidos-miles-de-jovenes-reclaman-el-poder-de-la-oracion\/"]}]},{"@type":"BreadcrumbList","@id":"https:\/\/interamerica.org\/es\/2007\/03\/estados-unidos-miles-de-jovenes-reclaman-el-poder-de-la-oracion\/#breadcrumb","itemListElement":[{"@type":"ListItem","position":1,"name":"Home","item":"https:\/\/interamerica.org\/es\/"},{"@type":"ListItem","position":2,"name":"Estados Unidos: Miles de J\u00f3venes Reclaman el Poder de la Oraci\u00f3n"}]},{"@type":"WebSite","@id":"https:\/\/interamerica.org\/es\/#website","url":"https:\/\/interamerica.org\/es\/","name":"Iglesia Adventista del S\u00e9ptimo D\u00eda - Divisi\u00f3n Interamericana","description":"","potentialAction":[{"@type":"SearchAction","target":{"@type":"EntryPoint","urlTemplate":"https:\/\/interamerica.org\/es\/?s={search_term_string}"},"query-input":{"@type":"PropertyValueSpecification","valueRequired":true,"valueName":"search_term_string"}}],"inLanguage":"es"},{"@type":"Person","@id":"https:\/\/interamerica.org\/es\/#\/schema\/person\/68ede8bdc292885bb76c1e3810e73c39","name":"Lorenzo Verduzco","image":{"@type":"ImageObject","inLanguage":"es","@id":"https:\/\/secure.gravatar.com\/avatar\/fb81a55b6218459490a9c1dc841a34909185b81904c5337b4b27f7a6fd60c49e?s=96&d=mm&r=g","url":"https:\/\/secure.gravatar.com\/avatar\/fb81a55b6218459490a9c1dc841a34909185b81904c5337b4b27f7a6fd60c49e?s=96&d=mm&r=g","contentUrl":"https:\/\/secure.gravatar.com\/avatar\/fb81a55b6218459490a9c1dc841a34909185b81904c5337b4b27f7a6fd60c49e?s=96&d=mm&r=g","caption":"Lorenzo Verduzco"}}]}},"_links":{"self":[{"href":"https:\/\/interamerica.org\/es\/wp-json\/wp\/v2\/posts\/10911","targetHints":{"allow":["GET"]}}],"collection":[{"href":"https:\/\/interamerica.org\/es\/wp-json\/wp\/v2\/posts"}],"about":[{"href":"https:\/\/interamerica.org\/es\/wp-json\/wp\/v2\/types\/post"}],"author":[{"embeddable":true,"href":"https:\/\/interamerica.org\/es\/wp-json\/wp\/v2\/users\/1"}],"replies":[{"embeddable":true,"href":"https:\/\/interamerica.org\/es\/wp-json\/wp\/v2\/comments?post=10911"}],"version-history":[{"count":0,"href":"https:\/\/interamerica.org\/es\/wp-json\/wp\/v2\/posts\/10911\/revisions"}],"wp:attachment":[{"href":"https:\/\/interamerica.org\/es\/wp-json\/wp\/v2\/media?parent=10911"}],"wp:term":[{"taxonomy":"category","embeddable":true,"href":"https:\/\/interamerica.org\/es\/wp-json\/wp\/v2\/categories?post=10911"},{"taxonomy":"post_tag","embeddable":true,"href":"https:\/\/interamerica.org\/es\/wp-json\/wp\/v2\/tags?post=10911"}],"curies":[{"name":"wp","href":"https:\/\/api.w.org\/{rel}","templated":true}]}}