{"id":10912,"date":"2007-03-14T00:00:00","date_gmt":"2007-03-14T04:00:00","guid":{"rendered":"http:\/\/192.81.217.108\/interamerica\/2007\/03\/interamerica-bautismos-masivos-de-basto-territorio-en-vivo-por-satelite\/"},"modified":"2017-06-02T09:12:05","modified_gmt":"2017-06-02T13:12:05","slug":"interamerica-bautismos-masivos-de-basto-territorio-en-vivo-por-satelite","status":"publish","type":"post","link":"https:\/\/interamerica.org\/es\/2007\/03\/interamerica-bautismos-masivos-de-basto-territorio-en-vivo-por-satelite\/","title":{"rendered":"Interam\u00e9rica:  Bautismos Masivos de Basto Territorio en Vivo por Sat\u00e9lite"},"content":{"rendered":"<p>Miami, Florida &#8230;[Libna Stevens\/DIA] <\/p>\n<p>Durante los \u00faltimos meses, la Iglesia Adventista del 7mo. D\u00eda, a lo largo y ancho de Interam\u00e9rica, se ha embarcado en esfuerzo evangel\u00edstico agresivo para llegar a la marca de 3 millones de miembros.  Es un jal\u00f3n que tiene a los dirigentes y miembros de la iglesia trabajando hacia ese blanco.  Esfuerzos conjuntos han llevado a un pr\u00f3ximo evento satelital especial que presentar\u00e1 bautismos masivos en vivo a trav\u00e9s de las 15 regiones de Interam\u00e9rica el 24 de marzo desde la Rep\u00fablica Dominicana. <\/p>\n<p>La transmisi\u00f3n satelital en vivo denominada, <strong  ><em  >\u00abPentecost\u00e9s y M\u00e1s\u00bb,<\/em  ><\/strong  > ser\u00e1 difundida desde Santo Domingo, Rep\u00fablica Dominicana a trav\u00e9s de <strong  >Esperanza TV, Nuevo Tiempo, 3ABN, 3ABN Latino y Red Advenir, empezando a las 10:00 a.m.<\/strong  > (Tiempo Est\u00e1ndar del Este &#8211; Tiempo de Miami). <\/p>\n<p>El director asociado de la Asociaci\u00f3n Ministerial para la iglesia en la DIA, pastor Balvin Braham, dice que el tema, \u00ab<strong  ><em  >Pentecost\u00e9s y M\u00e1s<\/em  ><\/strong  >\u00bb fue seleccionado como \u00abmotivaci\u00f3n para las actividades evangel\u00edsticas del primer trimestre en el territorio interamericano. Ello fue con la intenci\u00f3n de involucrar a todo miembro, toda iglesia, cada pastor, todas las asociaciones y misiones, todas las uniones y a todo oficial y dirigente departamental en la oficina de la DIA para lograr la categor\u00eda tetramillonaria en feligres\u00eda de la Divisi\u00f3n. <\/p>\n<p>El tema, \u00ab<em  >Pentecost\u00e9s\u00bb,<\/em  > fue sacado del Pentecost\u00e9s b\u00edblico registrado en Hechos de los Ap\u00f3stoles, cap\u00edtulo 2, cuando 3,000 personas fueron bautizadas en un s\u00f3lo lugar, dice el pastor Braham. El lugar exclusivo para ser realizado el bautismo masivo de las 3,000 personas es la Rep\u00fablica Dominicana,  donde a comienzos del 2007, comenzaron intensos esfuerz\u00f3s evangel\u00edsticos. <\/p>\n<p>Se espera que miles m\u00e1s bajen a las aguas del bautismo en todo el territorio, seg\u00fan el pastor Braham. <\/p>\n<p>El evento satelital, con una duraci\u00f3n de tres horas, promete ser el primero en presentar una transmisi\u00f3n en vivo desde cada uni\u00f3n. <\/p>\n<p>Hechos sobresalientes del evento comprenden al pastor Jan Paulsen y el pastor Israel Leito, oradores invitados. Paulsen es el presidente de la iglesia adventista del 7mo d\u00eda a nivel mundial y Leito es el presidente de la iglesia adventista del s\u00e9ptimo d\u00eda a nivel divisional &#8211; Interam\u00e9rica.  En cada territorio regional, tambi\u00e9n, habr\u00e1 presentaciones de m\u00fasica especial. <\/p>\n<p>Los dirigentes de la iglesia est\u00e1n confiados de registrar la marca de los 3 millones ese d\u00eda, dado que a finales de 2006 la feligres\u00eda se sosten\u00edan en m\u00e1s de 2.8 millones de miembros. <\/p>\n<p>\u00abSi se nos escapara ese blanco, se nos asegura que, basados en nuestra tendencia bautismal durante los \u00faltimos a\u00f1os, [3 millones de miembros] ser\u00edan alcanzados dentro de pocos meses\u00bb, dice el pastor Braham. <\/p>\n<p>Para ver el programa <strong  ><em  >Pentecost\u00e9s y M\u00e1s<\/em  ><\/strong  > de Interam\u00e9rica, visite: <\/p>\n<p>The Hope Channel y Esperanza TV <a   href=\"http:\/\/www.hopetv.org\/\">www.hopetv.org<\/a  > <\/p>\n<p>3ABN, 3ABN Latino <a   href=\"http:\/\/www.3abn.org\/\">www.3abn.org<\/a  > <\/p>\n<p>Red ADvenir <a   href=\"http:\/\/www.redadvenir.org\/\">www.redadvenir.org<\/a  > <\/p>\n<p><a   href=\"http:\/\/www.advenir.org\/\">http:\/\/www.advenir.org<\/a  > <\/p>\n<p>Nuevo Tiempo <a   href=\"http:\/\/www.nuevotiempo.org\/\">www.nuevotiempo.org<\/a  >  <\/p>\n<\/p>\n<\/p>\n<p>Comuniquese con nosotros durante el evento en vivo de Pentecostes y Mas en Santo Domingo, Republica Dominicana el 24 de marzo a las 10:00 a.m. Envienos un correo a www.pentecost@interamerica.orgPara Ingles, marque:(809)563-8304(809)566-2720Para Frances, marque:(809)566-3214Para Ingles, marque:(809)566-6272(809)565-0096(809)565-0018(809)565-0709(809)563-9553(809)561-9021(809)563-2690<\/p>\n","protected":false},"excerpt":{"rendered":"<p>Durante los \u00faltimos meses, la Iglesia Adventista del 7mo. D\u00eda, a lo largo y ancho de Interam\u00e9rica, se ha embarcado en esfuerzo evangel\u00edstico agresivo para alcanzar la marca de 3 millones de miembros.<\/p>\n","protected":false},"author":1,"featured_media":0,"comment_status":"closed","ping_status":"closed","sticky":false,"template":"","format":"standard","meta":{"_acf_changed":false,"footnotes":""},"categories":[8],"tags":[],"class_list":["post-10912","post","type-post","status-publish","format-standard","hentry","category-archivo"],"acf":[],"yoast_head":"<!-- This site is optimized with the Yoast SEO plugin v27.3 - https:\/\/yoast.com\/product\/yoast-seo-wordpress\/ -->\n<title>Interam\u00e9rica: Bautismos Masivos de Basto Territorio en Vivo por Sat\u00e9lite - Iglesia Adventista del S\u00e9ptimo D\u00eda - Divisi\u00f3n Interamericana<\/title>\n<meta name=\"robots\" content=\"index, follow, max-snippet:-1, max-image-preview:large, max-video-preview:-1\" \/>\n<link rel=\"canonical\" href=\"https:\/\/interamerica.org\/es\/2007\/03\/interamerica-bautismos-masivos-de-basto-territorio-en-vivo-por-satelite\/\" \/>\n<meta property=\"og:locale\" content=\"es_ES\" \/>\n<meta property=\"og:type\" content=\"article\" \/>\n<meta property=\"og:title\" content=\"Interam\u00e9rica: Bautismos Masivos de Basto Territorio en Vivo por Sat\u00e9lite - Iglesia Adventista del S\u00e9ptimo D\u00eda - Divisi\u00f3n Interamericana\" \/>\n<meta property=\"og:description\" content=\"Durante los \u00faltimos meses, la Iglesia Adventista del 7mo. D\u00eda, a lo largo y ancho de Interam\u00e9rica, se ha embarcado en esfuerzo evangel\u00edstico agresivo para alcanzar la marca de 3 millones de miembros.\" \/>\n<meta property=\"og:url\" content=\"https:\/\/interamerica.org\/es\/2007\/03\/interamerica-bautismos-masivos-de-basto-territorio-en-vivo-por-satelite\/\" \/>\n<meta property=\"og:site_name\" content=\"Iglesia Adventista del S\u00e9ptimo D\u00eda - Divisi\u00f3n Interamericana\" \/>\n<meta property=\"article:published_time\" content=\"2007-03-14T04:00:00+00:00\" \/>\n<meta property=\"article:modified_time\" content=\"2017-06-02T13:12:05+00:00\" \/>\n<meta name=\"author\" content=\"Lorenzo Verduzco\" \/>\n<meta name=\"twitter:card\" content=\"summary_large_image\" \/>\n<meta name=\"twitter:label1\" content=\"Escrito por\" \/>\n\t<meta name=\"twitter:data1\" content=\"Lorenzo Verduzco\" \/>\n\t<meta name=\"twitter:label2\" content=\"Tiempo de lectura\" \/>\n\t<meta name=\"twitter:data2\" content=\"3 minutos\" \/>\n<script type=\"application\/ld+json\" class=\"yoast-schema-graph\">{\"@context\":\"https:\\\/\\\/schema.org\",\"@graph\":[{\"@type\":\"Article\",\"@id\":\"https:\\\/\\\/interamerica.org\\\/es\\\/2007\\\/03\\\/interamerica-bautismos-masivos-de-basto-territorio-en-vivo-por-satelite\\\/#article\",\"isPartOf\":{\"@id\":\"https:\\\/\\\/interamerica.org\\\/es\\\/2007\\\/03\\\/interamerica-bautismos-masivos-de-basto-territorio-en-vivo-por-satelite\\\/\"},\"author\":{\"name\":\"Lorenzo Verduzco\",\"@id\":\"https:\\\/\\\/interamerica.org\\\/es\\\/#\\\/schema\\\/person\\\/68ede8bdc292885bb76c1e3810e73c39\"},\"headline\":\"Interam\u00e9rica: Bautismos Masivos de Basto Territorio en Vivo por Sat\u00e9lite\",\"datePublished\":\"2007-03-14T04:00:00+00:00\",\"dateModified\":\"2017-06-02T13:12:05+00:00\",\"mainEntityOfPage\":{\"@id\":\"https:\\\/\\\/interamerica.org\\\/es\\\/2007\\\/03\\\/interamerica-bautismos-masivos-de-basto-territorio-en-vivo-por-satelite\\\/\"},\"wordCount\":576,\"articleSection\":[\"Archivo\"],\"inLanguage\":\"es\"},{\"@type\":\"WebPage\",\"@id\":\"https:\\\/\\\/interamerica.org\\\/es\\\/2007\\\/03\\\/interamerica-bautismos-masivos-de-basto-territorio-en-vivo-por-satelite\\\/\",\"url\":\"https:\\\/\\\/interamerica.org\\\/es\\\/2007\\\/03\\\/interamerica-bautismos-masivos-de-basto-territorio-en-vivo-por-satelite\\\/\",\"name\":\"Interam\u00e9rica: Bautismos Masivos de Basto Territorio en Vivo por Sat\u00e9lite - Iglesia Adventista del S\u00e9ptimo D\u00eda - Divisi\u00f3n Interamericana\",\"isPartOf\":{\"@id\":\"https:\\\/\\\/interamerica.org\\\/es\\\/#website\"},\"datePublished\":\"2007-03-14T04:00:00+00:00\",\"dateModified\":\"2017-06-02T13:12:05+00:00\",\"author\":{\"@id\":\"https:\\\/\\\/interamerica.org\\\/es\\\/#\\\/schema\\\/person\\\/68ede8bdc292885bb76c1e3810e73c39\"},\"breadcrumb\":{\"@id\":\"https:\\\/\\\/interamerica.org\\\/es\\\/2007\\\/03\\\/interamerica-bautismos-masivos-de-basto-territorio-en-vivo-por-satelite\\\/#breadcrumb\"},\"inLanguage\":\"es\",\"potentialAction\":[{\"@type\":\"ReadAction\",\"target\":[\"https:\\\/\\\/interamerica.org\\\/es\\\/2007\\\/03\\\/interamerica-bautismos-masivos-de-basto-territorio-en-vivo-por-satelite\\\/\"]}]},{\"@type\":\"BreadcrumbList\",\"@id\":\"https:\\\/\\\/interamerica.org\\\/es\\\/2007\\\/03\\\/interamerica-bautismos-masivos-de-basto-territorio-en-vivo-por-satelite\\\/#breadcrumb\",\"itemListElement\":[{\"@type\":\"ListItem\",\"position\":1,\"name\":\"Home\",\"item\":\"https:\\\/\\\/interamerica.org\\\/es\\\/\"},{\"@type\":\"ListItem\",\"position\":2,\"name\":\"Interam\u00e9rica: Bautismos Masivos de Basto Territorio en Vivo por Sat\u00e9lite\"}]},{\"@type\":\"WebSite\",\"@id\":\"https:\\\/\\\/interamerica.org\\\/es\\\/#website\",\"url\":\"https:\\\/\\\/interamerica.org\\\/es\\\/\",\"name\":\"Iglesia Adventista del S\u00e9ptimo D\u00eda - Divisi\u00f3n Interamericana\",\"description\":\"\",\"potentialAction\":[{\"@type\":\"SearchAction\",\"target\":{\"@type\":\"EntryPoint\",\"urlTemplate\":\"https:\\\/\\\/interamerica.org\\\/es\\\/?s={search_term_string}\"},\"query-input\":{\"@type\":\"PropertyValueSpecification\",\"valueRequired\":true,\"valueName\":\"search_term_string\"}}],\"inLanguage\":\"es\"},{\"@type\":\"Person\",\"@id\":\"https:\\\/\\\/interamerica.org\\\/es\\\/#\\\/schema\\\/person\\\/68ede8bdc292885bb76c1e3810e73c39\",\"name\":\"Lorenzo Verduzco\",\"image\":{\"@type\":\"ImageObject\",\"inLanguage\":\"es\",\"@id\":\"https:\\\/\\\/secure.gravatar.com\\\/avatar\\\/fb81a55b6218459490a9c1dc841a34909185b81904c5337b4b27f7a6fd60c49e?s=96&d=mm&r=g\",\"url\":\"https:\\\/\\\/secure.gravatar.com\\\/avatar\\\/fb81a55b6218459490a9c1dc841a34909185b81904c5337b4b27f7a6fd60c49e?s=96&d=mm&r=g\",\"contentUrl\":\"https:\\\/\\\/secure.gravatar.com\\\/avatar\\\/fb81a55b6218459490a9c1dc841a34909185b81904c5337b4b27f7a6fd60c49e?s=96&d=mm&r=g\",\"caption\":\"Lorenzo Verduzco\"}}]}<\/script>\n<!-- \/ Yoast SEO plugin. -->","yoast_head_json":{"title":"Interam\u00e9rica: Bautismos Masivos de Basto Territorio en Vivo por Sat\u00e9lite - Iglesia Adventista del S\u00e9ptimo D\u00eda - Divisi\u00f3n Interamericana","robots":{"index":"index","follow":"follow","max-snippet":"max-snippet:-1","max-image-preview":"max-image-preview:large","max-video-preview":"max-video-preview:-1"},"canonical":"https:\/\/interamerica.org\/es\/2007\/03\/interamerica-bautismos-masivos-de-basto-territorio-en-vivo-por-satelite\/","og_locale":"es_ES","og_type":"article","og_title":"Interam\u00e9rica: Bautismos Masivos de Basto Territorio en Vivo por Sat\u00e9lite - Iglesia Adventista del S\u00e9ptimo D\u00eda - Divisi\u00f3n Interamericana","og_description":"Durante los \u00faltimos meses, la Iglesia Adventista del 7mo. D\u00eda, a lo largo y ancho de Interam\u00e9rica, se ha embarcado en esfuerzo evangel\u00edstico agresivo para alcanzar la marca de 3 millones de miembros.","og_url":"https:\/\/interamerica.org\/es\/2007\/03\/interamerica-bautismos-masivos-de-basto-territorio-en-vivo-por-satelite\/","og_site_name":"Iglesia Adventista del S\u00e9ptimo D\u00eda - Divisi\u00f3n Interamericana","article_published_time":"2007-03-14T04:00:00+00:00","article_modified_time":"2017-06-02T13:12:05+00:00","author":"Lorenzo Verduzco","twitter_card":"summary_large_image","twitter_misc":{"Escrito por":"Lorenzo Verduzco","Tiempo de lectura":"3 minutos"},"schema":{"@context":"https:\/\/schema.org","@graph":[{"@type":"Article","@id":"https:\/\/interamerica.org\/es\/2007\/03\/interamerica-bautismos-masivos-de-basto-territorio-en-vivo-por-satelite\/#article","isPartOf":{"@id":"https:\/\/interamerica.org\/es\/2007\/03\/interamerica-bautismos-masivos-de-basto-territorio-en-vivo-por-satelite\/"},"author":{"name":"Lorenzo Verduzco","@id":"https:\/\/interamerica.org\/es\/#\/schema\/person\/68ede8bdc292885bb76c1e3810e73c39"},"headline":"Interam\u00e9rica: Bautismos Masivos de Basto Territorio en Vivo por Sat\u00e9lite","datePublished":"2007-03-14T04:00:00+00:00","dateModified":"2017-06-02T13:12:05+00:00","mainEntityOfPage":{"@id":"https:\/\/interamerica.org\/es\/2007\/03\/interamerica-bautismos-masivos-de-basto-territorio-en-vivo-por-satelite\/"},"wordCount":576,"articleSection":["Archivo"],"inLanguage":"es"},{"@type":"WebPage","@id":"https:\/\/interamerica.org\/es\/2007\/03\/interamerica-bautismos-masivos-de-basto-territorio-en-vivo-por-satelite\/","url":"https:\/\/interamerica.org\/es\/2007\/03\/interamerica-bautismos-masivos-de-basto-territorio-en-vivo-por-satelite\/","name":"Interam\u00e9rica: Bautismos Masivos de Basto Territorio en Vivo por Sat\u00e9lite - Iglesia Adventista del S\u00e9ptimo D\u00eda - Divisi\u00f3n Interamericana","isPartOf":{"@id":"https:\/\/interamerica.org\/es\/#website"},"datePublished":"2007-03-14T04:00:00+00:00","dateModified":"2017-06-02T13:12:05+00:00","author":{"@id":"https:\/\/interamerica.org\/es\/#\/schema\/person\/68ede8bdc292885bb76c1e3810e73c39"},"breadcrumb":{"@id":"https:\/\/interamerica.org\/es\/2007\/03\/interamerica-bautismos-masivos-de-basto-territorio-en-vivo-por-satelite\/#breadcrumb"},"inLanguage":"es","potentialAction":[{"@type":"ReadAction","target":["https:\/\/interamerica.org\/es\/2007\/03\/interamerica-bautismos-masivos-de-basto-territorio-en-vivo-por-satelite\/"]}]},{"@type":"BreadcrumbList","@id":"https:\/\/interamerica.org\/es\/2007\/03\/interamerica-bautismos-masivos-de-basto-territorio-en-vivo-por-satelite\/#breadcrumb","itemListElement":[{"@type":"ListItem","position":1,"name":"Home","item":"https:\/\/interamerica.org\/es\/"},{"@type":"ListItem","position":2,"name":"Interam\u00e9rica: Bautismos Masivos de Basto Territorio en Vivo por Sat\u00e9lite"}]},{"@type":"WebSite","@id":"https:\/\/interamerica.org\/es\/#website","url":"https:\/\/interamerica.org\/es\/","name":"Iglesia Adventista del S\u00e9ptimo D\u00eda - Divisi\u00f3n Interamericana","description":"","potentialAction":[{"@type":"SearchAction","target":{"@type":"EntryPoint","urlTemplate":"https:\/\/interamerica.org\/es\/?s={search_term_string}"},"query-input":{"@type":"PropertyValueSpecification","valueRequired":true,"valueName":"search_term_string"}}],"inLanguage":"es"},{"@type":"Person","@id":"https:\/\/interamerica.org\/es\/#\/schema\/person\/68ede8bdc292885bb76c1e3810e73c39","name":"Lorenzo Verduzco","image":{"@type":"ImageObject","inLanguage":"es","@id":"https:\/\/secure.gravatar.com\/avatar\/fb81a55b6218459490a9c1dc841a34909185b81904c5337b4b27f7a6fd60c49e?s=96&d=mm&r=g","url":"https:\/\/secure.gravatar.com\/avatar\/fb81a55b6218459490a9c1dc841a34909185b81904c5337b4b27f7a6fd60c49e?s=96&d=mm&r=g","contentUrl":"https:\/\/secure.gravatar.com\/avatar\/fb81a55b6218459490a9c1dc841a34909185b81904c5337b4b27f7a6fd60c49e?s=96&d=mm&r=g","caption":"Lorenzo Verduzco"}}]}},"_links":{"self":[{"href":"https:\/\/interamerica.org\/es\/wp-json\/wp\/v2\/posts\/10912","targetHints":{"allow":["GET"]}}],"collection":[{"href":"https:\/\/interamerica.org\/es\/wp-json\/wp\/v2\/posts"}],"about":[{"href":"https:\/\/interamerica.org\/es\/wp-json\/wp\/v2\/types\/post"}],"author":[{"embeddable":true,"href":"https:\/\/interamerica.org\/es\/wp-json\/wp\/v2\/users\/1"}],"replies":[{"embeddable":true,"href":"https:\/\/interamerica.org\/es\/wp-json\/wp\/v2\/comments?post=10912"}],"version-history":[{"count":0,"href":"https:\/\/interamerica.org\/es\/wp-json\/wp\/v2\/posts\/10912\/revisions"}],"wp:attachment":[{"href":"https:\/\/interamerica.org\/es\/wp-json\/wp\/v2\/media?parent=10912"}],"wp:term":[{"taxonomy":"category","embeddable":true,"href":"https:\/\/interamerica.org\/es\/wp-json\/wp\/v2\/categories?post=10912"},{"taxonomy":"post_tag","embeddable":true,"href":"https:\/\/interamerica.org\/es\/wp-json\/wp\/v2\/tags?post=10912"}],"curies":[{"name":"wp","href":"https:\/\/api.w.org\/{rel}","templated":true}]}}