{"id":10913,"date":"2007-03-22T00:00:00","date_gmt":"2007-03-22T04:00:00","guid":{"rendered":"http:\/\/192.81.217.108\/interamerica\/2007\/03\/visitenos-durante-la-transmision-satelital-en-vivo-pentecostes-y-mas\/"},"modified":"2017-06-02T09:12:04","modified_gmt":"2017-06-02T13:12:04","slug":"visitenos-durante-la-transmision-satelital-en-vivo-pentecostes-y-mas","status":"publish","type":"post","link":"https:\/\/interamerica.org\/es\/2007\/03\/visitenos-durante-la-transmision-satelital-en-vivo-pentecostes-y-mas\/","title":{"rendered":"Vis\u00edtenos durante la transmisi\u00f3n satelital en Vivo, Pentecost\u00e9s y M\u00e1s"},"content":{"rendered":"<p>Con\u00e9ctese con nosotros durante el evento <strong ><em >Pentecost\u00e9s y M\u00e1s<\/em ><\/strong > en vivo desde Santo Domingo, Rep\u00fablica Dominicana, el s\u00e1bado 24 de marzo, a las 10:00 a.m. <\/p>\n<p>Env\u00edenos su correo electr\u00f3nico a <a  href=\"http:\/\/www.pentecost@interamerica.org\/\">www.pentecost@interamerica.org<\/a > <\/p>\n<p><strong >Para ingl\u00e9s marque<\/strong > <\/p>\n<p>(809)563-8304 <\/p>\n<p>(809) 566-2720 <\/p>\n<p><strong >Para franc\u00e9s marque<\/strong > <\/p>\n<p>(809)566-3214 <\/p>\n<p><strong >Para espa\u00f1ol marque<\/strong > <\/p>\n<p>809)566-6272 <\/p>\n<p>(809)565-0096 <\/p>\n<p>(809)565-0018 <\/p>\n<p>(809)565-0709 <\/p>\n<p>(809)563-9553 <\/p>\n<p>(809)561-9021 <\/p>\n<p>(809)563-2690 <br  \/><\/p><\/p>\n","protected":false},"excerpt":{"rendered":"<p>Con\u00e9ctese con nosotros&#8230;<\/p>\n","protected":false},"author":1,"featured_media":0,"comment_status":"closed","ping_status":"closed","sticky":false,"template":"","format":"standard","meta":{"_acf_changed":false,"footnotes":""},"categories":[8],"tags":[],"class_list":["post-10913","post","type-post","status-publish","format-standard","hentry","category-archivo"],"acf":[],"yoast_head":"<!-- This site is optimized with the Yoast SEO plugin v27.3 - https:\/\/yoast.com\/product\/yoast-seo-wordpress\/ -->\n<title>Vis\u00edtenos durante la transmisi\u00f3n satelital en Vivo, Pentecost\u00e9s y M\u00e1s - Iglesia Adventista del S\u00e9ptimo D\u00eda - Divisi\u00f3n Interamericana<\/title>\n<meta name=\"robots\" content=\"index, follow, max-snippet:-1, max-image-preview:large, max-video-preview:-1\" \/>\n<link rel=\"canonical\" href=\"https:\/\/interamerica.org\/es\/2007\/03\/visitenos-durante-la-transmision-satelital-en-vivo-pentecostes-y-mas\/\" \/>\n<meta property=\"og:locale\" content=\"es_ES\" \/>\n<meta property=\"og:type\" content=\"article\" \/>\n<meta property=\"og:title\" content=\"Vis\u00edtenos durante la transmisi\u00f3n satelital en Vivo, Pentecost\u00e9s y M\u00e1s - Iglesia Adventista del S\u00e9ptimo D\u00eda - Divisi\u00f3n Interamericana\" \/>\n<meta property=\"og:description\" content=\"Con\u00e9ctese con nosotros...\" \/>\n<meta property=\"og:url\" content=\"https:\/\/interamerica.org\/es\/2007\/03\/visitenos-durante-la-transmision-satelital-en-vivo-pentecostes-y-mas\/\" \/>\n<meta property=\"og:site_name\" content=\"Iglesia Adventista del S\u00e9ptimo D\u00eda - Divisi\u00f3n Interamericana\" \/>\n<meta property=\"article:published_time\" content=\"2007-03-22T04:00:00+00:00\" \/>\n<meta property=\"article:modified_time\" content=\"2017-06-02T13:12:04+00:00\" \/>\n<meta name=\"author\" content=\"Lorenzo Verduzco\" \/>\n<meta name=\"twitter:card\" content=\"summary_large_image\" \/>\n<meta name=\"twitter:label1\" content=\"Escrito por\" \/>\n\t<meta name=\"twitter:data1\" content=\"Lorenzo Verduzco\" \/>\n<script type=\"application\/ld+json\" class=\"yoast-schema-graph\">{\"@context\":\"https:\\\/\\\/schema.org\",\"@graph\":[{\"@type\":\"Article\",\"@id\":\"https:\\\/\\\/interamerica.org\\\/es\\\/2007\\\/03\\\/visitenos-durante-la-transmision-satelital-en-vivo-pentecostes-y-mas\\\/#article\",\"isPartOf\":{\"@id\":\"https:\\\/\\\/interamerica.org\\\/es\\\/2007\\\/03\\\/visitenos-durante-la-transmision-satelital-en-vivo-pentecostes-y-mas\\\/\"},\"author\":{\"name\":\"Lorenzo Verduzco\",\"@id\":\"https:\\\/\\\/interamerica.org\\\/es\\\/#\\\/schema\\\/person\\\/68ede8bdc292885bb76c1e3810e73c39\"},\"headline\":\"Vis\u00edtenos durante la transmisi\u00f3n satelital en Vivo, Pentecost\u00e9s y M\u00e1s\",\"datePublished\":\"2007-03-22T04:00:00+00:00\",\"dateModified\":\"2017-06-02T13:12:04+00:00\",\"mainEntityOfPage\":{\"@id\":\"https:\\\/\\\/interamerica.org\\\/es\\\/2007\\\/03\\\/visitenos-durante-la-transmision-satelital-en-vivo-pentecostes-y-mas\\\/\"},\"wordCount\":76,\"articleSection\":[\"Archivo\"],\"inLanguage\":\"es\"},{\"@type\":\"WebPage\",\"@id\":\"https:\\\/\\\/interamerica.org\\\/es\\\/2007\\\/03\\\/visitenos-durante-la-transmision-satelital-en-vivo-pentecostes-y-mas\\\/\",\"url\":\"https:\\\/\\\/interamerica.org\\\/es\\\/2007\\\/03\\\/visitenos-durante-la-transmision-satelital-en-vivo-pentecostes-y-mas\\\/\",\"name\":\"Vis\u00edtenos durante la transmisi\u00f3n satelital en Vivo, Pentecost\u00e9s y M\u00e1s - Iglesia Adventista del S\u00e9ptimo D\u00eda - Divisi\u00f3n Interamericana\",\"isPartOf\":{\"@id\":\"https:\\\/\\\/interamerica.org\\\/es\\\/#website\"},\"datePublished\":\"2007-03-22T04:00:00+00:00\",\"dateModified\":\"2017-06-02T13:12:04+00:00\",\"author\":{\"@id\":\"https:\\\/\\\/interamerica.org\\\/es\\\/#\\\/schema\\\/person\\\/68ede8bdc292885bb76c1e3810e73c39\"},\"breadcrumb\":{\"@id\":\"https:\\\/\\\/interamerica.org\\\/es\\\/2007\\\/03\\\/visitenos-durante-la-transmision-satelital-en-vivo-pentecostes-y-mas\\\/#breadcrumb\"},\"inLanguage\":\"es\",\"potentialAction\":[{\"@type\":\"ReadAction\",\"target\":[\"https:\\\/\\\/interamerica.org\\\/es\\\/2007\\\/03\\\/visitenos-durante-la-transmision-satelital-en-vivo-pentecostes-y-mas\\\/\"]}]},{\"@type\":\"BreadcrumbList\",\"@id\":\"https:\\\/\\\/interamerica.org\\\/es\\\/2007\\\/03\\\/visitenos-durante-la-transmision-satelital-en-vivo-pentecostes-y-mas\\\/#breadcrumb\",\"itemListElement\":[{\"@type\":\"ListItem\",\"position\":1,\"name\":\"Home\",\"item\":\"https:\\\/\\\/interamerica.org\\\/es\\\/\"},{\"@type\":\"ListItem\",\"position\":2,\"name\":\"Vis\u00edtenos durante la transmisi\u00f3n satelital en Vivo, Pentecost\u00e9s y M\u00e1s\"}]},{\"@type\":\"WebSite\",\"@id\":\"https:\\\/\\\/interamerica.org\\\/es\\\/#website\",\"url\":\"https:\\\/\\\/interamerica.org\\\/es\\\/\",\"name\":\"Iglesia Adventista del S\u00e9ptimo D\u00eda - Divisi\u00f3n Interamericana\",\"description\":\"\",\"potentialAction\":[{\"@type\":\"SearchAction\",\"target\":{\"@type\":\"EntryPoint\",\"urlTemplate\":\"https:\\\/\\\/interamerica.org\\\/es\\\/?s={search_term_string}\"},\"query-input\":{\"@type\":\"PropertyValueSpecification\",\"valueRequired\":true,\"valueName\":\"search_term_string\"}}],\"inLanguage\":\"es\"},{\"@type\":\"Person\",\"@id\":\"https:\\\/\\\/interamerica.org\\\/es\\\/#\\\/schema\\\/person\\\/68ede8bdc292885bb76c1e3810e73c39\",\"name\":\"Lorenzo Verduzco\",\"image\":{\"@type\":\"ImageObject\",\"inLanguage\":\"es\",\"@id\":\"https:\\\/\\\/secure.gravatar.com\\\/avatar\\\/fb81a55b6218459490a9c1dc841a34909185b81904c5337b4b27f7a6fd60c49e?s=96&d=mm&r=g\",\"url\":\"https:\\\/\\\/secure.gravatar.com\\\/avatar\\\/fb81a55b6218459490a9c1dc841a34909185b81904c5337b4b27f7a6fd60c49e?s=96&d=mm&r=g\",\"contentUrl\":\"https:\\\/\\\/secure.gravatar.com\\\/avatar\\\/fb81a55b6218459490a9c1dc841a34909185b81904c5337b4b27f7a6fd60c49e?s=96&d=mm&r=g\",\"caption\":\"Lorenzo Verduzco\"}}]}<\/script>\n<!-- \/ Yoast SEO plugin. -->","yoast_head_json":{"title":"Vis\u00edtenos durante la transmisi\u00f3n satelital en Vivo, Pentecost\u00e9s y M\u00e1s - Iglesia Adventista del S\u00e9ptimo D\u00eda - Divisi\u00f3n Interamericana","robots":{"index":"index","follow":"follow","max-snippet":"max-snippet:-1","max-image-preview":"max-image-preview:large","max-video-preview":"max-video-preview:-1"},"canonical":"https:\/\/interamerica.org\/es\/2007\/03\/visitenos-durante-la-transmision-satelital-en-vivo-pentecostes-y-mas\/","og_locale":"es_ES","og_type":"article","og_title":"Vis\u00edtenos durante la transmisi\u00f3n satelital en Vivo, Pentecost\u00e9s y M\u00e1s - Iglesia Adventista del S\u00e9ptimo D\u00eda - Divisi\u00f3n Interamericana","og_description":"Con\u00e9ctese con nosotros...","og_url":"https:\/\/interamerica.org\/es\/2007\/03\/visitenos-durante-la-transmision-satelital-en-vivo-pentecostes-y-mas\/","og_site_name":"Iglesia Adventista del S\u00e9ptimo D\u00eda - Divisi\u00f3n Interamericana","article_published_time":"2007-03-22T04:00:00+00:00","article_modified_time":"2017-06-02T13:12:04+00:00","author":"Lorenzo Verduzco","twitter_card":"summary_large_image","twitter_misc":{"Escrito por":"Lorenzo Verduzco"},"schema":{"@context":"https:\/\/schema.org","@graph":[{"@type":"Article","@id":"https:\/\/interamerica.org\/es\/2007\/03\/visitenos-durante-la-transmision-satelital-en-vivo-pentecostes-y-mas\/#article","isPartOf":{"@id":"https:\/\/interamerica.org\/es\/2007\/03\/visitenos-durante-la-transmision-satelital-en-vivo-pentecostes-y-mas\/"},"author":{"name":"Lorenzo Verduzco","@id":"https:\/\/interamerica.org\/es\/#\/schema\/person\/68ede8bdc292885bb76c1e3810e73c39"},"headline":"Vis\u00edtenos durante la transmisi\u00f3n satelital en Vivo, Pentecost\u00e9s y M\u00e1s","datePublished":"2007-03-22T04:00:00+00:00","dateModified":"2017-06-02T13:12:04+00:00","mainEntityOfPage":{"@id":"https:\/\/interamerica.org\/es\/2007\/03\/visitenos-durante-la-transmision-satelital-en-vivo-pentecostes-y-mas\/"},"wordCount":76,"articleSection":["Archivo"],"inLanguage":"es"},{"@type":"WebPage","@id":"https:\/\/interamerica.org\/es\/2007\/03\/visitenos-durante-la-transmision-satelital-en-vivo-pentecostes-y-mas\/","url":"https:\/\/interamerica.org\/es\/2007\/03\/visitenos-durante-la-transmision-satelital-en-vivo-pentecostes-y-mas\/","name":"Vis\u00edtenos durante la transmisi\u00f3n satelital en Vivo, Pentecost\u00e9s y M\u00e1s - Iglesia Adventista del S\u00e9ptimo D\u00eda - Divisi\u00f3n Interamericana","isPartOf":{"@id":"https:\/\/interamerica.org\/es\/#website"},"datePublished":"2007-03-22T04:00:00+00:00","dateModified":"2017-06-02T13:12:04+00:00","author":{"@id":"https:\/\/interamerica.org\/es\/#\/schema\/person\/68ede8bdc292885bb76c1e3810e73c39"},"breadcrumb":{"@id":"https:\/\/interamerica.org\/es\/2007\/03\/visitenos-durante-la-transmision-satelital-en-vivo-pentecostes-y-mas\/#breadcrumb"},"inLanguage":"es","potentialAction":[{"@type":"ReadAction","target":["https:\/\/interamerica.org\/es\/2007\/03\/visitenos-durante-la-transmision-satelital-en-vivo-pentecostes-y-mas\/"]}]},{"@type":"BreadcrumbList","@id":"https:\/\/interamerica.org\/es\/2007\/03\/visitenos-durante-la-transmision-satelital-en-vivo-pentecostes-y-mas\/#breadcrumb","itemListElement":[{"@type":"ListItem","position":1,"name":"Home","item":"https:\/\/interamerica.org\/es\/"},{"@type":"ListItem","position":2,"name":"Vis\u00edtenos durante la transmisi\u00f3n satelital en Vivo, Pentecost\u00e9s y M\u00e1s"}]},{"@type":"WebSite","@id":"https:\/\/interamerica.org\/es\/#website","url":"https:\/\/interamerica.org\/es\/","name":"Iglesia Adventista del S\u00e9ptimo D\u00eda - Divisi\u00f3n Interamericana","description":"","potentialAction":[{"@type":"SearchAction","target":{"@type":"EntryPoint","urlTemplate":"https:\/\/interamerica.org\/es\/?s={search_term_string}"},"query-input":{"@type":"PropertyValueSpecification","valueRequired":true,"valueName":"search_term_string"}}],"inLanguage":"es"},{"@type":"Person","@id":"https:\/\/interamerica.org\/es\/#\/schema\/person\/68ede8bdc292885bb76c1e3810e73c39","name":"Lorenzo Verduzco","image":{"@type":"ImageObject","inLanguage":"es","@id":"https:\/\/secure.gravatar.com\/avatar\/fb81a55b6218459490a9c1dc841a34909185b81904c5337b4b27f7a6fd60c49e?s=96&d=mm&r=g","url":"https:\/\/secure.gravatar.com\/avatar\/fb81a55b6218459490a9c1dc841a34909185b81904c5337b4b27f7a6fd60c49e?s=96&d=mm&r=g","contentUrl":"https:\/\/secure.gravatar.com\/avatar\/fb81a55b6218459490a9c1dc841a34909185b81904c5337b4b27f7a6fd60c49e?s=96&d=mm&r=g","caption":"Lorenzo Verduzco"}}]}},"_links":{"self":[{"href":"https:\/\/interamerica.org\/es\/wp-json\/wp\/v2\/posts\/10913","targetHints":{"allow":["GET"]}}],"collection":[{"href":"https:\/\/interamerica.org\/es\/wp-json\/wp\/v2\/posts"}],"about":[{"href":"https:\/\/interamerica.org\/es\/wp-json\/wp\/v2\/types\/post"}],"author":[{"embeddable":true,"href":"https:\/\/interamerica.org\/es\/wp-json\/wp\/v2\/users\/1"}],"replies":[{"embeddable":true,"href":"https:\/\/interamerica.org\/es\/wp-json\/wp\/v2\/comments?post=10913"}],"version-history":[{"count":0,"href":"https:\/\/interamerica.org\/es\/wp-json\/wp\/v2\/posts\/10913\/revisions"}],"wp:attachment":[{"href":"https:\/\/interamerica.org\/es\/wp-json\/wp\/v2\/media?parent=10913"}],"wp:term":[{"taxonomy":"category","embeddable":true,"href":"https:\/\/interamerica.org\/es\/wp-json\/wp\/v2\/categories?post=10913"},{"taxonomy":"post_tag","embeddable":true,"href":"https:\/\/interamerica.org\/es\/wp-json\/wp\/v2\/tags?post=10913"}],"curies":[{"name":"wp","href":"https:\/\/api.w.org\/{rel}","templated":true}]}}