{"id":10914,"date":"2007-03-23T00:00:00","date_gmt":"2007-03-23T04:00:00","guid":{"rendered":"http:\/\/192.81.217.108\/interamerica\/2007\/03\/republica-dominicana-la-iglesia-se-prepara-para-evento-satelital-en-vivo\/"},"modified":"2017-06-02T09:12:03","modified_gmt":"2017-06-02T13:12:03","slug":"republica-dominicana-la-iglesia-se-prepara-para-evento-satelital-en-vivo","status":"publish","type":"post","link":"https:\/\/interamerica.org\/es\/2007\/03\/republica-dominicana-la-iglesia-se-prepara-para-evento-satelital-en-vivo\/","title":{"rendered":"Rep\u00fablica Dominicana:  La iglesia se prepara para Evento Satelital en Vivo"},"content":{"rendered":"<p>Santo Domingo, Rep\u00fablica Dominicana [Libna Stevens\/IAD] <\/p>\n<p>Al concluir los esfuerz\u00f3s evangel\u00edsticos en cientos de iglesias adventistas del s\u00e9ptimo d\u00eda en toda la Rep\u00fablica Dominicana este fin de semana, los organizadores de la iglesia trabajan en los detalles finales de lo que promete ser un evento satelital \u00fanico llamado, <strong ><em >Pentecost\u00e9s y M\u00e1s<\/em ><\/strong >, desde el estadio, <em >Palacio de los Deportes<\/em > de Santo Domingo. <\/p>\n<p>El programa en vivo, listo para empezar a las 10:00 a.m. del s\u00e1bado 24 de mayo, ser\u00e1 una presentaci\u00f3n especial de celebraci\u00f3n de bautismos locales e internacionales de grandes proporciones transmitida en vivo desde cada una de las 15 regiones de Interam\u00e9rica. <strong ><u >El evento completo ser\u00e1 llevado al aire en una transmisi\u00f3n en vivo por Hope TV, Esperanza TV, Nuevo Tiempo, 3ABN, 3ABN Latino y Red A.D.venir. <\/u ><\/strong ><\/p>\n<p>La producci\u00f3n de tres horas de duraci\u00f3n ha requerido la coordinaci\u00f3n de cientos de l\u00edderes de la iglesia, pastores, laicos y grupos de producci\u00f3n de televisi\u00f3n para mostrar los resultdos de los anticipadamente planeados esfuerzos evangel\u00edsticos los cuales empezaron al comienzo de este a\u00f1o por todo el pa\u00eds. <\/p>\n<p>Debido a los anuncios, con regularidad, por radio y televisi\u00f3n en la Rep\u00fablica Dominicana, se espera que miles de personas asistan al evento y otros miles m\u00e1s lo vean por medio de 40 compa\u00f1\u00edas de cable que transmitir\u00e1n el programa en vivo. <\/p>\n<p>\u00abEstamos felices de anunciar que la Iglesia Adventista del S\u00e9ptimo D\u00eda bautizar\u00e1 m\u00e1s de 1,400 personas durante el programa especial que presentar\u00e1 a nuestro presidente de la iglesia adventista mundial\u00bb, dijo el pastor Silvestre Gonz\u00e1lez, secretario ejecutivo y vocero de la iglesia en la Rep\u00fablica Dominicana durante una corta entrevista por Telesistama 11 uno de los programas nacionales de televisi\u00f3n de mayor audiencia llamado Ch\u00e9vere Nights (Noches Ch\u00e9vere). <\/p>\n<p>El pastor Gonz\u00e1lez sigui\u00f3 diciendo que cerca de 5,000 dominicanos han entregado su vida a Cristo Jes\u00fas durante los esfuerzos evangel\u00edsticos de la iglesia. Agreg\u00f3 que miles de j\u00f3venes est\u00e1n planeando desfilar por las principales calles de la ciudad capital, empezando a las 3:00 p.m. el s\u00e1bado 24 de marzo, propagando mensajes de c\u00f3mo vivir saludablemente y ser feliz conociendo a Jes\u00fas. <\/p>\n<p>Tales eventos no solamente han sido planeados en la Rep\u00fablica Dominicana, dice el pastor Balvin Braham, secretario asociado ministerial para la iglesia en Interam\u00e9rica. <\/p>\n<p>\u00abPor todas nuestras uniones y en todas las iglesias, el [s\u00e1bado] por la tarde, se han planeado actividades para dar la bienvenida a los nuevos miembros, para discutir estrategias de evangelismo con l\u00edderes locales de la iglesia y miembros, al mismo tiempo que actividades juveniles\u00bb, agreg\u00f3 el pastor Braham. <\/p>\n<p><strong >Para m\u00e1s informaci\u00f3n <\/strong ><em ><strong >sobre el evento satelital, Pentecost\u00e9s y M\u00e1s, de Interam\u00e9rica visite www.interamerica.org.<\/strong >    <\/em > <\/p>\n","protected":false},"excerpt":{"rendered":"<p>Al concluir los esfuerz\u00f3s evangel\u00edsticos en cientos de iglesias adventistas en toda la Rep\u00fablica Dominicana, los organizadores  trabajan en los detalles finales de lo que promete ser un evento satelital \u00fanico.<\/p>\n","protected":false},"author":1,"featured_media":0,"comment_status":"closed","ping_status":"closed","sticky":false,"template":"","format":"standard","meta":{"_acf_changed":false,"footnotes":""},"categories":[8],"tags":[],"class_list":["post-10914","post","type-post","status-publish","format-standard","hentry","category-archivo"],"acf":[],"yoast_head":"<!-- This site is optimized with the Yoast SEO plugin v27.3 - https:\/\/yoast.com\/product\/yoast-seo-wordpress\/ -->\n<title>Rep\u00fablica Dominicana: La iglesia se prepara para Evento Satelital en Vivo - Iglesia Adventista del S\u00e9ptimo D\u00eda - Divisi\u00f3n Interamericana<\/title>\n<meta name=\"robots\" content=\"index, follow, max-snippet:-1, max-image-preview:large, max-video-preview:-1\" \/>\n<link rel=\"canonical\" href=\"https:\/\/interamerica.org\/es\/2007\/03\/republica-dominicana-la-iglesia-se-prepara-para-evento-satelital-en-vivo\/\" \/>\n<meta property=\"og:locale\" content=\"es_ES\" \/>\n<meta property=\"og:type\" content=\"article\" \/>\n<meta property=\"og:title\" content=\"Rep\u00fablica Dominicana: La iglesia se prepara para Evento Satelital en Vivo - Iglesia Adventista del S\u00e9ptimo D\u00eda - Divisi\u00f3n Interamericana\" \/>\n<meta property=\"og:description\" content=\"Al concluir los esfuerz\u00f3s evangel\u00edsticos en cientos de iglesias adventistas en toda la Rep\u00fablica Dominicana, los organizadores trabajan en los detalles finales de lo que promete ser un evento satelital \u00fanico.\" \/>\n<meta property=\"og:url\" content=\"https:\/\/interamerica.org\/es\/2007\/03\/republica-dominicana-la-iglesia-se-prepara-para-evento-satelital-en-vivo\/\" \/>\n<meta property=\"og:site_name\" content=\"Iglesia Adventista del S\u00e9ptimo D\u00eda - Divisi\u00f3n Interamericana\" \/>\n<meta property=\"article:published_time\" content=\"2007-03-23T04:00:00+00:00\" \/>\n<meta property=\"article:modified_time\" content=\"2017-06-02T13:12:03+00:00\" \/>\n<meta name=\"author\" content=\"Lorenzo Verduzco\" \/>\n<meta name=\"twitter:card\" content=\"summary_large_image\" \/>\n<meta name=\"twitter:label1\" content=\"Escrito por\" \/>\n\t<meta name=\"twitter:data1\" content=\"Lorenzo Verduzco\" \/>\n\t<meta name=\"twitter:label2\" content=\"Tiempo de lectura\" \/>\n\t<meta name=\"twitter:data2\" content=\"2 minutos\" \/>\n<script type=\"application\/ld+json\" class=\"yoast-schema-graph\">{\"@context\":\"https:\\\/\\\/schema.org\",\"@graph\":[{\"@type\":\"Article\",\"@id\":\"https:\\\/\\\/interamerica.org\\\/es\\\/2007\\\/03\\\/republica-dominicana-la-iglesia-se-prepara-para-evento-satelital-en-vivo\\\/#article\",\"isPartOf\":{\"@id\":\"https:\\\/\\\/interamerica.org\\\/es\\\/2007\\\/03\\\/republica-dominicana-la-iglesia-se-prepara-para-evento-satelital-en-vivo\\\/\"},\"author\":{\"name\":\"Lorenzo Verduzco\",\"@id\":\"https:\\\/\\\/interamerica.org\\\/es\\\/#\\\/schema\\\/person\\\/68ede8bdc292885bb76c1e3810e73c39\"},\"headline\":\"Rep\u00fablica Dominicana: La iglesia se prepara para Evento Satelital en Vivo\",\"datePublished\":\"2007-03-23T04:00:00+00:00\",\"dateModified\":\"2017-06-02T13:12:03+00:00\",\"mainEntityOfPage\":{\"@id\":\"https:\\\/\\\/interamerica.org\\\/es\\\/2007\\\/03\\\/republica-dominicana-la-iglesia-se-prepara-para-evento-satelital-en-vivo\\\/\"},\"wordCount\":497,\"articleSection\":[\"Archivo\"],\"inLanguage\":\"es\"},{\"@type\":\"WebPage\",\"@id\":\"https:\\\/\\\/interamerica.org\\\/es\\\/2007\\\/03\\\/republica-dominicana-la-iglesia-se-prepara-para-evento-satelital-en-vivo\\\/\",\"url\":\"https:\\\/\\\/interamerica.org\\\/es\\\/2007\\\/03\\\/republica-dominicana-la-iglesia-se-prepara-para-evento-satelital-en-vivo\\\/\",\"name\":\"Rep\u00fablica Dominicana: La iglesia se prepara para Evento Satelital en Vivo - Iglesia Adventista del S\u00e9ptimo D\u00eda - Divisi\u00f3n Interamericana\",\"isPartOf\":{\"@id\":\"https:\\\/\\\/interamerica.org\\\/es\\\/#website\"},\"datePublished\":\"2007-03-23T04:00:00+00:00\",\"dateModified\":\"2017-06-02T13:12:03+00:00\",\"author\":{\"@id\":\"https:\\\/\\\/interamerica.org\\\/es\\\/#\\\/schema\\\/person\\\/68ede8bdc292885bb76c1e3810e73c39\"},\"breadcrumb\":{\"@id\":\"https:\\\/\\\/interamerica.org\\\/es\\\/2007\\\/03\\\/republica-dominicana-la-iglesia-se-prepara-para-evento-satelital-en-vivo\\\/#breadcrumb\"},\"inLanguage\":\"es\",\"potentialAction\":[{\"@type\":\"ReadAction\",\"target\":[\"https:\\\/\\\/interamerica.org\\\/es\\\/2007\\\/03\\\/republica-dominicana-la-iglesia-se-prepara-para-evento-satelital-en-vivo\\\/\"]}]},{\"@type\":\"BreadcrumbList\",\"@id\":\"https:\\\/\\\/interamerica.org\\\/es\\\/2007\\\/03\\\/republica-dominicana-la-iglesia-se-prepara-para-evento-satelital-en-vivo\\\/#breadcrumb\",\"itemListElement\":[{\"@type\":\"ListItem\",\"position\":1,\"name\":\"Home\",\"item\":\"https:\\\/\\\/interamerica.org\\\/es\\\/\"},{\"@type\":\"ListItem\",\"position\":2,\"name\":\"Rep\u00fablica Dominicana: La iglesia se prepara para Evento Satelital en Vivo\"}]},{\"@type\":\"WebSite\",\"@id\":\"https:\\\/\\\/interamerica.org\\\/es\\\/#website\",\"url\":\"https:\\\/\\\/interamerica.org\\\/es\\\/\",\"name\":\"Iglesia Adventista del S\u00e9ptimo D\u00eda - Divisi\u00f3n Interamericana\",\"description\":\"\",\"potentialAction\":[{\"@type\":\"SearchAction\",\"target\":{\"@type\":\"EntryPoint\",\"urlTemplate\":\"https:\\\/\\\/interamerica.org\\\/es\\\/?s={search_term_string}\"},\"query-input\":{\"@type\":\"PropertyValueSpecification\",\"valueRequired\":true,\"valueName\":\"search_term_string\"}}],\"inLanguage\":\"es\"},{\"@type\":\"Person\",\"@id\":\"https:\\\/\\\/interamerica.org\\\/es\\\/#\\\/schema\\\/person\\\/68ede8bdc292885bb76c1e3810e73c39\",\"name\":\"Lorenzo Verduzco\",\"image\":{\"@type\":\"ImageObject\",\"inLanguage\":\"es\",\"@id\":\"https:\\\/\\\/secure.gravatar.com\\\/avatar\\\/fb81a55b6218459490a9c1dc841a34909185b81904c5337b4b27f7a6fd60c49e?s=96&d=mm&r=g\",\"url\":\"https:\\\/\\\/secure.gravatar.com\\\/avatar\\\/fb81a55b6218459490a9c1dc841a34909185b81904c5337b4b27f7a6fd60c49e?s=96&d=mm&r=g\",\"contentUrl\":\"https:\\\/\\\/secure.gravatar.com\\\/avatar\\\/fb81a55b6218459490a9c1dc841a34909185b81904c5337b4b27f7a6fd60c49e?s=96&d=mm&r=g\",\"caption\":\"Lorenzo Verduzco\"}}]}<\/script>\n<!-- \/ Yoast SEO plugin. -->","yoast_head_json":{"title":"Rep\u00fablica Dominicana: La iglesia se prepara para Evento Satelital en Vivo - Iglesia Adventista del S\u00e9ptimo D\u00eda - Divisi\u00f3n Interamericana","robots":{"index":"index","follow":"follow","max-snippet":"max-snippet:-1","max-image-preview":"max-image-preview:large","max-video-preview":"max-video-preview:-1"},"canonical":"https:\/\/interamerica.org\/es\/2007\/03\/republica-dominicana-la-iglesia-se-prepara-para-evento-satelital-en-vivo\/","og_locale":"es_ES","og_type":"article","og_title":"Rep\u00fablica Dominicana: La iglesia se prepara para Evento Satelital en Vivo - Iglesia Adventista del S\u00e9ptimo D\u00eda - Divisi\u00f3n Interamericana","og_description":"Al concluir los esfuerz\u00f3s evangel\u00edsticos en cientos de iglesias adventistas en toda la Rep\u00fablica Dominicana, los organizadores trabajan en los detalles finales de lo que promete ser un evento satelital \u00fanico.","og_url":"https:\/\/interamerica.org\/es\/2007\/03\/republica-dominicana-la-iglesia-se-prepara-para-evento-satelital-en-vivo\/","og_site_name":"Iglesia Adventista del S\u00e9ptimo D\u00eda - Divisi\u00f3n Interamericana","article_published_time":"2007-03-23T04:00:00+00:00","article_modified_time":"2017-06-02T13:12:03+00:00","author":"Lorenzo Verduzco","twitter_card":"summary_large_image","twitter_misc":{"Escrito por":"Lorenzo Verduzco","Tiempo de lectura":"2 minutos"},"schema":{"@context":"https:\/\/schema.org","@graph":[{"@type":"Article","@id":"https:\/\/interamerica.org\/es\/2007\/03\/republica-dominicana-la-iglesia-se-prepara-para-evento-satelital-en-vivo\/#article","isPartOf":{"@id":"https:\/\/interamerica.org\/es\/2007\/03\/republica-dominicana-la-iglesia-se-prepara-para-evento-satelital-en-vivo\/"},"author":{"name":"Lorenzo Verduzco","@id":"https:\/\/interamerica.org\/es\/#\/schema\/person\/68ede8bdc292885bb76c1e3810e73c39"},"headline":"Rep\u00fablica Dominicana: La iglesia se prepara para Evento Satelital en Vivo","datePublished":"2007-03-23T04:00:00+00:00","dateModified":"2017-06-02T13:12:03+00:00","mainEntityOfPage":{"@id":"https:\/\/interamerica.org\/es\/2007\/03\/republica-dominicana-la-iglesia-se-prepara-para-evento-satelital-en-vivo\/"},"wordCount":497,"articleSection":["Archivo"],"inLanguage":"es"},{"@type":"WebPage","@id":"https:\/\/interamerica.org\/es\/2007\/03\/republica-dominicana-la-iglesia-se-prepara-para-evento-satelital-en-vivo\/","url":"https:\/\/interamerica.org\/es\/2007\/03\/republica-dominicana-la-iglesia-se-prepara-para-evento-satelital-en-vivo\/","name":"Rep\u00fablica Dominicana: La iglesia se prepara para Evento Satelital en Vivo - Iglesia Adventista del S\u00e9ptimo D\u00eda - Divisi\u00f3n Interamericana","isPartOf":{"@id":"https:\/\/interamerica.org\/es\/#website"},"datePublished":"2007-03-23T04:00:00+00:00","dateModified":"2017-06-02T13:12:03+00:00","author":{"@id":"https:\/\/interamerica.org\/es\/#\/schema\/person\/68ede8bdc292885bb76c1e3810e73c39"},"breadcrumb":{"@id":"https:\/\/interamerica.org\/es\/2007\/03\/republica-dominicana-la-iglesia-se-prepara-para-evento-satelital-en-vivo\/#breadcrumb"},"inLanguage":"es","potentialAction":[{"@type":"ReadAction","target":["https:\/\/interamerica.org\/es\/2007\/03\/republica-dominicana-la-iglesia-se-prepara-para-evento-satelital-en-vivo\/"]}]},{"@type":"BreadcrumbList","@id":"https:\/\/interamerica.org\/es\/2007\/03\/republica-dominicana-la-iglesia-se-prepara-para-evento-satelital-en-vivo\/#breadcrumb","itemListElement":[{"@type":"ListItem","position":1,"name":"Home","item":"https:\/\/interamerica.org\/es\/"},{"@type":"ListItem","position":2,"name":"Rep\u00fablica Dominicana: La iglesia se prepara para Evento Satelital en Vivo"}]},{"@type":"WebSite","@id":"https:\/\/interamerica.org\/es\/#website","url":"https:\/\/interamerica.org\/es\/","name":"Iglesia Adventista del S\u00e9ptimo D\u00eda - Divisi\u00f3n Interamericana","description":"","potentialAction":[{"@type":"SearchAction","target":{"@type":"EntryPoint","urlTemplate":"https:\/\/interamerica.org\/es\/?s={search_term_string}"},"query-input":{"@type":"PropertyValueSpecification","valueRequired":true,"valueName":"search_term_string"}}],"inLanguage":"es"},{"@type":"Person","@id":"https:\/\/interamerica.org\/es\/#\/schema\/person\/68ede8bdc292885bb76c1e3810e73c39","name":"Lorenzo Verduzco","image":{"@type":"ImageObject","inLanguage":"es","@id":"https:\/\/secure.gravatar.com\/avatar\/fb81a55b6218459490a9c1dc841a34909185b81904c5337b4b27f7a6fd60c49e?s=96&d=mm&r=g","url":"https:\/\/secure.gravatar.com\/avatar\/fb81a55b6218459490a9c1dc841a34909185b81904c5337b4b27f7a6fd60c49e?s=96&d=mm&r=g","contentUrl":"https:\/\/secure.gravatar.com\/avatar\/fb81a55b6218459490a9c1dc841a34909185b81904c5337b4b27f7a6fd60c49e?s=96&d=mm&r=g","caption":"Lorenzo Verduzco"}}]}},"_links":{"self":[{"href":"https:\/\/interamerica.org\/es\/wp-json\/wp\/v2\/posts\/10914","targetHints":{"allow":["GET"]}}],"collection":[{"href":"https:\/\/interamerica.org\/es\/wp-json\/wp\/v2\/posts"}],"about":[{"href":"https:\/\/interamerica.org\/es\/wp-json\/wp\/v2\/types\/post"}],"author":[{"embeddable":true,"href":"https:\/\/interamerica.org\/es\/wp-json\/wp\/v2\/users\/1"}],"replies":[{"embeddable":true,"href":"https:\/\/interamerica.org\/es\/wp-json\/wp\/v2\/comments?post=10914"}],"version-history":[{"count":0,"href":"https:\/\/interamerica.org\/es\/wp-json\/wp\/v2\/posts\/10914\/revisions"}],"wp:attachment":[{"href":"https:\/\/interamerica.org\/es\/wp-json\/wp\/v2\/media?parent=10914"}],"wp:term":[{"taxonomy":"category","embeddable":true,"href":"https:\/\/interamerica.org\/es\/wp-json\/wp\/v2\/categories?post=10914"},{"taxonomy":"post_tag","embeddable":true,"href":"https:\/\/interamerica.org\/es\/wp-json\/wp\/v2\/tags?post=10914"}],"curies":[{"name":"wp","href":"https:\/\/api.w.org\/{rel}","templated":true}]}}