{"id":10916,"date":"2007-03-20T00:00:00","date_gmt":"2007-03-20T04:00:00","guid":{"rendered":"http:\/\/192.81.217.108\/interamerica\/2007\/03\/iglesia-mundial-el-foro-anual-de-evangelismo-por-internet-se-torna-radical\/"},"modified":"2017-06-02T09:12:05","modified_gmt":"2017-06-02T13:12:05","slug":"iglesia-mundial-el-foro-anual-de-evangelismo-por-internet-se-torna-radical","status":"publish","type":"post","link":"https:\/\/interamerica.org\/es\/2007\/03\/iglesia-mundial-el-foro-anual-de-evangelismo-por-internet-se-torna-radical\/","title":{"rendered":"Iglesia Mundial: El Foro Anual de Evangelismo por Internet se torna radical"},"content":{"rendered":"<p>March 20, 2007 Binfield, Bracknell, Berkshire, Reino Unidos &#8230;. [Elizabeth Lechleitner\/ANN]Durante los \u00faltimos cuatro a\u00f1os, los especialistas adventistas de evangelizaci\u00f3n y de Internet se han reunido en el Foro de la Red Mundial de Evangelismo por Internet (GIEN) para analizar la presencia mundial en l\u00ednea y el nivel de conexi\u00f3n mundial de la Iglesia Adventista, junto con su relevancia en una sociedad cada vez m\u00e1s internacional y manejada por la tecnolog\u00eda. Se espera que al menos 100 personas se re\u00fanan en el Quinto Foro Anual del GIEN en el predio del Newbold College, una instituci\u00f3n adventista de Inglaterra. El encuentro se llevar\u00e1 a cabo del 28 de junio al 1 de julio pr\u00f3ximo bajo el lema: \u00abM\u00e1s all\u00e1 de las fronteras: Un m\u00e9todo radical, un mensaje radical, un Cristo radical\u00bb. Iniciado por el Concilio de Evangelismo y Testificaci\u00f3n de la iglesia, el Foro busca \u00abestimular el pensamiento creativo y las formas imaginativas de comunicar el mensaje de Dios de la verdad eterna de nuevas formas por medio de la Internet\u00bb, dice el Pastor Mark Finley, uno de los vicepresidentes de la iglesia mundial y director de su Centro de Evangelismo Mundial. Planificado para ser llevado a cabo por primera vez en Europa, el Foro internacional de este a\u00f1o se ocupar\u00e1 de temas centrales para el pensamiento moderno, tales como el secularismo, el posmodernismo y la globalizaci\u00f3n. Los asistentes analizar\u00e1n asimismo el concepto de espiritualidad y \u00e9tica en la era de la Internet, espec\u00edficamente para considerar si los valores tradicionales a\u00fan gobiernan las relaciones virtuales. \u00abEl Foro est\u00e1 interesado en explorar nuevos pensamientos y nuevas \u00e1reas de inter\u00e9s para la misi\u00f3n, el mensaje y los recursos de la iglesia que forman parte de los desaf\u00edos de este nuevo y atrapante reino de la civilizaci\u00f3n en l\u00ednea\u00bb, dice Rajmund Dabrowski, director de comunicaciones de la iglesia mundial. Dabrowski cree que Europa brindar\u00e1 el contexto ideal para explorar cu\u00e1les son las mejores maneras de unir la tecnolog\u00eda y la evangelizaci\u00f3n para conectarse con la mente secular y posmoderna. \u00abEsto requerir\u00e1 que demos un paso al frente y hallemos nuevos m\u00e9todos de cautivar a la generaci\u00f3n actual\u00bb. Si desea m\u00e1s informaci\u00f3n, un cronograma de presentaciones, la lista de oradores o si desea inscribirse para este Foro, visite el sitio http:\/\/gien.adventist.org\/forum2007\/index.html.Todos los derechos reservados (c) 2007 Adventist News Network.<\/p>\n","protected":false},"excerpt":{"rendered":"<p>Durante los \u00faltimos cuatro a\u00f1os, los especialistas adventistas de evangelizaci\u00f3n y de Internet se han reunido en el Foro de la Red Mundial de Evangelismo por Internet (GIEN) para analizar la presencia mundial en l\u00ednea y el nivel de conexi\u00f3n mundial de la<\/p>\n","protected":false},"author":1,"featured_media":0,"comment_status":"closed","ping_status":"closed","sticky":false,"template":"","format":"standard","meta":{"_acf_changed":false,"footnotes":""},"categories":[8],"tags":[],"class_list":["post-10916","post","type-post","status-publish","format-standard","hentry","category-archivo"],"acf":[],"yoast_head":"<!-- This site is optimized with the Yoast SEO plugin v27.3 - https:\/\/yoast.com\/product\/yoast-seo-wordpress\/ -->\n<title>Iglesia Mundial: El Foro Anual de Evangelismo por Internet se torna radical - Iglesia Adventista del S\u00e9ptimo D\u00eda - Divisi\u00f3n Interamericana<\/title>\n<meta name=\"robots\" content=\"index, follow, max-snippet:-1, max-image-preview:large, max-video-preview:-1\" \/>\n<link rel=\"canonical\" href=\"https:\/\/interamerica.org\/es\/2007\/03\/iglesia-mundial-el-foro-anual-de-evangelismo-por-internet-se-torna-radical\/\" \/>\n<meta property=\"og:locale\" content=\"es_ES\" \/>\n<meta property=\"og:type\" content=\"article\" \/>\n<meta property=\"og:title\" content=\"Iglesia Mundial: El Foro Anual de Evangelismo por Internet se torna radical - Iglesia Adventista del S\u00e9ptimo D\u00eda - Divisi\u00f3n Interamericana\" \/>\n<meta property=\"og:description\" content=\"Durante los \u00faltimos cuatro a\u00f1os, los especialistas adventistas de evangelizaci\u00f3n y de Internet se han reunido en el Foro de la Red Mundial de Evangelismo por Internet (GIEN) para analizar la presencia mundial en l\u00ednea y el nivel de conexi\u00f3n mundial de la\" \/>\n<meta property=\"og:url\" content=\"https:\/\/interamerica.org\/es\/2007\/03\/iglesia-mundial-el-foro-anual-de-evangelismo-por-internet-se-torna-radical\/\" \/>\n<meta property=\"og:site_name\" content=\"Iglesia Adventista del S\u00e9ptimo D\u00eda - Divisi\u00f3n Interamericana\" \/>\n<meta property=\"article:published_time\" content=\"2007-03-20T04:00:00+00:00\" \/>\n<meta property=\"article:modified_time\" content=\"2017-06-02T13:12:05+00:00\" \/>\n<meta name=\"author\" content=\"Lorenzo Verduzco\" \/>\n<meta name=\"twitter:card\" content=\"summary_large_image\" \/>\n<meta name=\"twitter:label1\" content=\"Escrito por\" \/>\n\t<meta name=\"twitter:data1\" content=\"Lorenzo Verduzco\" \/>\n\t<meta name=\"twitter:label2\" content=\"Tiempo de lectura\" \/>\n\t<meta name=\"twitter:data2\" content=\"2 minutos\" \/>\n<script type=\"application\/ld+json\" class=\"yoast-schema-graph\">{\"@context\":\"https:\\\/\\\/schema.org\",\"@graph\":[{\"@type\":\"Article\",\"@id\":\"https:\\\/\\\/interamerica.org\\\/es\\\/2007\\\/03\\\/iglesia-mundial-el-foro-anual-de-evangelismo-por-internet-se-torna-radical\\\/#article\",\"isPartOf\":{\"@id\":\"https:\\\/\\\/interamerica.org\\\/es\\\/2007\\\/03\\\/iglesia-mundial-el-foro-anual-de-evangelismo-por-internet-se-torna-radical\\\/\"},\"author\":{\"name\":\"Lorenzo Verduzco\",\"@id\":\"https:\\\/\\\/interamerica.org\\\/es\\\/#\\\/schema\\\/person\\\/68ede8bdc292885bb76c1e3810e73c39\"},\"headline\":\"Iglesia Mundial: El Foro Anual de Evangelismo por Internet se torna radical\",\"datePublished\":\"2007-03-20T04:00:00+00:00\",\"dateModified\":\"2017-06-02T13:12:05+00:00\",\"mainEntityOfPage\":{\"@id\":\"https:\\\/\\\/interamerica.org\\\/es\\\/2007\\\/03\\\/iglesia-mundial-el-foro-anual-de-evangelismo-por-internet-se-torna-radical\\\/\"},\"wordCount\":427,\"articleSection\":[\"Archivo\"],\"inLanguage\":\"es\"},{\"@type\":\"WebPage\",\"@id\":\"https:\\\/\\\/interamerica.org\\\/es\\\/2007\\\/03\\\/iglesia-mundial-el-foro-anual-de-evangelismo-por-internet-se-torna-radical\\\/\",\"url\":\"https:\\\/\\\/interamerica.org\\\/es\\\/2007\\\/03\\\/iglesia-mundial-el-foro-anual-de-evangelismo-por-internet-se-torna-radical\\\/\",\"name\":\"Iglesia Mundial: El Foro Anual de Evangelismo por Internet se torna radical - Iglesia Adventista del S\u00e9ptimo D\u00eda - Divisi\u00f3n Interamericana\",\"isPartOf\":{\"@id\":\"https:\\\/\\\/interamerica.org\\\/es\\\/#website\"},\"datePublished\":\"2007-03-20T04:00:00+00:00\",\"dateModified\":\"2017-06-02T13:12:05+00:00\",\"author\":{\"@id\":\"https:\\\/\\\/interamerica.org\\\/es\\\/#\\\/schema\\\/person\\\/68ede8bdc292885bb76c1e3810e73c39\"},\"breadcrumb\":{\"@id\":\"https:\\\/\\\/interamerica.org\\\/es\\\/2007\\\/03\\\/iglesia-mundial-el-foro-anual-de-evangelismo-por-internet-se-torna-radical\\\/#breadcrumb\"},\"inLanguage\":\"es\",\"potentialAction\":[{\"@type\":\"ReadAction\",\"target\":[\"https:\\\/\\\/interamerica.org\\\/es\\\/2007\\\/03\\\/iglesia-mundial-el-foro-anual-de-evangelismo-por-internet-se-torna-radical\\\/\"]}]},{\"@type\":\"BreadcrumbList\",\"@id\":\"https:\\\/\\\/interamerica.org\\\/es\\\/2007\\\/03\\\/iglesia-mundial-el-foro-anual-de-evangelismo-por-internet-se-torna-radical\\\/#breadcrumb\",\"itemListElement\":[{\"@type\":\"ListItem\",\"position\":1,\"name\":\"Home\",\"item\":\"https:\\\/\\\/interamerica.org\\\/es\\\/\"},{\"@type\":\"ListItem\",\"position\":2,\"name\":\"Iglesia Mundial: El Foro Anual de Evangelismo por Internet se torna radical\"}]},{\"@type\":\"WebSite\",\"@id\":\"https:\\\/\\\/interamerica.org\\\/es\\\/#website\",\"url\":\"https:\\\/\\\/interamerica.org\\\/es\\\/\",\"name\":\"Iglesia Adventista del S\u00e9ptimo D\u00eda - Divisi\u00f3n Interamericana\",\"description\":\"\",\"potentialAction\":[{\"@type\":\"SearchAction\",\"target\":{\"@type\":\"EntryPoint\",\"urlTemplate\":\"https:\\\/\\\/interamerica.org\\\/es\\\/?s={search_term_string}\"},\"query-input\":{\"@type\":\"PropertyValueSpecification\",\"valueRequired\":true,\"valueName\":\"search_term_string\"}}],\"inLanguage\":\"es\"},{\"@type\":\"Person\",\"@id\":\"https:\\\/\\\/interamerica.org\\\/es\\\/#\\\/schema\\\/person\\\/68ede8bdc292885bb76c1e3810e73c39\",\"name\":\"Lorenzo Verduzco\",\"image\":{\"@type\":\"ImageObject\",\"inLanguage\":\"es\",\"@id\":\"https:\\\/\\\/secure.gravatar.com\\\/avatar\\\/fb81a55b6218459490a9c1dc841a34909185b81904c5337b4b27f7a6fd60c49e?s=96&d=mm&r=g\",\"url\":\"https:\\\/\\\/secure.gravatar.com\\\/avatar\\\/fb81a55b6218459490a9c1dc841a34909185b81904c5337b4b27f7a6fd60c49e?s=96&d=mm&r=g\",\"contentUrl\":\"https:\\\/\\\/secure.gravatar.com\\\/avatar\\\/fb81a55b6218459490a9c1dc841a34909185b81904c5337b4b27f7a6fd60c49e?s=96&d=mm&r=g\",\"caption\":\"Lorenzo Verduzco\"}}]}<\/script>\n<!-- \/ Yoast SEO plugin. -->","yoast_head_json":{"title":"Iglesia Mundial: El Foro Anual de Evangelismo por Internet se torna radical - Iglesia Adventista del S\u00e9ptimo D\u00eda - Divisi\u00f3n Interamericana","robots":{"index":"index","follow":"follow","max-snippet":"max-snippet:-1","max-image-preview":"max-image-preview:large","max-video-preview":"max-video-preview:-1"},"canonical":"https:\/\/interamerica.org\/es\/2007\/03\/iglesia-mundial-el-foro-anual-de-evangelismo-por-internet-se-torna-radical\/","og_locale":"es_ES","og_type":"article","og_title":"Iglesia Mundial: El Foro Anual de Evangelismo por Internet se torna radical - Iglesia Adventista del S\u00e9ptimo D\u00eda - Divisi\u00f3n Interamericana","og_description":"Durante los \u00faltimos cuatro a\u00f1os, los especialistas adventistas de evangelizaci\u00f3n y de Internet se han reunido en el Foro de la Red Mundial de Evangelismo por Internet (GIEN) para analizar la presencia mundial en l\u00ednea y el nivel de conexi\u00f3n mundial de la","og_url":"https:\/\/interamerica.org\/es\/2007\/03\/iglesia-mundial-el-foro-anual-de-evangelismo-por-internet-se-torna-radical\/","og_site_name":"Iglesia Adventista del S\u00e9ptimo D\u00eda - Divisi\u00f3n Interamericana","article_published_time":"2007-03-20T04:00:00+00:00","article_modified_time":"2017-06-02T13:12:05+00:00","author":"Lorenzo Verduzco","twitter_card":"summary_large_image","twitter_misc":{"Escrito por":"Lorenzo Verduzco","Tiempo de lectura":"2 minutos"},"schema":{"@context":"https:\/\/schema.org","@graph":[{"@type":"Article","@id":"https:\/\/interamerica.org\/es\/2007\/03\/iglesia-mundial-el-foro-anual-de-evangelismo-por-internet-se-torna-radical\/#article","isPartOf":{"@id":"https:\/\/interamerica.org\/es\/2007\/03\/iglesia-mundial-el-foro-anual-de-evangelismo-por-internet-se-torna-radical\/"},"author":{"name":"Lorenzo Verduzco","@id":"https:\/\/interamerica.org\/es\/#\/schema\/person\/68ede8bdc292885bb76c1e3810e73c39"},"headline":"Iglesia Mundial: El Foro Anual de Evangelismo por Internet se torna radical","datePublished":"2007-03-20T04:00:00+00:00","dateModified":"2017-06-02T13:12:05+00:00","mainEntityOfPage":{"@id":"https:\/\/interamerica.org\/es\/2007\/03\/iglesia-mundial-el-foro-anual-de-evangelismo-por-internet-se-torna-radical\/"},"wordCount":427,"articleSection":["Archivo"],"inLanguage":"es"},{"@type":"WebPage","@id":"https:\/\/interamerica.org\/es\/2007\/03\/iglesia-mundial-el-foro-anual-de-evangelismo-por-internet-se-torna-radical\/","url":"https:\/\/interamerica.org\/es\/2007\/03\/iglesia-mundial-el-foro-anual-de-evangelismo-por-internet-se-torna-radical\/","name":"Iglesia Mundial: El Foro Anual de Evangelismo por Internet se torna radical - Iglesia Adventista del S\u00e9ptimo D\u00eda - Divisi\u00f3n Interamericana","isPartOf":{"@id":"https:\/\/interamerica.org\/es\/#website"},"datePublished":"2007-03-20T04:00:00+00:00","dateModified":"2017-06-02T13:12:05+00:00","author":{"@id":"https:\/\/interamerica.org\/es\/#\/schema\/person\/68ede8bdc292885bb76c1e3810e73c39"},"breadcrumb":{"@id":"https:\/\/interamerica.org\/es\/2007\/03\/iglesia-mundial-el-foro-anual-de-evangelismo-por-internet-se-torna-radical\/#breadcrumb"},"inLanguage":"es","potentialAction":[{"@type":"ReadAction","target":["https:\/\/interamerica.org\/es\/2007\/03\/iglesia-mundial-el-foro-anual-de-evangelismo-por-internet-se-torna-radical\/"]}]},{"@type":"BreadcrumbList","@id":"https:\/\/interamerica.org\/es\/2007\/03\/iglesia-mundial-el-foro-anual-de-evangelismo-por-internet-se-torna-radical\/#breadcrumb","itemListElement":[{"@type":"ListItem","position":1,"name":"Home","item":"https:\/\/interamerica.org\/es\/"},{"@type":"ListItem","position":2,"name":"Iglesia Mundial: El Foro Anual de Evangelismo por Internet se torna radical"}]},{"@type":"WebSite","@id":"https:\/\/interamerica.org\/es\/#website","url":"https:\/\/interamerica.org\/es\/","name":"Iglesia Adventista del S\u00e9ptimo D\u00eda - Divisi\u00f3n Interamericana","description":"","potentialAction":[{"@type":"SearchAction","target":{"@type":"EntryPoint","urlTemplate":"https:\/\/interamerica.org\/es\/?s={search_term_string}"},"query-input":{"@type":"PropertyValueSpecification","valueRequired":true,"valueName":"search_term_string"}}],"inLanguage":"es"},{"@type":"Person","@id":"https:\/\/interamerica.org\/es\/#\/schema\/person\/68ede8bdc292885bb76c1e3810e73c39","name":"Lorenzo Verduzco","image":{"@type":"ImageObject","inLanguage":"es","@id":"https:\/\/secure.gravatar.com\/avatar\/fb81a55b6218459490a9c1dc841a34909185b81904c5337b4b27f7a6fd60c49e?s=96&d=mm&r=g","url":"https:\/\/secure.gravatar.com\/avatar\/fb81a55b6218459490a9c1dc841a34909185b81904c5337b4b27f7a6fd60c49e?s=96&d=mm&r=g","contentUrl":"https:\/\/secure.gravatar.com\/avatar\/fb81a55b6218459490a9c1dc841a34909185b81904c5337b4b27f7a6fd60c49e?s=96&d=mm&r=g","caption":"Lorenzo Verduzco"}}]}},"_links":{"self":[{"href":"https:\/\/interamerica.org\/es\/wp-json\/wp\/v2\/posts\/10916","targetHints":{"allow":["GET"]}}],"collection":[{"href":"https:\/\/interamerica.org\/es\/wp-json\/wp\/v2\/posts"}],"about":[{"href":"https:\/\/interamerica.org\/es\/wp-json\/wp\/v2\/types\/post"}],"author":[{"embeddable":true,"href":"https:\/\/interamerica.org\/es\/wp-json\/wp\/v2\/users\/1"}],"replies":[{"embeddable":true,"href":"https:\/\/interamerica.org\/es\/wp-json\/wp\/v2\/comments?post=10916"}],"version-history":[{"count":0,"href":"https:\/\/interamerica.org\/es\/wp-json\/wp\/v2\/posts\/10916\/revisions"}],"wp:attachment":[{"href":"https:\/\/interamerica.org\/es\/wp-json\/wp\/v2\/media?parent=10916"}],"wp:term":[{"taxonomy":"category","embeddable":true,"href":"https:\/\/interamerica.org\/es\/wp-json\/wp\/v2\/categories?post=10916"},{"taxonomy":"post_tag","embeddable":true,"href":"https:\/\/interamerica.org\/es\/wp-json\/wp\/v2\/tags?post=10916"}],"curies":[{"name":"wp","href":"https:\/\/api.w.org\/{rel}","templated":true}]}}