{"id":109160,"date":"2024-01-23T08:25:51","date_gmt":"2024-01-23T13:25:51","guid":{"rendered":"https:\/\/interamerica.org\/?p=109160"},"modified":"2024-01-23T11:43:09","modified_gmt":"2024-01-23T16:43:09","slug":"en-ucrania-una-familia-desplazada-internamente-encuentra-apoyo-para-recomenzar","status":"publish","type":"post","link":"https:\/\/interamerica.org\/es\/2024\/01\/en-ucrania-una-familia-desplazada-internamente-encuentra-apoyo-para-recomenzar\/","title":{"rendered":"En Ucrania, una familia desplazada internamente encuentra apoyo para recomenzar"},"content":{"rendered":"<h4>ADRA est\u00e1 ayudando a que las familias se adapten y progresen despu\u00e9s de que tuvieron que reubicarse debido a la guerra en curso.<\/h4>\n<p>23 de enero de 2024 | Australia | ADRA Australia<\/p>\n<p>Tetiana, su hijo de 10 a\u00f1os Artem,* y la madre ya jubilada de Tetiana se vieron forzadas a reubicarse cuando la guerra llev\u00f3 a su ciudad de Kherson, Ucrania. Poco antes de la guerra, la familia perdi\u00f3 al sost\u00e9n de la familia, por lo que Tetiana ahora ten\u00eda que cargar con la tarea de proveer y cuidar de su familia por s\u00ed sola.<\/p>\n<p>\u201cEl per\u00edodo de adaptaci\u00f3n a la nueva ciudad fue sumamente dif\u00edcil financiera, psicol\u00f3gica y emocionalmente\u201d, dice Tetiana.<\/p>\n<p><div id=\"attachment_109130\" style=\"width: 900px\" class=\"wp-caption aligncenter\"><img fetchpriority=\"high\" decoding=\"async\" aria-describedby=\"caption-attachment-109130\" class=\" wp-image-109128\" src=\"https:\/\/interamerica.org\/wp-content\/uploads\/2024\/01\/ukraine-adra-ausrtralia-1024x587.jpeg\" alt=\"\" width=\"890\" height=\"510\" srcset=\"https:\/\/interamerica.org\/wp-content\/uploads\/2024\/01\/ukraine-adra-ausrtralia-1024x587.jpeg 1024w, https:\/\/interamerica.org\/wp-content\/uploads\/2024\/01\/ukraine-adra-ausrtralia-300x172.jpeg 300w, https:\/\/interamerica.org\/wp-content\/uploads\/2024\/01\/ukraine-adra-ausrtralia-768x440.jpeg 768w, https:\/\/interamerica.org\/wp-content\/uploads\/2024\/01\/ukraine-adra-ausrtralia.jpeg 1080w\" sizes=\"(max-width: 890px) 100vw, 890px\" \/><p id=\"caption-attachment-109130\" class=\"wp-caption-text\">Gracias a ADRA, j\u00f3venes estudiantes desplazados internamente como es el caso de Artem ahora pueden asistir a una escuela adventista. [Fotograf\u00eda: ADRA Australia]<\/p><\/div>En su nueva ciudad de Le\u00f3polis, tuvieron que reconstruir sus vidas desde abajo. Ante tantas otras Personas Internamente Desplazadas (IDP) que llegaron a la ciudad, todo result\u00f3 un desaf\u00edo, en especial encontrar una vivienda, trabajo y una escuela donde estudiar. Cuando reci\u00e9n llegaron a Le\u00f3polis, Artem estaba siguiendo estudios en l\u00ednea con su escuela de Kherson. Pero la explosi\u00f3n provocada por un misil produjo masivos cortes de energ\u00eda durante seis meses, y las clases en l\u00ednea de Artem fueron canceladas. Sin acceso a la educaci\u00f3n, Artem qued\u00f3 a\u00fan m\u00e1s aislado de sus compa\u00f1eros y con riesgo de atrasarse en sus estudios.<\/p>\n<p>\u201cFue dif\u00edcil registrarlo en una escuela de Le\u00f3polis, aun en una escuela p\u00fablica\u201d, dijo Tetiana.<\/p>\n<p>Gracias a Dios, Tetiana recibi\u00f3 apoyo de la Agencia Adventista de Desarrollo y Recursos Asistenciales (ADRA), que los ayud\u00f3 para que Artem pudiera asistir a la escuela adventista local.<\/p>\n<p><div id=\"attachment_109134\" style=\"width: 597px\" class=\"wp-caption aligncenter\"><img decoding=\"async\" aria-describedby=\"caption-attachment-109134\" class=\" wp-image-109132\" src=\"https:\/\/interamerica.org\/wp-content\/uploads\/2024\/01\/artem-tetiana-768x768-1.jpeg\" alt=\"\" width=\"587\" height=\"587\" srcset=\"https:\/\/interamerica.org\/wp-content\/uploads\/2024\/01\/artem-tetiana-768x768-1.jpeg 768w, https:\/\/interamerica.org\/wp-content\/uploads\/2024\/01\/artem-tetiana-768x768-1-300x300.jpeg 300w, https:\/\/interamerica.org\/wp-content\/uploads\/2024\/01\/artem-tetiana-768x768-1-150x150.jpeg 150w\" sizes=\"(max-width: 587px) 100vw, 587px\" \/><p id=\"caption-attachment-109134\" class=\"wp-caption-text\">Tetiana y Artem se vieron forzados a huir de su ciudad de Kherson y ahora viven en Le\u00f3polis. [Fotograf\u00eda: ADRA Australia]<\/p><\/div>\u201cAl ser una mujer desplazada y tener que criar a un ni\u00f1o por mi cuenta, no pod\u00eda costear la educaci\u00f3n de mi hijo en una escuela as\u00ed sin tener un patrocinador\u201d, dice Tetiana. \u201cDe no ser por esta ayuda [de ADRA], Artem no podr\u00eda haber recibido una educaci\u00f3n de alta calidad, y no habr\u00eda conocido nuevos amigos de su edad\u201d.<\/p>\n<p>La escuela de Artem es una mezcla de estudiantes locales y IDP. Ese equilibrio ha ayudado a Artem a adaptarse a la vida en Le\u00f3polis, a la vez que se ve rodeado de compa\u00f1eros que comprenden por lo que ha pasado.<\/p>\n<p>\u201cNo se siente solo en su estado de \u2018ni\u00f1o desplazado\u2019, porque hay suficientes ni\u00f1os en su clase y en toda la escuela que han sobrevivido el terror de la guerra y hallado refugio aqu\u00ed\u201d, explica Tetiana. \u201cPara esos ni\u00f1os, que se vieron forzados a dejar su hogar, escuela, amigos y maestros, es importante estar en una atm\u00f3sfera de apoyo y amistad, que es lo que encontramos aqu\u00ed\u201d.<\/p>\n<p><div id=\"attachment_109137\" style=\"width: 903px\" class=\"wp-caption aligncenter\"><img decoding=\"async\" aria-describedby=\"caption-attachment-109137\" class=\" wp-image-109135\" src=\"https:\/\/interamerica.org\/wp-content\/uploads\/2024\/01\/artem-tetiana-5-768x576-1.jpeg\" alt=\"\" width=\"893\" height=\"670\" srcset=\"https:\/\/interamerica.org\/wp-content\/uploads\/2024\/01\/artem-tetiana-5-768x576-1.jpeg 768w, https:\/\/interamerica.org\/wp-content\/uploads\/2024\/01\/artem-tetiana-5-768x576-1-300x225.jpeg 300w\" sizes=\"(max-width: 893px) 100vw, 893px\" \/><p id=\"caption-attachment-109137\" class=\"wp-caption-text\">Artem (al frente a la derecha) con sus compa\u00f1eros. [Fotograf\u00eda: ADRA Australia]<\/p><\/div>Asistir a la escuela ha ayudado a que Artem se adapte a la vida en Le\u00f3polis.<\/p>\n<p>\u201cToda la escuela es como una gran familia, donde uno conoce a todos y eso lo hace sentir c\u00f3modo y calmo\u201d, dice Artem. \u201cLos maestros son atentos y sol\u00edcitos con los ni\u00f1os\u201d.<\/p>\n<p>Tetiana ha visto el cambio positivo en su hijo desde que comenz\u00f3 a asistir a la escuela, gracias al apoyo del rector, los maestros y el consejero, y del estar rodeado de compa\u00f1eros. \u201cSu estado emocional y psicol\u00f3gico mejoraron significativamente en comparaci\u00f3n con el momento en que comenz\u00f3 a estudiar en la escuela\u201d, expres\u00f3.<\/p>\n<p>\u201cMe gusta educaci\u00f3n f\u00edsica y las clases llamadas \u2018Aprender Juntos\u2019, donde hablamos de las relaciones\u201d, dice Artem. \u201cTambi\u00e9n me gusta cuando vamos de excursi\u00f3n con toda la clase. Hace poco, fuimos al Museo de Ciencias, algo que estuvo muy bueno.<\/p>\n<p><div id=\"attachment_109143\" style=\"width: 921px\" class=\"wp-caption aligncenter\"><img loading=\"lazy\" decoding=\"async\" aria-describedby=\"caption-attachment-109143\" class=\" wp-image-109141\" src=\"https:\/\/interamerica.org\/wp-content\/uploads\/2024\/01\/artem-tetiana-4-768x512-1.jpeg\" alt=\"\" width=\"911\" height=\"607\" srcset=\"https:\/\/interamerica.org\/wp-content\/uploads\/2024\/01\/artem-tetiana-4-768x512-1.jpeg 768w, https:\/\/interamerica.org\/wp-content\/uploads\/2024\/01\/artem-tetiana-4-768x512-1-300x200.jpeg 300w\" sizes=\"(max-width: 911px) 100vw, 911px\" \/><p id=\"caption-attachment-109143\" class=\"wp-caption-text\">La pintura de Artem de su clase de arte en la escuela. [Fotograf\u00eda: ADRA Australia]<\/p><\/div>\u201cMe gusta pasar tiempo con mis amigos en el patio de la escuela\u201d, dice Artem. \u201cAhora sue\u00f1o con llegar a ser ya sea un futbolista profesional o comenzar mi propia empresa\u201d.<\/p>\n<p>Artem cont\u00f3 que, una vez que llegue a ser un destacado jugador de f\u00fatbol o un empresario exitoso, quiere ayudar a otros de la misma manera en que lo han ayudado a \u00e9l.<\/p>\n<p>La versi\u00f3n original de esta noticia fue publicada por ADRA Australia.<\/p>\n<p>____________________________<\/p>\n<p>* El nombre ha sido cambiado para proteger a los menores.<\/p>\n<p>Traducci\u00f3n de Marcos Paseggi<\/p>\n","protected":false},"excerpt":{"rendered":"<p>ADRA est\u00e1 ayudando a que las familias se adapten y progresen despu\u00e9s de que tuvieron que reubicarse debido a la guerra en curso. 23 de enero de 2024 | Australia&#8230;<\/p>\n","protected":false},"author":3,"featured_media":109130,"comment_status":"closed","ping_status":"closed","sticky":false,"template":"","format":"standard","meta":{"_acf_changed":false,"footnotes":""},"categories":[14,15],"tags":[],"class_list":["post-109160","post","type-post","status-publish","format-standard","has-post-thumbnail","hentry","category-de-la-iglesia-mundial","category-rss-espanol"],"acf":[],"yoast_head":"<!-- This site is optimized with the Yoast SEO plugin v27.3 - https:\/\/yoast.com\/product\/yoast-seo-wordpress\/ -->\n<title>En Ucrania, una familia desplazada internamente encuentra apoyo para recomenzar - Iglesia Adventista del S\u00e9ptimo D\u00eda - Divisi\u00f3n Interamericana<\/title>\n<meta name=\"robots\" content=\"index, follow, max-snippet:-1, max-image-preview:large, max-video-preview:-1\" \/>\n<link rel=\"canonical\" href=\"https:\/\/interamerica.org\/es\/2024\/01\/en-ucrania-una-familia-desplazada-internamente-encuentra-apoyo-para-recomenzar\/\" \/>\n<meta property=\"og:locale\" content=\"es_ES\" \/>\n<meta property=\"og:type\" content=\"article\" \/>\n<meta property=\"og:title\" content=\"En Ucrania, una familia desplazada internamente encuentra apoyo para recomenzar - Iglesia Adventista del S\u00e9ptimo D\u00eda - Divisi\u00f3n Interamericana\" \/>\n<meta property=\"og:description\" content=\"ADRA est\u00e1 ayudando a que las familias se adapten y progresen despu\u00e9s de que tuvieron que reubicarse debido a la guerra en curso. 23 de enero de 2024 | Australia...\" \/>\n<meta property=\"og:url\" content=\"https:\/\/interamerica.org\/es\/2024\/01\/en-ucrania-una-familia-desplazada-internamente-encuentra-apoyo-para-recomenzar\/\" \/>\n<meta property=\"og:site_name\" content=\"Iglesia Adventista del S\u00e9ptimo D\u00eda - Divisi\u00f3n Interamericana\" \/>\n<meta property=\"article:published_time\" content=\"2024-01-23T13:25:51+00:00\" \/>\n<meta property=\"article:modified_time\" content=\"2024-01-23T16:43:09+00:00\" \/>\n<meta property=\"og:image\" content=\"https:\/\/interamerica.org\/wp-content\/uploads\/2024\/01\/ukraine-adra-ausrtralia.jpeg\" \/>\n\t<meta property=\"og:image:width\" content=\"1080\" \/>\n\t<meta property=\"og:image:height\" content=\"619\" \/>\n\t<meta property=\"og:image:type\" content=\"image\/jpeg\" \/>\n<meta name=\"author\" content=\"libna\" \/>\n<meta name=\"twitter:card\" content=\"summary_large_image\" \/>\n<meta name=\"twitter:label1\" content=\"Escrito por\" \/>\n\t<meta name=\"twitter:data1\" content=\"libna\" \/>\n\t<meta name=\"twitter:label2\" content=\"Tiempo de lectura\" \/>\n\t<meta name=\"twitter:data2\" content=\"5 minutos\" \/>\n<script type=\"application\/ld+json\" class=\"yoast-schema-graph\">{\"@context\":\"https:\\\/\\\/schema.org\",\"@graph\":[{\"@type\":\"Article\",\"@id\":\"https:\\\/\\\/interamerica.org\\\/es\\\/2024\\\/01\\\/en-ucrania-una-familia-desplazada-internamente-encuentra-apoyo-para-recomenzar\\\/#article\",\"isPartOf\":{\"@id\":\"https:\\\/\\\/interamerica.org\\\/es\\\/2024\\\/01\\\/en-ucrania-una-familia-desplazada-internamente-encuentra-apoyo-para-recomenzar\\\/\"},\"author\":{\"name\":\"libna\",\"@id\":\"https:\\\/\\\/interamerica.org\\\/es\\\/#\\\/schema\\\/person\\\/29998f2bc2d8bd0d38662909289b54f1\"},\"headline\":\"En Ucrania, una familia desplazada internamente encuentra apoyo para recomenzar\",\"datePublished\":\"2024-01-23T13:25:51+00:00\",\"dateModified\":\"2024-01-23T16:43:09+00:00\",\"mainEntityOfPage\":{\"@id\":\"https:\\\/\\\/interamerica.org\\\/es\\\/2024\\\/01\\\/en-ucrania-una-familia-desplazada-internamente-encuentra-apoyo-para-recomenzar\\\/\"},\"wordCount\":818,\"image\":{\"@id\":\"https:\\\/\\\/interamerica.org\\\/es\\\/2024\\\/01\\\/en-ucrania-una-familia-desplazada-internamente-encuentra-apoyo-para-recomenzar\\\/#primaryimage\"},\"thumbnailUrl\":\"https:\\\/\\\/interamerica.org\\\/wp-content\\\/uploads\\\/2024\\\/01\\\/ukraine-adra-ausrtralia.jpeg\",\"articleSection\":[\"Desde la iglesia mundial\",\"RSS Espa\u00f1ol\"],\"inLanguage\":\"es\"},{\"@type\":\"WebPage\",\"@id\":\"https:\\\/\\\/interamerica.org\\\/es\\\/2024\\\/01\\\/en-ucrania-una-familia-desplazada-internamente-encuentra-apoyo-para-recomenzar\\\/\",\"url\":\"https:\\\/\\\/interamerica.org\\\/es\\\/2024\\\/01\\\/en-ucrania-una-familia-desplazada-internamente-encuentra-apoyo-para-recomenzar\\\/\",\"name\":\"En Ucrania, una familia desplazada internamente encuentra apoyo para recomenzar - Iglesia Adventista del S\u00e9ptimo D\u00eda - Divisi\u00f3n Interamericana\",\"isPartOf\":{\"@id\":\"https:\\\/\\\/interamerica.org\\\/es\\\/#website\"},\"primaryImageOfPage\":{\"@id\":\"https:\\\/\\\/interamerica.org\\\/es\\\/2024\\\/01\\\/en-ucrania-una-familia-desplazada-internamente-encuentra-apoyo-para-recomenzar\\\/#primaryimage\"},\"image\":{\"@id\":\"https:\\\/\\\/interamerica.org\\\/es\\\/2024\\\/01\\\/en-ucrania-una-familia-desplazada-internamente-encuentra-apoyo-para-recomenzar\\\/#primaryimage\"},\"thumbnailUrl\":\"https:\\\/\\\/interamerica.org\\\/wp-content\\\/uploads\\\/2024\\\/01\\\/ukraine-adra-ausrtralia.jpeg\",\"datePublished\":\"2024-01-23T13:25:51+00:00\",\"dateModified\":\"2024-01-23T16:43:09+00:00\",\"author\":{\"@id\":\"https:\\\/\\\/interamerica.org\\\/es\\\/#\\\/schema\\\/person\\\/29998f2bc2d8bd0d38662909289b54f1\"},\"breadcrumb\":{\"@id\":\"https:\\\/\\\/interamerica.org\\\/es\\\/2024\\\/01\\\/en-ucrania-una-familia-desplazada-internamente-encuentra-apoyo-para-recomenzar\\\/#breadcrumb\"},\"inLanguage\":\"es\",\"potentialAction\":[{\"@type\":\"ReadAction\",\"target\":[\"https:\\\/\\\/interamerica.org\\\/es\\\/2024\\\/01\\\/en-ucrania-una-familia-desplazada-internamente-encuentra-apoyo-para-recomenzar\\\/\"]}]},{\"@type\":\"ImageObject\",\"inLanguage\":\"es\",\"@id\":\"https:\\\/\\\/interamerica.org\\\/es\\\/2024\\\/01\\\/en-ucrania-una-familia-desplazada-internamente-encuentra-apoyo-para-recomenzar\\\/#primaryimage\",\"url\":\"https:\\\/\\\/interamerica.org\\\/wp-content\\\/uploads\\\/2024\\\/01\\\/ukraine-adra-ausrtralia.jpeg\",\"contentUrl\":\"https:\\\/\\\/interamerica.org\\\/wp-content\\\/uploads\\\/2024\\\/01\\\/ukraine-adra-ausrtralia.jpeg\",\"width\":1080,\"height\":619,\"caption\":\"Thanks to ADRA, internally displaced young students in Ukraine such as Artem can now attend an Adventist school. [Photo: ADRA Australia]\"},{\"@type\":\"BreadcrumbList\",\"@id\":\"https:\\\/\\\/interamerica.org\\\/es\\\/2024\\\/01\\\/en-ucrania-una-familia-desplazada-internamente-encuentra-apoyo-para-recomenzar\\\/#breadcrumb\",\"itemListElement\":[{\"@type\":\"ListItem\",\"position\":1,\"name\":\"Home\",\"item\":\"https:\\\/\\\/interamerica.org\\\/es\\\/\"},{\"@type\":\"ListItem\",\"position\":2,\"name\":\"En Ucrania, una familia desplazada internamente encuentra apoyo para recomenzar\"}]},{\"@type\":\"WebSite\",\"@id\":\"https:\\\/\\\/interamerica.org\\\/es\\\/#website\",\"url\":\"https:\\\/\\\/interamerica.org\\\/es\\\/\",\"name\":\"Iglesia Adventista del S\u00e9ptimo D\u00eda - Divisi\u00f3n Interamericana\",\"description\":\"\",\"potentialAction\":[{\"@type\":\"SearchAction\",\"target\":{\"@type\":\"EntryPoint\",\"urlTemplate\":\"https:\\\/\\\/interamerica.org\\\/es\\\/?s={search_term_string}\"},\"query-input\":{\"@type\":\"PropertyValueSpecification\",\"valueRequired\":true,\"valueName\":\"search_term_string\"}}],\"inLanguage\":\"es\"},{\"@type\":\"Person\",\"@id\":\"https:\\\/\\\/interamerica.org\\\/es\\\/#\\\/schema\\\/person\\\/29998f2bc2d8bd0d38662909289b54f1\",\"name\":\"libna\",\"image\":{\"@type\":\"ImageObject\",\"inLanguage\":\"es\",\"@id\":\"https:\\\/\\\/secure.gravatar.com\\\/avatar\\\/7c5bd30ae4b47a9ba3c856590957fd1d96dc588bf3ac05719d247e126840331f?s=96&d=mm&r=g\",\"url\":\"https:\\\/\\\/secure.gravatar.com\\\/avatar\\\/7c5bd30ae4b47a9ba3c856590957fd1d96dc588bf3ac05719d247e126840331f?s=96&d=mm&r=g\",\"contentUrl\":\"https:\\\/\\\/secure.gravatar.com\\\/avatar\\\/7c5bd30ae4b47a9ba3c856590957fd1d96dc588bf3ac05719d247e126840331f?s=96&d=mm&r=g\",\"caption\":\"libna\"}}]}<\/script>\n<!-- \/ Yoast SEO plugin. -->","yoast_head_json":{"title":"En Ucrania, una familia desplazada internamente encuentra apoyo para recomenzar - Iglesia Adventista del S\u00e9ptimo D\u00eda - Divisi\u00f3n Interamericana","robots":{"index":"index","follow":"follow","max-snippet":"max-snippet:-1","max-image-preview":"max-image-preview:large","max-video-preview":"max-video-preview:-1"},"canonical":"https:\/\/interamerica.org\/es\/2024\/01\/en-ucrania-una-familia-desplazada-internamente-encuentra-apoyo-para-recomenzar\/","og_locale":"es_ES","og_type":"article","og_title":"En Ucrania, una familia desplazada internamente encuentra apoyo para recomenzar - Iglesia Adventista del S\u00e9ptimo D\u00eda - Divisi\u00f3n Interamericana","og_description":"ADRA est\u00e1 ayudando a que las familias se adapten y progresen despu\u00e9s de que tuvieron que reubicarse debido a la guerra en curso. 23 de enero de 2024 | Australia...","og_url":"https:\/\/interamerica.org\/es\/2024\/01\/en-ucrania-una-familia-desplazada-internamente-encuentra-apoyo-para-recomenzar\/","og_site_name":"Iglesia Adventista del S\u00e9ptimo D\u00eda - Divisi\u00f3n Interamericana","article_published_time":"2024-01-23T13:25:51+00:00","article_modified_time":"2024-01-23T16:43:09+00:00","og_image":[{"width":1080,"height":619,"url":"https:\/\/interamerica.org\/wp-content\/uploads\/2024\/01\/ukraine-adra-ausrtralia.jpeg","type":"image\/jpeg"}],"author":"libna","twitter_card":"summary_large_image","twitter_misc":{"Escrito por":"libna","Tiempo de lectura":"5 minutos"},"schema":{"@context":"https:\/\/schema.org","@graph":[{"@type":"Article","@id":"https:\/\/interamerica.org\/es\/2024\/01\/en-ucrania-una-familia-desplazada-internamente-encuentra-apoyo-para-recomenzar\/#article","isPartOf":{"@id":"https:\/\/interamerica.org\/es\/2024\/01\/en-ucrania-una-familia-desplazada-internamente-encuentra-apoyo-para-recomenzar\/"},"author":{"name":"libna","@id":"https:\/\/interamerica.org\/es\/#\/schema\/person\/29998f2bc2d8bd0d38662909289b54f1"},"headline":"En Ucrania, una familia desplazada internamente encuentra apoyo para recomenzar","datePublished":"2024-01-23T13:25:51+00:00","dateModified":"2024-01-23T16:43:09+00:00","mainEntityOfPage":{"@id":"https:\/\/interamerica.org\/es\/2024\/01\/en-ucrania-una-familia-desplazada-internamente-encuentra-apoyo-para-recomenzar\/"},"wordCount":818,"image":{"@id":"https:\/\/interamerica.org\/es\/2024\/01\/en-ucrania-una-familia-desplazada-internamente-encuentra-apoyo-para-recomenzar\/#primaryimage"},"thumbnailUrl":"https:\/\/interamerica.org\/wp-content\/uploads\/2024\/01\/ukraine-adra-ausrtralia.jpeg","articleSection":["Desde la iglesia mundial","RSS Espa\u00f1ol"],"inLanguage":"es"},{"@type":"WebPage","@id":"https:\/\/interamerica.org\/es\/2024\/01\/en-ucrania-una-familia-desplazada-internamente-encuentra-apoyo-para-recomenzar\/","url":"https:\/\/interamerica.org\/es\/2024\/01\/en-ucrania-una-familia-desplazada-internamente-encuentra-apoyo-para-recomenzar\/","name":"En Ucrania, una familia desplazada internamente encuentra apoyo para recomenzar - Iglesia Adventista del S\u00e9ptimo D\u00eda - Divisi\u00f3n Interamericana","isPartOf":{"@id":"https:\/\/interamerica.org\/es\/#website"},"primaryImageOfPage":{"@id":"https:\/\/interamerica.org\/es\/2024\/01\/en-ucrania-una-familia-desplazada-internamente-encuentra-apoyo-para-recomenzar\/#primaryimage"},"image":{"@id":"https:\/\/interamerica.org\/es\/2024\/01\/en-ucrania-una-familia-desplazada-internamente-encuentra-apoyo-para-recomenzar\/#primaryimage"},"thumbnailUrl":"https:\/\/interamerica.org\/wp-content\/uploads\/2024\/01\/ukraine-adra-ausrtralia.jpeg","datePublished":"2024-01-23T13:25:51+00:00","dateModified":"2024-01-23T16:43:09+00:00","author":{"@id":"https:\/\/interamerica.org\/es\/#\/schema\/person\/29998f2bc2d8bd0d38662909289b54f1"},"breadcrumb":{"@id":"https:\/\/interamerica.org\/es\/2024\/01\/en-ucrania-una-familia-desplazada-internamente-encuentra-apoyo-para-recomenzar\/#breadcrumb"},"inLanguage":"es","potentialAction":[{"@type":"ReadAction","target":["https:\/\/interamerica.org\/es\/2024\/01\/en-ucrania-una-familia-desplazada-internamente-encuentra-apoyo-para-recomenzar\/"]}]},{"@type":"ImageObject","inLanguage":"es","@id":"https:\/\/interamerica.org\/es\/2024\/01\/en-ucrania-una-familia-desplazada-internamente-encuentra-apoyo-para-recomenzar\/#primaryimage","url":"https:\/\/interamerica.org\/wp-content\/uploads\/2024\/01\/ukraine-adra-ausrtralia.jpeg","contentUrl":"https:\/\/interamerica.org\/wp-content\/uploads\/2024\/01\/ukraine-adra-ausrtralia.jpeg","width":1080,"height":619,"caption":"Thanks to ADRA, internally displaced young students in Ukraine such as Artem can now attend an Adventist school. [Photo: ADRA Australia]"},{"@type":"BreadcrumbList","@id":"https:\/\/interamerica.org\/es\/2024\/01\/en-ucrania-una-familia-desplazada-internamente-encuentra-apoyo-para-recomenzar\/#breadcrumb","itemListElement":[{"@type":"ListItem","position":1,"name":"Home","item":"https:\/\/interamerica.org\/es\/"},{"@type":"ListItem","position":2,"name":"En Ucrania, una familia desplazada internamente encuentra apoyo para recomenzar"}]},{"@type":"WebSite","@id":"https:\/\/interamerica.org\/es\/#website","url":"https:\/\/interamerica.org\/es\/","name":"Iglesia Adventista del S\u00e9ptimo D\u00eda - Divisi\u00f3n Interamericana","description":"","potentialAction":[{"@type":"SearchAction","target":{"@type":"EntryPoint","urlTemplate":"https:\/\/interamerica.org\/es\/?s={search_term_string}"},"query-input":{"@type":"PropertyValueSpecification","valueRequired":true,"valueName":"search_term_string"}}],"inLanguage":"es"},{"@type":"Person","@id":"https:\/\/interamerica.org\/es\/#\/schema\/person\/29998f2bc2d8bd0d38662909289b54f1","name":"libna","image":{"@type":"ImageObject","inLanguage":"es","@id":"https:\/\/secure.gravatar.com\/avatar\/7c5bd30ae4b47a9ba3c856590957fd1d96dc588bf3ac05719d247e126840331f?s=96&d=mm&r=g","url":"https:\/\/secure.gravatar.com\/avatar\/7c5bd30ae4b47a9ba3c856590957fd1d96dc588bf3ac05719d247e126840331f?s=96&d=mm&r=g","contentUrl":"https:\/\/secure.gravatar.com\/avatar\/7c5bd30ae4b47a9ba3c856590957fd1d96dc588bf3ac05719d247e126840331f?s=96&d=mm&r=g","caption":"libna"}}]}},"_links":{"self":[{"href":"https:\/\/interamerica.org\/es\/wp-json\/wp\/v2\/posts\/109160","targetHints":{"allow":["GET"]}}],"collection":[{"href":"https:\/\/interamerica.org\/es\/wp-json\/wp\/v2\/posts"}],"about":[{"href":"https:\/\/interamerica.org\/es\/wp-json\/wp\/v2\/types\/post"}],"author":[{"embeddable":true,"href":"https:\/\/interamerica.org\/es\/wp-json\/wp\/v2\/users\/3"}],"replies":[{"embeddable":true,"href":"https:\/\/interamerica.org\/es\/wp-json\/wp\/v2\/comments?post=109160"}],"version-history":[{"count":0,"href":"https:\/\/interamerica.org\/es\/wp-json\/wp\/v2\/posts\/109160\/revisions"}],"wp:featuredmedia":[{"embeddable":true,"href":"https:\/\/interamerica.org\/es\/wp-json\/wp\/v2\/media\/109130"}],"wp:attachment":[{"href":"https:\/\/interamerica.org\/es\/wp-json\/wp\/v2\/media?parent=109160"}],"wp:term":[{"taxonomy":"category","embeddable":true,"href":"https:\/\/interamerica.org\/es\/wp-json\/wp\/v2\/categories?post=109160"},{"taxonomy":"post_tag","embeddable":true,"href":"https:\/\/interamerica.org\/es\/wp-json\/wp\/v2\/tags?post=109160"}],"curies":[{"name":"wp","href":"https:\/\/api.w.org\/{rel}","templated":true}]}}