{"id":109162,"date":"2024-01-21T20:34:58","date_gmt":"2024-01-22T01:34:58","guid":{"rendered":"https:\/\/interamerica.org\/?p=109162"},"modified":"2024-01-23T11:42:22","modified_gmt":"2024-01-23T16:42:22","slug":"en-el-principio","status":"publish","type":"post","link":"https:\/\/interamerica.org\/es\/2024\/01\/en-el-principio\/","title":{"rendered":"En el principio"},"content":{"rendered":"<p>21 de enero de 2024 | Silver Spring, Maryland, Estados Unidos | Merle Poirier, Adventist Review<\/p>\n<p>Contar la historia de la Review es revelar la historia de un movimiento y de las personas que dieron su vida en favor de esta causa, porque todo ello est\u00e1 inextricablemente entrelazado. Jaime White naci\u00f3 dentro de una familia campesina en Maine, en 1821. Jaime fue un ni\u00f1o enfermizo; una enfermedad hizo que sus ojos sufrieran de estrabismo. Mientras trataba de asistir a la escuela, todos sus esfuerzos por aprender a leer fueron vanos. Eventualmente fue enviado a casa a trabajar en la granja.<\/p>\n<p>Jaime White era entonces un jovencito granjero fornido de poco m\u00e1s de 1.8 metros de estatura, que era de gran apoyo para su padre en el campo. Milagrosamente, en los \u00faltimos a\u00f1os de su adolescencia dej\u00f3 de padecer estrabismo y, a los 19 a\u00f1os se inscribi\u00f3 a s\u00ed mismo en la escuela local. Este alto y musculoso adolescente seguramente se ve\u00eda raro sentado entre los otros estudiantes m\u00e1s peque\u00f1os; pero ah\u00ed estaba, determinado a reponer lo mejor posible el tiempo perdido. Su tenacidad, revelada m\u00e1s tarde como fuerte rasgo de su personalidad, lo hizo terminar toda su educaci\u00f3n elemental en 12 semanas. Al final del periodo escolar, el maestro no solo le entreg\u00f3 un certificado de estudios terminados, sino uno que declaraba que \u00a1estaba calificado para ense\u00f1ar!<\/p>\n<p>El a\u00f1o siguiente, Jaime White comenz\u00f3 a trabajar como maestro de escuela. Se inscribi\u00f3 adem\u00e1s en una escuela metodista para terminar su educaci\u00f3n secundaria, en donde pas\u00f3 29 semanas con su vista puesta en la universidad. Cuando le faltaba solamente un semestre para terminar su curso, su vida experiment\u00f3 un inesperado vuelco. Poco sab\u00eda entonces que este ser\u00eda el fin de su educaci\u00f3n formal, de menos de un a\u00f1o de duraci\u00f3n.<\/p>\n<p>Una reuni\u00f3n adventista en 1842 lo convenci\u00f3 de que Jes\u00fas estaba por regresar muy pronto y se comprometi\u00f3 a hacer su parte para alertar a otros. Empe\u00f1ado en un circuito de predicaci\u00f3n en Maine, Jaime viaj\u00f3 durante los calurosos d\u00edas de verano y los fr\u00edos de invierno, vistiendo a veces solamente una delgada chaqueta y cabalgando sobre un enfermo y cansado caballo. Viaj\u00f3 de un edificio de escuela a otro, en donde en cuatro meses se inform\u00f3 que 1,000 personas se hab\u00edan unido al movimiento por causa de sus esfuerzos.<\/p>\n<p>Conoci\u00f3 luego a Ellen Harmon, una joven poseedora de un don prof\u00e9tico. \u00c9l crey\u00f3 en sus visiones y la acompa\u00f1\u00f3 de lugar en lugar, hasta que empezaron a circular rumores de que lo que estaban haciendo era deshonroso. Ella lo necesitaba a \u00e9l y \u00e9l a ella, as\u00ed que la soluci\u00f3n m\u00e1s obvia era contraer matrimonio, lo cual hicieron en 1846. En 1848, su esposa le dio el mensaje enviado por Dios, de que deb\u00eda publicar un \u201cpeque\u00f1o peri\u00f3dico\u201d. Ya en el verano 1849, lo encontramos meditando en el mensaje a escribirse en la peque\u00f1a publicaci\u00f3n a la que llamar\u00eda La Verdad Presente.<\/p>\n<p><strong>La carga de la publicaci\u00f3n<\/strong><\/p>\n<p>No era f\u00e1cil. Jaime White no era solo el escritor, sino tambi\u00e9n el publicador y el jefe de producci\u00f3n y env\u00edo. Caminatas de casi 13 kil\u00f3metros solo de ida, era lo requerido para llevar el material a la imprenta en Middletown, Connecticut, con viajes subsecuentes para traer la publicaci\u00f3n de regreso a Rocky Hill. All\u00ed, el peque\u00f1o grupo or\u00f3 por esas primeras 1,000 copias, luego las dobl\u00f3 y rotul\u00f3 a mano, con Jaime White de nuevo caminando los casi 13 kil\u00f3metros para depositarlas en el correo.<\/p>\n<p>Eventualmente, La Verdad Presente dio lugar a una publicaci\u00f3n revisada y con un nuevo nombre, la Second Advent Review and Sabbath Herald (Revista del segundo advenimiento y heraldo del s\u00e1bado), con la nueva intenci\u00f3n de esparcir la verdad adventista de la observancia del s\u00e1bado. Se distribu\u00eda en forma gratuita, pero se animaba a los lectores a dar lo que pudieran. La carga financiera y algunas veces las cartas de cr\u00edtica enviadas por algunos lectores amenazaban frecuentemente con poner un alto a su publicaci\u00f3n. En seis ocasiones, Jaime White se prometi\u00f3 poner fin a la publicaci\u00f3n; pero en cada ocasi\u00f3n Dios intervino y se le dijo que deb\u00eda continuar.<\/p>\n<p>En 1851, el matrimonio White se mud\u00f3 a Saratoga Springs, Nueva York, llev\u00e1ndose con ellos el negocio de la publicaci\u00f3n. Una joven llamada Annie Smith envi\u00f3 un poema para su publicaci\u00f3n. Intrigado, Jaime White le ofreci\u00f3 una posici\u00f3n en el peri\u00f3dico. La joven Smith manejar\u00eda el peri\u00f3dico, permiti\u00e9ndoles a Jaime y Elena White viajar en circuitos de predicaci\u00f3n. Pero la carga de la publicaci\u00f3n le pas\u00f3 su factura a Jaime White.<\/p>\n<p>\u201cTodos estamos perfectamente, menos yo. No puedo resistir por m\u00e1s tiempo el doble trabajo de viajar y dirigir el peri\u00f3dico. El mi\u00e9rcoles pasado trabajamos por la noche hasta las dos de la madrugada, plegando y envolviendo el No. 12 de la Review and Herald. Despu\u00e9s estuve en la cama tosiendo hasta el amanecer. Rogad por m\u00ed. La causa prospera gloriosamente. Quiz\u00e1 el Se\u00f1or ya no tendr\u00e1 necesidad de m\u00ed y me dejar\u00e1 descansar en el sepulcro. Espero quedar libre del peri\u00f3dico. Lo sostuve en circunstancias completamente adversas y, ahora que tiene muchos amigos, lo dejar\u00e9 voluntariamente con tal que se encuentre quien lo dirija. Espero que se me abra el camino. Que el Se\u00f1or lo gu\u00ede todo\u201d.1<\/p>\n<p><strong>\u201cU. S.\u201d<\/strong><\/p>\n<p>Ese alguien se encontr\u00f3 en la persona de Uriah Smith, quien en 1853, a la edad de 21, vino a trabajar para la oficina de la Review. Su primer trabajo fue aprender a operar la prensa manual. Para 1854, era un miembro de la comisi\u00f3n publicadora y se le hab\u00edan a\u00f1adido las labores de corrector, empleado de correspondencia, empleado de env\u00edos, tesorero, cajero, contador, y algunas veces, editor. En 1855, despu\u00e9s del traslado a Battle Creek, M\u00edchigan, Jaime White renunci\u00f3 a su funci\u00f3n por causa de mala salud. Uriah Smith se convirti\u00f3 en \u201ceditor residente\u201d a los 23 a\u00f1os, con cinco \u201ceditores corresponsales\u201d\u2014J. N. Andrews, James White, J. H. Waggoner, R. F. Cottrell y Stephen Pierce.<\/p>\n<p>\u201cNo he entrado a tomar esta posici\u00f3n por facilidad, comodidad o ganancia mundanal, porque he visto a trav\u00e9s de mi conexi\u00f3n hasta ahora con la Review, que ninguna de estas cosas pod\u00eda encontrarse aqu\u00ed. Pero hay cargas que deben sobrellevarse, hay sacrificios que deben hacerse y se vuelven uno mismo a la luz de la verdad presente, haciendo voluntaria y alegremente lo que podemos en la causa de Dios\u201d, escribi\u00f3 Uriah Smith en su primer ejemplar como editor (conocido durante los siguientes 50 a\u00f1os como \u201cU. S.\u201d).2<\/p>\n<p>Al principio, la labor de editor fue estrictamente voluntaria. Jaime White resumi\u00f3 ese papel en 1856, al escribir sobre Uriah Smith:<\/p>\n<p>\u201cTodo se vuelve prisa, prisa y prisa con el editor. El editor no tiene tiempo para descansar o para sentirse alegrado y animado por la visita de amigos cristianos y poder contemplar nuevos escenarios; sino que debe encerrarse en su tarea y volverse p\u00e1lido y apresurado en su camino a la tumba. Uno que ha servido por cinco a\u00f1os y que apenas escap\u00f3 con su vida de la tumba y que ahora (habi\u00e9ndose retirado de su puesto editorial) est\u00e1 recuperando r\u00e1pidamente su salud y su pasada libertad de esp\u00edritu; [este Uno], puede saber lo que siente nuestro presente editor, al conocer sus preocupaciones, su confinamiento, sus sacrificios, mientras se encierra a cumplir sus deberes quince horas de las veinticuatro\u201d.3 Tres a\u00f1os m\u00e1s tarde, a Uriah Smith se le pagaban como editor US$ 5 a la semana. Jaime White reanud\u00f3 su labor editorial en 1861, sirviendo como tal hasta 1864, cuando nuevamente aliger\u00f3 su carga de trabajo al regresarle el puesto editorial a Uriah Smith. Este vaiv\u00e9n de un lado a otro entre los dos, continuar\u00eda hasta el fallecimiento de Jaime White en 1881.<\/p>\n<p>1 Jaime White a Stockbridge Howland, 20 de febrero de 1852, en E. G. White, Notas biogr\u00e1ficas de Elena G. White, (Miami, Florida.: Asociaci\u00f3n Publicadora Interamericana, 1994), p. 155.1<\/p>\n<p>2 Review and Herald, 4 de diciembre,1855.<\/p>\n<p>3 Review and Herald, 11 de diciembre, 1856.<\/p>\n<p>Traducci\u00f3n \u2013 Gloria A. Castrej\u00f3n<\/p>\n<p>&nbsp;<\/p>\n","protected":false},"excerpt":{"rendered":"<p>21 de enero de 2024 | Silver Spring, Maryland, Estados Unidos | Merle Poirier, Adventist Review Contar la historia de la Review es revelar la historia de un movimiento y&#8230;<\/p>\n","protected":false},"author":3,"featured_media":109098,"comment_status":"closed","ping_status":"closed","sticky":false,"template":"","format":"standard","meta":{"_acf_changed":false,"footnotes":""},"categories":[14,15],"tags":[],"class_list":["post-109162","post","type-post","status-publish","format-standard","has-post-thumbnail","hentry","category-de-la-iglesia-mundial","category-rss-espanol"],"acf":[],"yoast_head":"<!-- This site is optimized with the Yoast SEO plugin v27.3 - https:\/\/yoast.com\/product\/yoast-seo-wordpress\/ -->\n<title>En el principio - Iglesia Adventista del S\u00e9ptimo D\u00eda - Divisi\u00f3n Interamericana<\/title>\n<meta name=\"robots\" content=\"index, follow, max-snippet:-1, max-image-preview:large, max-video-preview:-1\" \/>\n<link rel=\"canonical\" href=\"https:\/\/interamerica.org\/es\/2024\/01\/en-el-principio\/\" \/>\n<meta property=\"og:locale\" content=\"es_ES\" \/>\n<meta property=\"og:type\" content=\"article\" \/>\n<meta property=\"og:title\" content=\"En el principio - Iglesia Adventista del S\u00e9ptimo D\u00eda - Divisi\u00f3n Interamericana\" \/>\n<meta property=\"og:description\" content=\"21 de enero de 2024 | Silver Spring, Maryland, Estados Unidos | Merle Poirier, Adventist Review Contar la historia de la Review es revelar la historia de un movimiento y...\" \/>\n<meta property=\"og:url\" content=\"https:\/\/interamerica.org\/es\/2024\/01\/en-el-principio\/\" \/>\n<meta property=\"og:site_name\" content=\"Iglesia Adventista del S\u00e9ptimo D\u00eda - Divisi\u00f3n Interamericana\" \/>\n<meta property=\"article:published_time\" content=\"2024-01-22T01:34:58+00:00\" \/>\n<meta property=\"article:modified_time\" content=\"2024-01-23T16:42:22+00:00\" \/>\n<meta property=\"og:image\" content=\"https:\/\/interamerica.org\/wp-content\/uploads\/2024\/01\/aaron-burden-y02jex-b0o0-unsplash-1-scaled.jpg\" \/>\n\t<meta property=\"og:image:width\" content=\"2560\" \/>\n\t<meta property=\"og:image:height\" content=\"1922\" \/>\n\t<meta property=\"og:image:type\" content=\"image\/jpeg\" \/>\n<meta name=\"author\" content=\"libna\" \/>\n<meta name=\"twitter:card\" content=\"summary_large_image\" \/>\n<meta name=\"twitter:label1\" content=\"Escrito por\" \/>\n\t<meta name=\"twitter:data1\" content=\"libna\" \/>\n\t<meta name=\"twitter:label2\" content=\"Tiempo de lectura\" \/>\n\t<meta name=\"twitter:data2\" content=\"7 minutos\" \/>\n<script type=\"application\/ld+json\" class=\"yoast-schema-graph\">{\"@context\":\"https:\\\/\\\/schema.org\",\"@graph\":[{\"@type\":\"Article\",\"@id\":\"https:\\\/\\\/interamerica.org\\\/es\\\/2024\\\/01\\\/en-el-principio\\\/#article\",\"isPartOf\":{\"@id\":\"https:\\\/\\\/interamerica.org\\\/es\\\/2024\\\/01\\\/en-el-principio\\\/\"},\"author\":{\"name\":\"libna\",\"@id\":\"https:\\\/\\\/interamerica.org\\\/es\\\/#\\\/schema\\\/person\\\/29998f2bc2d8bd0d38662909289b54f1\"},\"headline\":\"En el principio\",\"datePublished\":\"2024-01-22T01:34:58+00:00\",\"dateModified\":\"2024-01-23T16:42:22+00:00\",\"mainEntityOfPage\":{\"@id\":\"https:\\\/\\\/interamerica.org\\\/es\\\/2024\\\/01\\\/en-el-principio\\\/\"},\"wordCount\":1397,\"image\":{\"@id\":\"https:\\\/\\\/interamerica.org\\\/es\\\/2024\\\/01\\\/en-el-principio\\\/#primaryimage\"},\"thumbnailUrl\":\"https:\\\/\\\/interamerica.org\\\/wp-content\\\/uploads\\\/2024\\\/01\\\/aaron-burden-y02jex-b0o0-unsplash-1-scaled.jpg\",\"articleSection\":[\"Desde la iglesia mundial\",\"RSS Espa\u00f1ol\"],\"inLanguage\":\"es\"},{\"@type\":\"WebPage\",\"@id\":\"https:\\\/\\\/interamerica.org\\\/es\\\/2024\\\/01\\\/en-el-principio\\\/\",\"url\":\"https:\\\/\\\/interamerica.org\\\/es\\\/2024\\\/01\\\/en-el-principio\\\/\",\"name\":\"En el principio - Iglesia Adventista del S\u00e9ptimo D\u00eda - Divisi\u00f3n Interamericana\",\"isPartOf\":{\"@id\":\"https:\\\/\\\/interamerica.org\\\/es\\\/#website\"},\"primaryImageOfPage\":{\"@id\":\"https:\\\/\\\/interamerica.org\\\/es\\\/2024\\\/01\\\/en-el-principio\\\/#primaryimage\"},\"image\":{\"@id\":\"https:\\\/\\\/interamerica.org\\\/es\\\/2024\\\/01\\\/en-el-principio\\\/#primaryimage\"},\"thumbnailUrl\":\"https:\\\/\\\/interamerica.org\\\/wp-content\\\/uploads\\\/2024\\\/01\\\/aaron-burden-y02jex-b0o0-unsplash-1-scaled.jpg\",\"datePublished\":\"2024-01-22T01:34:58+00:00\",\"dateModified\":\"2024-01-23T16:42:22+00:00\",\"author\":{\"@id\":\"https:\\\/\\\/interamerica.org\\\/es\\\/#\\\/schema\\\/person\\\/29998f2bc2d8bd0d38662909289b54f1\"},\"breadcrumb\":{\"@id\":\"https:\\\/\\\/interamerica.org\\\/es\\\/2024\\\/01\\\/en-el-principio\\\/#breadcrumb\"},\"inLanguage\":\"es\",\"potentialAction\":[{\"@type\":\"ReadAction\",\"target\":[\"https:\\\/\\\/interamerica.org\\\/es\\\/2024\\\/01\\\/en-el-principio\\\/\"]}]},{\"@type\":\"ImageObject\",\"inLanguage\":\"es\",\"@id\":\"https:\\\/\\\/interamerica.org\\\/es\\\/2024\\\/01\\\/en-el-principio\\\/#primaryimage\",\"url\":\"https:\\\/\\\/interamerica.org\\\/wp-content\\\/uploads\\\/2024\\\/01\\\/aaron-burden-y02jex-b0o0-unsplash-1-scaled.jpg\",\"contentUrl\":\"https:\\\/\\\/interamerica.org\\\/wp-content\\\/uploads\\\/2024\\\/01\\\/aaron-burden-y02jex-b0o0-unsplash-1-scaled.jpg\",\"width\":2560,\"height\":1922,\"caption\":\"[Photo: Aaron Burden \\\/ Unsplash]\"},{\"@type\":\"BreadcrumbList\",\"@id\":\"https:\\\/\\\/interamerica.org\\\/es\\\/2024\\\/01\\\/en-el-principio\\\/#breadcrumb\",\"itemListElement\":[{\"@type\":\"ListItem\",\"position\":1,\"name\":\"Home\",\"item\":\"https:\\\/\\\/interamerica.org\\\/es\\\/\"},{\"@type\":\"ListItem\",\"position\":2,\"name\":\"En el principio\"}]},{\"@type\":\"WebSite\",\"@id\":\"https:\\\/\\\/interamerica.org\\\/es\\\/#website\",\"url\":\"https:\\\/\\\/interamerica.org\\\/es\\\/\",\"name\":\"Iglesia Adventista del S\u00e9ptimo D\u00eda - Divisi\u00f3n Interamericana\",\"description\":\"\",\"potentialAction\":[{\"@type\":\"SearchAction\",\"target\":{\"@type\":\"EntryPoint\",\"urlTemplate\":\"https:\\\/\\\/interamerica.org\\\/es\\\/?s={search_term_string}\"},\"query-input\":{\"@type\":\"PropertyValueSpecification\",\"valueRequired\":true,\"valueName\":\"search_term_string\"}}],\"inLanguage\":\"es\"},{\"@type\":\"Person\",\"@id\":\"https:\\\/\\\/interamerica.org\\\/es\\\/#\\\/schema\\\/person\\\/29998f2bc2d8bd0d38662909289b54f1\",\"name\":\"libna\",\"image\":{\"@type\":\"ImageObject\",\"inLanguage\":\"es\",\"@id\":\"https:\\\/\\\/secure.gravatar.com\\\/avatar\\\/7c5bd30ae4b47a9ba3c856590957fd1d96dc588bf3ac05719d247e126840331f?s=96&d=mm&r=g\",\"url\":\"https:\\\/\\\/secure.gravatar.com\\\/avatar\\\/7c5bd30ae4b47a9ba3c856590957fd1d96dc588bf3ac05719d247e126840331f?s=96&d=mm&r=g\",\"contentUrl\":\"https:\\\/\\\/secure.gravatar.com\\\/avatar\\\/7c5bd30ae4b47a9ba3c856590957fd1d96dc588bf3ac05719d247e126840331f?s=96&d=mm&r=g\",\"caption\":\"libna\"}}]}<\/script>\n<!-- \/ Yoast SEO plugin. -->","yoast_head_json":{"title":"En el principio - Iglesia Adventista del S\u00e9ptimo D\u00eda - Divisi\u00f3n Interamericana","robots":{"index":"index","follow":"follow","max-snippet":"max-snippet:-1","max-image-preview":"max-image-preview:large","max-video-preview":"max-video-preview:-1"},"canonical":"https:\/\/interamerica.org\/es\/2024\/01\/en-el-principio\/","og_locale":"es_ES","og_type":"article","og_title":"En el principio - Iglesia Adventista del S\u00e9ptimo D\u00eda - Divisi\u00f3n Interamericana","og_description":"21 de enero de 2024 | Silver Spring, Maryland, Estados Unidos | Merle Poirier, Adventist Review Contar la historia de la Review es revelar la historia de un movimiento y...","og_url":"https:\/\/interamerica.org\/es\/2024\/01\/en-el-principio\/","og_site_name":"Iglesia Adventista del S\u00e9ptimo D\u00eda - Divisi\u00f3n Interamericana","article_published_time":"2024-01-22T01:34:58+00:00","article_modified_time":"2024-01-23T16:42:22+00:00","og_image":[{"width":2560,"height":1922,"url":"https:\/\/interamerica.org\/wp-content\/uploads\/2024\/01\/aaron-burden-y02jex-b0o0-unsplash-1-scaled.jpg","type":"image\/jpeg"}],"author":"libna","twitter_card":"summary_large_image","twitter_misc":{"Escrito por":"libna","Tiempo de lectura":"7 minutos"},"schema":{"@context":"https:\/\/schema.org","@graph":[{"@type":"Article","@id":"https:\/\/interamerica.org\/es\/2024\/01\/en-el-principio\/#article","isPartOf":{"@id":"https:\/\/interamerica.org\/es\/2024\/01\/en-el-principio\/"},"author":{"name":"libna","@id":"https:\/\/interamerica.org\/es\/#\/schema\/person\/29998f2bc2d8bd0d38662909289b54f1"},"headline":"En el principio","datePublished":"2024-01-22T01:34:58+00:00","dateModified":"2024-01-23T16:42:22+00:00","mainEntityOfPage":{"@id":"https:\/\/interamerica.org\/es\/2024\/01\/en-el-principio\/"},"wordCount":1397,"image":{"@id":"https:\/\/interamerica.org\/es\/2024\/01\/en-el-principio\/#primaryimage"},"thumbnailUrl":"https:\/\/interamerica.org\/wp-content\/uploads\/2024\/01\/aaron-burden-y02jex-b0o0-unsplash-1-scaled.jpg","articleSection":["Desde la iglesia mundial","RSS Espa\u00f1ol"],"inLanguage":"es"},{"@type":"WebPage","@id":"https:\/\/interamerica.org\/es\/2024\/01\/en-el-principio\/","url":"https:\/\/interamerica.org\/es\/2024\/01\/en-el-principio\/","name":"En el principio - Iglesia Adventista del S\u00e9ptimo D\u00eda - Divisi\u00f3n Interamericana","isPartOf":{"@id":"https:\/\/interamerica.org\/es\/#website"},"primaryImageOfPage":{"@id":"https:\/\/interamerica.org\/es\/2024\/01\/en-el-principio\/#primaryimage"},"image":{"@id":"https:\/\/interamerica.org\/es\/2024\/01\/en-el-principio\/#primaryimage"},"thumbnailUrl":"https:\/\/interamerica.org\/wp-content\/uploads\/2024\/01\/aaron-burden-y02jex-b0o0-unsplash-1-scaled.jpg","datePublished":"2024-01-22T01:34:58+00:00","dateModified":"2024-01-23T16:42:22+00:00","author":{"@id":"https:\/\/interamerica.org\/es\/#\/schema\/person\/29998f2bc2d8bd0d38662909289b54f1"},"breadcrumb":{"@id":"https:\/\/interamerica.org\/es\/2024\/01\/en-el-principio\/#breadcrumb"},"inLanguage":"es","potentialAction":[{"@type":"ReadAction","target":["https:\/\/interamerica.org\/es\/2024\/01\/en-el-principio\/"]}]},{"@type":"ImageObject","inLanguage":"es","@id":"https:\/\/interamerica.org\/es\/2024\/01\/en-el-principio\/#primaryimage","url":"https:\/\/interamerica.org\/wp-content\/uploads\/2024\/01\/aaron-burden-y02jex-b0o0-unsplash-1-scaled.jpg","contentUrl":"https:\/\/interamerica.org\/wp-content\/uploads\/2024\/01\/aaron-burden-y02jex-b0o0-unsplash-1-scaled.jpg","width":2560,"height":1922,"caption":"[Photo: Aaron Burden \/ Unsplash]"},{"@type":"BreadcrumbList","@id":"https:\/\/interamerica.org\/es\/2024\/01\/en-el-principio\/#breadcrumb","itemListElement":[{"@type":"ListItem","position":1,"name":"Home","item":"https:\/\/interamerica.org\/es\/"},{"@type":"ListItem","position":2,"name":"En el principio"}]},{"@type":"WebSite","@id":"https:\/\/interamerica.org\/es\/#website","url":"https:\/\/interamerica.org\/es\/","name":"Iglesia Adventista del S\u00e9ptimo D\u00eda - Divisi\u00f3n Interamericana","description":"","potentialAction":[{"@type":"SearchAction","target":{"@type":"EntryPoint","urlTemplate":"https:\/\/interamerica.org\/es\/?s={search_term_string}"},"query-input":{"@type":"PropertyValueSpecification","valueRequired":true,"valueName":"search_term_string"}}],"inLanguage":"es"},{"@type":"Person","@id":"https:\/\/interamerica.org\/es\/#\/schema\/person\/29998f2bc2d8bd0d38662909289b54f1","name":"libna","image":{"@type":"ImageObject","inLanguage":"es","@id":"https:\/\/secure.gravatar.com\/avatar\/7c5bd30ae4b47a9ba3c856590957fd1d96dc588bf3ac05719d247e126840331f?s=96&d=mm&r=g","url":"https:\/\/secure.gravatar.com\/avatar\/7c5bd30ae4b47a9ba3c856590957fd1d96dc588bf3ac05719d247e126840331f?s=96&d=mm&r=g","contentUrl":"https:\/\/secure.gravatar.com\/avatar\/7c5bd30ae4b47a9ba3c856590957fd1d96dc588bf3ac05719d247e126840331f?s=96&d=mm&r=g","caption":"libna"}}]}},"_links":{"self":[{"href":"https:\/\/interamerica.org\/es\/wp-json\/wp\/v2\/posts\/109162","targetHints":{"allow":["GET"]}}],"collection":[{"href":"https:\/\/interamerica.org\/es\/wp-json\/wp\/v2\/posts"}],"about":[{"href":"https:\/\/interamerica.org\/es\/wp-json\/wp\/v2\/types\/post"}],"author":[{"embeddable":true,"href":"https:\/\/interamerica.org\/es\/wp-json\/wp\/v2\/users\/3"}],"replies":[{"embeddable":true,"href":"https:\/\/interamerica.org\/es\/wp-json\/wp\/v2\/comments?post=109162"}],"version-history":[{"count":0,"href":"https:\/\/interamerica.org\/es\/wp-json\/wp\/v2\/posts\/109162\/revisions"}],"wp:featuredmedia":[{"embeddable":true,"href":"https:\/\/interamerica.org\/es\/wp-json\/wp\/v2\/media\/109098"}],"wp:attachment":[{"href":"https:\/\/interamerica.org\/es\/wp-json\/wp\/v2\/media?parent=109162"}],"wp:term":[{"taxonomy":"category","embeddable":true,"href":"https:\/\/interamerica.org\/es\/wp-json\/wp\/v2\/categories?post=109162"},{"taxonomy":"post_tag","embeddable":true,"href":"https:\/\/interamerica.org\/es\/wp-json\/wp\/v2\/tags?post=109162"}],"curies":[{"name":"wp","href":"https:\/\/api.w.org\/{rel}","templated":true}]}}