{"id":10917,"date":"2007-03-27T00:00:00","date_gmt":"2007-03-27T04:00:00","guid":{"rendered":"http:\/\/192.81.217.108\/interamerica\/2007\/03\/interamerica-mas-de-44700-creyentes-se-unen-a-la-iglesia-en-un-solo-dia-mientras-el-mundo-observa\/"},"modified":"2017-06-02T09:12:00","modified_gmt":"2017-06-02T13:12:00","slug":"interamerica-mas-de-44700-creyentes-se-unen-a-la-iglesia-en-un-solo-dia-mientras-el-mundo-observa","status":"publish","type":"post","link":"https:\/\/interamerica.org\/es\/2007\/03\/interamerica-mas-de-44700-creyentes-se-unen-a-la-iglesia-en-un-solo-dia-mientras-el-mundo-observa\/","title":{"rendered":"Interam\u00e9rica: M\u00e1s de 44,700 creyentes se unen a la iglesia en un s\u00f3lo d\u00eda mientras el mundo observa"},"content":{"rendered":"<p>Santo Domingo, Rep\u00fablica Dominicana&#8230;[Libna Stevens\/DIA] <\/p>\n<p>El s\u00e1bado 24 de marzo se hizo historia en la Divisi\u00f3n Interamericana (DIA) al bautizar 44,775 personas en la fe adventista. Es el mayor n\u00famero de bautismos celebrado en un s\u00f3lo d\u00eda desde que la DIA fue establecida en 1921. <\/p>\n<p>Inspirados por el pentecost\u00e9s b\u00edblico de Hechos 2, el evento de todo el territorio, llamado <strong  ><em  >Pentecost\u00e9s y M\u00e1s,<\/em  ><\/strong  > incluy\u00f3 transmisiones satelitales provenientes de todas las 15 uniones las cuales fueron difundidas a trav\u00e9s de todo el mundo, incluyendo la sede principal del programa en Santo Domingo, Rep\u00fablica Dominicana.  <\/p>\n<p>\u00abEste es un d\u00eda muy extraordinario\u00bb, dijo el Pastor Jan Paulsen, presidente de la iglesia adventista mundial a miles de adventistas del s\u00e9ptimo al hablar en El Palacio de los Deportes en Santo Domingo.  Jam\u00e1s he hecho algo semejante.  He predicado casi todos los s\u00e1bados, he viajado alrededor de todo el mundo, pero nunca he celebrado algo como esto\u00bb, exclam\u00f3 el. <\/p>\n<p>M\u00e1s de 10,000 personas se aglomeraron en el estadio para presenciar este evento, que fue la culminaci\u00f3n de meses y meses de campa\u00f1as de evangelizaci\u00f3n en la DIA y requiri\u00f3 los esfuerzos coordinados de cientos de pastores, personal de iglesia y laicos a trav\u00e9s de 15 territorios principales. <\/p>\n<p>Fuera del estadio, m\u00e1s de 5,000 personas vieron las oleadas de candidatos al bautismo, vestidos con sus vestimentas bautismales de color azul, pasar adelante. Algunos bautismos fueron celebrados dentro del estadio, mientras la mayor\u00eda fueron realizados por 60 pastores en una piscina ol\u00edmpica fuera. <\/p>\n<p>Organizada por la Asociaci\u00f3n Ministerial de la DIA, la iniciativa de evangelizaci\u00f3n buscaba involucrar pastores y miembros de iglesia en cada iglesia local en el territorio para compartir la fe adventista con creyentes de otras profesiones de fe en la esperanza de alcanzar el blanco de los tres millones. Hace dos a\u00f1os, este logro no se esperaba alcanzar hasta el a\u00f1o 2010. <\/p>\n<p>En el cl\u00edmax del evento estuvo el bautismo de Clarissa, una joven escogida para representar el miembro que completaba los tres millones en Interam\u00e9rica. Ella comparti\u00f3 c\u00f3mo Dios transform\u00f3 su vida. <\/p>\n<p>\u00abYo andaba en el mundo y miraba c\u00f3mo hay tanta maldad, dolor y tristeza y Dios tiene algo diferente para m\u00ed\u00bb, dijo ella. \u00abEs como tener una nueva vida ahora, yo s\u00e9 que ser\u00e9 diferente con la ayuda de Dios\u00bb. <\/p>\n<p>Cuando Clarissa fue sumergida en la pila bautismal cerca de la plataforma, multitud de personas se reunieron para presenciar el significativo logro. <\/p>\n<p>Cada una de las 15 regiones principales de la iglesia de Interam\u00e9rica fue presentada en transmisi\u00f3n satelital en forma sucesiva a intervalos de tiempo espec\u00edfico durante el programa. El comienzo de la presentaci\u00f3n de cada regi\u00f3n en el programa fue anunciado con un video musical resaltando la regi\u00f3n y la oraci\u00f3n especial bautismal. <\/p>\n<p>Al comienzo, el pastor Paulsen, quien pronunci\u00f3 el mensaje central durante el servicio de adoraci\u00f3n del s\u00e1bado, les habl\u00f3 a 1,400 personas sentadas en el primer piso del estadio. La imagen del pastor Paulsen y su mensaje fueron llevadas por v\u00eda satelital a los miles m\u00e1s a trav\u00e9s de la DIA reunidos en iglesias locales y en centros de convenciones que se preparaban para el bautismo. <\/p>\n<p>\u00abCristo Jes\u00fas es el \u00fanico camino\u00bb, dijo el pastor Paulsen. \u00ab\u00c9l es la \u00fanica puerta de entrada al futuro\u00bb. <\/p>\n<p>El pastor Paulsen enfatiz\u00f3 lo que llam\u00f3 los cuatro pilares del evangelio que cada candidato abrazar\u00eda al comprometerse p\u00fablicamente a seguir a Jes\u00fas por medio del bautismo: primero, teniendo la certeza de que Jesucristo es el salvador de la humanidad; segundo, que Jes\u00fas no se qued\u00f3 en la tumba; tercero, que Jes\u00fas est\u00e1 vivo, ascendi\u00f3 a los cielos y est\u00e1 ministrando por cada uno; y finalmente, que \u00e9l volver\u00e1. <\/p>\n<p>El pastor Paulsen ret\u00f3 a todos los congregados a dedicar sus vidas a Cristo y a contarle a otros las buenas nuevas del evangelio. <\/p>\n<p>Poco despu\u00e9s del evento, los l\u00edderes de la iglesia y los organizadores se maravillaron por el impacto que fluy\u00f3 a trav\u00e9s del territorio tras este hist\u00f3rico evento. <\/p>\n<p>\u00abEl programa ha unido a las iglesias\u00bb, dijo el pastor Balvin Braham, quien organiz\u00f3 <em  >Pentecost\u00e9s y M\u00e1s<\/em  >. \u00abEs un sentimiento de reavivamiento espiritual lo que ha sucedido, no simplemente un evento, y tambi\u00e9n ha movilizado a personas para evangelizar\u00bb, dijo \u00e9l. <\/p>\n<p>\u00abEn nuestro caso, no es asunto de n\u00fameros\u00bb, dijo Israel Leito, presidente de la iglesia en Interam\u00e9rica. Estamos felices de haber alcanzado simb\u00f3licamente los tres millones de miembros, pero estaremos m\u00e1s felices cuando, con todos los santos del Se\u00f1or, estemos a los pies de Jes\u00fas. Este ser\u00e1 nuestro m\u00e1s grande regocijo\u00bb, exclam\u00f3 \u00e9l. <\/p>\n<p>\u00abEsta es parte de la historia, una buena historia\u00bb, dijo del evento el pastor Le\u00f3n Wellington, vicepresidente y director de comunicaciones para la iglesia en Interam\u00e9rica. \u00abEstamos felices de ser parte de este programa usando la tecnolog\u00eda disponible hoy para contribuir en el cumplimiento de la misi\u00f3n de la iglesia\u00bb. <\/p>\n<p>Aunque hubo algunas dificultades al comienzo, el evento unific\u00f3 los esfuerzos de evangelizaci\u00f3n al compartir la fe adventista con creyentes de otras profesiones a trav\u00e9s del territorio, un objetivo mayor, seg\u00fan Braham. <\/p>\n<p>El programa no solamente procure el logro de su objetivo de unificar fuerzas en la iglesia para compartir el evangelio, dijo el  Wellington, pero fue, tambi\u00e9n, parte del lanzamiento del canal de televisi\u00f3n en el idioma espa\u00f1ol de la iglesia adventista mundial, Esperanza TV. <\/p>\n<p>Kandus Thorpe, un ejecutivo de Hope Channel TV, dijo a la audiencia que, Esperanza TV, es la voz oficial de televisi\u00f3n de la Iglesia Adventista del S\u00e9ptimo D\u00eda para el mundo de habla hispana. \u00abEl prop\u00f3sito es que sea una ventana a al mundo para que vean la Iglesia Adventista del S\u00e9ptimo D\u00eda, y Esperanza TV existe para mostrar al resto del mundo la vida de la iglesia aqu\u00ed en Interam\u00e9rica. <\/p>\n<p>El evento tambi\u00e9n fue transmitido en vivo por Adventist Televisi\u00f3n Networks, Hope TV, 3ABN, Nuevo Tiempo y Red A. D.venir. <\/p>\n<p><em  >Pentecost\u00e9s y M\u00e1s<\/em  > es solamente un ligero vistazo dentro del futuro de la DIA. <\/p>\n<p>\u00ab<em  >Pentecost\u00e9s y M\u00e1s<\/em  > ha sido el despertar de una nueva direcci\u00f3n para la iglesia en Interam\u00e9rica\u00bb, dijo el pastor Leito. \u00c9l expres\u00f3 inter\u00e9s en ampliar el programa y hacerlo un evento anual. <\/p>\n<p>\u00abRealmente habla de lo que puede suceder cuando logramos que nuestra feligres\u00eda trabaje\u00bb, dijo el pastor Braham. \u00abSi podemos lograr que todos nuestros miembros participen activamente en evangelismo, es impredecible el considerable impacto que podemos tener\u00bb.<\/p>\n<p>La Iglesia Adventista del S\u00e9ptimo D\u00eda en Interam\u00e9rica se extiende desde M\u00e9xico, Am\u00e9rica Central, el Caribe y el extremo norte de Sudam\u00e9rica, y tiene alrededor de 3 millones de miembros que adoran en 9,218 templos.<\/p>\n<p>Para ver galer\u00eda de fotograf\u00edas vaya a <a   https:\/\/recursing-golick.147-182-135-0.plesk.page\/PMGallery\n<\/p>\n","protected":false},"excerpt":{"rendered":"<p>El s\u00e1bado 24 de marzo hizo historia en la Divisi\u00f3n Interamericana (DIA) al bautizarse 44,775 personas en la fe adventista. Es el mayor n\u00famero de bautismos celebrado en un s\u00f3lo d\u00eda desde que la DIA fue establecida en 1921<\/p>\n","protected":false},"author":1,"featured_media":0,"comment_status":"closed","ping_status":"closed","sticky":false,"template":"","format":"standard","meta":{"_acf_changed":false,"footnotes":""},"categories":[8],"tags":[],"class_list":["post-10917","post","type-post","status-publish","format-standard","hentry","category-archivo"],"acf":[],"yoast_head":"<!-- This site is optimized with the Yoast SEO plugin v27.3 - https:\/\/yoast.com\/product\/yoast-seo-wordpress\/ -->\n<title>Interam\u00e9rica: M\u00e1s de 44,700 creyentes se unen a la iglesia en un s\u00f3lo d\u00eda mientras el mundo observa - Iglesia Adventista del S\u00e9ptimo D\u00eda - Divisi\u00f3n Interamericana<\/title>\n<meta name=\"robots\" content=\"index, follow, max-snippet:-1, max-image-preview:large, max-video-preview:-1\" \/>\n<link rel=\"canonical\" href=\"https:\/\/interamerica.org\/es\/2007\/03\/interamerica-mas-de-44700-creyentes-se-unen-a-la-iglesia-en-un-solo-dia-mientras-el-mundo-observa\/\" \/>\n<meta property=\"og:locale\" content=\"es_ES\" \/>\n<meta property=\"og:type\" content=\"article\" \/>\n<meta property=\"og:title\" content=\"Interam\u00e9rica: M\u00e1s de 44,700 creyentes se unen a la iglesia en un s\u00f3lo d\u00eda mientras el mundo observa - Iglesia Adventista del S\u00e9ptimo D\u00eda - Divisi\u00f3n Interamericana\" \/>\n<meta property=\"og:description\" content=\"El s\u00e1bado 24 de marzo hizo historia en la Divisi\u00f3n Interamericana (DIA) al bautizarse 44,775 personas en la fe adventista. Es el mayor n\u00famero de bautismos celebrado en un s\u00f3lo d\u00eda desde que la DIA fue establecida en 1921\" \/>\n<meta property=\"og:url\" content=\"https:\/\/interamerica.org\/es\/2007\/03\/interamerica-mas-de-44700-creyentes-se-unen-a-la-iglesia-en-un-solo-dia-mientras-el-mundo-observa\/\" \/>\n<meta property=\"og:site_name\" content=\"Iglesia Adventista del S\u00e9ptimo D\u00eda - Divisi\u00f3n Interamericana\" \/>\n<meta property=\"article:published_time\" content=\"2007-03-27T04:00:00+00:00\" \/>\n<meta property=\"article:modified_time\" content=\"2017-06-02T13:12:00+00:00\" \/>\n<meta name=\"author\" content=\"Lorenzo Verduzco\" \/>\n<meta name=\"twitter:card\" content=\"summary_large_image\" \/>\n<meta name=\"twitter:label1\" content=\"Escrito por\" \/>\n\t<meta name=\"twitter:data1\" content=\"Lorenzo Verduzco\" \/>\n\t<meta name=\"twitter:label2\" content=\"Tiempo de lectura\" \/>\n\t<meta name=\"twitter:data2\" content=\"6 minutos\" \/>\n<script type=\"application\/ld+json\" class=\"yoast-schema-graph\">{\"@context\":\"https:\\\/\\\/schema.org\",\"@graph\":[{\"@type\":\"Article\",\"@id\":\"https:\\\/\\\/interamerica.org\\\/es\\\/2007\\\/03\\\/interamerica-mas-de-44700-creyentes-se-unen-a-la-iglesia-en-un-solo-dia-mientras-el-mundo-observa\\\/#article\",\"isPartOf\":{\"@id\":\"https:\\\/\\\/interamerica.org\\\/es\\\/2007\\\/03\\\/interamerica-mas-de-44700-creyentes-se-unen-a-la-iglesia-en-un-solo-dia-mientras-el-mundo-observa\\\/\"},\"author\":{\"name\":\"Lorenzo Verduzco\",\"@id\":\"https:\\\/\\\/interamerica.org\\\/es\\\/#\\\/schema\\\/person\\\/68ede8bdc292885bb76c1e3810e73c39\"},\"headline\":\"Interam\u00e9rica: M\u00e1s de 44,700 creyentes se unen a la iglesia en un s\u00f3lo d\u00eda mientras el mundo observa\",\"datePublished\":\"2007-03-27T04:00:00+00:00\",\"dateModified\":\"2017-06-02T13:12:00+00:00\",\"mainEntityOfPage\":{\"@id\":\"https:\\\/\\\/interamerica.org\\\/es\\\/2007\\\/03\\\/interamerica-mas-de-44700-creyentes-se-unen-a-la-iglesia-en-un-solo-dia-mientras-el-mundo-observa\\\/\"},\"wordCount\":1203,\"articleSection\":[\"Archivo\"],\"inLanguage\":\"es\"},{\"@type\":\"WebPage\",\"@id\":\"https:\\\/\\\/interamerica.org\\\/es\\\/2007\\\/03\\\/interamerica-mas-de-44700-creyentes-se-unen-a-la-iglesia-en-un-solo-dia-mientras-el-mundo-observa\\\/\",\"url\":\"https:\\\/\\\/interamerica.org\\\/es\\\/2007\\\/03\\\/interamerica-mas-de-44700-creyentes-se-unen-a-la-iglesia-en-un-solo-dia-mientras-el-mundo-observa\\\/\",\"name\":\"Interam\u00e9rica: M\u00e1s de 44,700 creyentes se unen a la iglesia en un s\u00f3lo d\u00eda mientras el mundo observa - Iglesia Adventista del S\u00e9ptimo D\u00eda - Divisi\u00f3n Interamericana\",\"isPartOf\":{\"@id\":\"https:\\\/\\\/interamerica.org\\\/es\\\/#website\"},\"datePublished\":\"2007-03-27T04:00:00+00:00\",\"dateModified\":\"2017-06-02T13:12:00+00:00\",\"author\":{\"@id\":\"https:\\\/\\\/interamerica.org\\\/es\\\/#\\\/schema\\\/person\\\/68ede8bdc292885bb76c1e3810e73c39\"},\"breadcrumb\":{\"@id\":\"https:\\\/\\\/interamerica.org\\\/es\\\/2007\\\/03\\\/interamerica-mas-de-44700-creyentes-se-unen-a-la-iglesia-en-un-solo-dia-mientras-el-mundo-observa\\\/#breadcrumb\"},\"inLanguage\":\"es\",\"potentialAction\":[{\"@type\":\"ReadAction\",\"target\":[\"https:\\\/\\\/interamerica.org\\\/es\\\/2007\\\/03\\\/interamerica-mas-de-44700-creyentes-se-unen-a-la-iglesia-en-un-solo-dia-mientras-el-mundo-observa\\\/\"]}]},{\"@type\":\"BreadcrumbList\",\"@id\":\"https:\\\/\\\/interamerica.org\\\/es\\\/2007\\\/03\\\/interamerica-mas-de-44700-creyentes-se-unen-a-la-iglesia-en-un-solo-dia-mientras-el-mundo-observa\\\/#breadcrumb\",\"itemListElement\":[{\"@type\":\"ListItem\",\"position\":1,\"name\":\"Home\",\"item\":\"https:\\\/\\\/interamerica.org\\\/es\\\/\"},{\"@type\":\"ListItem\",\"position\":2,\"name\":\"Interam\u00e9rica: M\u00e1s de 44,700 creyentes se unen a la iglesia en un s\u00f3lo d\u00eda mientras el mundo observa\"}]},{\"@type\":\"WebSite\",\"@id\":\"https:\\\/\\\/interamerica.org\\\/es\\\/#website\",\"url\":\"https:\\\/\\\/interamerica.org\\\/es\\\/\",\"name\":\"Iglesia Adventista del S\u00e9ptimo D\u00eda - Divisi\u00f3n Interamericana\",\"description\":\"\",\"potentialAction\":[{\"@type\":\"SearchAction\",\"target\":{\"@type\":\"EntryPoint\",\"urlTemplate\":\"https:\\\/\\\/interamerica.org\\\/es\\\/?s={search_term_string}\"},\"query-input\":{\"@type\":\"PropertyValueSpecification\",\"valueRequired\":true,\"valueName\":\"search_term_string\"}}],\"inLanguage\":\"es\"},{\"@type\":\"Person\",\"@id\":\"https:\\\/\\\/interamerica.org\\\/es\\\/#\\\/schema\\\/person\\\/68ede8bdc292885bb76c1e3810e73c39\",\"name\":\"Lorenzo Verduzco\",\"image\":{\"@type\":\"ImageObject\",\"inLanguage\":\"es\",\"@id\":\"https:\\\/\\\/secure.gravatar.com\\\/avatar\\\/fb81a55b6218459490a9c1dc841a34909185b81904c5337b4b27f7a6fd60c49e?s=96&d=mm&r=g\",\"url\":\"https:\\\/\\\/secure.gravatar.com\\\/avatar\\\/fb81a55b6218459490a9c1dc841a34909185b81904c5337b4b27f7a6fd60c49e?s=96&d=mm&r=g\",\"contentUrl\":\"https:\\\/\\\/secure.gravatar.com\\\/avatar\\\/fb81a55b6218459490a9c1dc841a34909185b81904c5337b4b27f7a6fd60c49e?s=96&d=mm&r=g\",\"caption\":\"Lorenzo Verduzco\"}}]}<\/script>\n<!-- \/ Yoast SEO plugin. -->","yoast_head_json":{"title":"Interam\u00e9rica: M\u00e1s de 44,700 creyentes se unen a la iglesia en un s\u00f3lo d\u00eda mientras el mundo observa - Iglesia Adventista del S\u00e9ptimo D\u00eda - Divisi\u00f3n Interamericana","robots":{"index":"index","follow":"follow","max-snippet":"max-snippet:-1","max-image-preview":"max-image-preview:large","max-video-preview":"max-video-preview:-1"},"canonical":"https:\/\/interamerica.org\/es\/2007\/03\/interamerica-mas-de-44700-creyentes-se-unen-a-la-iglesia-en-un-solo-dia-mientras-el-mundo-observa\/","og_locale":"es_ES","og_type":"article","og_title":"Interam\u00e9rica: M\u00e1s de 44,700 creyentes se unen a la iglesia en un s\u00f3lo d\u00eda mientras el mundo observa - Iglesia Adventista del S\u00e9ptimo D\u00eda - Divisi\u00f3n Interamericana","og_description":"El s\u00e1bado 24 de marzo hizo historia en la Divisi\u00f3n Interamericana (DIA) al bautizarse 44,775 personas en la fe adventista. Es el mayor n\u00famero de bautismos celebrado en un s\u00f3lo d\u00eda desde que la DIA fue establecida en 1921","og_url":"https:\/\/interamerica.org\/es\/2007\/03\/interamerica-mas-de-44700-creyentes-se-unen-a-la-iglesia-en-un-solo-dia-mientras-el-mundo-observa\/","og_site_name":"Iglesia Adventista del S\u00e9ptimo D\u00eda - Divisi\u00f3n Interamericana","article_published_time":"2007-03-27T04:00:00+00:00","article_modified_time":"2017-06-02T13:12:00+00:00","author":"Lorenzo Verduzco","twitter_card":"summary_large_image","twitter_misc":{"Escrito por":"Lorenzo Verduzco","Tiempo de lectura":"6 minutos"},"schema":{"@context":"https:\/\/schema.org","@graph":[{"@type":"Article","@id":"https:\/\/interamerica.org\/es\/2007\/03\/interamerica-mas-de-44700-creyentes-se-unen-a-la-iglesia-en-un-solo-dia-mientras-el-mundo-observa\/#article","isPartOf":{"@id":"https:\/\/interamerica.org\/es\/2007\/03\/interamerica-mas-de-44700-creyentes-se-unen-a-la-iglesia-en-un-solo-dia-mientras-el-mundo-observa\/"},"author":{"name":"Lorenzo Verduzco","@id":"https:\/\/interamerica.org\/es\/#\/schema\/person\/68ede8bdc292885bb76c1e3810e73c39"},"headline":"Interam\u00e9rica: M\u00e1s de 44,700 creyentes se unen a la iglesia en un s\u00f3lo d\u00eda mientras el mundo observa","datePublished":"2007-03-27T04:00:00+00:00","dateModified":"2017-06-02T13:12:00+00:00","mainEntityOfPage":{"@id":"https:\/\/interamerica.org\/es\/2007\/03\/interamerica-mas-de-44700-creyentes-se-unen-a-la-iglesia-en-un-solo-dia-mientras-el-mundo-observa\/"},"wordCount":1203,"articleSection":["Archivo"],"inLanguage":"es"},{"@type":"WebPage","@id":"https:\/\/interamerica.org\/es\/2007\/03\/interamerica-mas-de-44700-creyentes-se-unen-a-la-iglesia-en-un-solo-dia-mientras-el-mundo-observa\/","url":"https:\/\/interamerica.org\/es\/2007\/03\/interamerica-mas-de-44700-creyentes-se-unen-a-la-iglesia-en-un-solo-dia-mientras-el-mundo-observa\/","name":"Interam\u00e9rica: M\u00e1s de 44,700 creyentes se unen a la iglesia en un s\u00f3lo d\u00eda mientras el mundo observa - Iglesia Adventista del S\u00e9ptimo D\u00eda - Divisi\u00f3n Interamericana","isPartOf":{"@id":"https:\/\/interamerica.org\/es\/#website"},"datePublished":"2007-03-27T04:00:00+00:00","dateModified":"2017-06-02T13:12:00+00:00","author":{"@id":"https:\/\/interamerica.org\/es\/#\/schema\/person\/68ede8bdc292885bb76c1e3810e73c39"},"breadcrumb":{"@id":"https:\/\/interamerica.org\/es\/2007\/03\/interamerica-mas-de-44700-creyentes-se-unen-a-la-iglesia-en-un-solo-dia-mientras-el-mundo-observa\/#breadcrumb"},"inLanguage":"es","potentialAction":[{"@type":"ReadAction","target":["https:\/\/interamerica.org\/es\/2007\/03\/interamerica-mas-de-44700-creyentes-se-unen-a-la-iglesia-en-un-solo-dia-mientras-el-mundo-observa\/"]}]},{"@type":"BreadcrumbList","@id":"https:\/\/interamerica.org\/es\/2007\/03\/interamerica-mas-de-44700-creyentes-se-unen-a-la-iglesia-en-un-solo-dia-mientras-el-mundo-observa\/#breadcrumb","itemListElement":[{"@type":"ListItem","position":1,"name":"Home","item":"https:\/\/interamerica.org\/es\/"},{"@type":"ListItem","position":2,"name":"Interam\u00e9rica: M\u00e1s de 44,700 creyentes se unen a la iglesia en un s\u00f3lo d\u00eda mientras el mundo observa"}]},{"@type":"WebSite","@id":"https:\/\/interamerica.org\/es\/#website","url":"https:\/\/interamerica.org\/es\/","name":"Iglesia Adventista del S\u00e9ptimo D\u00eda - Divisi\u00f3n Interamericana","description":"","potentialAction":[{"@type":"SearchAction","target":{"@type":"EntryPoint","urlTemplate":"https:\/\/interamerica.org\/es\/?s={search_term_string}"},"query-input":{"@type":"PropertyValueSpecification","valueRequired":true,"valueName":"search_term_string"}}],"inLanguage":"es"},{"@type":"Person","@id":"https:\/\/interamerica.org\/es\/#\/schema\/person\/68ede8bdc292885bb76c1e3810e73c39","name":"Lorenzo Verduzco","image":{"@type":"ImageObject","inLanguage":"es","@id":"https:\/\/secure.gravatar.com\/avatar\/fb81a55b6218459490a9c1dc841a34909185b81904c5337b4b27f7a6fd60c49e?s=96&d=mm&r=g","url":"https:\/\/secure.gravatar.com\/avatar\/fb81a55b6218459490a9c1dc841a34909185b81904c5337b4b27f7a6fd60c49e?s=96&d=mm&r=g","contentUrl":"https:\/\/secure.gravatar.com\/avatar\/fb81a55b6218459490a9c1dc841a34909185b81904c5337b4b27f7a6fd60c49e?s=96&d=mm&r=g","caption":"Lorenzo Verduzco"}}]}},"_links":{"self":[{"href":"https:\/\/interamerica.org\/es\/wp-json\/wp\/v2\/posts\/10917","targetHints":{"allow":["GET"]}}],"collection":[{"href":"https:\/\/interamerica.org\/es\/wp-json\/wp\/v2\/posts"}],"about":[{"href":"https:\/\/interamerica.org\/es\/wp-json\/wp\/v2\/types\/post"}],"author":[{"embeddable":true,"href":"https:\/\/interamerica.org\/es\/wp-json\/wp\/v2\/users\/1"}],"replies":[{"embeddable":true,"href":"https:\/\/interamerica.org\/es\/wp-json\/wp\/v2\/comments?post=10917"}],"version-history":[{"count":0,"href":"https:\/\/interamerica.org\/es\/wp-json\/wp\/v2\/posts\/10917\/revisions"}],"wp:attachment":[{"href":"https:\/\/interamerica.org\/es\/wp-json\/wp\/v2\/media?parent=10917"}],"wp:term":[{"taxonomy":"category","embeddable":true,"href":"https:\/\/interamerica.org\/es\/wp-json\/wp\/v2\/categories?post=10917"},{"taxonomy":"post_tag","embeddable":true,"href":"https:\/\/interamerica.org\/es\/wp-json\/wp\/v2\/tags?post=10917"}],"curies":[{"name":"wp","href":"https:\/\/api.w.org\/{rel}","templated":true}]}}