{"id":109179,"date":"2024-01-23T12:20:02","date_gmt":"2024-01-23T17:20:02","guid":{"rendered":"https:\/\/interamerica.org\/?p=109179"},"modified":"2024-01-23T13:48:51","modified_gmt":"2024-01-23T18:48:51","slug":"junta-de-la-universidad-adventista-de-las-antillas-elige-nuevo-rector","status":"publish","type":"post","link":"https:\/\/interamerica.org\/es\/2024\/01\/junta-de-la-universidad-adventista-de-las-antillas-elige-nuevo-rector\/","title":{"rendered":"Junta de la Universidad Adventista de las Antillas elige nuevo rector"},"content":{"rendered":"<p><em>El doctor Edwin Hern\u00e1ndez remplazar\u00e1 a la doctora Myrna Col\u00f3n, quien se jubila en junio de 2024.<\/em><\/p>\n<p>23 de enero de 2024 | Mayag\u00fcez, Puerto Rico | Lorell M. Varela, Universidad Adventista de las Antillas, y Noticias de la Divisi\u00f3n Interamericana<\/p>\n<p>La Junta Directiva de la Universidad Adventista de las Antillas eligi\u00f3 hace poco al doctor Edwin Hern\u00e1ndez como nuevo rector de la instituci\u00f3n a partir del 1 de julio de 2024. La decisi\u00f3n se produjo despu\u00e9s de que la doctora Myrna Col\u00f3n, actual rectora de la Universidad Adventista de las Antillas, anunciara que se jubilar\u00e1 despu\u00e9s de dirigir la instituci\u00f3n durante ocho a\u00f1os.<\/p>\n<p>El doctor Hern\u00e1ndez ha estado prestando servicios como director ejecutivo del Instituto Louisville en Kentucky, Estados Unidos, y antes fue rector de la Universidad AdventHealth en Orlando, Florida, Estados Unidos.<\/p>\n<p>\u201cSin duda alguna, su extensa carrera acad\u00e9mica y de liderazgo lo coloca como el candidato ideal para llevar a la universidad hacia una nueva era de crecimiento y excelencia\u201d, dijo el pastor Luis Rivera, presidente de la Uni\u00f3n Puertorrique\u00f1a y presidente de la Junta de la instituci\u00f3n.<\/p>\n<p><div id=\"attachment_109173\" style=\"width: 457px\" class=\"wp-caption aligncenter\"><img fetchpriority=\"high\" decoding=\"async\" aria-describedby=\"caption-attachment-109173\" class=\" wp-image-109171\" src=\"https:\/\/interamerica.org\/wp-content\/uploads\/2024\/01\/edwinhernandez-aau-jan2024.jpg\" alt=\"\" width=\"447\" height=\"671\" srcset=\"https:\/\/interamerica.org\/wp-content\/uploads\/2024\/01\/edwinhernandez-aau-jan2024.jpg 650w, https:\/\/interamerica.org\/wp-content\/uploads\/2024\/01\/edwinhernandez-aau-jan2024-200x300.jpg 200w\" sizes=\"(max-width: 447px) 100vw, 447px\" \/><p id=\"caption-attachment-109173\" class=\"wp-caption-text\">[Fotograf\u00eda: cortes\u00eda de Edwin Hern\u00e1ndez\/AAU]<\/p><\/div>\u201cLa Dra. Colo\u0301n es una profesional de alto calibre que ha sido un modelo de servicio cristiano y de fe inquebrantable, quien cierra un capi\u0301tulo histo\u0301rico. Se convirtio\u0301 en la primera presidenta de una institucio\u0301n superior en Puerto Rico y estuvo al frente de Antillean durante los peri\u0301odos 1996-2001 y 2022-2024. Mientras agradecemos las extraordinarias aportaciones de la Dra. Colo\u0301n, damos la bienvenida al Dr. Herna\u0301ndez, quien tambie\u0301n es un li\u0301der acade\u0301mico con un profundo compromiso con la educacio\u0301n superior\u201d, dijo Rivera.<\/p>\n<p>Como reacci\u00f3n a su nuevo cargo, el doctor Hern\u00e1ndez expres\u00f3: \u201cMe siento honrado y entusiasmado de unirme a la comunidad de Antillean Adventist University como su presidente. Mi pasio\u0301n por la educacio\u0301n cristiana y compromiso de fomentar un entorno de excelencia acade\u0301mica se alinea perfectamente con la misio\u0301n y los valores de la Universidad. En colaboracio\u0301n con el cuerpo docente, el personal y los estudiantes continuaremos el legado de la institucio\u0301n brindando educacio\u0301n cristiana de calidad.\u00bb<\/p>\n<p>La carrera profesional del doctor Hern\u00e1ndez destaca su labor en la Universidad de Notre Dame, en las Fundaciones de la Familia Doug &amp; Maria DeVos, The Pew Charitable Trusts, y la Universidad Andrews.<\/p>\n<p>Adem\u00e1s de ello, el doctor Hern\u00e1ndez fue vicepresidente de asuntos acad\u00e9micos de la Universidad Adventista de las Antillas durante el primer per\u00edodo de la doctora Col\u00f3n como rectora. Al comentar sobre su visi\u00f3n para la universidad, expres\u00f3 que regresar a la hermosa isla de Puerto Rico, el lugar de sus ra\u00edces tiene un profundo significado para \u00e9l. \u201cNo se trata so\u0301lo de asumir un nuevo rol; es un regreso para contribuir a la comunidad que dio forma a mis primeros an\u0303os profesionales\u201d, dijo Hern\u00e1ndez. \u201cTengo mucho entusiasmo y un gran compromiso de promover el rol de Antillean como catalizador para promover la educacio\u0301n de profesionales con una visio\u0301n profundamente arraigada en el servicio cristiano.\u00bb<\/p>\n<div class=\"page\" title=\"Page 1\">\n<div class=\"layoutArea\">\n<p>El objetivo de Antillean es nutrir, no solo la excelencia acade\u0301mica, sino tambie\u0301n el crecimiento espiritual de los estudiantes, fomentando personas con integridad moral dedicadas a servir a la iglesia y la sociedad\u00bb, dijo.<\/p>\n<\/div>\n<\/div>\n<p>El doctor Hern\u00e1ndez posee un doctorado en Sociolog\u00eda de la Universidad de Notre Dame, con una especializaci\u00f3n en sociolog\u00eda de la religi\u00f3n y una Maestr\u00eda en Teolog\u00eda de la Universidad Andrews. Ha escrito libros y m\u00faltiples art\u00edculos e informes acad\u00e9micos.<\/p>\n<p>La doctora Col\u00f3n, adem\u00e1s de trabajar en otras funciones educacionales dentro y fuera de la isla, deja como presidenta un legado de dedicaci\u00f3n y lealtad a la universidad que le gan\u00f3 ser designada por la Junta Directiva como rectora em\u00e9rita, coment\u00f3 el pastor Rivera. \u201cAgradecemos las grandes contribuciones de la Dra. Colo\u0301n y extendemos una ca\u0301lida bienvenida al Dr. Edwin Herna\u0301ndez, esperando que bajo su liderazgo Dios permita que Antillean siga siendo reconocida por la espiritualidad, la excelencia y el servicio, y el lugar ido\u0301neo para conectar, crecer y compartir\u201d, concluy\u00f3 Rivera.<\/p>\n<p>La Universidad Adventista de las Antillas fue establecida en Mayag\u00fcez, Puerto Rico, en 1961, y ofrece t\u00edtulos y programas y certificaciones de grado y de posgrado. Para saber m\u00e1s, ingrese a <a href=\"https:\/\/www.uaa.edu\/\">uaa.edu<\/a><\/p>\n<p>Traducci\u00f3n de Marcos Paseggi<\/p>\n","protected":false},"excerpt":{"rendered":"<p>El doctor Edwin Hern\u00e1ndez remplazar\u00e1 a la doctora Myrna Col\u00f3n, quien se jubila en junio de 2024. 23 de enero de 2024 | Mayag\u00fcez, Puerto Rico | Lorell M. Varela,&#8230;<\/p>\n","protected":false},"author":3,"featured_media":109180,"comment_status":"closed","ping_status":"closed","sticky":false,"template":"","format":"standard","meta":{"_acf_changed":false,"footnotes":""},"categories":[17,15],"tags":[],"class_list":["post-109179","post","type-post","status-publish","format-standard","has-post-thumbnail","hentry","category-desde-el-campo","category-rss-espanol"],"acf":[],"yoast_head":"<!-- This site is optimized with the Yoast SEO plugin v27.3 - https:\/\/yoast.com\/product\/yoast-seo-wordpress\/ -->\n<title>Junta de la Universidad Adventista de las Antillas elige nuevo rector - Iglesia Adventista del S\u00e9ptimo D\u00eda - Divisi\u00f3n Interamericana<\/title>\n<meta name=\"robots\" content=\"index, follow, max-snippet:-1, max-image-preview:large, max-video-preview:-1\" \/>\n<link rel=\"canonical\" href=\"https:\/\/interamerica.org\/es\/2024\/01\/junta-de-la-universidad-adventista-de-las-antillas-elige-nuevo-rector\/\" \/>\n<meta property=\"og:locale\" content=\"es_ES\" \/>\n<meta property=\"og:type\" content=\"article\" \/>\n<meta property=\"og:title\" content=\"Junta de la Universidad Adventista de las Antillas elige nuevo rector - Iglesia Adventista del S\u00e9ptimo D\u00eda - Divisi\u00f3n Interamericana\" \/>\n<meta property=\"og:description\" content=\"El doctor Edwin Hern\u00e1ndez remplazar\u00e1 a la doctora Myrna Col\u00f3n, quien se jubila en junio de 2024. 23 de enero de 2024 | Mayag\u00fcez, Puerto Rico | Lorell M. Varela,...\" \/>\n<meta property=\"og:url\" content=\"https:\/\/interamerica.org\/es\/2024\/01\/junta-de-la-universidad-adventista-de-las-antillas-elige-nuevo-rector\/\" \/>\n<meta property=\"og:site_name\" content=\"Iglesia Adventista del S\u00e9ptimo D\u00eda - Divisi\u00f3n Interamericana\" \/>\n<meta property=\"article:published_time\" content=\"2024-01-23T17:20:02+00:00\" \/>\n<meta property=\"article:modified_time\" content=\"2024-01-23T18:48:51+00:00\" \/>\n<meta property=\"og:image\" content=\"https:\/\/interamerica.org\/wp-content\/uploads\/2024\/01\/edwinhernandez-aau-jan2024-large-thumbnail.jpg\" \/>\n\t<meta property=\"og:image:width\" content=\"900\" \/>\n\t<meta property=\"og:image:height\" content=\"720\" \/>\n\t<meta property=\"og:image:type\" content=\"image\/jpeg\" \/>\n<meta name=\"author\" content=\"libna\" \/>\n<meta name=\"twitter:card\" content=\"summary_large_image\" \/>\n<meta name=\"twitter:label1\" content=\"Escrito por\" \/>\n\t<meta name=\"twitter:data1\" content=\"libna\" \/>\n\t<meta name=\"twitter:label2\" content=\"Tiempo de lectura\" \/>\n\t<meta name=\"twitter:data2\" content=\"4 minutos\" \/>\n<script type=\"application\/ld+json\" class=\"yoast-schema-graph\">{\"@context\":\"https:\\\/\\\/schema.org\",\"@graph\":[{\"@type\":\"Article\",\"@id\":\"https:\\\/\\\/interamerica.org\\\/es\\\/2024\\\/01\\\/junta-de-la-universidad-adventista-de-las-antillas-elige-nuevo-rector\\\/#article\",\"isPartOf\":{\"@id\":\"https:\\\/\\\/interamerica.org\\\/es\\\/2024\\\/01\\\/junta-de-la-universidad-adventista-de-las-antillas-elige-nuevo-rector\\\/\"},\"author\":{\"name\":\"libna\",\"@id\":\"https:\\\/\\\/interamerica.org\\\/es\\\/#\\\/schema\\\/person\\\/29998f2bc2d8bd0d38662909289b54f1\"},\"headline\":\"Junta de la Universidad Adventista de las Antillas elige nuevo rector\",\"datePublished\":\"2024-01-23T17:20:02+00:00\",\"dateModified\":\"2024-01-23T18:48:51+00:00\",\"mainEntityOfPage\":{\"@id\":\"https:\\\/\\\/interamerica.org\\\/es\\\/2024\\\/01\\\/junta-de-la-universidad-adventista-de-las-antillas-elige-nuevo-rector\\\/\"},\"wordCount\":782,\"image\":{\"@id\":\"https:\\\/\\\/interamerica.org\\\/es\\\/2024\\\/01\\\/junta-de-la-universidad-adventista-de-las-antillas-elige-nuevo-rector\\\/#primaryimage\"},\"thumbnailUrl\":\"https:\\\/\\\/interamerica.org\\\/wp-content\\\/uploads\\\/2024\\\/01\\\/edwinhernandez-aau-jan2024-large-thumbnail.jpg\",\"articleSection\":[\"Desde el campo\",\"RSS Espa\u00f1ol\"],\"inLanguage\":\"es\"},{\"@type\":\"WebPage\",\"@id\":\"https:\\\/\\\/interamerica.org\\\/es\\\/2024\\\/01\\\/junta-de-la-universidad-adventista-de-las-antillas-elige-nuevo-rector\\\/\",\"url\":\"https:\\\/\\\/interamerica.org\\\/es\\\/2024\\\/01\\\/junta-de-la-universidad-adventista-de-las-antillas-elige-nuevo-rector\\\/\",\"name\":\"Junta de la Universidad Adventista de las Antillas elige nuevo rector - Iglesia Adventista del S\u00e9ptimo D\u00eda - Divisi\u00f3n Interamericana\",\"isPartOf\":{\"@id\":\"https:\\\/\\\/interamerica.org\\\/es\\\/#website\"},\"primaryImageOfPage\":{\"@id\":\"https:\\\/\\\/interamerica.org\\\/es\\\/2024\\\/01\\\/junta-de-la-universidad-adventista-de-las-antillas-elige-nuevo-rector\\\/#primaryimage\"},\"image\":{\"@id\":\"https:\\\/\\\/interamerica.org\\\/es\\\/2024\\\/01\\\/junta-de-la-universidad-adventista-de-las-antillas-elige-nuevo-rector\\\/#primaryimage\"},\"thumbnailUrl\":\"https:\\\/\\\/interamerica.org\\\/wp-content\\\/uploads\\\/2024\\\/01\\\/edwinhernandez-aau-jan2024-large-thumbnail.jpg\",\"datePublished\":\"2024-01-23T17:20:02+00:00\",\"dateModified\":\"2024-01-23T18:48:51+00:00\",\"author\":{\"@id\":\"https:\\\/\\\/interamerica.org\\\/es\\\/#\\\/schema\\\/person\\\/29998f2bc2d8bd0d38662909289b54f1\"},\"breadcrumb\":{\"@id\":\"https:\\\/\\\/interamerica.org\\\/es\\\/2024\\\/01\\\/junta-de-la-universidad-adventista-de-las-antillas-elige-nuevo-rector\\\/#breadcrumb\"},\"inLanguage\":\"es\",\"potentialAction\":[{\"@type\":\"ReadAction\",\"target\":[\"https:\\\/\\\/interamerica.org\\\/es\\\/2024\\\/01\\\/junta-de-la-universidad-adventista-de-las-antillas-elige-nuevo-rector\\\/\"]}]},{\"@type\":\"ImageObject\",\"inLanguage\":\"es\",\"@id\":\"https:\\\/\\\/interamerica.org\\\/es\\\/2024\\\/01\\\/junta-de-la-universidad-adventista-de-las-antillas-elige-nuevo-rector\\\/#primaryimage\",\"url\":\"https:\\\/\\\/interamerica.org\\\/wp-content\\\/uploads\\\/2024\\\/01\\\/edwinhernandez-aau-jan2024-large-thumbnail.jpg\",\"contentUrl\":\"https:\\\/\\\/interamerica.org\\\/wp-content\\\/uploads\\\/2024\\\/01\\\/edwinhernandez-aau-jan2024-large-thumbnail.jpg\",\"width\":900,\"height\":720},{\"@type\":\"BreadcrumbList\",\"@id\":\"https:\\\/\\\/interamerica.org\\\/es\\\/2024\\\/01\\\/junta-de-la-universidad-adventista-de-las-antillas-elige-nuevo-rector\\\/#breadcrumb\",\"itemListElement\":[{\"@type\":\"ListItem\",\"position\":1,\"name\":\"Home\",\"item\":\"https:\\\/\\\/interamerica.org\\\/es\\\/\"},{\"@type\":\"ListItem\",\"position\":2,\"name\":\"Junta de la Universidad Adventista de las Antillas elige nuevo rector\"}]},{\"@type\":\"WebSite\",\"@id\":\"https:\\\/\\\/interamerica.org\\\/es\\\/#website\",\"url\":\"https:\\\/\\\/interamerica.org\\\/es\\\/\",\"name\":\"Iglesia Adventista del S\u00e9ptimo D\u00eda - Divisi\u00f3n Interamericana\",\"description\":\"\",\"potentialAction\":[{\"@type\":\"SearchAction\",\"target\":{\"@type\":\"EntryPoint\",\"urlTemplate\":\"https:\\\/\\\/interamerica.org\\\/es\\\/?s={search_term_string}\"},\"query-input\":{\"@type\":\"PropertyValueSpecification\",\"valueRequired\":true,\"valueName\":\"search_term_string\"}}],\"inLanguage\":\"es\"},{\"@type\":\"Person\",\"@id\":\"https:\\\/\\\/interamerica.org\\\/es\\\/#\\\/schema\\\/person\\\/29998f2bc2d8bd0d38662909289b54f1\",\"name\":\"libna\",\"image\":{\"@type\":\"ImageObject\",\"inLanguage\":\"es\",\"@id\":\"https:\\\/\\\/secure.gravatar.com\\\/avatar\\\/7c5bd30ae4b47a9ba3c856590957fd1d96dc588bf3ac05719d247e126840331f?s=96&d=mm&r=g\",\"url\":\"https:\\\/\\\/secure.gravatar.com\\\/avatar\\\/7c5bd30ae4b47a9ba3c856590957fd1d96dc588bf3ac05719d247e126840331f?s=96&d=mm&r=g\",\"contentUrl\":\"https:\\\/\\\/secure.gravatar.com\\\/avatar\\\/7c5bd30ae4b47a9ba3c856590957fd1d96dc588bf3ac05719d247e126840331f?s=96&d=mm&r=g\",\"caption\":\"libna\"}}]}<\/script>\n<!-- \/ Yoast SEO plugin. -->","yoast_head_json":{"title":"Junta de la Universidad Adventista de las Antillas elige nuevo rector - Iglesia Adventista del S\u00e9ptimo D\u00eda - Divisi\u00f3n Interamericana","robots":{"index":"index","follow":"follow","max-snippet":"max-snippet:-1","max-image-preview":"max-image-preview:large","max-video-preview":"max-video-preview:-1"},"canonical":"https:\/\/interamerica.org\/es\/2024\/01\/junta-de-la-universidad-adventista-de-las-antillas-elige-nuevo-rector\/","og_locale":"es_ES","og_type":"article","og_title":"Junta de la Universidad Adventista de las Antillas elige nuevo rector - Iglesia Adventista del S\u00e9ptimo D\u00eda - Divisi\u00f3n Interamericana","og_description":"El doctor Edwin Hern\u00e1ndez remplazar\u00e1 a la doctora Myrna Col\u00f3n, quien se jubila en junio de 2024. 23 de enero de 2024 | Mayag\u00fcez, Puerto Rico | Lorell M. Varela,...","og_url":"https:\/\/interamerica.org\/es\/2024\/01\/junta-de-la-universidad-adventista-de-las-antillas-elige-nuevo-rector\/","og_site_name":"Iglesia Adventista del S\u00e9ptimo D\u00eda - Divisi\u00f3n Interamericana","article_published_time":"2024-01-23T17:20:02+00:00","article_modified_time":"2024-01-23T18:48:51+00:00","og_image":[{"width":900,"height":720,"url":"https:\/\/interamerica.org\/wp-content\/uploads\/2024\/01\/edwinhernandez-aau-jan2024-large-thumbnail.jpg","type":"image\/jpeg"}],"author":"libna","twitter_card":"summary_large_image","twitter_misc":{"Escrito por":"libna","Tiempo de lectura":"4 minutos"},"schema":{"@context":"https:\/\/schema.org","@graph":[{"@type":"Article","@id":"https:\/\/interamerica.org\/es\/2024\/01\/junta-de-la-universidad-adventista-de-las-antillas-elige-nuevo-rector\/#article","isPartOf":{"@id":"https:\/\/interamerica.org\/es\/2024\/01\/junta-de-la-universidad-adventista-de-las-antillas-elige-nuevo-rector\/"},"author":{"name":"libna","@id":"https:\/\/interamerica.org\/es\/#\/schema\/person\/29998f2bc2d8bd0d38662909289b54f1"},"headline":"Junta de la Universidad Adventista de las Antillas elige nuevo rector","datePublished":"2024-01-23T17:20:02+00:00","dateModified":"2024-01-23T18:48:51+00:00","mainEntityOfPage":{"@id":"https:\/\/interamerica.org\/es\/2024\/01\/junta-de-la-universidad-adventista-de-las-antillas-elige-nuevo-rector\/"},"wordCount":782,"image":{"@id":"https:\/\/interamerica.org\/es\/2024\/01\/junta-de-la-universidad-adventista-de-las-antillas-elige-nuevo-rector\/#primaryimage"},"thumbnailUrl":"https:\/\/interamerica.org\/wp-content\/uploads\/2024\/01\/edwinhernandez-aau-jan2024-large-thumbnail.jpg","articleSection":["Desde el campo","RSS Espa\u00f1ol"],"inLanguage":"es"},{"@type":"WebPage","@id":"https:\/\/interamerica.org\/es\/2024\/01\/junta-de-la-universidad-adventista-de-las-antillas-elige-nuevo-rector\/","url":"https:\/\/interamerica.org\/es\/2024\/01\/junta-de-la-universidad-adventista-de-las-antillas-elige-nuevo-rector\/","name":"Junta de la Universidad Adventista de las Antillas elige nuevo rector - Iglesia Adventista del S\u00e9ptimo D\u00eda - Divisi\u00f3n Interamericana","isPartOf":{"@id":"https:\/\/interamerica.org\/es\/#website"},"primaryImageOfPage":{"@id":"https:\/\/interamerica.org\/es\/2024\/01\/junta-de-la-universidad-adventista-de-las-antillas-elige-nuevo-rector\/#primaryimage"},"image":{"@id":"https:\/\/interamerica.org\/es\/2024\/01\/junta-de-la-universidad-adventista-de-las-antillas-elige-nuevo-rector\/#primaryimage"},"thumbnailUrl":"https:\/\/interamerica.org\/wp-content\/uploads\/2024\/01\/edwinhernandez-aau-jan2024-large-thumbnail.jpg","datePublished":"2024-01-23T17:20:02+00:00","dateModified":"2024-01-23T18:48:51+00:00","author":{"@id":"https:\/\/interamerica.org\/es\/#\/schema\/person\/29998f2bc2d8bd0d38662909289b54f1"},"breadcrumb":{"@id":"https:\/\/interamerica.org\/es\/2024\/01\/junta-de-la-universidad-adventista-de-las-antillas-elige-nuevo-rector\/#breadcrumb"},"inLanguage":"es","potentialAction":[{"@type":"ReadAction","target":["https:\/\/interamerica.org\/es\/2024\/01\/junta-de-la-universidad-adventista-de-las-antillas-elige-nuevo-rector\/"]}]},{"@type":"ImageObject","inLanguage":"es","@id":"https:\/\/interamerica.org\/es\/2024\/01\/junta-de-la-universidad-adventista-de-las-antillas-elige-nuevo-rector\/#primaryimage","url":"https:\/\/interamerica.org\/wp-content\/uploads\/2024\/01\/edwinhernandez-aau-jan2024-large-thumbnail.jpg","contentUrl":"https:\/\/interamerica.org\/wp-content\/uploads\/2024\/01\/edwinhernandez-aau-jan2024-large-thumbnail.jpg","width":900,"height":720},{"@type":"BreadcrumbList","@id":"https:\/\/interamerica.org\/es\/2024\/01\/junta-de-la-universidad-adventista-de-las-antillas-elige-nuevo-rector\/#breadcrumb","itemListElement":[{"@type":"ListItem","position":1,"name":"Home","item":"https:\/\/interamerica.org\/es\/"},{"@type":"ListItem","position":2,"name":"Junta de la Universidad Adventista de las Antillas elige nuevo rector"}]},{"@type":"WebSite","@id":"https:\/\/interamerica.org\/es\/#website","url":"https:\/\/interamerica.org\/es\/","name":"Iglesia Adventista del S\u00e9ptimo D\u00eda - Divisi\u00f3n Interamericana","description":"","potentialAction":[{"@type":"SearchAction","target":{"@type":"EntryPoint","urlTemplate":"https:\/\/interamerica.org\/es\/?s={search_term_string}"},"query-input":{"@type":"PropertyValueSpecification","valueRequired":true,"valueName":"search_term_string"}}],"inLanguage":"es"},{"@type":"Person","@id":"https:\/\/interamerica.org\/es\/#\/schema\/person\/29998f2bc2d8bd0d38662909289b54f1","name":"libna","image":{"@type":"ImageObject","inLanguage":"es","@id":"https:\/\/secure.gravatar.com\/avatar\/7c5bd30ae4b47a9ba3c856590957fd1d96dc588bf3ac05719d247e126840331f?s=96&d=mm&r=g","url":"https:\/\/secure.gravatar.com\/avatar\/7c5bd30ae4b47a9ba3c856590957fd1d96dc588bf3ac05719d247e126840331f?s=96&d=mm&r=g","contentUrl":"https:\/\/secure.gravatar.com\/avatar\/7c5bd30ae4b47a9ba3c856590957fd1d96dc588bf3ac05719d247e126840331f?s=96&d=mm&r=g","caption":"libna"}}]}},"_links":{"self":[{"href":"https:\/\/interamerica.org\/es\/wp-json\/wp\/v2\/posts\/109179","targetHints":{"allow":["GET"]}}],"collection":[{"href":"https:\/\/interamerica.org\/es\/wp-json\/wp\/v2\/posts"}],"about":[{"href":"https:\/\/interamerica.org\/es\/wp-json\/wp\/v2\/types\/post"}],"author":[{"embeddable":true,"href":"https:\/\/interamerica.org\/es\/wp-json\/wp\/v2\/users\/3"}],"replies":[{"embeddable":true,"href":"https:\/\/interamerica.org\/es\/wp-json\/wp\/v2\/comments?post=109179"}],"version-history":[{"count":0,"href":"https:\/\/interamerica.org\/es\/wp-json\/wp\/v2\/posts\/109179\/revisions"}],"wp:featuredmedia":[{"embeddable":true,"href":"https:\/\/interamerica.org\/es\/wp-json\/wp\/v2\/media\/109180"}],"wp:attachment":[{"href":"https:\/\/interamerica.org\/es\/wp-json\/wp\/v2\/media?parent=109179"}],"wp:term":[{"taxonomy":"category","embeddable":true,"href":"https:\/\/interamerica.org\/es\/wp-json\/wp\/v2\/categories?post=109179"},{"taxonomy":"post_tag","embeddable":true,"href":"https:\/\/interamerica.org\/es\/wp-json\/wp\/v2\/tags?post=109179"}],"curies":[{"name":"wp","href":"https:\/\/api.w.org\/{rel}","templated":true}]}}