{"id":10918,"date":"2007-03-27T00:00:00","date_gmt":"2007-03-27T04:00:00","guid":{"rendered":"http:\/\/192.81.217.108\/interamerica\/2007\/03\/iglesia-mundial-nueva-york-la-gran-manzana-sera-la-proxima-parada-de-lets-talk\/"},"modified":"2017-06-02T09:12:01","modified_gmt":"2017-06-02T13:12:01","slug":"iglesia-mundial-nueva-york-la-gran-manzana-sera-la-proxima-parada-de-lets-talk","status":"publish","type":"post","link":"https:\/\/interamerica.org\/es\/2007\/03\/iglesia-mundial-nueva-york-la-gran-manzana-sera-la-proxima-parada-de-lets-talk\/","title":{"rendered":"Iglesia Mundial: Nueva York, La Gran Manzana, ser\u00e1 la pr\u00f3xima parada de Let&#39;s Talk"},"content":{"rendered":"<p>Nueva York, Estados Unidos, 27 de marzo de 2007 [Jennifer Stymiest\/ANN]  <\/p>\n<p>El presidente de la Iglesia Adventista del S\u00e9ptimo D\u00eda a nivel mundial, pastor Jan Paulsen, se reunir\u00e1 con 30 estudiantes y j\u00f3venes profesionales en la ciudad de Nueva York el 29 de marzo para otra transmisi\u00f3n de la serie Let\u2019s Talk (\u00a1Hablemos!). La iniciativa del pastor Paulsen presenta conversaciones en vivo, sin guiones y sin ediciones, con j\u00f3venes, enfoc\u00e1ndose en las preguntas, preocupaciones y sus esperanzas.  <\/p>\n<p>Bryan Collick, de 27 a\u00f1os, ser\u00e1 el anfitri\u00f3n de Hablemos, Nueva York, la decimoquinta conversaci\u00f3n en la serie de transmisiones. \u201cHablemos, Nueva York, es importante porque una abrumadora mayor\u00eda de la poblaci\u00f3n mundial vive en \u00e1reas urbanas\u201d, dice Collick.  <\/p>\n<p>\u201cEs maravilloso que el pastor Paulsen hable a la iglesia justamente en el coraz\u00f3n de una de las ciudades m\u00e1s grandes del mundo, y es refrescante ver al l\u00edder de la Iglesia Adventista no s\u00f3lo hablando a los j\u00f3venes, sino conect\u00e1ndose con toda la poblaci\u00f3n mundial a trav\u00e9s de estas conversaciones abiertas\u201d.  <\/p>\n<p>Junto con la transmisi\u00f3n regular de Hablemos, Nueva York, el director adventista de cine Paul Kim grabar\u00e1 un documental sobre la serie Hablemos, y su impacto sobre los j\u00f3venes de la iglesia. \u201cLet\u2019s Talk: Behind the Scenes (Hablemos, detr\u00e1s del escenario) es un vistazo honesto sobre una de las m\u00e1s importantes iniciativas para los j\u00f3venes y los adultos j\u00f3venes que ha sido llevada a cabo por un l\u00edder principal de nuestra denominaci\u00f3n en la historia reciente\u201d, dice Kim.  <\/p>\n<p>\u201cHablemos es mucho m\u00e1s que el m\u00e1s reciente programa o iniciativa de evangelizaci\u00f3n de la iglesia; es acerca de las preocupaciones que tenemos como comunidad\u201d, a\u00f1ade \u00e9l.  <\/p>\n<p>Hablemos, Nueva York, puede verse en vivo por el canal de televisi\u00f3n Hope Channel, o por la Internet, en <a  href=\"http:\/\/www.hopetv.org\/\">www.hopetv.org<\/a >. Para m\u00e1s informaci\u00f3n y fechas de transmisiones, vea el sitio Web de Hablemos, <a  href=\"http:\/\/www.letstalk.adventist.org\/\">www.letstalk.adventist.org<\/a >, o el sitio Web de Hope Channel.  <\/p>\n<p><strong >Derechos Reservados \u00ae 2007 por Adventist News Network<\/strong > <\/p>\n","protected":false},"excerpt":{"rendered":"<p>El presidente de la Iglesia Adventista del S\u00e9ptimo D\u00eda a nivel mundial, pastor Jan Paulsen, se reunir\u00e1 con 30 estudiantes y j\u00f3venes profesionales en la ciudad de Nueva York el 29 de marzo para otra transmisi\u00f3n de la seri<\/p>\n","protected":false},"author":1,"featured_media":0,"comment_status":"closed","ping_status":"closed","sticky":false,"template":"","format":"standard","meta":{"_acf_changed":false,"footnotes":""},"categories":[8],"tags":[],"class_list":["post-10918","post","type-post","status-publish","format-standard","hentry","category-archivo"],"acf":[],"yoast_head":"<!-- This site is optimized with the Yoast SEO plugin v27.3 - https:\/\/yoast.com\/product\/yoast-seo-wordpress\/ -->\n<title>Iglesia Mundial: Nueva York, La Gran Manzana, ser\u00e1 la pr\u00f3xima parada de Let&#039;s Talk - Iglesia Adventista del S\u00e9ptimo D\u00eda - Divisi\u00f3n Interamericana<\/title>\n<meta name=\"robots\" content=\"index, follow, max-snippet:-1, max-image-preview:large, max-video-preview:-1\" \/>\n<link rel=\"canonical\" href=\"https:\/\/interamerica.org\/es\/2007\/03\/iglesia-mundial-nueva-york-la-gran-manzana-sera-la-proxima-parada-de-lets-talk\/\" \/>\n<meta property=\"og:locale\" content=\"es_ES\" \/>\n<meta property=\"og:type\" content=\"article\" \/>\n<meta property=\"og:title\" content=\"Iglesia Mundial: Nueva York, La Gran Manzana, ser\u00e1 la pr\u00f3xima parada de Let&#039;s Talk - Iglesia Adventista del S\u00e9ptimo D\u00eda - Divisi\u00f3n Interamericana\" \/>\n<meta property=\"og:description\" content=\"El presidente de la Iglesia Adventista del S\u00e9ptimo D\u00eda a nivel mundial, pastor Jan Paulsen, se reunir\u00e1 con 30 estudiantes y j\u00f3venes profesionales en la ciudad de Nueva York el 29 de marzo para otra transmisi\u00f3n de la seri\" \/>\n<meta property=\"og:url\" content=\"https:\/\/interamerica.org\/es\/2007\/03\/iglesia-mundial-nueva-york-la-gran-manzana-sera-la-proxima-parada-de-lets-talk\/\" \/>\n<meta property=\"og:site_name\" content=\"Iglesia Adventista del S\u00e9ptimo D\u00eda - Divisi\u00f3n Interamericana\" \/>\n<meta property=\"article:published_time\" content=\"2007-03-27T04:00:00+00:00\" \/>\n<meta property=\"article:modified_time\" content=\"2017-06-02T13:12:01+00:00\" \/>\n<meta name=\"author\" content=\"Lorenzo Verduzco\" \/>\n<meta name=\"twitter:card\" content=\"summary_large_image\" \/>\n<meta name=\"twitter:label1\" content=\"Escrito por\" \/>\n\t<meta name=\"twitter:data1\" content=\"Lorenzo Verduzco\" \/>\n\t<meta name=\"twitter:label2\" content=\"Tiempo de lectura\" \/>\n\t<meta name=\"twitter:data2\" content=\"2 minutos\" \/>\n<script type=\"application\/ld+json\" class=\"yoast-schema-graph\">{\"@context\":\"https:\\\/\\\/schema.org\",\"@graph\":[{\"@type\":\"Article\",\"@id\":\"https:\\\/\\\/interamerica.org\\\/es\\\/2007\\\/03\\\/iglesia-mundial-nueva-york-la-gran-manzana-sera-la-proxima-parada-de-lets-talk\\\/#article\",\"isPartOf\":{\"@id\":\"https:\\\/\\\/interamerica.org\\\/es\\\/2007\\\/03\\\/iglesia-mundial-nueva-york-la-gran-manzana-sera-la-proxima-parada-de-lets-talk\\\/\"},\"author\":{\"name\":\"Lorenzo Verduzco\",\"@id\":\"https:\\\/\\\/interamerica.org\\\/es\\\/#\\\/schema\\\/person\\\/68ede8bdc292885bb76c1e3810e73c39\"},\"headline\":\"Iglesia Mundial: Nueva York, La Gran Manzana, ser\u00e1 la pr\u00f3xima parada de Let&#39;s Talk\",\"datePublished\":\"2007-03-27T04:00:00+00:00\",\"dateModified\":\"2017-06-02T13:12:01+00:00\",\"mainEntityOfPage\":{\"@id\":\"https:\\\/\\\/interamerica.org\\\/es\\\/2007\\\/03\\\/iglesia-mundial-nueva-york-la-gran-manzana-sera-la-proxima-parada-de-lets-talk\\\/\"},\"wordCount\":373,\"articleSection\":[\"Archivo\"],\"inLanguage\":\"es\"},{\"@type\":\"WebPage\",\"@id\":\"https:\\\/\\\/interamerica.org\\\/es\\\/2007\\\/03\\\/iglesia-mundial-nueva-york-la-gran-manzana-sera-la-proxima-parada-de-lets-talk\\\/\",\"url\":\"https:\\\/\\\/interamerica.org\\\/es\\\/2007\\\/03\\\/iglesia-mundial-nueva-york-la-gran-manzana-sera-la-proxima-parada-de-lets-talk\\\/\",\"name\":\"Iglesia Mundial: Nueva York, La Gran Manzana, ser\u00e1 la pr\u00f3xima parada de Let&#39;s Talk - Iglesia Adventista del S\u00e9ptimo D\u00eda - Divisi\u00f3n Interamericana\",\"isPartOf\":{\"@id\":\"https:\\\/\\\/interamerica.org\\\/es\\\/#website\"},\"datePublished\":\"2007-03-27T04:00:00+00:00\",\"dateModified\":\"2017-06-02T13:12:01+00:00\",\"author\":{\"@id\":\"https:\\\/\\\/interamerica.org\\\/es\\\/#\\\/schema\\\/person\\\/68ede8bdc292885bb76c1e3810e73c39\"},\"breadcrumb\":{\"@id\":\"https:\\\/\\\/interamerica.org\\\/es\\\/2007\\\/03\\\/iglesia-mundial-nueva-york-la-gran-manzana-sera-la-proxima-parada-de-lets-talk\\\/#breadcrumb\"},\"inLanguage\":\"es\",\"potentialAction\":[{\"@type\":\"ReadAction\",\"target\":[\"https:\\\/\\\/interamerica.org\\\/es\\\/2007\\\/03\\\/iglesia-mundial-nueva-york-la-gran-manzana-sera-la-proxima-parada-de-lets-talk\\\/\"]}]},{\"@type\":\"BreadcrumbList\",\"@id\":\"https:\\\/\\\/interamerica.org\\\/es\\\/2007\\\/03\\\/iglesia-mundial-nueva-york-la-gran-manzana-sera-la-proxima-parada-de-lets-talk\\\/#breadcrumb\",\"itemListElement\":[{\"@type\":\"ListItem\",\"position\":1,\"name\":\"Home\",\"item\":\"https:\\\/\\\/interamerica.org\\\/es\\\/\"},{\"@type\":\"ListItem\",\"position\":2,\"name\":\"Iglesia Mundial: Nueva York, La Gran Manzana, ser\u00e1 la pr\u00f3xima parada de Let&#39;s Talk\"}]},{\"@type\":\"WebSite\",\"@id\":\"https:\\\/\\\/interamerica.org\\\/es\\\/#website\",\"url\":\"https:\\\/\\\/interamerica.org\\\/es\\\/\",\"name\":\"Iglesia Adventista del S\u00e9ptimo D\u00eda - Divisi\u00f3n Interamericana\",\"description\":\"\",\"potentialAction\":[{\"@type\":\"SearchAction\",\"target\":{\"@type\":\"EntryPoint\",\"urlTemplate\":\"https:\\\/\\\/interamerica.org\\\/es\\\/?s={search_term_string}\"},\"query-input\":{\"@type\":\"PropertyValueSpecification\",\"valueRequired\":true,\"valueName\":\"search_term_string\"}}],\"inLanguage\":\"es\"},{\"@type\":\"Person\",\"@id\":\"https:\\\/\\\/interamerica.org\\\/es\\\/#\\\/schema\\\/person\\\/68ede8bdc292885bb76c1e3810e73c39\",\"name\":\"Lorenzo Verduzco\",\"image\":{\"@type\":\"ImageObject\",\"inLanguage\":\"es\",\"@id\":\"https:\\\/\\\/secure.gravatar.com\\\/avatar\\\/fb81a55b6218459490a9c1dc841a34909185b81904c5337b4b27f7a6fd60c49e?s=96&d=mm&r=g\",\"url\":\"https:\\\/\\\/secure.gravatar.com\\\/avatar\\\/fb81a55b6218459490a9c1dc841a34909185b81904c5337b4b27f7a6fd60c49e?s=96&d=mm&r=g\",\"contentUrl\":\"https:\\\/\\\/secure.gravatar.com\\\/avatar\\\/fb81a55b6218459490a9c1dc841a34909185b81904c5337b4b27f7a6fd60c49e?s=96&d=mm&r=g\",\"caption\":\"Lorenzo Verduzco\"}}]}<\/script>\n<!-- \/ Yoast SEO plugin. -->","yoast_head_json":{"title":"Iglesia Mundial: Nueva York, La Gran Manzana, ser\u00e1 la pr\u00f3xima parada de Let&#39;s Talk - Iglesia Adventista del S\u00e9ptimo D\u00eda - Divisi\u00f3n Interamericana","robots":{"index":"index","follow":"follow","max-snippet":"max-snippet:-1","max-image-preview":"max-image-preview:large","max-video-preview":"max-video-preview:-1"},"canonical":"https:\/\/interamerica.org\/es\/2007\/03\/iglesia-mundial-nueva-york-la-gran-manzana-sera-la-proxima-parada-de-lets-talk\/","og_locale":"es_ES","og_type":"article","og_title":"Iglesia Mundial: Nueva York, La Gran Manzana, ser\u00e1 la pr\u00f3xima parada de Let&#39;s Talk - Iglesia Adventista del S\u00e9ptimo D\u00eda - Divisi\u00f3n Interamericana","og_description":"El presidente de la Iglesia Adventista del S\u00e9ptimo D\u00eda a nivel mundial, pastor Jan Paulsen, se reunir\u00e1 con 30 estudiantes y j\u00f3venes profesionales en la ciudad de Nueva York el 29 de marzo para otra transmisi\u00f3n de la seri","og_url":"https:\/\/interamerica.org\/es\/2007\/03\/iglesia-mundial-nueva-york-la-gran-manzana-sera-la-proxima-parada-de-lets-talk\/","og_site_name":"Iglesia Adventista del S\u00e9ptimo D\u00eda - Divisi\u00f3n Interamericana","article_published_time":"2007-03-27T04:00:00+00:00","article_modified_time":"2017-06-02T13:12:01+00:00","author":"Lorenzo Verduzco","twitter_card":"summary_large_image","twitter_misc":{"Escrito por":"Lorenzo Verduzco","Tiempo de lectura":"2 minutos"},"schema":{"@context":"https:\/\/schema.org","@graph":[{"@type":"Article","@id":"https:\/\/interamerica.org\/es\/2007\/03\/iglesia-mundial-nueva-york-la-gran-manzana-sera-la-proxima-parada-de-lets-talk\/#article","isPartOf":{"@id":"https:\/\/interamerica.org\/es\/2007\/03\/iglesia-mundial-nueva-york-la-gran-manzana-sera-la-proxima-parada-de-lets-talk\/"},"author":{"name":"Lorenzo Verduzco","@id":"https:\/\/interamerica.org\/es\/#\/schema\/person\/68ede8bdc292885bb76c1e3810e73c39"},"headline":"Iglesia Mundial: Nueva York, La Gran Manzana, ser\u00e1 la pr\u00f3xima parada de Let&#39;s Talk","datePublished":"2007-03-27T04:00:00+00:00","dateModified":"2017-06-02T13:12:01+00:00","mainEntityOfPage":{"@id":"https:\/\/interamerica.org\/es\/2007\/03\/iglesia-mundial-nueva-york-la-gran-manzana-sera-la-proxima-parada-de-lets-talk\/"},"wordCount":373,"articleSection":["Archivo"],"inLanguage":"es"},{"@type":"WebPage","@id":"https:\/\/interamerica.org\/es\/2007\/03\/iglesia-mundial-nueva-york-la-gran-manzana-sera-la-proxima-parada-de-lets-talk\/","url":"https:\/\/interamerica.org\/es\/2007\/03\/iglesia-mundial-nueva-york-la-gran-manzana-sera-la-proxima-parada-de-lets-talk\/","name":"Iglesia Mundial: Nueva York, La Gran Manzana, ser\u00e1 la pr\u00f3xima parada de Let&#39;s Talk - Iglesia Adventista del S\u00e9ptimo D\u00eda - Divisi\u00f3n Interamericana","isPartOf":{"@id":"https:\/\/interamerica.org\/es\/#website"},"datePublished":"2007-03-27T04:00:00+00:00","dateModified":"2017-06-02T13:12:01+00:00","author":{"@id":"https:\/\/interamerica.org\/es\/#\/schema\/person\/68ede8bdc292885bb76c1e3810e73c39"},"breadcrumb":{"@id":"https:\/\/interamerica.org\/es\/2007\/03\/iglesia-mundial-nueva-york-la-gran-manzana-sera-la-proxima-parada-de-lets-talk\/#breadcrumb"},"inLanguage":"es","potentialAction":[{"@type":"ReadAction","target":["https:\/\/interamerica.org\/es\/2007\/03\/iglesia-mundial-nueva-york-la-gran-manzana-sera-la-proxima-parada-de-lets-talk\/"]}]},{"@type":"BreadcrumbList","@id":"https:\/\/interamerica.org\/es\/2007\/03\/iglesia-mundial-nueva-york-la-gran-manzana-sera-la-proxima-parada-de-lets-talk\/#breadcrumb","itemListElement":[{"@type":"ListItem","position":1,"name":"Home","item":"https:\/\/interamerica.org\/es\/"},{"@type":"ListItem","position":2,"name":"Iglesia Mundial: Nueva York, La Gran Manzana, ser\u00e1 la pr\u00f3xima parada de Let&#39;s Talk"}]},{"@type":"WebSite","@id":"https:\/\/interamerica.org\/es\/#website","url":"https:\/\/interamerica.org\/es\/","name":"Iglesia Adventista del S\u00e9ptimo D\u00eda - Divisi\u00f3n Interamericana","description":"","potentialAction":[{"@type":"SearchAction","target":{"@type":"EntryPoint","urlTemplate":"https:\/\/interamerica.org\/es\/?s={search_term_string}"},"query-input":{"@type":"PropertyValueSpecification","valueRequired":true,"valueName":"search_term_string"}}],"inLanguage":"es"},{"@type":"Person","@id":"https:\/\/interamerica.org\/es\/#\/schema\/person\/68ede8bdc292885bb76c1e3810e73c39","name":"Lorenzo Verduzco","image":{"@type":"ImageObject","inLanguage":"es","@id":"https:\/\/secure.gravatar.com\/avatar\/fb81a55b6218459490a9c1dc841a34909185b81904c5337b4b27f7a6fd60c49e?s=96&d=mm&r=g","url":"https:\/\/secure.gravatar.com\/avatar\/fb81a55b6218459490a9c1dc841a34909185b81904c5337b4b27f7a6fd60c49e?s=96&d=mm&r=g","contentUrl":"https:\/\/secure.gravatar.com\/avatar\/fb81a55b6218459490a9c1dc841a34909185b81904c5337b4b27f7a6fd60c49e?s=96&d=mm&r=g","caption":"Lorenzo Verduzco"}}]}},"_links":{"self":[{"href":"https:\/\/interamerica.org\/es\/wp-json\/wp\/v2\/posts\/10918","targetHints":{"allow":["GET"]}}],"collection":[{"href":"https:\/\/interamerica.org\/es\/wp-json\/wp\/v2\/posts"}],"about":[{"href":"https:\/\/interamerica.org\/es\/wp-json\/wp\/v2\/types\/post"}],"author":[{"embeddable":true,"href":"https:\/\/interamerica.org\/es\/wp-json\/wp\/v2\/users\/1"}],"replies":[{"embeddable":true,"href":"https:\/\/interamerica.org\/es\/wp-json\/wp\/v2\/comments?post=10918"}],"version-history":[{"count":0,"href":"https:\/\/interamerica.org\/es\/wp-json\/wp\/v2\/posts\/10918\/revisions"}],"wp:attachment":[{"href":"https:\/\/interamerica.org\/es\/wp-json\/wp\/v2\/media?parent=10918"}],"wp:term":[{"taxonomy":"category","embeddable":true,"href":"https:\/\/interamerica.org\/es\/wp-json\/wp\/v2\/categories?post=10918"},{"taxonomy":"post_tag","embeddable":true,"href":"https:\/\/interamerica.org\/es\/wp-json\/wp\/v2\/tags?post=10918"}],"curies":[{"name":"wp","href":"https:\/\/api.w.org\/{rel}","templated":true}]}}