{"id":10920,"date":"2007-03-27T00:00:00","date_gmt":"2007-03-27T04:00:00","guid":{"rendered":"http:\/\/192.81.217.108\/interamerica\/2007\/03\/reino-unido-el-adventist-vocal-ensemble-grupo-musical-de-voces-adventista-marca-abolicion-del-comercio-de-esclavos\/"},"modified":"2017-06-02T09:12:02","modified_gmt":"2017-06-02T13:12:02","slug":"reino-unido-el-adventist-vocal-ensemble-grupo-musical-de-voces-adventista-marca-abolicion-del-comercio-de-esclavos","status":"publish","type":"post","link":"https:\/\/interamerica.org\/es\/2007\/03\/reino-unido-el-adventist-vocal-ensemble-grupo-musical-de-voces-adventista-marca-abolicion-del-comercio-de-esclavos\/","title":{"rendered":"Reino Unido: El Adventist Vocal Ensemble (grupo musical de voces adventista) marca abolici\u00f3n del comercio de esclavos"},"content":{"rendered":"<p>27 de marzo, 2007 Londres, Inglaterra&#8230;. [BUC Noticias\/ANN] <\/p>\n<p>M\u00fasicos de la iglesia Adventista del S\u00e9ptimo D\u00eda participaron en un programa nacional televisado para conmemorar el bicentenario de la legislaci\u00f3n que aboli\u00f3 el comercio de esclavos (Abolition of the <em >Slave Trade<\/em > Act) en el Reino Unido.  El grupo musical de voces adventista, (<em >Adventist Vocal Ensemble<\/em >), dirigido por Ken Burton, cant\u00f3 durante un Servicio Nacional de Conmemoraci\u00f3n en Westminster Abbey, el 27 de marzo. El programa fue dirijido por la Reina y transmitido en vivo por la Brithish Broadcasting Corporation (Corporaci\u00f3n de Televisi\u00f3n Brit\u00e1tica, BBC, por sus siglas en ingl\u00e9s) y por estaciones de radio. <\/p>\n<\/p>\n<p>En el transcurso del programa el grupo cant\u00f3, \u201cHay B\u00e1lsamo en Galaad\u201d, y se unieron con el Coro Westminster Abbey en canto, <em >\u00abWere you there\u00bb<\/em > (\u00bfEstabas all\u00e1?).  <\/p>\n<p>Ken Burton, conductor principal del grupo musical de voces adventista, as\u00ed como del Coro Adventista de Londres y el Coro Croyden de la iglesia Adventista del S\u00e9ptimo D\u00eda, dijo que considera al servicio de conmemoraci\u00f3n como una oportunidad para sanar y de reconciliaci\u00f3n.   <\/p>\n<p>\u00c9l tambi\u00e9n agreg\u00f3 que el grupo seleccion\u00f3 cantar el himno, \u201c<em >Hay B\u00e1lsamo en Galaad\u201d<\/em > con la esperanza de que, \u201cmientras las personas escuchaban, podr\u00edan oir que Dios est\u00e1 dispuesto a sanar, perdonar nuestros pecados y restablecernos.\u201d.  El grupo tambi\u00e9n ha estado involucrado en otras transmisiones celebrando el Centenario de la legislaci\u00f2n que aboli\u00f2 el tr\u00e1fico de esclavos, el cual fue firmado el 25 de marzo de 1807.  El 25 de marzo actuaron en \u00abBuenos D\u00edas Domingo\u00bb, un programa de Radio BBC. Presentaron cuatro cantos negro-espirituales y Burton fue el invitado religioso en ese programa. Ese mismo d\u00eda el grupo tambi\u00e9n cant\u00f3 siete cantos negro-espirituales, el programa, \u201cHimnos de Alabanzas\u201d de la BBC. <\/p>\n<p>\u00bfPor qu\u00e9 el <em >grupo musical de voces<\/em > y el Coro Adventista de Londres participan en estos programas?  Burton expres\u00f3, \u201cYo soy casi ciertamente un descendiente de africanos que fueron parte del comercio de esclavos en el Caribe. Estoy agradecido que muchos estuvieron dispuestos a tomar una posici\u00f3n frente a tanta oposici\u00f3n para asegurar el fin de este negocio inhumano.  Gentes de todas clases, tanto blancos como negros, hombres y mujeres, dedicaron sus vidas para lograr el final de los mal\u00e9volos horrores sufridos no s\u00f3lo por africanos, pero aun por muchos de los europeos que trabajaron en los barcos y quienes, a menudo, fueron torturados y abatidos\u00bb. <\/p>\n<p>Al celebrar el himno <em >Amazing Grace<\/em > (maravillosa gracia) y la reciente nueva pel\u00edcula con el mismo nombre, Burton coment\u00f3, \u201cLa libertad siempre ha estado al tope de la agenda de Dios, desde el principio del mundo y ser\u00e1 una realidad cuando este mundo, como nosotros lo conocemos, le dar\u00e1 paso a un mundo nuevo donde todo ser\u00e1 paz y justicia. Esta es mi firme creencia, y lo que me da esperanza d\u00eda a d\u00eda\u201d. <\/p>\n<p>Burton continu\u00f3 explicando el significado del himno que ha sido cantado en servicios de adoraci\u00f3n e iglesias alrededor de todo el mundo este fin de semana.  \u201cPor esta experiencia, un antiguo comerciante de esclavos, John Newton, fue inspirado a escribir las palabras de lo que es el himno m\u00e1s apreciado del mundo, <em >Amazing Grace<\/em > (Maravillosa Gracia). <\/p>\n<p>Aunque Newton continu\u00f3 el comercio despu\u00e9s de escribir el himno, \u201csus propias palabras se convirtieron en el catal\u00edstico para el cambio en su propia vida, convirti\u00e9ndolo en el mayor aborrecedor del negocio de la esclavitud y uno de los l\u00edderes oponentes m\u00e1s tarde en su vida\u201d, dijo Burton.<\/p>\n<p>\u201cEste himno contin\u00faa inspirando tanto a las personas de fe como aquellos que la buscan.  Resuena con las experiencias y deseos del alma de la vida humana: los deseos de libertad y salvaci\u00f3n, la realidad de experimentar muchos &#39;peligros y perseverar&#39;; el reconocimiento que, al mismo tiempo que poseemos cierta cantidad de fortaleza, es finalmente algo o alguien mayor que nosotros, fuera de nosotros mismos\u2014quien puede salvarnos.  Este himno reconoce este algo como la gracia y Este Alguien como Dios\u201d. <\/p>\n<p>Para mayor informaci\u00f3n sobre <em >Adventist Vocal Ensemble<\/em > haga un \u201cclic\u201d en <a  href=\"http:\/\/www.adventistvocalensemble.com\/\">www.adventistvocalensemble.com<\/a > <\/p>\n<p><strong >Copyright (c) 2007 by Adventist News Network<\/strong ><strong ><\/strong >  <\/p>\n","protected":false},"excerpt":{"rendered":"<p>M\u00fasicos de la iglesia Adventista del S\u00e9ptimo D\u00eda participaron en un programa nacional televisado para conmemorar el bicentenario de la legislaci\u00f3n que aboli\u00f3 el comercio de esclavos (Abolition of the Slave Trade Act).<\/p>\n","protected":false},"author":1,"featured_media":0,"comment_status":"closed","ping_status":"closed","sticky":false,"template":"","format":"standard","meta":{"_acf_changed":false,"footnotes":""},"categories":[8],"tags":[],"class_list":["post-10920","post","type-post","status-publish","format-standard","hentry","category-archivo"],"acf":[],"yoast_head":"<!-- This site is optimized with the Yoast SEO plugin v27.3 - https:\/\/yoast.com\/product\/yoast-seo-wordpress\/ -->\n<title>Reino Unido: El Adventist Vocal Ensemble (grupo musical de voces adventista) marca abolici\u00f3n del comercio de esclavos - Iglesia Adventista del S\u00e9ptimo D\u00eda - Divisi\u00f3n Interamericana<\/title>\n<meta name=\"robots\" content=\"index, follow, max-snippet:-1, max-image-preview:large, max-video-preview:-1\" \/>\n<link rel=\"canonical\" href=\"https:\/\/interamerica.org\/es\/2007\/03\/reino-unido-el-adventist-vocal-ensemble-grupo-musical-de-voces-adventista-marca-abolicion-del-comercio-de-esclavos\/\" \/>\n<meta property=\"og:locale\" content=\"es_ES\" \/>\n<meta property=\"og:type\" content=\"article\" \/>\n<meta property=\"og:title\" content=\"Reino Unido: El Adventist Vocal Ensemble (grupo musical de voces adventista) marca abolici\u00f3n del comercio de esclavos - Iglesia Adventista del S\u00e9ptimo D\u00eda - Divisi\u00f3n Interamericana\" \/>\n<meta property=\"og:description\" content=\"M\u00fasicos de la iglesia Adventista del S\u00e9ptimo D\u00eda participaron en un programa nacional televisado para conmemorar el bicentenario de la legislaci\u00f3n que aboli\u00f3 el comercio de esclavos (Abolition of the Slave Trade Act).\" \/>\n<meta property=\"og:url\" content=\"https:\/\/interamerica.org\/es\/2007\/03\/reino-unido-el-adventist-vocal-ensemble-grupo-musical-de-voces-adventista-marca-abolicion-del-comercio-de-esclavos\/\" \/>\n<meta property=\"og:site_name\" content=\"Iglesia Adventista del S\u00e9ptimo D\u00eda - Divisi\u00f3n Interamericana\" \/>\n<meta property=\"article:published_time\" content=\"2007-03-27T04:00:00+00:00\" \/>\n<meta property=\"article:modified_time\" content=\"2017-06-02T13:12:02+00:00\" \/>\n<meta name=\"author\" content=\"Lorenzo Verduzco\" \/>\n<meta name=\"twitter:card\" content=\"summary_large_image\" \/>\n<meta name=\"twitter:label1\" content=\"Escrito por\" \/>\n\t<meta name=\"twitter:data1\" content=\"Lorenzo Verduzco\" \/>\n\t<meta name=\"twitter:label2\" content=\"Tiempo de lectura\" \/>\n\t<meta name=\"twitter:data2\" content=\"4 minutos\" \/>\n<script type=\"application\/ld+json\" class=\"yoast-schema-graph\">{\"@context\":\"https:\\\/\\\/schema.org\",\"@graph\":[{\"@type\":\"Article\",\"@id\":\"https:\\\/\\\/interamerica.org\\\/es\\\/2007\\\/03\\\/reino-unido-el-adventist-vocal-ensemble-grupo-musical-de-voces-adventista-marca-abolicion-del-comercio-de-esclavos\\\/#article\",\"isPartOf\":{\"@id\":\"https:\\\/\\\/interamerica.org\\\/es\\\/2007\\\/03\\\/reino-unido-el-adventist-vocal-ensemble-grupo-musical-de-voces-adventista-marca-abolicion-del-comercio-de-esclavos\\\/\"},\"author\":{\"name\":\"Lorenzo Verduzco\",\"@id\":\"https:\\\/\\\/interamerica.org\\\/es\\\/#\\\/schema\\\/person\\\/68ede8bdc292885bb76c1e3810e73c39\"},\"headline\":\"Reino Unido: El Adventist Vocal Ensemble (grupo musical de voces adventista) marca abolici\u00f3n del comercio de esclavos\",\"datePublished\":\"2007-03-27T04:00:00+00:00\",\"dateModified\":\"2017-06-02T13:12:02+00:00\",\"mainEntityOfPage\":{\"@id\":\"https:\\\/\\\/interamerica.org\\\/es\\\/2007\\\/03\\\/reino-unido-el-adventist-vocal-ensemble-grupo-musical-de-voces-adventista-marca-abolicion-del-comercio-de-esclavos\\\/\"},\"wordCount\":723,\"articleSection\":[\"Archivo\"],\"inLanguage\":\"es\"},{\"@type\":\"WebPage\",\"@id\":\"https:\\\/\\\/interamerica.org\\\/es\\\/2007\\\/03\\\/reino-unido-el-adventist-vocal-ensemble-grupo-musical-de-voces-adventista-marca-abolicion-del-comercio-de-esclavos\\\/\",\"url\":\"https:\\\/\\\/interamerica.org\\\/es\\\/2007\\\/03\\\/reino-unido-el-adventist-vocal-ensemble-grupo-musical-de-voces-adventista-marca-abolicion-del-comercio-de-esclavos\\\/\",\"name\":\"Reino Unido: El Adventist Vocal Ensemble (grupo musical de voces adventista) marca abolici\u00f3n del comercio de esclavos - Iglesia Adventista del S\u00e9ptimo D\u00eda - Divisi\u00f3n Interamericana\",\"isPartOf\":{\"@id\":\"https:\\\/\\\/interamerica.org\\\/es\\\/#website\"},\"datePublished\":\"2007-03-27T04:00:00+00:00\",\"dateModified\":\"2017-06-02T13:12:02+00:00\",\"author\":{\"@id\":\"https:\\\/\\\/interamerica.org\\\/es\\\/#\\\/schema\\\/person\\\/68ede8bdc292885bb76c1e3810e73c39\"},\"breadcrumb\":{\"@id\":\"https:\\\/\\\/interamerica.org\\\/es\\\/2007\\\/03\\\/reino-unido-el-adventist-vocal-ensemble-grupo-musical-de-voces-adventista-marca-abolicion-del-comercio-de-esclavos\\\/#breadcrumb\"},\"inLanguage\":\"es\",\"potentialAction\":[{\"@type\":\"ReadAction\",\"target\":[\"https:\\\/\\\/interamerica.org\\\/es\\\/2007\\\/03\\\/reino-unido-el-adventist-vocal-ensemble-grupo-musical-de-voces-adventista-marca-abolicion-del-comercio-de-esclavos\\\/\"]}]},{\"@type\":\"BreadcrumbList\",\"@id\":\"https:\\\/\\\/interamerica.org\\\/es\\\/2007\\\/03\\\/reino-unido-el-adventist-vocal-ensemble-grupo-musical-de-voces-adventista-marca-abolicion-del-comercio-de-esclavos\\\/#breadcrumb\",\"itemListElement\":[{\"@type\":\"ListItem\",\"position\":1,\"name\":\"Home\",\"item\":\"https:\\\/\\\/interamerica.org\\\/es\\\/\"},{\"@type\":\"ListItem\",\"position\":2,\"name\":\"Reino Unido: El Adventist Vocal Ensemble (grupo musical de voces adventista) marca abolici\u00f3n del comercio de esclavos\"}]},{\"@type\":\"WebSite\",\"@id\":\"https:\\\/\\\/interamerica.org\\\/es\\\/#website\",\"url\":\"https:\\\/\\\/interamerica.org\\\/es\\\/\",\"name\":\"Iglesia Adventista del S\u00e9ptimo D\u00eda - Divisi\u00f3n Interamericana\",\"description\":\"\",\"potentialAction\":[{\"@type\":\"SearchAction\",\"target\":{\"@type\":\"EntryPoint\",\"urlTemplate\":\"https:\\\/\\\/interamerica.org\\\/es\\\/?s={search_term_string}\"},\"query-input\":{\"@type\":\"PropertyValueSpecification\",\"valueRequired\":true,\"valueName\":\"search_term_string\"}}],\"inLanguage\":\"es\"},{\"@type\":\"Person\",\"@id\":\"https:\\\/\\\/interamerica.org\\\/es\\\/#\\\/schema\\\/person\\\/68ede8bdc292885bb76c1e3810e73c39\",\"name\":\"Lorenzo Verduzco\",\"image\":{\"@type\":\"ImageObject\",\"inLanguage\":\"es\",\"@id\":\"https:\\\/\\\/secure.gravatar.com\\\/avatar\\\/fb81a55b6218459490a9c1dc841a34909185b81904c5337b4b27f7a6fd60c49e?s=96&d=mm&r=g\",\"url\":\"https:\\\/\\\/secure.gravatar.com\\\/avatar\\\/fb81a55b6218459490a9c1dc841a34909185b81904c5337b4b27f7a6fd60c49e?s=96&d=mm&r=g\",\"contentUrl\":\"https:\\\/\\\/secure.gravatar.com\\\/avatar\\\/fb81a55b6218459490a9c1dc841a34909185b81904c5337b4b27f7a6fd60c49e?s=96&d=mm&r=g\",\"caption\":\"Lorenzo Verduzco\"}}]}<\/script>\n<!-- \/ Yoast SEO plugin. -->","yoast_head_json":{"title":"Reino Unido: El Adventist Vocal Ensemble (grupo musical de voces adventista) marca abolici\u00f3n del comercio de esclavos - Iglesia Adventista del S\u00e9ptimo D\u00eda - Divisi\u00f3n Interamericana","robots":{"index":"index","follow":"follow","max-snippet":"max-snippet:-1","max-image-preview":"max-image-preview:large","max-video-preview":"max-video-preview:-1"},"canonical":"https:\/\/interamerica.org\/es\/2007\/03\/reino-unido-el-adventist-vocal-ensemble-grupo-musical-de-voces-adventista-marca-abolicion-del-comercio-de-esclavos\/","og_locale":"es_ES","og_type":"article","og_title":"Reino Unido: El Adventist Vocal Ensemble (grupo musical de voces adventista) marca abolici\u00f3n del comercio de esclavos - Iglesia Adventista del S\u00e9ptimo D\u00eda - Divisi\u00f3n Interamericana","og_description":"M\u00fasicos de la iglesia Adventista del S\u00e9ptimo D\u00eda participaron en un programa nacional televisado para conmemorar el bicentenario de la legislaci\u00f3n que aboli\u00f3 el comercio de esclavos (Abolition of the Slave Trade Act).","og_url":"https:\/\/interamerica.org\/es\/2007\/03\/reino-unido-el-adventist-vocal-ensemble-grupo-musical-de-voces-adventista-marca-abolicion-del-comercio-de-esclavos\/","og_site_name":"Iglesia Adventista del S\u00e9ptimo D\u00eda - Divisi\u00f3n Interamericana","article_published_time":"2007-03-27T04:00:00+00:00","article_modified_time":"2017-06-02T13:12:02+00:00","author":"Lorenzo Verduzco","twitter_card":"summary_large_image","twitter_misc":{"Escrito por":"Lorenzo Verduzco","Tiempo de lectura":"4 minutos"},"schema":{"@context":"https:\/\/schema.org","@graph":[{"@type":"Article","@id":"https:\/\/interamerica.org\/es\/2007\/03\/reino-unido-el-adventist-vocal-ensemble-grupo-musical-de-voces-adventista-marca-abolicion-del-comercio-de-esclavos\/#article","isPartOf":{"@id":"https:\/\/interamerica.org\/es\/2007\/03\/reino-unido-el-adventist-vocal-ensemble-grupo-musical-de-voces-adventista-marca-abolicion-del-comercio-de-esclavos\/"},"author":{"name":"Lorenzo Verduzco","@id":"https:\/\/interamerica.org\/es\/#\/schema\/person\/68ede8bdc292885bb76c1e3810e73c39"},"headline":"Reino Unido: El Adventist Vocal Ensemble (grupo musical de voces adventista) marca abolici\u00f3n del comercio de esclavos","datePublished":"2007-03-27T04:00:00+00:00","dateModified":"2017-06-02T13:12:02+00:00","mainEntityOfPage":{"@id":"https:\/\/interamerica.org\/es\/2007\/03\/reino-unido-el-adventist-vocal-ensemble-grupo-musical-de-voces-adventista-marca-abolicion-del-comercio-de-esclavos\/"},"wordCount":723,"articleSection":["Archivo"],"inLanguage":"es"},{"@type":"WebPage","@id":"https:\/\/interamerica.org\/es\/2007\/03\/reino-unido-el-adventist-vocal-ensemble-grupo-musical-de-voces-adventista-marca-abolicion-del-comercio-de-esclavos\/","url":"https:\/\/interamerica.org\/es\/2007\/03\/reino-unido-el-adventist-vocal-ensemble-grupo-musical-de-voces-adventista-marca-abolicion-del-comercio-de-esclavos\/","name":"Reino Unido: El Adventist Vocal Ensemble (grupo musical de voces adventista) marca abolici\u00f3n del comercio de esclavos - Iglesia Adventista del S\u00e9ptimo D\u00eda - Divisi\u00f3n Interamericana","isPartOf":{"@id":"https:\/\/interamerica.org\/es\/#website"},"datePublished":"2007-03-27T04:00:00+00:00","dateModified":"2017-06-02T13:12:02+00:00","author":{"@id":"https:\/\/interamerica.org\/es\/#\/schema\/person\/68ede8bdc292885bb76c1e3810e73c39"},"breadcrumb":{"@id":"https:\/\/interamerica.org\/es\/2007\/03\/reino-unido-el-adventist-vocal-ensemble-grupo-musical-de-voces-adventista-marca-abolicion-del-comercio-de-esclavos\/#breadcrumb"},"inLanguage":"es","potentialAction":[{"@type":"ReadAction","target":["https:\/\/interamerica.org\/es\/2007\/03\/reino-unido-el-adventist-vocal-ensemble-grupo-musical-de-voces-adventista-marca-abolicion-del-comercio-de-esclavos\/"]}]},{"@type":"BreadcrumbList","@id":"https:\/\/interamerica.org\/es\/2007\/03\/reino-unido-el-adventist-vocal-ensemble-grupo-musical-de-voces-adventista-marca-abolicion-del-comercio-de-esclavos\/#breadcrumb","itemListElement":[{"@type":"ListItem","position":1,"name":"Home","item":"https:\/\/interamerica.org\/es\/"},{"@type":"ListItem","position":2,"name":"Reino Unido: El Adventist Vocal Ensemble (grupo musical de voces adventista) marca abolici\u00f3n del comercio de esclavos"}]},{"@type":"WebSite","@id":"https:\/\/interamerica.org\/es\/#website","url":"https:\/\/interamerica.org\/es\/","name":"Iglesia Adventista del S\u00e9ptimo D\u00eda - Divisi\u00f3n Interamericana","description":"","potentialAction":[{"@type":"SearchAction","target":{"@type":"EntryPoint","urlTemplate":"https:\/\/interamerica.org\/es\/?s={search_term_string}"},"query-input":{"@type":"PropertyValueSpecification","valueRequired":true,"valueName":"search_term_string"}}],"inLanguage":"es"},{"@type":"Person","@id":"https:\/\/interamerica.org\/es\/#\/schema\/person\/68ede8bdc292885bb76c1e3810e73c39","name":"Lorenzo Verduzco","image":{"@type":"ImageObject","inLanguage":"es","@id":"https:\/\/secure.gravatar.com\/avatar\/fb81a55b6218459490a9c1dc841a34909185b81904c5337b4b27f7a6fd60c49e?s=96&d=mm&r=g","url":"https:\/\/secure.gravatar.com\/avatar\/fb81a55b6218459490a9c1dc841a34909185b81904c5337b4b27f7a6fd60c49e?s=96&d=mm&r=g","contentUrl":"https:\/\/secure.gravatar.com\/avatar\/fb81a55b6218459490a9c1dc841a34909185b81904c5337b4b27f7a6fd60c49e?s=96&d=mm&r=g","caption":"Lorenzo Verduzco"}}]}},"_links":{"self":[{"href":"https:\/\/interamerica.org\/es\/wp-json\/wp\/v2\/posts\/10920","targetHints":{"allow":["GET"]}}],"collection":[{"href":"https:\/\/interamerica.org\/es\/wp-json\/wp\/v2\/posts"}],"about":[{"href":"https:\/\/interamerica.org\/es\/wp-json\/wp\/v2\/types\/post"}],"author":[{"embeddable":true,"href":"https:\/\/interamerica.org\/es\/wp-json\/wp\/v2\/users\/1"}],"replies":[{"embeddable":true,"href":"https:\/\/interamerica.org\/es\/wp-json\/wp\/v2\/comments?post=10920"}],"version-history":[{"count":0,"href":"https:\/\/interamerica.org\/es\/wp-json\/wp\/v2\/posts\/10920\/revisions"}],"wp:attachment":[{"href":"https:\/\/interamerica.org\/es\/wp-json\/wp\/v2\/media?parent=10920"}],"wp:term":[{"taxonomy":"category","embeddable":true,"href":"https:\/\/interamerica.org\/es\/wp-json\/wp\/v2\/categories?post=10920"},{"taxonomy":"post_tag","embeddable":true,"href":"https:\/\/interamerica.org\/es\/wp-json\/wp\/v2\/tags?post=10920"}],"curies":[{"name":"wp","href":"https:\/\/api.w.org\/{rel}","templated":true}]}}