{"id":10925,"date":"2007-04-03T00:00:00","date_gmt":"2007-04-03T04:00:00","guid":{"rendered":"http:\/\/192.81.217.108\/interamerica\/2007\/04\/jamaica-creyentes-adventistas-y-jefes-de-estado-retan-a-confirmar-la-rectitud\/"},"modified":"2017-06-02T09:11:57","modified_gmt":"2017-06-02T13:11:57","slug":"jamaica-creyentes-adventistas-y-jefes-de-estado-retan-a-confirmar-la-rectitud","status":"publish","type":"post","link":"https:\/\/interamerica.org\/es\/2007\/04\/jamaica-creyentes-adventistas-y-jefes-de-estado-retan-a-confirmar-la-rectitud\/","title":{"rendered":"Jamaica: Creyentes adventistas y jefes de estado retan a confirmar la rectitud"},"content":{"rendered":"<\/p>\n<p><em >3 de abril, 2007 <\/em >Mount Salem, St. James, Jamaica&#8230;. [Nigel Coke\/WIU\/ANN] <\/p>\n<p>\u00abLev\u00e1ntense y mantengan la rectitud en la sociedad\u00bb, el pastor Michael Harvey, presidente de la iglesia Adventista del S\u00e9ptimo D\u00eda en Jamaica del Norte, ret\u00f3 recientemente a cientos de miembros de iglesia y l\u00edderes gubernamentales.<\/p>\n<p>El pastor Harvey hablaba en la iglesia adventista del s\u00e9ptimo d\u00eda en Mount Salem, St. James, el s\u00e1bado, 31 de marzo.  Al servicio asisti\u00f3 la Primer Ministro de Jamaica, Portia Simpson-Miller, su esposo Errald y los miembros del gabinete para celebrar el aniversario de su primer a\u00f1o en la oficina como primer ministro. <\/p>\n<p>Tomando como referencia Jueces 19-21 durante su serm\u00f3n, el pastor Harvey dijo a la congregaci\u00f3n que la sociedad no puede ser dirigida por antojo individual, sino por los principios de Dios. <\/p>\n<p>\u00abDios no ha dejado nuestra conducta a nuestro propio manejo y a nuestras opiniones\u00bb, dijo Harvard.  \u00abPodemos evitar conformarnos a los est\u00e1ndares bajos de la sociedad y aplicarlos a la vida. El que no se ha sometido a la voluntad de Dios, terminar\u00e1 haciendo lo que le parece correcto en el momento\u00bb. <\/p>\n<p>Harvey dijo a los miembros del gobierno presentes que Dios usa el gobierno humano para cumplir su voluntad.<\/p>\n<p>\u00abEl gobierno es importante, y Dios establece el gobierno; sin embargo, los gobernantes, senadores o parlamentarios no pueden limitar a Dios\u00bb, declar\u00f3 \u00e9l. \u00ab\u00a1Dios es soberano!\u00bb  Sin tener en cuenta la forma de gobierno que tenga un pa\u00eds<em >, la declaraci\u00f3n de Proverbios 14:34<\/em > todav\u00eda es v\u00e1lida: \u2018La justicia engrandece la naci\u00f3n, mas el pecado es afrenta de las naciones&#39;\u00bb. <\/p>\n<p>Dirigi\u00e9ndose a los creyentes, el pastor Harvey expres\u00f3 que cuando el pueblo de Dios carece de espiritualidad, la naci\u00f3n se deteriora. <\/p>\n<p>\u00abDios desea que nosotros ejerzamos una influencia positiva en la sociedad\u00bb, dijo \u00e9l.  \u00abCuando la iglesia cesa de ser gente santa, obediente al Se\u00f1or, la sal pierde su sabor y la luz se coloca debajo de un almud. Los cristianos acomodaticios no s\u00f3lo se afectan a ellos mismos, sus familiares e iglesias, sino que, tambi\u00e9n, contribuyen al deterioro de todo el pa\u00eds\u00bb,  generaliz\u00f3 \u00e9l.<\/p>\n<p>En su disertaci\u00f3n a la congregaci\u00f3n, la Primer Ministro agradeci\u00f3 a la iglesia por acomodarla a ella para la adoraci\u00f3n y elogi\u00f3 a la  iglesia adventista en Jamaica por su rol en la formaci\u00f3n del pa\u00eds. <\/p>\n<p>\u00abUstedes, adventistas del s\u00e9ptimo d\u00eda, son una fuente constante de inspiraci\u00f3n\u00bb, dijo ella.  \u00abSu fe en Dios es inconmovible, y su contribuci\u00f3n al desarrollo de Jamaica, especialmente en las \u00e1reas de educaci\u00f3n, salud y servicios para llegar a la comunidad, son excepcionales\u00bb, a\u00f1adi\u00f3.<\/p>\n<p>La Primer Ministro tambi\u00e9n aprovech\u00f3 la oportunidad para instar a la naci\u00f3n a practicar su moto, \u00abfuera del mont\u00f3n, un solo pueblo\u00bb y unirse para una Jamaica mejor.  M\u00e1s adelante ella solicit\u00f3 que la iglesia adventista continuara orando por ella y el gobierno. <\/p>\n<p><strong >Derechos reservados (R) 2007 por Adventist News Network<\/strong >. <\/p><\/p>\n","protected":false},"excerpt":{"rendered":"<p>\u00abLev\u00e1ntense y preserven la rectitud en la sociedad\u00bb, el pastor Michael Harvey, presidente de la iglesia Adventista del S\u00e9ptimo D\u00eda del Norte de Jamaica, ret\u00f3 recientemente a cientos de miembros de iglesia &#8230;<\/p>\n","protected":false},"author":1,"featured_media":0,"comment_status":"closed","ping_status":"closed","sticky":false,"template":"","format":"standard","meta":{"_acf_changed":false,"footnotes":""},"categories":[8],"tags":[],"class_list":["post-10925","post","type-post","status-publish","format-standard","hentry","category-archivo"],"acf":[],"yoast_head":"<!-- This site is optimized with the Yoast SEO plugin v27.3 - https:\/\/yoast.com\/product\/yoast-seo-wordpress\/ -->\n<title>Jamaica: Creyentes adventistas y jefes de estado retan a confirmar la rectitud - Iglesia Adventista del S\u00e9ptimo D\u00eda - Divisi\u00f3n Interamericana<\/title>\n<meta name=\"robots\" content=\"index, follow, max-snippet:-1, max-image-preview:large, max-video-preview:-1\" \/>\n<link rel=\"canonical\" href=\"https:\/\/interamerica.org\/es\/2007\/04\/jamaica-creyentes-adventistas-y-jefes-de-estado-retan-a-confirmar-la-rectitud\/\" \/>\n<meta property=\"og:locale\" content=\"es_ES\" \/>\n<meta property=\"og:type\" content=\"article\" \/>\n<meta property=\"og:title\" content=\"Jamaica: Creyentes adventistas y jefes de estado retan a confirmar la rectitud - Iglesia Adventista del S\u00e9ptimo D\u00eda - Divisi\u00f3n Interamericana\" \/>\n<meta property=\"og:description\" content=\"&quot;Lev\u00e1ntense y preserven la rectitud en la sociedad&quot;, el pastor Michael Harvey, presidente de la iglesia Adventista del S\u00e9ptimo D\u00eda del Norte de Jamaica, ret\u00f3 recientemente a cientos de miembros de iglesia ...\" \/>\n<meta property=\"og:url\" content=\"https:\/\/interamerica.org\/es\/2007\/04\/jamaica-creyentes-adventistas-y-jefes-de-estado-retan-a-confirmar-la-rectitud\/\" \/>\n<meta property=\"og:site_name\" content=\"Iglesia Adventista del S\u00e9ptimo D\u00eda - Divisi\u00f3n Interamericana\" \/>\n<meta property=\"article:published_time\" content=\"2007-04-03T04:00:00+00:00\" \/>\n<meta property=\"article:modified_time\" content=\"2017-06-02T13:11:57+00:00\" \/>\n<meta name=\"author\" content=\"Lorenzo Verduzco\" \/>\n<meta name=\"twitter:card\" content=\"summary_large_image\" \/>\n<meta name=\"twitter:label1\" content=\"Escrito por\" \/>\n\t<meta name=\"twitter:data1\" content=\"Lorenzo Verduzco\" \/>\n\t<meta name=\"twitter:label2\" content=\"Tiempo de lectura\" \/>\n\t<meta name=\"twitter:data2\" content=\"3 minutos\" \/>\n<script type=\"application\/ld+json\" class=\"yoast-schema-graph\">{\"@context\":\"https:\\\/\\\/schema.org\",\"@graph\":[{\"@type\":\"Article\",\"@id\":\"https:\\\/\\\/interamerica.org\\\/es\\\/2007\\\/04\\\/jamaica-creyentes-adventistas-y-jefes-de-estado-retan-a-confirmar-la-rectitud\\\/#article\",\"isPartOf\":{\"@id\":\"https:\\\/\\\/interamerica.org\\\/es\\\/2007\\\/04\\\/jamaica-creyentes-adventistas-y-jefes-de-estado-retan-a-confirmar-la-rectitud\\\/\"},\"author\":{\"name\":\"Lorenzo Verduzco\",\"@id\":\"https:\\\/\\\/interamerica.org\\\/es\\\/#\\\/schema\\\/person\\\/68ede8bdc292885bb76c1e3810e73c39\"},\"headline\":\"Jamaica: Creyentes adventistas y jefes de estado retan a confirmar la rectitud\",\"datePublished\":\"2007-04-03T04:00:00+00:00\",\"dateModified\":\"2017-06-02T13:11:57+00:00\",\"mainEntityOfPage\":{\"@id\":\"https:\\\/\\\/interamerica.org\\\/es\\\/2007\\\/04\\\/jamaica-creyentes-adventistas-y-jefes-de-estado-retan-a-confirmar-la-rectitud\\\/\"},\"wordCount\":520,\"articleSection\":[\"Archivo\"],\"inLanguage\":\"es\"},{\"@type\":\"WebPage\",\"@id\":\"https:\\\/\\\/interamerica.org\\\/es\\\/2007\\\/04\\\/jamaica-creyentes-adventistas-y-jefes-de-estado-retan-a-confirmar-la-rectitud\\\/\",\"url\":\"https:\\\/\\\/interamerica.org\\\/es\\\/2007\\\/04\\\/jamaica-creyentes-adventistas-y-jefes-de-estado-retan-a-confirmar-la-rectitud\\\/\",\"name\":\"Jamaica: Creyentes adventistas y jefes de estado retan a confirmar la rectitud - Iglesia Adventista del S\u00e9ptimo D\u00eda - Divisi\u00f3n Interamericana\",\"isPartOf\":{\"@id\":\"https:\\\/\\\/interamerica.org\\\/es\\\/#website\"},\"datePublished\":\"2007-04-03T04:00:00+00:00\",\"dateModified\":\"2017-06-02T13:11:57+00:00\",\"author\":{\"@id\":\"https:\\\/\\\/interamerica.org\\\/es\\\/#\\\/schema\\\/person\\\/68ede8bdc292885bb76c1e3810e73c39\"},\"breadcrumb\":{\"@id\":\"https:\\\/\\\/interamerica.org\\\/es\\\/2007\\\/04\\\/jamaica-creyentes-adventistas-y-jefes-de-estado-retan-a-confirmar-la-rectitud\\\/#breadcrumb\"},\"inLanguage\":\"es\",\"potentialAction\":[{\"@type\":\"ReadAction\",\"target\":[\"https:\\\/\\\/interamerica.org\\\/es\\\/2007\\\/04\\\/jamaica-creyentes-adventistas-y-jefes-de-estado-retan-a-confirmar-la-rectitud\\\/\"]}]},{\"@type\":\"BreadcrumbList\",\"@id\":\"https:\\\/\\\/interamerica.org\\\/es\\\/2007\\\/04\\\/jamaica-creyentes-adventistas-y-jefes-de-estado-retan-a-confirmar-la-rectitud\\\/#breadcrumb\",\"itemListElement\":[{\"@type\":\"ListItem\",\"position\":1,\"name\":\"Home\",\"item\":\"https:\\\/\\\/interamerica.org\\\/es\\\/\"},{\"@type\":\"ListItem\",\"position\":2,\"name\":\"Jamaica: Creyentes adventistas y jefes de estado retan a confirmar la rectitud\"}]},{\"@type\":\"WebSite\",\"@id\":\"https:\\\/\\\/interamerica.org\\\/es\\\/#website\",\"url\":\"https:\\\/\\\/interamerica.org\\\/es\\\/\",\"name\":\"Iglesia Adventista del S\u00e9ptimo D\u00eda - Divisi\u00f3n Interamericana\",\"description\":\"\",\"potentialAction\":[{\"@type\":\"SearchAction\",\"target\":{\"@type\":\"EntryPoint\",\"urlTemplate\":\"https:\\\/\\\/interamerica.org\\\/es\\\/?s={search_term_string}\"},\"query-input\":{\"@type\":\"PropertyValueSpecification\",\"valueRequired\":true,\"valueName\":\"search_term_string\"}}],\"inLanguage\":\"es\"},{\"@type\":\"Person\",\"@id\":\"https:\\\/\\\/interamerica.org\\\/es\\\/#\\\/schema\\\/person\\\/68ede8bdc292885bb76c1e3810e73c39\",\"name\":\"Lorenzo Verduzco\",\"image\":{\"@type\":\"ImageObject\",\"inLanguage\":\"es\",\"@id\":\"https:\\\/\\\/secure.gravatar.com\\\/avatar\\\/fb81a55b6218459490a9c1dc841a34909185b81904c5337b4b27f7a6fd60c49e?s=96&d=mm&r=g\",\"url\":\"https:\\\/\\\/secure.gravatar.com\\\/avatar\\\/fb81a55b6218459490a9c1dc841a34909185b81904c5337b4b27f7a6fd60c49e?s=96&d=mm&r=g\",\"contentUrl\":\"https:\\\/\\\/secure.gravatar.com\\\/avatar\\\/fb81a55b6218459490a9c1dc841a34909185b81904c5337b4b27f7a6fd60c49e?s=96&d=mm&r=g\",\"caption\":\"Lorenzo Verduzco\"}}]}<\/script>\n<!-- \/ Yoast SEO plugin. -->","yoast_head_json":{"title":"Jamaica: Creyentes adventistas y jefes de estado retan a confirmar la rectitud - Iglesia Adventista del S\u00e9ptimo D\u00eda - Divisi\u00f3n Interamericana","robots":{"index":"index","follow":"follow","max-snippet":"max-snippet:-1","max-image-preview":"max-image-preview:large","max-video-preview":"max-video-preview:-1"},"canonical":"https:\/\/interamerica.org\/es\/2007\/04\/jamaica-creyentes-adventistas-y-jefes-de-estado-retan-a-confirmar-la-rectitud\/","og_locale":"es_ES","og_type":"article","og_title":"Jamaica: Creyentes adventistas y jefes de estado retan a confirmar la rectitud - Iglesia Adventista del S\u00e9ptimo D\u00eda - Divisi\u00f3n Interamericana","og_description":"\"Lev\u00e1ntense y preserven la rectitud en la sociedad\", el pastor Michael Harvey, presidente de la iglesia Adventista del S\u00e9ptimo D\u00eda del Norte de Jamaica, ret\u00f3 recientemente a cientos de miembros de iglesia ...","og_url":"https:\/\/interamerica.org\/es\/2007\/04\/jamaica-creyentes-adventistas-y-jefes-de-estado-retan-a-confirmar-la-rectitud\/","og_site_name":"Iglesia Adventista del S\u00e9ptimo D\u00eda - Divisi\u00f3n Interamericana","article_published_time":"2007-04-03T04:00:00+00:00","article_modified_time":"2017-06-02T13:11:57+00:00","author":"Lorenzo Verduzco","twitter_card":"summary_large_image","twitter_misc":{"Escrito por":"Lorenzo Verduzco","Tiempo de lectura":"3 minutos"},"schema":{"@context":"https:\/\/schema.org","@graph":[{"@type":"Article","@id":"https:\/\/interamerica.org\/es\/2007\/04\/jamaica-creyentes-adventistas-y-jefes-de-estado-retan-a-confirmar-la-rectitud\/#article","isPartOf":{"@id":"https:\/\/interamerica.org\/es\/2007\/04\/jamaica-creyentes-adventistas-y-jefes-de-estado-retan-a-confirmar-la-rectitud\/"},"author":{"name":"Lorenzo Verduzco","@id":"https:\/\/interamerica.org\/es\/#\/schema\/person\/68ede8bdc292885bb76c1e3810e73c39"},"headline":"Jamaica: Creyentes adventistas y jefes de estado retan a confirmar la rectitud","datePublished":"2007-04-03T04:00:00+00:00","dateModified":"2017-06-02T13:11:57+00:00","mainEntityOfPage":{"@id":"https:\/\/interamerica.org\/es\/2007\/04\/jamaica-creyentes-adventistas-y-jefes-de-estado-retan-a-confirmar-la-rectitud\/"},"wordCount":520,"articleSection":["Archivo"],"inLanguage":"es"},{"@type":"WebPage","@id":"https:\/\/interamerica.org\/es\/2007\/04\/jamaica-creyentes-adventistas-y-jefes-de-estado-retan-a-confirmar-la-rectitud\/","url":"https:\/\/interamerica.org\/es\/2007\/04\/jamaica-creyentes-adventistas-y-jefes-de-estado-retan-a-confirmar-la-rectitud\/","name":"Jamaica: Creyentes adventistas y jefes de estado retan a confirmar la rectitud - Iglesia Adventista del S\u00e9ptimo D\u00eda - Divisi\u00f3n Interamericana","isPartOf":{"@id":"https:\/\/interamerica.org\/es\/#website"},"datePublished":"2007-04-03T04:00:00+00:00","dateModified":"2017-06-02T13:11:57+00:00","author":{"@id":"https:\/\/interamerica.org\/es\/#\/schema\/person\/68ede8bdc292885bb76c1e3810e73c39"},"breadcrumb":{"@id":"https:\/\/interamerica.org\/es\/2007\/04\/jamaica-creyentes-adventistas-y-jefes-de-estado-retan-a-confirmar-la-rectitud\/#breadcrumb"},"inLanguage":"es","potentialAction":[{"@type":"ReadAction","target":["https:\/\/interamerica.org\/es\/2007\/04\/jamaica-creyentes-adventistas-y-jefes-de-estado-retan-a-confirmar-la-rectitud\/"]}]},{"@type":"BreadcrumbList","@id":"https:\/\/interamerica.org\/es\/2007\/04\/jamaica-creyentes-adventistas-y-jefes-de-estado-retan-a-confirmar-la-rectitud\/#breadcrumb","itemListElement":[{"@type":"ListItem","position":1,"name":"Home","item":"https:\/\/interamerica.org\/es\/"},{"@type":"ListItem","position":2,"name":"Jamaica: Creyentes adventistas y jefes de estado retan a confirmar la rectitud"}]},{"@type":"WebSite","@id":"https:\/\/interamerica.org\/es\/#website","url":"https:\/\/interamerica.org\/es\/","name":"Iglesia Adventista del S\u00e9ptimo D\u00eda - Divisi\u00f3n Interamericana","description":"","potentialAction":[{"@type":"SearchAction","target":{"@type":"EntryPoint","urlTemplate":"https:\/\/interamerica.org\/es\/?s={search_term_string}"},"query-input":{"@type":"PropertyValueSpecification","valueRequired":true,"valueName":"search_term_string"}}],"inLanguage":"es"},{"@type":"Person","@id":"https:\/\/interamerica.org\/es\/#\/schema\/person\/68ede8bdc292885bb76c1e3810e73c39","name":"Lorenzo Verduzco","image":{"@type":"ImageObject","inLanguage":"es","@id":"https:\/\/secure.gravatar.com\/avatar\/fb81a55b6218459490a9c1dc841a34909185b81904c5337b4b27f7a6fd60c49e?s=96&d=mm&r=g","url":"https:\/\/secure.gravatar.com\/avatar\/fb81a55b6218459490a9c1dc841a34909185b81904c5337b4b27f7a6fd60c49e?s=96&d=mm&r=g","contentUrl":"https:\/\/secure.gravatar.com\/avatar\/fb81a55b6218459490a9c1dc841a34909185b81904c5337b4b27f7a6fd60c49e?s=96&d=mm&r=g","caption":"Lorenzo Verduzco"}}]}},"_links":{"self":[{"href":"https:\/\/interamerica.org\/es\/wp-json\/wp\/v2\/posts\/10925","targetHints":{"allow":["GET"]}}],"collection":[{"href":"https:\/\/interamerica.org\/es\/wp-json\/wp\/v2\/posts"}],"about":[{"href":"https:\/\/interamerica.org\/es\/wp-json\/wp\/v2\/types\/post"}],"author":[{"embeddable":true,"href":"https:\/\/interamerica.org\/es\/wp-json\/wp\/v2\/users\/1"}],"replies":[{"embeddable":true,"href":"https:\/\/interamerica.org\/es\/wp-json\/wp\/v2\/comments?post=10925"}],"version-history":[{"count":0,"href":"https:\/\/interamerica.org\/es\/wp-json\/wp\/v2\/posts\/10925\/revisions"}],"wp:attachment":[{"href":"https:\/\/interamerica.org\/es\/wp-json\/wp\/v2\/media?parent=10925"}],"wp:term":[{"taxonomy":"category","embeddable":true,"href":"https:\/\/interamerica.org\/es\/wp-json\/wp\/v2\/categories?post=10925"},{"taxonomy":"post_tag","embeddable":true,"href":"https:\/\/interamerica.org\/es\/wp-json\/wp\/v2\/tags?post=10925"}],"curies":[{"name":"wp","href":"https:\/\/api.w.org\/{rel}","templated":true}]}}