{"id":10935,"date":"2007-04-15T00:00:00","date_gmt":"2007-04-15T04:00:00","guid":{"rendered":"http:\/\/192.81.217.108\/interamerica\/2007\/04\/guatemala-mas-de-3000-acampan-en-campestre-juvenil\/"},"modified":"2017-06-02T09:11:51","modified_gmt":"2017-06-02T13:11:51","slug":"guatemala-mas-de-3000-acampan-en-campestre-juvenil","status":"publish","type":"post","link":"https:\/\/interamerica.org\/es\/2007\/04\/guatemala-mas-de-3000-acampan-en-campestre-juvenil\/","title":{"rendered":"Guatemala: M\u00e1s de 3,000 acampan en Campestre Juvenil"},"content":{"rendered":"<p>Ciudad Capital de Guatemala, Guatemala&#8230; [Melvin Batz\/Personal DIA] <\/p>\n<p>M\u00e1s de 3,000 j\u00f3venes Adventistas del S\u00e9ptimo D\u00eda provenientes de toda la iglesia en Guatemala y Belice montaron sus tiendas de campa\u00f1a y bolsas de dormir en el Campamento San Jorge Muxbal en la Ciudad de Guatemala, para su <em >primer Campestre de Ministerios Juveniles<\/em > del 3-8 de abril. <\/p>\n<p>\u201cEsta fue la primera vez que una actividad de esta magnitud se celebr\u00f3 en nuestra uni\u00f3n, cuyo prop\u00f3sito fue motivar a los j\u00f3venes a participar en las actividades de sus respectivas iglesias\u201d, dijo el pastor Irvin Calder\u00f3n, director de ministerios juveniles para la iglesia en la regi\u00f3n Centroamericana del Norte. <\/p>\n<p>El evento estuvo abarrotado de actividades espirituales, mentales y f\u00edsicas para m\u00e1s de 170 clubes compuestos de aventureros, conquistadores, gu\u00edas mayores y sociedades de j\u00f3venes adventistas, quienes adoraron y trabajaron unidos durante seis d\u00edas en Semana Santa. <\/p>\n<p>\u201cFue algo muy extraordinario\u201d, dijo Calder\u00f3n.  \u201cGracias a Dios, todas nuestras expectaciones fueron cumplidas y todos estaban entusiasmados de estar unidos con otros ni\u00f1os y j\u00f3venes de diferentes partes del pa\u00eds\u201d, a\u00f1adi\u00f3 Calder\u00f3n. <\/p>\n<p>Calder\u00f3n dijo que espera se puedan celebrar m\u00e1s eventos similares para unir a los j\u00f3venes adventistas en la regi\u00f3n e inspirarlos a mantener en sus mentes el pronto regreso de Jes\u00fas. <\/p>\n<p>Para m\u00e1s informaci\u00f3n y para ver la galer\u00eda de fotos del <em >campestre,<\/em > entre a  <a  href=\"http:\/\/campestre.advenred.com.\/\">http:\/\/campestre.advenred.com<\/a >   <\/p><\/p>\n","protected":false},"excerpt":{"rendered":"<p>M\u00e1s de 3,000 j\u00f3venes Adventistas del S\u00e9ptimo D\u00eda provenientes de toda la iglesia en Guatemala y Belice, montaron sus tiendas de campa\u00f1a y bolsas de dormir en el Campamento San Jorge Muxbal en la ciudad capital de Guatema<\/p>\n","protected":false},"author":1,"featured_media":0,"comment_status":"closed","ping_status":"closed","sticky":false,"template":"","format":"standard","meta":{"_acf_changed":false,"footnotes":""},"categories":[8],"tags":[],"class_list":["post-10935","post","type-post","status-publish","format-standard","hentry","category-archivo"],"acf":[],"yoast_head":"<!-- This site is optimized with the Yoast SEO plugin v27.3 - https:\/\/yoast.com\/product\/yoast-seo-wordpress\/ -->\n<title>Guatemala: M\u00e1s de 3,000 acampan en Campestre Juvenil - Iglesia Adventista del S\u00e9ptimo D\u00eda - Divisi\u00f3n Interamericana<\/title>\n<meta name=\"robots\" content=\"index, follow, max-snippet:-1, max-image-preview:large, max-video-preview:-1\" \/>\n<link rel=\"canonical\" href=\"https:\/\/interamerica.org\/es\/2007\/04\/guatemala-mas-de-3000-acampan-en-campestre-juvenil\/\" \/>\n<meta property=\"og:locale\" content=\"es_ES\" \/>\n<meta property=\"og:type\" content=\"article\" \/>\n<meta property=\"og:title\" content=\"Guatemala: M\u00e1s de 3,000 acampan en Campestre Juvenil - Iglesia Adventista del S\u00e9ptimo D\u00eda - Divisi\u00f3n Interamericana\" \/>\n<meta property=\"og:description\" content=\"M\u00e1s de 3,000 j\u00f3venes Adventistas del S\u00e9ptimo D\u00eda provenientes de toda la iglesia en Guatemala y Belice, montaron sus tiendas de campa\u00f1a y bolsas de dormir en el Campamento San Jorge Muxbal en la ciudad capital de Guatema\" \/>\n<meta property=\"og:url\" content=\"https:\/\/interamerica.org\/es\/2007\/04\/guatemala-mas-de-3000-acampan-en-campestre-juvenil\/\" \/>\n<meta property=\"og:site_name\" content=\"Iglesia Adventista del S\u00e9ptimo D\u00eda - Divisi\u00f3n Interamericana\" \/>\n<meta property=\"article:published_time\" content=\"2007-04-15T04:00:00+00:00\" \/>\n<meta property=\"article:modified_time\" content=\"2017-06-02T13:11:51+00:00\" \/>\n<meta name=\"author\" content=\"Lorenzo Verduzco\" \/>\n<meta name=\"twitter:card\" content=\"summary_large_image\" \/>\n<meta name=\"twitter:label1\" content=\"Escrito por\" \/>\n\t<meta name=\"twitter:data1\" content=\"Lorenzo Verduzco\" \/>\n\t<meta name=\"twitter:label2\" content=\"Tiempo de lectura\" \/>\n\t<meta name=\"twitter:data2\" content=\"1 minuto\" \/>\n<script type=\"application\/ld+json\" class=\"yoast-schema-graph\">{\"@context\":\"https:\\\/\\\/schema.org\",\"@graph\":[{\"@type\":\"Article\",\"@id\":\"https:\\\/\\\/interamerica.org\\\/es\\\/2007\\\/04\\\/guatemala-mas-de-3000-acampan-en-campestre-juvenil\\\/#article\",\"isPartOf\":{\"@id\":\"https:\\\/\\\/interamerica.org\\\/es\\\/2007\\\/04\\\/guatemala-mas-de-3000-acampan-en-campestre-juvenil\\\/\"},\"author\":{\"name\":\"Lorenzo Verduzco\",\"@id\":\"https:\\\/\\\/interamerica.org\\\/es\\\/#\\\/schema\\\/person\\\/68ede8bdc292885bb76c1e3810e73c39\"},\"headline\":\"Guatemala: M\u00e1s de 3,000 acampan en Campestre Juvenil\",\"datePublished\":\"2007-04-15T04:00:00+00:00\",\"dateModified\":\"2017-06-02T13:11:51+00:00\",\"mainEntityOfPage\":{\"@id\":\"https:\\\/\\\/interamerica.org\\\/es\\\/2007\\\/04\\\/guatemala-mas-de-3000-acampan-en-campestre-juvenil\\\/\"},\"wordCount\":261,\"articleSection\":[\"Archivo\"],\"inLanguage\":\"es\"},{\"@type\":\"WebPage\",\"@id\":\"https:\\\/\\\/interamerica.org\\\/es\\\/2007\\\/04\\\/guatemala-mas-de-3000-acampan-en-campestre-juvenil\\\/\",\"url\":\"https:\\\/\\\/interamerica.org\\\/es\\\/2007\\\/04\\\/guatemala-mas-de-3000-acampan-en-campestre-juvenil\\\/\",\"name\":\"Guatemala: M\u00e1s de 3,000 acampan en Campestre Juvenil - Iglesia Adventista del S\u00e9ptimo D\u00eda - Divisi\u00f3n Interamericana\",\"isPartOf\":{\"@id\":\"https:\\\/\\\/interamerica.org\\\/es\\\/#website\"},\"datePublished\":\"2007-04-15T04:00:00+00:00\",\"dateModified\":\"2017-06-02T13:11:51+00:00\",\"author\":{\"@id\":\"https:\\\/\\\/interamerica.org\\\/es\\\/#\\\/schema\\\/person\\\/68ede8bdc292885bb76c1e3810e73c39\"},\"breadcrumb\":{\"@id\":\"https:\\\/\\\/interamerica.org\\\/es\\\/2007\\\/04\\\/guatemala-mas-de-3000-acampan-en-campestre-juvenil\\\/#breadcrumb\"},\"inLanguage\":\"es\",\"potentialAction\":[{\"@type\":\"ReadAction\",\"target\":[\"https:\\\/\\\/interamerica.org\\\/es\\\/2007\\\/04\\\/guatemala-mas-de-3000-acampan-en-campestre-juvenil\\\/\"]}]},{\"@type\":\"BreadcrumbList\",\"@id\":\"https:\\\/\\\/interamerica.org\\\/es\\\/2007\\\/04\\\/guatemala-mas-de-3000-acampan-en-campestre-juvenil\\\/#breadcrumb\",\"itemListElement\":[{\"@type\":\"ListItem\",\"position\":1,\"name\":\"Home\",\"item\":\"https:\\\/\\\/interamerica.org\\\/es\\\/\"},{\"@type\":\"ListItem\",\"position\":2,\"name\":\"Guatemala: M\u00e1s de 3,000 acampan en Campestre Juvenil\"}]},{\"@type\":\"WebSite\",\"@id\":\"https:\\\/\\\/interamerica.org\\\/es\\\/#website\",\"url\":\"https:\\\/\\\/interamerica.org\\\/es\\\/\",\"name\":\"Iglesia Adventista del S\u00e9ptimo D\u00eda - Divisi\u00f3n Interamericana\",\"description\":\"\",\"potentialAction\":[{\"@type\":\"SearchAction\",\"target\":{\"@type\":\"EntryPoint\",\"urlTemplate\":\"https:\\\/\\\/interamerica.org\\\/es\\\/?s={search_term_string}\"},\"query-input\":{\"@type\":\"PropertyValueSpecification\",\"valueRequired\":true,\"valueName\":\"search_term_string\"}}],\"inLanguage\":\"es\"},{\"@type\":\"Person\",\"@id\":\"https:\\\/\\\/interamerica.org\\\/es\\\/#\\\/schema\\\/person\\\/68ede8bdc292885bb76c1e3810e73c39\",\"name\":\"Lorenzo Verduzco\",\"image\":{\"@type\":\"ImageObject\",\"inLanguage\":\"es\",\"@id\":\"https:\\\/\\\/secure.gravatar.com\\\/avatar\\\/fb81a55b6218459490a9c1dc841a34909185b81904c5337b4b27f7a6fd60c49e?s=96&d=mm&r=g\",\"url\":\"https:\\\/\\\/secure.gravatar.com\\\/avatar\\\/fb81a55b6218459490a9c1dc841a34909185b81904c5337b4b27f7a6fd60c49e?s=96&d=mm&r=g\",\"contentUrl\":\"https:\\\/\\\/secure.gravatar.com\\\/avatar\\\/fb81a55b6218459490a9c1dc841a34909185b81904c5337b4b27f7a6fd60c49e?s=96&d=mm&r=g\",\"caption\":\"Lorenzo Verduzco\"}}]}<\/script>\n<!-- \/ Yoast SEO plugin. -->","yoast_head_json":{"title":"Guatemala: M\u00e1s de 3,000 acampan en Campestre Juvenil - Iglesia Adventista del S\u00e9ptimo D\u00eda - Divisi\u00f3n Interamericana","robots":{"index":"index","follow":"follow","max-snippet":"max-snippet:-1","max-image-preview":"max-image-preview:large","max-video-preview":"max-video-preview:-1"},"canonical":"https:\/\/interamerica.org\/es\/2007\/04\/guatemala-mas-de-3000-acampan-en-campestre-juvenil\/","og_locale":"es_ES","og_type":"article","og_title":"Guatemala: M\u00e1s de 3,000 acampan en Campestre Juvenil - Iglesia Adventista del S\u00e9ptimo D\u00eda - Divisi\u00f3n Interamericana","og_description":"M\u00e1s de 3,000 j\u00f3venes Adventistas del S\u00e9ptimo D\u00eda provenientes de toda la iglesia en Guatemala y Belice, montaron sus tiendas de campa\u00f1a y bolsas de dormir en el Campamento San Jorge Muxbal en la ciudad capital de Guatema","og_url":"https:\/\/interamerica.org\/es\/2007\/04\/guatemala-mas-de-3000-acampan-en-campestre-juvenil\/","og_site_name":"Iglesia Adventista del S\u00e9ptimo D\u00eda - Divisi\u00f3n Interamericana","article_published_time":"2007-04-15T04:00:00+00:00","article_modified_time":"2017-06-02T13:11:51+00:00","author":"Lorenzo Verduzco","twitter_card":"summary_large_image","twitter_misc":{"Escrito por":"Lorenzo Verduzco","Tiempo de lectura":"1 minuto"},"schema":{"@context":"https:\/\/schema.org","@graph":[{"@type":"Article","@id":"https:\/\/interamerica.org\/es\/2007\/04\/guatemala-mas-de-3000-acampan-en-campestre-juvenil\/#article","isPartOf":{"@id":"https:\/\/interamerica.org\/es\/2007\/04\/guatemala-mas-de-3000-acampan-en-campestre-juvenil\/"},"author":{"name":"Lorenzo Verduzco","@id":"https:\/\/interamerica.org\/es\/#\/schema\/person\/68ede8bdc292885bb76c1e3810e73c39"},"headline":"Guatemala: M\u00e1s de 3,000 acampan en Campestre Juvenil","datePublished":"2007-04-15T04:00:00+00:00","dateModified":"2017-06-02T13:11:51+00:00","mainEntityOfPage":{"@id":"https:\/\/interamerica.org\/es\/2007\/04\/guatemala-mas-de-3000-acampan-en-campestre-juvenil\/"},"wordCount":261,"articleSection":["Archivo"],"inLanguage":"es"},{"@type":"WebPage","@id":"https:\/\/interamerica.org\/es\/2007\/04\/guatemala-mas-de-3000-acampan-en-campestre-juvenil\/","url":"https:\/\/interamerica.org\/es\/2007\/04\/guatemala-mas-de-3000-acampan-en-campestre-juvenil\/","name":"Guatemala: M\u00e1s de 3,000 acampan en Campestre Juvenil - Iglesia Adventista del S\u00e9ptimo D\u00eda - Divisi\u00f3n Interamericana","isPartOf":{"@id":"https:\/\/interamerica.org\/es\/#website"},"datePublished":"2007-04-15T04:00:00+00:00","dateModified":"2017-06-02T13:11:51+00:00","author":{"@id":"https:\/\/interamerica.org\/es\/#\/schema\/person\/68ede8bdc292885bb76c1e3810e73c39"},"breadcrumb":{"@id":"https:\/\/interamerica.org\/es\/2007\/04\/guatemala-mas-de-3000-acampan-en-campestre-juvenil\/#breadcrumb"},"inLanguage":"es","potentialAction":[{"@type":"ReadAction","target":["https:\/\/interamerica.org\/es\/2007\/04\/guatemala-mas-de-3000-acampan-en-campestre-juvenil\/"]}]},{"@type":"BreadcrumbList","@id":"https:\/\/interamerica.org\/es\/2007\/04\/guatemala-mas-de-3000-acampan-en-campestre-juvenil\/#breadcrumb","itemListElement":[{"@type":"ListItem","position":1,"name":"Home","item":"https:\/\/interamerica.org\/es\/"},{"@type":"ListItem","position":2,"name":"Guatemala: M\u00e1s de 3,000 acampan en Campestre Juvenil"}]},{"@type":"WebSite","@id":"https:\/\/interamerica.org\/es\/#website","url":"https:\/\/interamerica.org\/es\/","name":"Iglesia Adventista del S\u00e9ptimo D\u00eda - Divisi\u00f3n Interamericana","description":"","potentialAction":[{"@type":"SearchAction","target":{"@type":"EntryPoint","urlTemplate":"https:\/\/interamerica.org\/es\/?s={search_term_string}"},"query-input":{"@type":"PropertyValueSpecification","valueRequired":true,"valueName":"search_term_string"}}],"inLanguage":"es"},{"@type":"Person","@id":"https:\/\/interamerica.org\/es\/#\/schema\/person\/68ede8bdc292885bb76c1e3810e73c39","name":"Lorenzo Verduzco","image":{"@type":"ImageObject","inLanguage":"es","@id":"https:\/\/secure.gravatar.com\/avatar\/fb81a55b6218459490a9c1dc841a34909185b81904c5337b4b27f7a6fd60c49e?s=96&d=mm&r=g","url":"https:\/\/secure.gravatar.com\/avatar\/fb81a55b6218459490a9c1dc841a34909185b81904c5337b4b27f7a6fd60c49e?s=96&d=mm&r=g","contentUrl":"https:\/\/secure.gravatar.com\/avatar\/fb81a55b6218459490a9c1dc841a34909185b81904c5337b4b27f7a6fd60c49e?s=96&d=mm&r=g","caption":"Lorenzo Verduzco"}}]}},"_links":{"self":[{"href":"https:\/\/interamerica.org\/es\/wp-json\/wp\/v2\/posts\/10935","targetHints":{"allow":["GET"]}}],"collection":[{"href":"https:\/\/interamerica.org\/es\/wp-json\/wp\/v2\/posts"}],"about":[{"href":"https:\/\/interamerica.org\/es\/wp-json\/wp\/v2\/types\/post"}],"author":[{"embeddable":true,"href":"https:\/\/interamerica.org\/es\/wp-json\/wp\/v2\/users\/1"}],"replies":[{"embeddable":true,"href":"https:\/\/interamerica.org\/es\/wp-json\/wp\/v2\/comments?post=10935"}],"version-history":[{"count":0,"href":"https:\/\/interamerica.org\/es\/wp-json\/wp\/v2\/posts\/10935\/revisions"}],"wp:attachment":[{"href":"https:\/\/interamerica.org\/es\/wp-json\/wp\/v2\/media?parent=10935"}],"wp:term":[{"taxonomy":"category","embeddable":true,"href":"https:\/\/interamerica.org\/es\/wp-json\/wp\/v2\/categories?post=10935"},{"taxonomy":"post_tag","embeddable":true,"href":"https:\/\/interamerica.org\/es\/wp-json\/wp\/v2\/tags?post=10935"}],"curies":[{"name":"wp","href":"https:\/\/api.w.org\/{rel}","templated":true}]}}