{"id":109394,"date":"2024-01-30T22:41:12","date_gmt":"2024-01-31T03:41:12","guid":{"rendered":"https:\/\/interamerica.org\/?p=109394"},"modified":"2024-01-31T14:41:40","modified_gmt":"2024-01-31T19:41:40","slug":"en-rumania-casa-adra-provee-albergue-a-victimas-de-violencia-domestica","status":"publish","type":"post","link":"https:\/\/interamerica.org\/es\/2024\/01\/en-rumania-casa-adra-provee-albergue-a-victimas-de-violencia-domestica\/","title":{"rendered":"En Rumania, Casa ADRA provee albergue a v\u00edctimas de violencia dom\u00e9stica"},"content":{"rendered":"<p><strong>La historia de una mujer rescatada del abuso ilustra el papel desempe\u00f1ado por la agencia. <\/strong><\/p>\n<p>30 de junio de 2024 | Rumania | ADRA Rumania y Adventist Review<\/p>\n<p>\u00bfQu\u00e9 m\u00e1s podr\u00edas desear de una relaci\u00f3n que el poder gozar de paz entre t\u00fa y tu pareja para formar una familia, tener un sitio al que puedes llamar hogar, un espacio de seguridad y desarrollo, de apoyo y amor?<\/p>\n<p>Eli* tambi\u00e9n so\u00f1\u00f3 con un escenario tal. So\u00f1aba en un hogar lleno de risas y alegr\u00eda. So\u00f1aba en ello desde que sus padres se separaron cuando apenas ten\u00eda seis a\u00f1os. Pero la vida la llev\u00f3 por un sendero diferente, lleno de l\u00e1grimas y abuso, negligencia e impotencia.<\/p>\n<h4><\/h4>\n<p><div id=\"attachment_109384\" style=\"width: 830px\" class=\"wp-caption aligncenter\"><img fetchpriority=\"high\" decoding=\"async\" aria-describedby=\"caption-attachment-109384\" class=\" wp-image-109382\" src=\"https:\/\/interamerica.org\/wp-content\/uploads\/2024\/01\/casa-adra-logo.jpeg\" alt=\"\" width=\"820\" height=\"546\" srcset=\"https:\/\/interamerica.org\/wp-content\/uploads\/2024\/01\/casa-adra-logo.jpeg 960w, https:\/\/interamerica.org\/wp-content\/uploads\/2024\/01\/casa-adra-logo-300x200.jpeg 300w, https:\/\/interamerica.org\/wp-content\/uploads\/2024\/01\/casa-adra-logo-768x511.jpeg 768w\" sizes=\"(max-width: 820px) 100vw, 820px\" \/><p id=\"caption-attachment-109384\" class=\"wp-caption-text\">Casa ADRA ofrece albergue, asesor\u00eda sicol\u00f3gica individual y familiar, alimento y asistencia m\u00e9dica de emergencia a mujeres que han informado su caso de violencia dom\u00e9stica. [Imagen: ADRA Rumania]<\/p><\/div>La historia da comienzo en la casa de su bisabuela, quien tuvo que cuidar de Eli y su hermana porque el padre de ellas las abandon\u00f3. Los vecinos notaron los trabajos que pasaba esta anciana mujer para cuidar de las ni\u00f1as y, despu\u00e9s de informar el caso a la oficina de servicios de protecci\u00f3n infantil, las peque\u00f1as fueron llevadas a un centro estatal. Para Eli, este fue el mejor de los tiempos vividos, siendo que recibi\u00f3 muy pronto el apoyo de educadores por causa de su diligencia. Tuvo un mentor que la guio durante su infancia, el maestro de idioma rumano de ese centro, quien la ayud\u00f3 a descubrir su amor por el conocimiento y el desarrollo.<\/p>\n<p>Eli ten\u00eda que pasar sus d\u00edas festivos con su padre, una persona que ella describe como ego\u00edsta y completamente desinteresada en su crianza y educaci\u00f3n. Dice que solamente recib\u00eda de \u00e9l duras palabras y azotes. Eli recuerda con placer el tiempo que vivi\u00f3 en tal centro estatal desde la edad de seis a\u00f1os hasta que cumpli\u00f3 los 21; pero el regresar a casa de su padre fue siempre traum\u00e1tico Recuerda un episodio en sus a\u00f1os tempranos cuando su padre regres\u00f3 del trabajo y encontr\u00f3 la loza sucia en la cocina, aline\u00f3 a las chicas y les restreg\u00f3 los platos sucios en sus mejillas.<\/p>\n<p>Las cosas no mejoraron cuando Eli dej\u00f3 el centro estatal, A los 22 a\u00f1os, contrajo matrimonio con un hombre ocho a\u00f1os mayor que ella. La relaci\u00f3n dur\u00f3 11 a\u00f1os, pero termin\u00f3 por causa de la posesividad y celos de su pareja. La siguiente relaci\u00f3n dur\u00f3 11 a\u00f1os y dio como fruto una hija, aunque su esposo no quer\u00eda a esa hija. Para ella, la noticia de que estaba embarazada fue el \u00fanico rayo de esperanza en medio de un mar de desilusi\u00f3n.<\/p>\n<p>Eli asumi\u00f3 la responsabilidad en todas las cosas a fin de llegar a ser madre, con la total falta de involucramiento del padre; y m\u00e1s all\u00e1 de los momentos de abuso f\u00edsico y mental, ten\u00eda sobre ella la presi\u00f3n constante de la hermana de \u00e9l, quien estaba siempre presente en la relaci\u00f3n y sin la que \u00e9l no tomaba ninguna decisi\u00f3n.<\/p>\n<p>&nbsp;<\/p>\n<p><div id=\"attachment_109381\" style=\"width: 495px\" class=\"wp-caption aligncenter\"><img decoding=\"async\" aria-describedby=\"caption-attachment-109381\" class=\" wp-image-109379\" src=\"https:\/\/interamerica.org\/wp-content\/uploads\/2024\/01\/casa-adra-8-martie-4-768x1024-1.jpeg\" alt=\"\" width=\"485\" height=\"647\" srcset=\"https:\/\/interamerica.org\/wp-content\/uploads\/2024\/01\/casa-adra-8-martie-4-768x1024-1.jpeg 768w, https:\/\/interamerica.org\/wp-content\/uploads\/2024\/01\/casa-adra-8-martie-4-768x1024-1-225x300.jpeg 225w\" sizes=\"(max-width: 485px) 100vw, 485px\" \/><p id=\"caption-attachment-109381\" class=\"wp-caption-text\">Casa ADRA ofrece albergue, asesor\u00eda sicol\u00f3gica y social individual y familiar, alimento y asistencia m\u00e9dica de emergencia a mujeres que han informado caso de violencia dom\u00e9stica. [Imagen: ADRA Rumania]<\/p><\/div>Eli se describe a s\u00ed misma como una luchadora, alguien que invierte su energ\u00eda en las personas y que le encanta ayudar. Vio un programa televisado que le ayud\u00f3 a entender que estaba experimentando abuso, lo cual eventualmente la guio hasta Casa ADRA, un sitio patrocinado por la Agencia Adventista de Desarrollo y Recursos Asistenciales en Rumania, en donde las v\u00edctimas de abuso y violencia dom\u00e9stica pueden encontrar un refugio.<\/p>\n<p>Durante su estancia en Casa ADRA, Eli explica que pudo descubrir la paz y la seguridad, as\u00ed como la fuerza para seguir adelante. Se inscribi\u00f3 nuevamente en la escuela secundaria con el sue\u00f1o de proseguir luego estudios universitarios. Durante todo el proceso, fue apoyada constantemente por los especialistas en el centro ADRA, con quienes se siente muy conectada emocionalmente.<\/p>\n<p>\u201cCasa ADRA lo fue todo para m\u00ed\u201d, dice Eli. \u201cMe dio el impuso inicial que necesitaba para m\u00ed y para mi peque\u00f1a hija. Ah\u00ed me di cuenta de lo que hab\u00eda pasado, la forma de enfocar mi atenci\u00f3n en m\u00ed misma y en mi peque\u00f1a hija y c\u00f3mo manejar el dinero. Hice hermosas y duraderas amistades con las mujeres en ese lugar. No tengo palabras suficientes para expresar mi gratitud hacia el equipo de profesionales de Casa ADRA. Hoy estoy bien gracias a lo que he aprendido ah\u00ed: Empat\u00eda, amor por las personas y paciencia m\u00e1s all\u00e1 de las expectativas\u201d.<\/p>\n<p>La sic\u00f3loga Mariana R\u00edos, de ADRA Rumania, dice que le encanta su trabajo en Casa ADRA. \u201cMe siento feliz de tener personas como Eli en el centro\u201d, dice. Estoy contenta de haber podido ser su gu\u00eda durante algunos meses y de que mi trabajo fue muy \u00fatil.\u2026 Ella es un ejemplo de motivaci\u00f3n, voluntad y perseverancia\u201d.<\/p>\n<p><strong>Lucha contra la violencia dom\u00e9stica<\/strong><\/p>\n<p>Desde 2009, ADRA Rumania ha estado manejando el Centro de Recepci\u00f3n de Emergencia de V\u00edctimas de Violencia Dom\u00e9stica, conocido como Casa ADRA.\u00a0En este centro, ADRA Rumania ofrece albergue, asesor\u00eda sicol\u00f3gica individual y familiar, asesor\u00eda social, adem\u00e1s de alimento y asistencia m\u00e9dica de emergencia a mujeres \u00a0(juntamente con sus hijos) que han informado\u00a0 su caso de violencia dom\u00e9stica a las autoridades correspondientes. Casa ADRA posee la apropiada licencia otorgada por el Ministerio de Trabajo, Familia, Protecci\u00f3n y de Ancianidad en Rumania.<\/p>\n<p>La <a href=\"https:\/\/adra.ro\/stiri\/casa-adra-a-fost-totul-pentru-mine-caminul-unde-victimele-violentei-in-familie-au-mereu-siguranta-zilei-de-maine.html\">versi\u00f3n original <\/a>de esta historia se public\u00f3 en el <a href=\"https:\/\/adra.ro\/stiri\">sitio de noticias <\/a>de ADRA Rumania.<\/p>\n<p>Traducci\u00f3n \u2013 Gloria A. Castrej\u00f3n<\/p>\n<p>&nbsp;<\/p>\n<p>&nbsp;<\/p>\n","protected":false},"excerpt":{"rendered":"<p>La historia de una mujer rescatada del abuso ilustra el papel desempe\u00f1ado por la agencia. 30 de junio de 2024 | Rumania | ADRA Rumania y Adventist Review \u00bfQu\u00e9 m\u00e1s&#8230;<\/p>\n","protected":false},"author":3,"featured_media":109384,"comment_status":"closed","ping_status":"closed","sticky":false,"template":"","format":"standard","meta":{"_acf_changed":false,"footnotes":""},"categories":[14,15],"tags":[],"class_list":["post-109394","post","type-post","status-publish","format-standard","has-post-thumbnail","hentry","category-de-la-iglesia-mundial","category-rss-espanol"],"acf":[],"yoast_head":"<!-- This site is optimized with the Yoast SEO plugin v27.3 - https:\/\/yoast.com\/product\/yoast-seo-wordpress\/ -->\n<title>En Rumania, Casa ADRA provee albergue a v\u00edctimas de violencia dom\u00e9stica - Iglesia Adventista del S\u00e9ptimo D\u00eda - Divisi\u00f3n Interamericana<\/title>\n<meta name=\"robots\" content=\"index, follow, max-snippet:-1, max-image-preview:large, max-video-preview:-1\" \/>\n<link rel=\"canonical\" href=\"https:\/\/interamerica.org\/es\/2024\/01\/en-rumania-casa-adra-provee-albergue-a-victimas-de-violencia-domestica\/\" \/>\n<meta property=\"og:locale\" content=\"es_ES\" \/>\n<meta property=\"og:type\" content=\"article\" \/>\n<meta property=\"og:title\" content=\"En Rumania, Casa ADRA provee albergue a v\u00edctimas de violencia dom\u00e9stica - Iglesia Adventista del S\u00e9ptimo D\u00eda - Divisi\u00f3n Interamericana\" \/>\n<meta property=\"og:description\" content=\"La historia de una mujer rescatada del abuso ilustra el papel desempe\u00f1ado por la agencia. 30 de junio de 2024 | Rumania | ADRA Rumania y Adventist Review \u00bfQu\u00e9 m\u00e1s...\" \/>\n<meta property=\"og:url\" content=\"https:\/\/interamerica.org\/es\/2024\/01\/en-rumania-casa-adra-provee-albergue-a-victimas-de-violencia-domestica\/\" \/>\n<meta property=\"og:site_name\" content=\"Iglesia Adventista del S\u00e9ptimo D\u00eda - Divisi\u00f3n Interamericana\" \/>\n<meta property=\"article:published_time\" content=\"2024-01-31T03:41:12+00:00\" \/>\n<meta property=\"article:modified_time\" content=\"2024-01-31T19:41:40+00:00\" \/>\n<meta property=\"og:image\" content=\"https:\/\/interamerica.org\/wp-content\/uploads\/2024\/01\/casa-adra-logo.jpeg\" \/>\n\t<meta property=\"og:image:width\" content=\"960\" \/>\n\t<meta property=\"og:image:height\" content=\"639\" \/>\n\t<meta property=\"og:image:type\" content=\"image\/jpeg\" \/>\n<meta name=\"author\" content=\"libna\" \/>\n<meta name=\"twitter:card\" content=\"summary_large_image\" \/>\n<meta name=\"twitter:label1\" content=\"Escrito por\" \/>\n\t<meta name=\"twitter:data1\" content=\"libna\" \/>\n\t<meta name=\"twitter:label2\" content=\"Tiempo de lectura\" \/>\n\t<meta name=\"twitter:data2\" content=\"5 minutos\" \/>\n<script type=\"application\/ld+json\" class=\"yoast-schema-graph\">{\"@context\":\"https:\\\/\\\/schema.org\",\"@graph\":[{\"@type\":\"Article\",\"@id\":\"https:\\\/\\\/interamerica.org\\\/es\\\/2024\\\/01\\\/en-rumania-casa-adra-provee-albergue-a-victimas-de-violencia-domestica\\\/#article\",\"isPartOf\":{\"@id\":\"https:\\\/\\\/interamerica.org\\\/es\\\/2024\\\/01\\\/en-rumania-casa-adra-provee-albergue-a-victimas-de-violencia-domestica\\\/\"},\"author\":{\"name\":\"libna\",\"@id\":\"https:\\\/\\\/interamerica.org\\\/es\\\/#\\\/schema\\\/person\\\/29998f2bc2d8bd0d38662909289b54f1\"},\"headline\":\"En Rumania, Casa ADRA provee albergue a v\u00edctimas de violencia dom\u00e9stica\",\"datePublished\":\"2024-01-31T03:41:12+00:00\",\"dateModified\":\"2024-01-31T19:41:40+00:00\",\"mainEntityOfPage\":{\"@id\":\"https:\\\/\\\/interamerica.org\\\/es\\\/2024\\\/01\\\/en-rumania-casa-adra-provee-albergue-a-victimas-de-violencia-domestica\\\/\"},\"wordCount\":1021,\"image\":{\"@id\":\"https:\\\/\\\/interamerica.org\\\/es\\\/2024\\\/01\\\/en-rumania-casa-adra-provee-albergue-a-victimas-de-violencia-domestica\\\/#primaryimage\"},\"thumbnailUrl\":\"https:\\\/\\\/interamerica.org\\\/wp-content\\\/uploads\\\/2024\\\/01\\\/casa-adra-logo.jpeg\",\"articleSection\":[\"Desde la iglesia mundial\",\"RSS Espa\u00f1ol\"],\"inLanguage\":\"es\"},{\"@type\":\"WebPage\",\"@id\":\"https:\\\/\\\/interamerica.org\\\/es\\\/2024\\\/01\\\/en-rumania-casa-adra-provee-albergue-a-victimas-de-violencia-domestica\\\/\",\"url\":\"https:\\\/\\\/interamerica.org\\\/es\\\/2024\\\/01\\\/en-rumania-casa-adra-provee-albergue-a-victimas-de-violencia-domestica\\\/\",\"name\":\"En Rumania, Casa ADRA provee albergue a v\u00edctimas de violencia dom\u00e9stica - Iglesia Adventista del S\u00e9ptimo D\u00eda - Divisi\u00f3n Interamericana\",\"isPartOf\":{\"@id\":\"https:\\\/\\\/interamerica.org\\\/es\\\/#website\"},\"primaryImageOfPage\":{\"@id\":\"https:\\\/\\\/interamerica.org\\\/es\\\/2024\\\/01\\\/en-rumania-casa-adra-provee-albergue-a-victimas-de-violencia-domestica\\\/#primaryimage\"},\"image\":{\"@id\":\"https:\\\/\\\/interamerica.org\\\/es\\\/2024\\\/01\\\/en-rumania-casa-adra-provee-albergue-a-victimas-de-violencia-domestica\\\/#primaryimage\"},\"thumbnailUrl\":\"https:\\\/\\\/interamerica.org\\\/wp-content\\\/uploads\\\/2024\\\/01\\\/casa-adra-logo.jpeg\",\"datePublished\":\"2024-01-31T03:41:12+00:00\",\"dateModified\":\"2024-01-31T19:41:40+00:00\",\"author\":{\"@id\":\"https:\\\/\\\/interamerica.org\\\/es\\\/#\\\/schema\\\/person\\\/29998f2bc2d8bd0d38662909289b54f1\"},\"breadcrumb\":{\"@id\":\"https:\\\/\\\/interamerica.org\\\/es\\\/2024\\\/01\\\/en-rumania-casa-adra-provee-albergue-a-victimas-de-violencia-domestica\\\/#breadcrumb\"},\"inLanguage\":\"es\",\"potentialAction\":[{\"@type\":\"ReadAction\",\"target\":[\"https:\\\/\\\/interamerica.org\\\/es\\\/2024\\\/01\\\/en-rumania-casa-adra-provee-albergue-a-victimas-de-violencia-domestica\\\/\"]}]},{\"@type\":\"ImageObject\",\"inLanguage\":\"es\",\"@id\":\"https:\\\/\\\/interamerica.org\\\/es\\\/2024\\\/01\\\/en-rumania-casa-adra-provee-albergue-a-victimas-de-violencia-domestica\\\/#primaryimage\",\"url\":\"https:\\\/\\\/interamerica.org\\\/wp-content\\\/uploads\\\/2024\\\/01\\\/casa-adra-logo.jpeg\",\"contentUrl\":\"https:\\\/\\\/interamerica.org\\\/wp-content\\\/uploads\\\/2024\\\/01\\\/casa-adra-logo.jpeg\",\"width\":960,\"height\":639,\"caption\":\"Casa ADRA offers accommodation, individual and family psychological counseling, social counseling, food and emergency medical assistance to women who have reported domestic violence. [Photo: ADRA Romania]\"},{\"@type\":\"BreadcrumbList\",\"@id\":\"https:\\\/\\\/interamerica.org\\\/es\\\/2024\\\/01\\\/en-rumania-casa-adra-provee-albergue-a-victimas-de-violencia-domestica\\\/#breadcrumb\",\"itemListElement\":[{\"@type\":\"ListItem\",\"position\":1,\"name\":\"Home\",\"item\":\"https:\\\/\\\/interamerica.org\\\/es\\\/\"},{\"@type\":\"ListItem\",\"position\":2,\"name\":\"En Rumania, Casa ADRA provee albergue a v\u00edctimas de violencia dom\u00e9stica\"}]},{\"@type\":\"WebSite\",\"@id\":\"https:\\\/\\\/interamerica.org\\\/es\\\/#website\",\"url\":\"https:\\\/\\\/interamerica.org\\\/es\\\/\",\"name\":\"Iglesia Adventista del S\u00e9ptimo D\u00eda - Divisi\u00f3n Interamericana\",\"description\":\"\",\"potentialAction\":[{\"@type\":\"SearchAction\",\"target\":{\"@type\":\"EntryPoint\",\"urlTemplate\":\"https:\\\/\\\/interamerica.org\\\/es\\\/?s={search_term_string}\"},\"query-input\":{\"@type\":\"PropertyValueSpecification\",\"valueRequired\":true,\"valueName\":\"search_term_string\"}}],\"inLanguage\":\"es\"},{\"@type\":\"Person\",\"@id\":\"https:\\\/\\\/interamerica.org\\\/es\\\/#\\\/schema\\\/person\\\/29998f2bc2d8bd0d38662909289b54f1\",\"name\":\"libna\",\"image\":{\"@type\":\"ImageObject\",\"inLanguage\":\"es\",\"@id\":\"https:\\\/\\\/secure.gravatar.com\\\/avatar\\\/7c5bd30ae4b47a9ba3c856590957fd1d96dc588bf3ac05719d247e126840331f?s=96&d=mm&r=g\",\"url\":\"https:\\\/\\\/secure.gravatar.com\\\/avatar\\\/7c5bd30ae4b47a9ba3c856590957fd1d96dc588bf3ac05719d247e126840331f?s=96&d=mm&r=g\",\"contentUrl\":\"https:\\\/\\\/secure.gravatar.com\\\/avatar\\\/7c5bd30ae4b47a9ba3c856590957fd1d96dc588bf3ac05719d247e126840331f?s=96&d=mm&r=g\",\"caption\":\"libna\"}}]}<\/script>\n<!-- \/ Yoast SEO plugin. -->","yoast_head_json":{"title":"En Rumania, Casa ADRA provee albergue a v\u00edctimas de violencia dom\u00e9stica - Iglesia Adventista del S\u00e9ptimo D\u00eda - Divisi\u00f3n Interamericana","robots":{"index":"index","follow":"follow","max-snippet":"max-snippet:-1","max-image-preview":"max-image-preview:large","max-video-preview":"max-video-preview:-1"},"canonical":"https:\/\/interamerica.org\/es\/2024\/01\/en-rumania-casa-adra-provee-albergue-a-victimas-de-violencia-domestica\/","og_locale":"es_ES","og_type":"article","og_title":"En Rumania, Casa ADRA provee albergue a v\u00edctimas de violencia dom\u00e9stica - Iglesia Adventista del S\u00e9ptimo D\u00eda - Divisi\u00f3n Interamericana","og_description":"La historia de una mujer rescatada del abuso ilustra el papel desempe\u00f1ado por la agencia. 30 de junio de 2024 | Rumania | ADRA Rumania y Adventist Review \u00bfQu\u00e9 m\u00e1s...","og_url":"https:\/\/interamerica.org\/es\/2024\/01\/en-rumania-casa-adra-provee-albergue-a-victimas-de-violencia-domestica\/","og_site_name":"Iglesia Adventista del S\u00e9ptimo D\u00eda - Divisi\u00f3n Interamericana","article_published_time":"2024-01-31T03:41:12+00:00","article_modified_time":"2024-01-31T19:41:40+00:00","og_image":[{"width":960,"height":639,"url":"https:\/\/interamerica.org\/wp-content\/uploads\/2024\/01\/casa-adra-logo.jpeg","type":"image\/jpeg"}],"author":"libna","twitter_card":"summary_large_image","twitter_misc":{"Escrito por":"libna","Tiempo de lectura":"5 minutos"},"schema":{"@context":"https:\/\/schema.org","@graph":[{"@type":"Article","@id":"https:\/\/interamerica.org\/es\/2024\/01\/en-rumania-casa-adra-provee-albergue-a-victimas-de-violencia-domestica\/#article","isPartOf":{"@id":"https:\/\/interamerica.org\/es\/2024\/01\/en-rumania-casa-adra-provee-albergue-a-victimas-de-violencia-domestica\/"},"author":{"name":"libna","@id":"https:\/\/interamerica.org\/es\/#\/schema\/person\/29998f2bc2d8bd0d38662909289b54f1"},"headline":"En Rumania, Casa ADRA provee albergue a v\u00edctimas de violencia dom\u00e9stica","datePublished":"2024-01-31T03:41:12+00:00","dateModified":"2024-01-31T19:41:40+00:00","mainEntityOfPage":{"@id":"https:\/\/interamerica.org\/es\/2024\/01\/en-rumania-casa-adra-provee-albergue-a-victimas-de-violencia-domestica\/"},"wordCount":1021,"image":{"@id":"https:\/\/interamerica.org\/es\/2024\/01\/en-rumania-casa-adra-provee-albergue-a-victimas-de-violencia-domestica\/#primaryimage"},"thumbnailUrl":"https:\/\/interamerica.org\/wp-content\/uploads\/2024\/01\/casa-adra-logo.jpeg","articleSection":["Desde la iglesia mundial","RSS Espa\u00f1ol"],"inLanguage":"es"},{"@type":"WebPage","@id":"https:\/\/interamerica.org\/es\/2024\/01\/en-rumania-casa-adra-provee-albergue-a-victimas-de-violencia-domestica\/","url":"https:\/\/interamerica.org\/es\/2024\/01\/en-rumania-casa-adra-provee-albergue-a-victimas-de-violencia-domestica\/","name":"En Rumania, Casa ADRA provee albergue a v\u00edctimas de violencia dom\u00e9stica - Iglesia Adventista del S\u00e9ptimo D\u00eda - Divisi\u00f3n Interamericana","isPartOf":{"@id":"https:\/\/interamerica.org\/es\/#website"},"primaryImageOfPage":{"@id":"https:\/\/interamerica.org\/es\/2024\/01\/en-rumania-casa-adra-provee-albergue-a-victimas-de-violencia-domestica\/#primaryimage"},"image":{"@id":"https:\/\/interamerica.org\/es\/2024\/01\/en-rumania-casa-adra-provee-albergue-a-victimas-de-violencia-domestica\/#primaryimage"},"thumbnailUrl":"https:\/\/interamerica.org\/wp-content\/uploads\/2024\/01\/casa-adra-logo.jpeg","datePublished":"2024-01-31T03:41:12+00:00","dateModified":"2024-01-31T19:41:40+00:00","author":{"@id":"https:\/\/interamerica.org\/es\/#\/schema\/person\/29998f2bc2d8bd0d38662909289b54f1"},"breadcrumb":{"@id":"https:\/\/interamerica.org\/es\/2024\/01\/en-rumania-casa-adra-provee-albergue-a-victimas-de-violencia-domestica\/#breadcrumb"},"inLanguage":"es","potentialAction":[{"@type":"ReadAction","target":["https:\/\/interamerica.org\/es\/2024\/01\/en-rumania-casa-adra-provee-albergue-a-victimas-de-violencia-domestica\/"]}]},{"@type":"ImageObject","inLanguage":"es","@id":"https:\/\/interamerica.org\/es\/2024\/01\/en-rumania-casa-adra-provee-albergue-a-victimas-de-violencia-domestica\/#primaryimage","url":"https:\/\/interamerica.org\/wp-content\/uploads\/2024\/01\/casa-adra-logo.jpeg","contentUrl":"https:\/\/interamerica.org\/wp-content\/uploads\/2024\/01\/casa-adra-logo.jpeg","width":960,"height":639,"caption":"Casa ADRA offers accommodation, individual and family psychological counseling, social counseling, food and emergency medical assistance to women who have reported domestic violence. [Photo: ADRA Romania]"},{"@type":"BreadcrumbList","@id":"https:\/\/interamerica.org\/es\/2024\/01\/en-rumania-casa-adra-provee-albergue-a-victimas-de-violencia-domestica\/#breadcrumb","itemListElement":[{"@type":"ListItem","position":1,"name":"Home","item":"https:\/\/interamerica.org\/es\/"},{"@type":"ListItem","position":2,"name":"En Rumania, Casa ADRA provee albergue a v\u00edctimas de violencia dom\u00e9stica"}]},{"@type":"WebSite","@id":"https:\/\/interamerica.org\/es\/#website","url":"https:\/\/interamerica.org\/es\/","name":"Iglesia Adventista del S\u00e9ptimo D\u00eda - Divisi\u00f3n Interamericana","description":"","potentialAction":[{"@type":"SearchAction","target":{"@type":"EntryPoint","urlTemplate":"https:\/\/interamerica.org\/es\/?s={search_term_string}"},"query-input":{"@type":"PropertyValueSpecification","valueRequired":true,"valueName":"search_term_string"}}],"inLanguage":"es"},{"@type":"Person","@id":"https:\/\/interamerica.org\/es\/#\/schema\/person\/29998f2bc2d8bd0d38662909289b54f1","name":"libna","image":{"@type":"ImageObject","inLanguage":"es","@id":"https:\/\/secure.gravatar.com\/avatar\/7c5bd30ae4b47a9ba3c856590957fd1d96dc588bf3ac05719d247e126840331f?s=96&d=mm&r=g","url":"https:\/\/secure.gravatar.com\/avatar\/7c5bd30ae4b47a9ba3c856590957fd1d96dc588bf3ac05719d247e126840331f?s=96&d=mm&r=g","contentUrl":"https:\/\/secure.gravatar.com\/avatar\/7c5bd30ae4b47a9ba3c856590957fd1d96dc588bf3ac05719d247e126840331f?s=96&d=mm&r=g","caption":"libna"}}]}},"_links":{"self":[{"href":"https:\/\/interamerica.org\/es\/wp-json\/wp\/v2\/posts\/109394","targetHints":{"allow":["GET"]}}],"collection":[{"href":"https:\/\/interamerica.org\/es\/wp-json\/wp\/v2\/posts"}],"about":[{"href":"https:\/\/interamerica.org\/es\/wp-json\/wp\/v2\/types\/post"}],"author":[{"embeddable":true,"href":"https:\/\/interamerica.org\/es\/wp-json\/wp\/v2\/users\/3"}],"replies":[{"embeddable":true,"href":"https:\/\/interamerica.org\/es\/wp-json\/wp\/v2\/comments?post=109394"}],"version-history":[{"count":0,"href":"https:\/\/interamerica.org\/es\/wp-json\/wp\/v2\/posts\/109394\/revisions"}],"wp:featuredmedia":[{"embeddable":true,"href":"https:\/\/interamerica.org\/es\/wp-json\/wp\/v2\/media\/109384"}],"wp:attachment":[{"href":"https:\/\/interamerica.org\/es\/wp-json\/wp\/v2\/media?parent=109394"}],"wp:term":[{"taxonomy":"category","embeddable":true,"href":"https:\/\/interamerica.org\/es\/wp-json\/wp\/v2\/categories?post=109394"},{"taxonomy":"post_tag","embeddable":true,"href":"https:\/\/interamerica.org\/es\/wp-json\/wp\/v2\/tags?post=109394"}],"curies":[{"name":"wp","href":"https:\/\/api.w.org\/{rel}","templated":true}]}}