{"id":109395,"date":"2024-01-29T13:57:47","date_gmt":"2024-01-29T18:57:47","guid":{"rendered":"https:\/\/interamerica.org\/?p=109395"},"modified":"2024-01-30T12:19:32","modified_gmt":"2024-01-30T17:19:32","slug":"primera-mujer-misionera-del-adventismo","status":"publish","type":"post","link":"https:\/\/interamerica.org\/es\/2024\/01\/primera-mujer-misionera-del-adventismo\/","title":{"rendered":"Primera mujer misionera del adventismo"},"content":{"rendered":"<p>Diez a\u00f1os antes de que la iglesia enviara oficialmente a su primer misionero, ella ya estaba ganando conversos en la costa occidental de \u00c1frica.<\/p>\n<p>29 de enero de 2024 | Silver Spring, Maryland, Estados Unidos | Bill Knott<\/p>\n<p>Ella es uno de los misioneros menos conocidos que llevaron las verdades del adventismo m\u00e1s all\u00e1 de las fronteras nacionales en la d\u00e9cada anterior a la fecha en que J. N. Andrews fuera oficialmente enviado por la Asociaci\u00f3n General en 1874, a lanzar la misi\u00f3n de la iglesia en Europa.<\/p>\n<p>Augustin y Daniel Bourdeau estaban evangelizando la poblaci\u00f3n de habla francesa en Quebec, Canad\u00e1, en 1858. El predicador adventista, Michael Czechowski se embarc\u00f3 rumbo a Europa en mayo de 1864, aunque bajo el estandarte de los adventistas milleritas observadores del domingo. En 1870, Jakob Erzberger fue ordenado y comisionado por la Asociaci\u00f3n General para llevar a cabo obra misionera en su nativa Suiza.<\/p>\n<p>A diferencia de otros, Hannah More (1809-1868) lleg\u00f3 a ser una misionera internacional para el recientemente organizado movimiento adventista del s\u00e9ptimo d\u00eda, mientras ya estaba prestando sus servicios como misionera independiente en \u00c1frica Occidental. Al present\u00e1rsele el adventismo del s\u00e9ptimo d\u00eda a trav\u00e9s de conversaciones con el joven evangelizador Stephen Haskell, justamente antes de su regreso al continente africano en 1862, fue fortalecida en su fe a trav\u00e9s de ejemplares de la Advent Review y Sabbath Herald (Revista adventista y heraldo del s\u00e1bado -actualmente Adventist Review) que Stephen Haskell le envi\u00f3 mensualmente por barco a la costa occidental de \u00c1frica.<\/p>\n<p><div id=\"attachment_109364\" style=\"width: 812px\" class=\"wp-caption aligncenter\"><img fetchpriority=\"high\" decoding=\"async\" aria-describedby=\"caption-attachment-109364\" class=\" wp-image-109362\" src=\"https:\/\/interamerica.org\/wp-content\/uploads\/2024\/01\/hannah-armissionary-1024x576.jpeg\" alt=\"\" width=\"802\" height=\"451\" srcset=\"https:\/\/interamerica.org\/wp-content\/uploads\/2024\/01\/hannah-armissionary-1024x576.jpeg 1024w, https:\/\/interamerica.org\/wp-content\/uploads\/2024\/01\/hannah-armissionary-300x169.jpeg 300w, https:\/\/interamerica.org\/wp-content\/uploads\/2024\/01\/hannah-armissionary-768x432.jpeg 768w, https:\/\/interamerica.org\/wp-content\/uploads\/2024\/01\/hannah-armissionary-1536x864.jpeg 1536w, https:\/\/interamerica.org\/wp-content\/uploads\/2024\/01\/hannah-armissionary.jpeg 1920w\" sizes=\"(max-width: 802px) 100vw, 802px\" \/><p id=\"caption-attachment-109364\" class=\"wp-caption-text\">Hannah More (1809-1868) [Imagen: Adventist Review]<\/p><\/div>Habiendo crecido en el seno de una devota familia congregacionalista, en Union, Connecticut, Hannah hab\u00eda estado durante una d\u00e9cada solicitando a la Junta Americana de Administradores de Misiones Extranjeras (ABCFM, por sus siglas en ingl\u00e9s) que la enviara como misionera a los ind\u00edgenas americanos en el actual estado de Oklahoma, quienes hab\u00edan sido forzadamente expulsados de sus lugares ancestrales de origen en el sur del pa\u00eds, por parte del gobierno federal. Siete a\u00f1os de servicio misionero entre las tribus cheroqui y choctaw, cuyos idiomas aprendi\u00f3, la llevaron eventualmente a otro periodo de siete a\u00f1os con los sobrevivientes repatriados Amistad, entre la tribu mend\u00e9 en la actual Sierra Leona. En ese lugar nuevamente aprendi\u00f3 sus lenguas regionales.<\/p>\n<p>Durante un periodo de cinco a\u00f1os (1857-1862) en los Estados Unidos para recobrar su salud y continuar ense\u00f1ando, Hannah se encontr\u00f3 por primera vez con Stephen Haskell en una reuni\u00f3n de \u00a0evangelizaci\u00f3n que llev\u00f3 a cabo en su regi\u00f3n natal de Connecticut. Fascinada por la forma en que el adventismo del s\u00e9ptimo d\u00eda un\u00eda las verdades b\u00edblicas a las cuales la hab\u00eda guiado su estudio personal, \u201cse introdujo a s\u00ed misma en el adventismo\u201d a trav\u00e9s de sus lecturas de esta revista.<\/p>\n<p>Se reproducen enseguida dos cartas de Hannah More a la Advent Review and Sabbath Herald, ambas escritas en Liberia en 1864. Se han preservado la ortograf\u00eda y la puntuaci\u00f3n (en ingl\u00e9s) de los originales.<\/p>\n<p><strong>Advent Review and Sabbath Herald<\/strong><\/p>\n<p><strong>29 de marzo de 1864<\/strong><\/p>\n<p>Nos hemos tomado la libertad de publicar el siguiente extracto de una carta procedente de una misionera en \u00c1frica, enviada a una hermana en Mass., sabiendo que ser\u00e1 de inter\u00e9s para los \u00a0lectores de la Review el saber que, aunque ning\u00fan misionero ha ido a \u00c1frica llevando el mensaje del s\u00e1bado, de todas maneras el s\u00e1bado ha ido a los misioneros que ya se encuentran ah\u00ed. Con fecha del 2 de enero de 1864, en Cape Palmas, \u00c1frica Occidental, escribe lo siguiente:<\/p>\n<p>Gracias a Dios porque ahora puedo ver claramente que el s\u00e9ptimo d\u00eda es el s\u00e1bado del Se\u00f1or mi Dios y lo estoy observando de acuerdo al mandamiento. El Sr. Dickson lo est\u00e1 guardando tambi\u00e9n. Es un tanto singular el observarlo aqu\u00ed.<\/p>\n<p>No estoy enterada de si algunos otros en la costa [africana occidental] guardan el s\u00e9ptimo d\u00eda. Pero no hay ninguna prueba en contra de su autenticidad. Solamente me admiro de que muchas buenas personas rechazan los mandamientos de Dios siguiendo sus tradiciones.<\/p>\n<p>La gente de su iglesia puede considerar ahora que ustedes tienen aqu\u00ed adventistas del s\u00e9ptimo d\u00eda de todo coraz\u00f3n, esperando con ustedes la bendita aparici\u00f3n de aquel a quien amamos y adoramos y que nos proponemos adorar a\u00fan m\u00e1s. Oh, ser\u00e1 tan deleitoso verlo como es \u00e9l, adorarlo apropiadamente y arrojar nuestras coronas a sus pies. Oh, cu\u00e1n sublime es que el tempo est\u00e1 cerca, aun a las puertas. As\u00ed que me seguir\u00e9 esforzando y orando porque la bendici\u00f3n especial de Dios asista y prospere mis d\u00e9biles esfuerzos en su vi\u00f1a. Conf\u00edo en que ustedes simpatizar\u00e1n conmigo en esos esfuerzos de glorificar a Dios y preparar a la gente para su reino venidero.<\/p>\n<p>Cu\u00e1nto me gustar\u00eda contarles en toda su extensi\u00f3n la forma como el Se\u00f1or me ha guiado y cu\u00e1n aferrada estaba a las tradiciones en las cuales fui educada, de observar el primer d\u00eda de la semana como d\u00eda de reposo. Oh, cu\u00e1n dif\u00edcil se me hizo decidir en contra de lo que me ense\u00f1aron buenas personas, cuya memoria todav\u00eda venero. Pero todo ha quedado atr\u00e1s y por algunas semanas he estado guardando con ustedes el s\u00e9ptimo d\u00eda.<\/p>\n<p>Cu\u00e1n poco s\u00f3lida es la excusa de que los d\u00edas comienzan y terminan a horas diferentes en diferentes partes del mundo. Nuestro Padre celestial sab\u00eda esto muy bien cuando se\u00f1al\u00f3 el s\u00e1bado como d\u00eda de descanso. Aunque la hora aqu\u00ed es cuatro horas m\u00e1s adelante que la de ustedes, el hecho no presenta ninguna dificultad. Los jud\u00edos nunca encontraron ninguna dificultad con respecto al s\u00e1bado y, \u00bfpor qu\u00e9 la habr\u00edamos de encontrar nosotros? Las dificultades se han alejado, como lo hacen siempre frente a la verdadera luz.<\/p>\n<p>Tenemos aqu\u00ed ahora un c\u00e1lido clima de verano. Las aves est\u00e1n cantando, las ranas asom\u00e1ndose, silbando los insectos, las flores en completa floraci\u00f3n y toda la naturaleza sonriendo. Solamente el hombre es vil. Oh, qu\u00e9 l\u00e1stima que el hombre se abstenga de hacerlo mientras toda la naturaleza canta. 1<\/p>\n<p><strong>Advent Review and Sabbath Herald<\/strong><\/p>\n<p><strong>11 de octubre de 1864<\/strong><\/p>\n<p>Carta enviada desde \u00c1frica.<\/p>\n<p>La hermana H. More escribe desde Cape Palmas, \u00c1frica:<\/p>\n<p>Me siento un tanto solitaria guardando el s\u00e1bado yo sola. Espero que su sociedad pueda hacer algo acerca de una misi\u00f3n sab\u00e1tica en esta parte de \u00c1frica. No me extra\u00f1a que no haya habido un mayor derramamiento del Esp\u00edritu cuando pienso en las insensateces y tradiciones que se han asentado en contra de la eterna verdad de Dios. Oh, que se apresurara el tiempo cuando el pueblo de Dios pueda ver cara a cara. Amo la verdad y por ella espero ciertamente ser verdaderamente libre. Mientras tanto, debo trabajar en la esfera que se me ha asignado a trav\u00e9s de una sabia providencia; que pueda esforzarme de tal manera que la bendici\u00f3n de Dios siempre est\u00e9 presente y corone mis esfuerzos con abundante \u00e9xito. No pido m\u00e1s alto favor que el ser sabia en la ganancia de almas. S\u00e9 que Dios puede perfeccionar su fortaleza aun a trav\u00e9s de mi debilidad y en \u00e9l pongo mi confianza; y en \u00e9l deposito mis preocupaciones. No s\u00e9 qu\u00e9 es lo que me espera, pero me siento segura al reclinarme en su potente brazo.<\/p>\n<p>Oh, cu\u00e1n sublime es el esperado acontecimiento de su gloriosa venida. Recibimos con gozo las se\u00f1ales de ese evento en el cual tienen puestos sus ojos los elegidos por Dios, creyendo que \u201clos sabios entender\u00e1n\u201d y, siendo que Dios no har\u00e1 nada sin antes revelar sus planes a sus siervos los profetas, Am\u00f3s 3:7, me gusta pensar que aquellos que est\u00e1n velando y orando sabr\u00e1n m\u00e1s que aquellos descuidados e indiferentes sobre un tema tan transcendental. Puedo entonces ver la raz\u00f3n por la cual ninguno de los malvados va a comprender. Cu\u00e1n importante es mantener nuestras l\u00e1mparas listas y ardiendo la flama, de manera que cuando el Se\u00f1or venga, podamos ser encontrados listos. Que nuestra conversaci\u00f3n sea acerca del cielo, hacia el cual dirigimos la mirada para la gloriosa aparici\u00f3n del Hijo del hombre, quien transformar\u00e1 nuestros viles cuerpos y los har\u00e1 como el suyo glorioso.2<\/p>\n<p>1 Adventist Review and Sabbath Herald 23, no. 18 (29 de marzo de 1864): 142.<\/p>\n<p>2 Adventist Review and Sabbath Herald 24, no. 20 (11 de octubre de 1864): 155.<\/p>\n<p>Traducci\u00f3n \u2013 Gloria A. Castrej\u00f3n<\/p>\n<p>&nbsp;<\/p>\n","protected":false},"excerpt":{"rendered":"<p>Diez a\u00f1os antes de que la iglesia enviara oficialmente a su primer misionero, ella ya estaba ganando conversos en la costa occidental de \u00c1frica. 29 de enero de 2024 |&#8230;<\/p>\n","protected":false},"author":3,"featured_media":109364,"comment_status":"closed","ping_status":"closed","sticky":false,"template":"","format":"standard","meta":{"_acf_changed":false,"footnotes":""},"categories":[14,15],"tags":[],"class_list":["post-109395","post","type-post","status-publish","format-standard","has-post-thumbnail","hentry","category-de-la-iglesia-mundial","category-rss-espanol"],"acf":[],"yoast_head":"<!-- This site is optimized with the Yoast SEO plugin v27.3 - https:\/\/yoast.com\/product\/yoast-seo-wordpress\/ -->\n<title>Primera mujer misionera del adventismo - Iglesia Adventista del S\u00e9ptimo D\u00eda - Divisi\u00f3n Interamericana<\/title>\n<meta name=\"robots\" content=\"index, follow, max-snippet:-1, max-image-preview:large, max-video-preview:-1\" \/>\n<link rel=\"canonical\" href=\"https:\/\/interamerica.org\/es\/2024\/01\/primera-mujer-misionera-del-adventismo\/\" \/>\n<meta property=\"og:locale\" content=\"es_ES\" \/>\n<meta property=\"og:type\" content=\"article\" \/>\n<meta property=\"og:title\" content=\"Primera mujer misionera del adventismo - Iglesia Adventista del S\u00e9ptimo D\u00eda - Divisi\u00f3n Interamericana\" \/>\n<meta property=\"og:description\" content=\"Diez a\u00f1os antes de que la iglesia enviara oficialmente a su primer misionero, ella ya estaba ganando conversos en la costa occidental de \u00c1frica. 29 de enero de 2024 |...\" \/>\n<meta property=\"og:url\" content=\"https:\/\/interamerica.org\/es\/2024\/01\/primera-mujer-misionera-del-adventismo\/\" \/>\n<meta property=\"og:site_name\" content=\"Iglesia Adventista del S\u00e9ptimo D\u00eda - Divisi\u00f3n Interamericana\" \/>\n<meta property=\"article:published_time\" content=\"2024-01-29T18:57:47+00:00\" \/>\n<meta property=\"article:modified_time\" content=\"2024-01-30T17:19:32+00:00\" \/>\n<meta property=\"og:image\" content=\"https:\/\/interamerica.org\/wp-content\/uploads\/2024\/01\/hannah-armissionary.jpeg\" \/>\n\t<meta property=\"og:image:width\" content=\"1920\" \/>\n\t<meta property=\"og:image:height\" content=\"1080\" \/>\n\t<meta property=\"og:image:type\" content=\"image\/jpeg\" \/>\n<meta name=\"author\" content=\"libna\" \/>\n<meta name=\"twitter:card\" content=\"summary_large_image\" \/>\n<meta name=\"twitter:label1\" content=\"Escrito por\" \/>\n\t<meta name=\"twitter:data1\" content=\"libna\" \/>\n\t<meta name=\"twitter:label2\" content=\"Tiempo de lectura\" \/>\n\t<meta name=\"twitter:data2\" content=\"7 minutos\" \/>\n<script type=\"application\/ld+json\" class=\"yoast-schema-graph\">{\"@context\":\"https:\\\/\\\/schema.org\",\"@graph\":[{\"@type\":\"Article\",\"@id\":\"https:\\\/\\\/interamerica.org\\\/es\\\/2024\\\/01\\\/primera-mujer-misionera-del-adventismo\\\/#article\",\"isPartOf\":{\"@id\":\"https:\\\/\\\/interamerica.org\\\/es\\\/2024\\\/01\\\/primera-mujer-misionera-del-adventismo\\\/\"},\"author\":{\"name\":\"libna\",\"@id\":\"https:\\\/\\\/interamerica.org\\\/es\\\/#\\\/schema\\\/person\\\/29998f2bc2d8bd0d38662909289b54f1\"},\"headline\":\"Primera mujer misionera del adventismo\",\"datePublished\":\"2024-01-29T18:57:47+00:00\",\"dateModified\":\"2024-01-30T17:19:32+00:00\",\"mainEntityOfPage\":{\"@id\":\"https:\\\/\\\/interamerica.org\\\/es\\\/2024\\\/01\\\/primera-mujer-misionera-del-adventismo\\\/\"},\"wordCount\":1471,\"image\":{\"@id\":\"https:\\\/\\\/interamerica.org\\\/es\\\/2024\\\/01\\\/primera-mujer-misionera-del-adventismo\\\/#primaryimage\"},\"thumbnailUrl\":\"https:\\\/\\\/interamerica.org\\\/wp-content\\\/uploads\\\/2024\\\/01\\\/hannah-armissionary.jpeg\",\"articleSection\":[\"Desde la iglesia mundial\",\"RSS Espa\u00f1ol\"],\"inLanguage\":\"es\"},{\"@type\":\"WebPage\",\"@id\":\"https:\\\/\\\/interamerica.org\\\/es\\\/2024\\\/01\\\/primera-mujer-misionera-del-adventismo\\\/\",\"url\":\"https:\\\/\\\/interamerica.org\\\/es\\\/2024\\\/01\\\/primera-mujer-misionera-del-adventismo\\\/\",\"name\":\"Primera mujer misionera del adventismo - Iglesia Adventista del S\u00e9ptimo D\u00eda - Divisi\u00f3n Interamericana\",\"isPartOf\":{\"@id\":\"https:\\\/\\\/interamerica.org\\\/es\\\/#website\"},\"primaryImageOfPage\":{\"@id\":\"https:\\\/\\\/interamerica.org\\\/es\\\/2024\\\/01\\\/primera-mujer-misionera-del-adventismo\\\/#primaryimage\"},\"image\":{\"@id\":\"https:\\\/\\\/interamerica.org\\\/es\\\/2024\\\/01\\\/primera-mujer-misionera-del-adventismo\\\/#primaryimage\"},\"thumbnailUrl\":\"https:\\\/\\\/interamerica.org\\\/wp-content\\\/uploads\\\/2024\\\/01\\\/hannah-armissionary.jpeg\",\"datePublished\":\"2024-01-29T18:57:47+00:00\",\"dateModified\":\"2024-01-30T17:19:32+00:00\",\"author\":{\"@id\":\"https:\\\/\\\/interamerica.org\\\/es\\\/#\\\/schema\\\/person\\\/29998f2bc2d8bd0d38662909289b54f1\"},\"breadcrumb\":{\"@id\":\"https:\\\/\\\/interamerica.org\\\/es\\\/2024\\\/01\\\/primera-mujer-misionera-del-adventismo\\\/#breadcrumb\"},\"inLanguage\":\"es\",\"potentialAction\":[{\"@type\":\"ReadAction\",\"target\":[\"https:\\\/\\\/interamerica.org\\\/es\\\/2024\\\/01\\\/primera-mujer-misionera-del-adventismo\\\/\"]}]},{\"@type\":\"ImageObject\",\"inLanguage\":\"es\",\"@id\":\"https:\\\/\\\/interamerica.org\\\/es\\\/2024\\\/01\\\/primera-mujer-misionera-del-adventismo\\\/#primaryimage\",\"url\":\"https:\\\/\\\/interamerica.org\\\/wp-content\\\/uploads\\\/2024\\\/01\\\/hannah-armissionary.jpeg\",\"contentUrl\":\"https:\\\/\\\/interamerica.org\\\/wp-content\\\/uploads\\\/2024\\\/01\\\/hannah-armissionary.jpeg\",\"width\":1920,\"height\":1080,\"caption\":\"[Image: Adventist Review]\"},{\"@type\":\"BreadcrumbList\",\"@id\":\"https:\\\/\\\/interamerica.org\\\/es\\\/2024\\\/01\\\/primera-mujer-misionera-del-adventismo\\\/#breadcrumb\",\"itemListElement\":[{\"@type\":\"ListItem\",\"position\":1,\"name\":\"Home\",\"item\":\"https:\\\/\\\/interamerica.org\\\/es\\\/\"},{\"@type\":\"ListItem\",\"position\":2,\"name\":\"Primera mujer misionera del adventismo\"}]},{\"@type\":\"WebSite\",\"@id\":\"https:\\\/\\\/interamerica.org\\\/es\\\/#website\",\"url\":\"https:\\\/\\\/interamerica.org\\\/es\\\/\",\"name\":\"Iglesia Adventista del S\u00e9ptimo D\u00eda - Divisi\u00f3n Interamericana\",\"description\":\"\",\"potentialAction\":[{\"@type\":\"SearchAction\",\"target\":{\"@type\":\"EntryPoint\",\"urlTemplate\":\"https:\\\/\\\/interamerica.org\\\/es\\\/?s={search_term_string}\"},\"query-input\":{\"@type\":\"PropertyValueSpecification\",\"valueRequired\":true,\"valueName\":\"search_term_string\"}}],\"inLanguage\":\"es\"},{\"@type\":\"Person\",\"@id\":\"https:\\\/\\\/interamerica.org\\\/es\\\/#\\\/schema\\\/person\\\/29998f2bc2d8bd0d38662909289b54f1\",\"name\":\"libna\",\"image\":{\"@type\":\"ImageObject\",\"inLanguage\":\"es\",\"@id\":\"https:\\\/\\\/secure.gravatar.com\\\/avatar\\\/7c5bd30ae4b47a9ba3c856590957fd1d96dc588bf3ac05719d247e126840331f?s=96&d=mm&r=g\",\"url\":\"https:\\\/\\\/secure.gravatar.com\\\/avatar\\\/7c5bd30ae4b47a9ba3c856590957fd1d96dc588bf3ac05719d247e126840331f?s=96&d=mm&r=g\",\"contentUrl\":\"https:\\\/\\\/secure.gravatar.com\\\/avatar\\\/7c5bd30ae4b47a9ba3c856590957fd1d96dc588bf3ac05719d247e126840331f?s=96&d=mm&r=g\",\"caption\":\"libna\"}}]}<\/script>\n<!-- \/ Yoast SEO plugin. -->","yoast_head_json":{"title":"Primera mujer misionera del adventismo - Iglesia Adventista del S\u00e9ptimo D\u00eda - Divisi\u00f3n Interamericana","robots":{"index":"index","follow":"follow","max-snippet":"max-snippet:-1","max-image-preview":"max-image-preview:large","max-video-preview":"max-video-preview:-1"},"canonical":"https:\/\/interamerica.org\/es\/2024\/01\/primera-mujer-misionera-del-adventismo\/","og_locale":"es_ES","og_type":"article","og_title":"Primera mujer misionera del adventismo - Iglesia Adventista del S\u00e9ptimo D\u00eda - Divisi\u00f3n Interamericana","og_description":"Diez a\u00f1os antes de que la iglesia enviara oficialmente a su primer misionero, ella ya estaba ganando conversos en la costa occidental de \u00c1frica. 29 de enero de 2024 |...","og_url":"https:\/\/interamerica.org\/es\/2024\/01\/primera-mujer-misionera-del-adventismo\/","og_site_name":"Iglesia Adventista del S\u00e9ptimo D\u00eda - Divisi\u00f3n Interamericana","article_published_time":"2024-01-29T18:57:47+00:00","article_modified_time":"2024-01-30T17:19:32+00:00","og_image":[{"width":1920,"height":1080,"url":"https:\/\/interamerica.org\/wp-content\/uploads\/2024\/01\/hannah-armissionary.jpeg","type":"image\/jpeg"}],"author":"libna","twitter_card":"summary_large_image","twitter_misc":{"Escrito por":"libna","Tiempo de lectura":"7 minutos"},"schema":{"@context":"https:\/\/schema.org","@graph":[{"@type":"Article","@id":"https:\/\/interamerica.org\/es\/2024\/01\/primera-mujer-misionera-del-adventismo\/#article","isPartOf":{"@id":"https:\/\/interamerica.org\/es\/2024\/01\/primera-mujer-misionera-del-adventismo\/"},"author":{"name":"libna","@id":"https:\/\/interamerica.org\/es\/#\/schema\/person\/29998f2bc2d8bd0d38662909289b54f1"},"headline":"Primera mujer misionera del adventismo","datePublished":"2024-01-29T18:57:47+00:00","dateModified":"2024-01-30T17:19:32+00:00","mainEntityOfPage":{"@id":"https:\/\/interamerica.org\/es\/2024\/01\/primera-mujer-misionera-del-adventismo\/"},"wordCount":1471,"image":{"@id":"https:\/\/interamerica.org\/es\/2024\/01\/primera-mujer-misionera-del-adventismo\/#primaryimage"},"thumbnailUrl":"https:\/\/interamerica.org\/wp-content\/uploads\/2024\/01\/hannah-armissionary.jpeg","articleSection":["Desde la iglesia mundial","RSS Espa\u00f1ol"],"inLanguage":"es"},{"@type":"WebPage","@id":"https:\/\/interamerica.org\/es\/2024\/01\/primera-mujer-misionera-del-adventismo\/","url":"https:\/\/interamerica.org\/es\/2024\/01\/primera-mujer-misionera-del-adventismo\/","name":"Primera mujer misionera del adventismo - Iglesia Adventista del S\u00e9ptimo D\u00eda - Divisi\u00f3n Interamericana","isPartOf":{"@id":"https:\/\/interamerica.org\/es\/#website"},"primaryImageOfPage":{"@id":"https:\/\/interamerica.org\/es\/2024\/01\/primera-mujer-misionera-del-adventismo\/#primaryimage"},"image":{"@id":"https:\/\/interamerica.org\/es\/2024\/01\/primera-mujer-misionera-del-adventismo\/#primaryimage"},"thumbnailUrl":"https:\/\/interamerica.org\/wp-content\/uploads\/2024\/01\/hannah-armissionary.jpeg","datePublished":"2024-01-29T18:57:47+00:00","dateModified":"2024-01-30T17:19:32+00:00","author":{"@id":"https:\/\/interamerica.org\/es\/#\/schema\/person\/29998f2bc2d8bd0d38662909289b54f1"},"breadcrumb":{"@id":"https:\/\/interamerica.org\/es\/2024\/01\/primera-mujer-misionera-del-adventismo\/#breadcrumb"},"inLanguage":"es","potentialAction":[{"@type":"ReadAction","target":["https:\/\/interamerica.org\/es\/2024\/01\/primera-mujer-misionera-del-adventismo\/"]}]},{"@type":"ImageObject","inLanguage":"es","@id":"https:\/\/interamerica.org\/es\/2024\/01\/primera-mujer-misionera-del-adventismo\/#primaryimage","url":"https:\/\/interamerica.org\/wp-content\/uploads\/2024\/01\/hannah-armissionary.jpeg","contentUrl":"https:\/\/interamerica.org\/wp-content\/uploads\/2024\/01\/hannah-armissionary.jpeg","width":1920,"height":1080,"caption":"[Image: Adventist Review]"},{"@type":"BreadcrumbList","@id":"https:\/\/interamerica.org\/es\/2024\/01\/primera-mujer-misionera-del-adventismo\/#breadcrumb","itemListElement":[{"@type":"ListItem","position":1,"name":"Home","item":"https:\/\/interamerica.org\/es\/"},{"@type":"ListItem","position":2,"name":"Primera mujer misionera del adventismo"}]},{"@type":"WebSite","@id":"https:\/\/interamerica.org\/es\/#website","url":"https:\/\/interamerica.org\/es\/","name":"Iglesia Adventista del S\u00e9ptimo D\u00eda - Divisi\u00f3n Interamericana","description":"","potentialAction":[{"@type":"SearchAction","target":{"@type":"EntryPoint","urlTemplate":"https:\/\/interamerica.org\/es\/?s={search_term_string}"},"query-input":{"@type":"PropertyValueSpecification","valueRequired":true,"valueName":"search_term_string"}}],"inLanguage":"es"},{"@type":"Person","@id":"https:\/\/interamerica.org\/es\/#\/schema\/person\/29998f2bc2d8bd0d38662909289b54f1","name":"libna","image":{"@type":"ImageObject","inLanguage":"es","@id":"https:\/\/secure.gravatar.com\/avatar\/7c5bd30ae4b47a9ba3c856590957fd1d96dc588bf3ac05719d247e126840331f?s=96&d=mm&r=g","url":"https:\/\/secure.gravatar.com\/avatar\/7c5bd30ae4b47a9ba3c856590957fd1d96dc588bf3ac05719d247e126840331f?s=96&d=mm&r=g","contentUrl":"https:\/\/secure.gravatar.com\/avatar\/7c5bd30ae4b47a9ba3c856590957fd1d96dc588bf3ac05719d247e126840331f?s=96&d=mm&r=g","caption":"libna"}}]}},"_links":{"self":[{"href":"https:\/\/interamerica.org\/es\/wp-json\/wp\/v2\/posts\/109395","targetHints":{"allow":["GET"]}}],"collection":[{"href":"https:\/\/interamerica.org\/es\/wp-json\/wp\/v2\/posts"}],"about":[{"href":"https:\/\/interamerica.org\/es\/wp-json\/wp\/v2\/types\/post"}],"author":[{"embeddable":true,"href":"https:\/\/interamerica.org\/es\/wp-json\/wp\/v2\/users\/3"}],"replies":[{"embeddable":true,"href":"https:\/\/interamerica.org\/es\/wp-json\/wp\/v2\/comments?post=109395"}],"version-history":[{"count":0,"href":"https:\/\/interamerica.org\/es\/wp-json\/wp\/v2\/posts\/109395\/revisions"}],"wp:featuredmedia":[{"embeddable":true,"href":"https:\/\/interamerica.org\/es\/wp-json\/wp\/v2\/media\/109364"}],"wp:attachment":[{"href":"https:\/\/interamerica.org\/es\/wp-json\/wp\/v2\/media?parent=109395"}],"wp:term":[{"taxonomy":"category","embeddable":true,"href":"https:\/\/interamerica.org\/es\/wp-json\/wp\/v2\/categories?post=109395"},{"taxonomy":"post_tag","embeddable":true,"href":"https:\/\/interamerica.org\/es\/wp-json\/wp\/v2\/tags?post=109395"}],"curies":[{"name":"wp","href":"https:\/\/api.w.org\/{rel}","templated":true}]}}