{"id":109721,"date":"2024-02-07T20:54:32","date_gmt":"2024-02-08T01:54:32","guid":{"rendered":"https:\/\/interamerica.org\/?p=109721"},"modified":"2024-02-08T08:30:25","modified_gmt":"2024-02-08T13:30:25","slug":"estudiantes-construyen-iglesia-adventista-para-congregacion-creciente-en-republica-dominicana","status":"publish","type":"post","link":"https:\/\/interamerica.org\/es\/2024\/02\/estudiantes-construyen-iglesia-adventista-para-congregacion-creciente-en-republica-dominicana\/","title":{"rendered":"Estudiantes construyen iglesia adventista para congregaci\u00f3n creciente en Rep\u00fablica Dominicana"},"content":{"rendered":"<p><div id=\"attachment_109714\" style=\"width: 925px\" class=\"wp-caption aligncenter\"><img fetchpriority=\"high\" decoding=\"async\" aria-describedby=\"caption-attachment-109714\" class=\" wp-image-109712\" src=\"https:\/\/interamerica.org\/wp-content\/uploads\/2024\/02\/mvi-andrews-academy-2-1024x678.jpeg\" alt=\"\" width=\"915\" height=\"606\" srcset=\"https:\/\/interamerica.org\/wp-content\/uploads\/2024\/02\/mvi-andrews-academy-2-1024x678.jpeg 1024w, https:\/\/interamerica.org\/wp-content\/uploads\/2024\/02\/mvi-andrews-academy-2-300x199.jpeg 300w, https:\/\/interamerica.org\/wp-content\/uploads\/2024\/02\/mvi-andrews-academy-2-768x509.jpeg 768w, https:\/\/interamerica.org\/wp-content\/uploads\/2024\/02\/mvi-andrews-academy-2-1536x1017.jpeg 1536w, https:\/\/interamerica.org\/wp-content\/uploads\/2024\/02\/mvi-andrews-academy-2.jpeg 1933w\" sizes=\"(max-width: 915px) 100vw, 915px\" \/><p id=\"caption-attachment-109714\" class=\"wp-caption-text\">Cuarenta y un estudiantes del Colegio Secundario Andrews pasaron diez d\u00edas de sus vacaciones de invierno prestando servicios en un proyecto en Santo Domingo, Rep\u00fablica Dominicana, del 31 de diciembre de 2023 al 10 de enero de 2024, junto con Maranatha Volunteers International, un ministerio de apoyo de la Iglesia Adventista del S\u00e9ptimo D\u00eda. [Fotograf\u00eda: Lake Union Herald]<\/p><\/div>7 de febrero de 2024 | Berrien Springs, Michigan, Estados Unidos | Sidney Needles, para Lake Union Herald<\/p>\n<p>A comienzos de enero, un grupo de 41 estudiantes del Colegio Secundario Andrews en Berrien Springs, M\u00edchigan, dedic\u00f3 diez d\u00edas de sus vacaciones para un proyecto con Maranatha Volunteers International, un ministerio de apoyo de la Iglesia Adventista del S\u00e9ptimo D\u00eda.<\/p>\n<p>El grupo levant\u00f3 las paredes del nuevo templo de la congregaci\u00f3n Agape en la regi\u00f3n sudeste de Santo Domingo, Rep\u00fablica Dominicana del 31 de diciembre de 2023 al 10 de enero de 2024. Despu\u00e9s de a\u00f1os de reunirse en cualquier espacio que pudieran hallar disponible, la congregaci\u00f3n de 45 miembros se siente agradecida y entusiasmada de tener finalmente un templo oficial propio. \u201cLa iglesia dijo que fuimos una respuesta a sus oraciones\u201d, dijo Gina Pellegrini, coordinadora del proyecto para el equipo. \u201cSe mostraron realmente agradecidos de que las cosas funcionaron, y que ahora puede tener [un templo]\u201d.<\/p>\n<p><div id=\"attachment_109711\" style=\"width: 908px\" class=\"wp-caption aligncenter\"><img decoding=\"async\" aria-describedby=\"caption-attachment-109711\" class=\" wp-image-109709\" src=\"https:\/\/interamerica.org\/wp-content\/uploads\/2024\/02\/mvi-andrews-academy3-1024x768.jpeg\" alt=\"\" width=\"898\" height=\"674\" srcset=\"https:\/\/interamerica.org\/wp-content\/uploads\/2024\/02\/mvi-andrews-academy3-1024x768.jpeg 1024w, https:\/\/interamerica.org\/wp-content\/uploads\/2024\/02\/mvi-andrews-academy3-300x225.jpeg 300w, https:\/\/interamerica.org\/wp-content\/uploads\/2024\/02\/mvi-andrews-academy3-768x576.jpeg 768w, https:\/\/interamerica.org\/wp-content\/uploads\/2024\/02\/mvi-andrews-academy3-1536x1152.jpeg 1536w, https:\/\/interamerica.org\/wp-content\/uploads\/2024\/02\/mvi-andrews-academy3.jpeg 1707w\" sizes=\"(max-width: 898px) 100vw, 898px\" \/><p id=\"caption-attachment-109711\" class=\"wp-caption-text\">Una estudiante hace una pausa mientras sostiene un bloque, antes de trabajar en una de las paredes del nuevo templo. [Fotograf\u00eda: Lake Union Herald]<\/p><\/div>Adem\u00e1s del trabajo de construcci\u00f3n, estudiantes voluntarios estuvieron al frente de los esfuerzos de obra comunitaria. Ofrecieron un programa de la Escuela B\u00edblica de Vacaciones para los ni\u00f1os del lugar, al que asistieron unos cincuenta ni\u00f1os todas las noches. Mientras el grupo de estudiantes de secundaria ense\u00f1aba a los ni\u00f1os de Jes\u00fas por medio de c\u00e1nticos, manualidades y relatos b\u00edblicos, otros estudiantes compartieron el evangelio con los adultos, durante una serie de sermones de cinco noches, para la congregaci\u00f3n adventista local y la comunidad.<\/p>\n<p>Cada dos a\u00f1os, los estudiantes del Colegio Secundario Andrews viajan a alg\u00fan lugar del mundo brindar servicios a una comunidad necesitada. Los estudiantes colaboraron con Maranatha en viajes pasados, hasta que el n\u00famero de estudiantes que se apuntaban a los proyectos comenz\u00f3 a mermar y la pandemia del COVID-19 limit\u00f3 las opciones de viaje, explic\u00f3 Pellegrini. Despu\u00e9s de coordinar viajes en forma independiente por varios a\u00f1os, el Colegio Secundario Andrews sum\u00f3 suficientes estudiantes interesados como para asociarse con Maranatha una vez m\u00e1s este a\u00f1o. Pellegrini aprecia los proyectos de construcci\u00f3n de Maranatha, porque dan a los adolescentes la oportunidad de ver los resultados tangibles de su duro trabajo. \u201cTenemos cierta satisfacci\u00f3n en edificar algo desde el mismo comienzo\u201d, dijo.<\/p>\n<p><div id=\"attachment_109708\" style=\"width: 887px\" class=\"wp-caption aligncenter\"><img decoding=\"async\" aria-describedby=\"caption-attachment-109708\" class=\" wp-image-109706\" src=\"https:\/\/interamerica.org\/wp-content\/uploads\/2024\/02\/mvi-andrews-academy4-1024x678.jpeg\" alt=\"\" width=\"877\" height=\"581\" srcset=\"https:\/\/interamerica.org\/wp-content\/uploads\/2024\/02\/mvi-andrews-academy4-1024x678.jpeg 1024w, https:\/\/interamerica.org\/wp-content\/uploads\/2024\/02\/mvi-andrews-academy4-300x199.jpeg 300w, https:\/\/interamerica.org\/wp-content\/uploads\/2024\/02\/mvi-andrews-academy4-768x509.jpeg 768w, https:\/\/interamerica.org\/wp-content\/uploads\/2024\/02\/mvi-andrews-academy4-1536x1017.jpeg 1536w, https:\/\/interamerica.org\/wp-content\/uploads\/2024\/02\/mvi-andrews-academy4.jpeg 1933w\" sizes=\"(max-width: 877px) 100vw, 877px\" \/><p id=\"caption-attachment-109708\" class=\"wp-caption-text\">Estudiantes adventistas participan de un programa de la Escuela B\u00edblica de Vacaciones con la comunidad durante una sesi\u00f3n vespertina. [Fotograf\u00eda: Lake Union Herald]<\/p><\/div>Los estudiantes de este viaje compartieron la opini\u00f3n de Pellegrini, disfrutando de cumplir con el duro trabajo manual a pesar de las sofocantes temperaturas. Cuando se les ofreci\u00f3 un d\u00eda libre para preparar el programa de VBS de esa noche, uno grupo de estudiantes se neg\u00f3 a ello. Ya hab\u00edan preparado su parte del programa y escogieron en cambio un d\u00eda de duro trabajo con los bloques. \u201cNo quisieron tomarse el d\u00eda libre. Quisieron quedarse en el lugar de trabajo. No hab\u00eda experimentado eso antes\u201d, destac\u00f3 Pellegrini.<\/p>\n<p>Para el estudiante de \u00faltimo a\u00f1o Marco Sciarabba, el momento de mayor impacto del viaje fue cuando escuch\u00f3 la historia de c\u00f3mo comenz\u00f3 la iglesia con un grupo de personas en la parte superior de una casa. \u201cEl viaje me hizo ver el poder de la oraci\u00f3n en un ejemplo de la vida real\u201d, dijo. \u201cMe dio una nueva perspectiva sobre cu\u00e1n importante es realmente la oraci\u00f3n, y tambi\u00e9n me prob\u00f3 que Dios es tan bueno y que \u00e9l siempre proveer\u00e1, y que todo lo que necesitamos es tener fe\u201d.<\/p>\n<p><div id=\"attachment_109705\" style=\"width: 904px\" class=\"wp-caption aligncenter\"><img loading=\"lazy\" decoding=\"async\" aria-describedby=\"caption-attachment-109705\" class=\" wp-image-109703\" src=\"https:\/\/interamerica.org\/wp-content\/uploads\/2024\/02\/mvi-andrews-academy-group-1024x512.jpeg\" alt=\"\" width=\"894\" height=\"447\" srcset=\"https:\/\/interamerica.org\/wp-content\/uploads\/2024\/02\/mvi-andrews-academy-group-1024x512.jpeg 1024w, https:\/\/interamerica.org\/wp-content\/uploads\/2024\/02\/mvi-andrews-academy-group-300x150.jpeg 300w, https:\/\/interamerica.org\/wp-content\/uploads\/2024\/02\/mvi-andrews-academy-group-768x384.jpeg 768w, https:\/\/interamerica.org\/wp-content\/uploads\/2024\/02\/mvi-andrews-academy-group-1536x768.jpeg 1536w, https:\/\/interamerica.org\/wp-content\/uploads\/2024\/02\/mvi-andrews-academy-group.jpeg 1933w\" sizes=\"(max-width: 894px) 100vw, 894px\" \/><p id=\"caption-attachment-109705\" class=\"wp-caption-text\">Fotograf\u00eda grupal de los estudiantes del Colegio Secundario Andrews, durante el viaje misionero del 31 de diciembre al 10 de enero de 2024 a Santo Domingo, Rep\u00fablica Dominicana. [Fotograf\u00eda: Lake Union Herald]<\/p><\/div>Maranatha organiza viajes misioneros para grupos de voluntarios privados como es el caso del Colegio Secundario Andrews, y para equipos que quieren sumarse. Esos grupos construyen iglesias, escuelas, pozos de agua y otras estructuras que se necesitan con urgencia en diversas partes del mundo. Desde 1969, Maranatha ha construido m\u00e1s de 14 mil estructuras y m\u00e1s de 2200 pozos de agua en noventa pa\u00edses.<\/p>\n<p>La versi\u00f3n original de esta noticia fue publicada por el <a href=\"https:\/\/www.lakeunionherald.org\/archive\/articles\/students-serve-in-the-dominican-republic\">sitio de noticias<\/a> de Lake Union Herald.<\/p>\n<p>Traducci\u00f3n de Marcos Paseggi<\/p>\n","protected":false},"excerpt":{"rendered":"<p>7 de febrero de 2024 | Berrien Springs, Michigan, Estados Unidos | Sidney Needles, para Lake Union Herald A comienzos de enero, un grupo de 41 estudiantes del Colegio Secundario&#8230;<\/p>\n","protected":false},"author":3,"featured_media":109714,"comment_status":"closed","ping_status":"closed","sticky":false,"template":"","format":"standard","meta":{"_acf_changed":false,"footnotes":""},"categories":[14,15],"tags":[],"class_list":["post-109721","post","type-post","status-publish","format-standard","has-post-thumbnail","hentry","category-de-la-iglesia-mundial","category-rss-espanol"],"acf":[],"yoast_head":"<!-- This site is optimized with the Yoast SEO plugin v27.3 - https:\/\/yoast.com\/product\/yoast-seo-wordpress\/ -->\n<title>Estudiantes construyen iglesia adventista para congregaci\u00f3n creciente en Rep\u00fablica Dominicana - Iglesia Adventista del S\u00e9ptimo D\u00eda - Divisi\u00f3n Interamericana<\/title>\n<meta name=\"robots\" content=\"index, follow, max-snippet:-1, max-image-preview:large, max-video-preview:-1\" \/>\n<link rel=\"canonical\" href=\"https:\/\/interamerica.org\/es\/2024\/02\/estudiantes-construyen-iglesia-adventista-para-congregacion-creciente-en-republica-dominicana\/\" \/>\n<meta property=\"og:locale\" content=\"es_ES\" \/>\n<meta property=\"og:type\" content=\"article\" \/>\n<meta property=\"og:title\" content=\"Estudiantes construyen iglesia adventista para congregaci\u00f3n creciente en Rep\u00fablica Dominicana - Iglesia Adventista del S\u00e9ptimo D\u00eda - Divisi\u00f3n Interamericana\" \/>\n<meta property=\"og:description\" content=\"7 de febrero de 2024 | Berrien Springs, Michigan, Estados Unidos | Sidney Needles, para Lake Union Herald A comienzos de enero, un grupo de 41 estudiantes del Colegio Secundario...\" \/>\n<meta property=\"og:url\" content=\"https:\/\/interamerica.org\/es\/2024\/02\/estudiantes-construyen-iglesia-adventista-para-congregacion-creciente-en-republica-dominicana\/\" \/>\n<meta property=\"og:site_name\" content=\"Iglesia Adventista del S\u00e9ptimo D\u00eda - Divisi\u00f3n Interamericana\" \/>\n<meta property=\"article:published_time\" content=\"2024-02-08T01:54:32+00:00\" \/>\n<meta property=\"article:modified_time\" content=\"2024-02-08T13:30:25+00:00\" \/>\n<meta property=\"og:image\" content=\"https:\/\/interamerica.org\/wp-content\/uploads\/2024\/02\/mvi-andrews-academy-2.jpeg\" \/>\n\t<meta property=\"og:image:width\" content=\"1933\" \/>\n\t<meta property=\"og:image:height\" content=\"1280\" \/>\n\t<meta property=\"og:image:type\" content=\"image\/jpeg\" \/>\n<meta name=\"author\" content=\"libna\" \/>\n<meta name=\"twitter:card\" content=\"summary_large_image\" \/>\n<meta name=\"twitter:label1\" content=\"Escrito por\" \/>\n\t<meta name=\"twitter:data1\" content=\"libna\" \/>\n\t<meta name=\"twitter:label2\" content=\"Tiempo de lectura\" \/>\n\t<meta name=\"twitter:data2\" content=\"5 minutos\" \/>\n<script type=\"application\/ld+json\" class=\"yoast-schema-graph\">{\"@context\":\"https:\\\/\\\/schema.org\",\"@graph\":[{\"@type\":\"Article\",\"@id\":\"https:\\\/\\\/interamerica.org\\\/es\\\/2024\\\/02\\\/estudiantes-construyen-iglesia-adventista-para-congregacion-creciente-en-republica-dominicana\\\/#article\",\"isPartOf\":{\"@id\":\"https:\\\/\\\/interamerica.org\\\/es\\\/2024\\\/02\\\/estudiantes-construyen-iglesia-adventista-para-congregacion-creciente-en-republica-dominicana\\\/\"},\"author\":{\"name\":\"libna\",\"@id\":\"https:\\\/\\\/interamerica.org\\\/es\\\/#\\\/schema\\\/person\\\/29998f2bc2d8bd0d38662909289b54f1\"},\"headline\":\"Estudiantes construyen iglesia adventista para congregaci\u00f3n creciente en Rep\u00fablica Dominicana\",\"datePublished\":\"2024-02-08T01:54:32+00:00\",\"dateModified\":\"2024-02-08T13:30:25+00:00\",\"mainEntityOfPage\":{\"@id\":\"https:\\\/\\\/interamerica.org\\\/es\\\/2024\\\/02\\\/estudiantes-construyen-iglesia-adventista-para-congregacion-creciente-en-republica-dominicana\\\/\"},\"wordCount\":837,\"image\":{\"@id\":\"https:\\\/\\\/interamerica.org\\\/es\\\/2024\\\/02\\\/estudiantes-construyen-iglesia-adventista-para-congregacion-creciente-en-republica-dominicana\\\/#primaryimage\"},\"thumbnailUrl\":\"https:\\\/\\\/interamerica.org\\\/wp-content\\\/uploads\\\/2024\\\/02\\\/mvi-andrews-academy-2.jpeg\",\"articleSection\":[\"Desde la iglesia mundial\",\"RSS Espa\u00f1ol\"],\"inLanguage\":\"es\"},{\"@type\":\"WebPage\",\"@id\":\"https:\\\/\\\/interamerica.org\\\/es\\\/2024\\\/02\\\/estudiantes-construyen-iglesia-adventista-para-congregacion-creciente-en-republica-dominicana\\\/\",\"url\":\"https:\\\/\\\/interamerica.org\\\/es\\\/2024\\\/02\\\/estudiantes-construyen-iglesia-adventista-para-congregacion-creciente-en-republica-dominicana\\\/\",\"name\":\"Estudiantes construyen iglesia adventista para congregaci\u00f3n creciente en Rep\u00fablica Dominicana - Iglesia Adventista del S\u00e9ptimo D\u00eda - Divisi\u00f3n Interamericana\",\"isPartOf\":{\"@id\":\"https:\\\/\\\/interamerica.org\\\/es\\\/#website\"},\"primaryImageOfPage\":{\"@id\":\"https:\\\/\\\/interamerica.org\\\/es\\\/2024\\\/02\\\/estudiantes-construyen-iglesia-adventista-para-congregacion-creciente-en-republica-dominicana\\\/#primaryimage\"},\"image\":{\"@id\":\"https:\\\/\\\/interamerica.org\\\/es\\\/2024\\\/02\\\/estudiantes-construyen-iglesia-adventista-para-congregacion-creciente-en-republica-dominicana\\\/#primaryimage\"},\"thumbnailUrl\":\"https:\\\/\\\/interamerica.org\\\/wp-content\\\/uploads\\\/2024\\\/02\\\/mvi-andrews-academy-2.jpeg\",\"datePublished\":\"2024-02-08T01:54:32+00:00\",\"dateModified\":\"2024-02-08T13:30:25+00:00\",\"author\":{\"@id\":\"https:\\\/\\\/interamerica.org\\\/es\\\/#\\\/schema\\\/person\\\/29998f2bc2d8bd0d38662909289b54f1\"},\"breadcrumb\":{\"@id\":\"https:\\\/\\\/interamerica.org\\\/es\\\/2024\\\/02\\\/estudiantes-construyen-iglesia-adventista-para-congregacion-creciente-en-republica-dominicana\\\/#breadcrumb\"},\"inLanguage\":\"es\",\"potentialAction\":[{\"@type\":\"ReadAction\",\"target\":[\"https:\\\/\\\/interamerica.org\\\/es\\\/2024\\\/02\\\/estudiantes-construyen-iglesia-adventista-para-congregacion-creciente-en-republica-dominicana\\\/\"]}]},{\"@type\":\"ImageObject\",\"inLanguage\":\"es\",\"@id\":\"https:\\\/\\\/interamerica.org\\\/es\\\/2024\\\/02\\\/estudiantes-construyen-iglesia-adventista-para-congregacion-creciente-en-republica-dominicana\\\/#primaryimage\",\"url\":\"https:\\\/\\\/interamerica.org\\\/wp-content\\\/uploads\\\/2024\\\/02\\\/mvi-andrews-academy-2.jpeg\",\"contentUrl\":\"https:\\\/\\\/interamerica.org\\\/wp-content\\\/uploads\\\/2024\\\/02\\\/mvi-andrews-academy-2.jpeg\",\"width\":1933,\"height\":1280,\"caption\":\"[Photo: Lake Union Herald]\"},{\"@type\":\"BreadcrumbList\",\"@id\":\"https:\\\/\\\/interamerica.org\\\/es\\\/2024\\\/02\\\/estudiantes-construyen-iglesia-adventista-para-congregacion-creciente-en-republica-dominicana\\\/#breadcrumb\",\"itemListElement\":[{\"@type\":\"ListItem\",\"position\":1,\"name\":\"Home\",\"item\":\"https:\\\/\\\/interamerica.org\\\/es\\\/\"},{\"@type\":\"ListItem\",\"position\":2,\"name\":\"Estudiantes construyen iglesia adventista para congregaci\u00f3n creciente en Rep\u00fablica Dominicana\"}]},{\"@type\":\"WebSite\",\"@id\":\"https:\\\/\\\/interamerica.org\\\/es\\\/#website\",\"url\":\"https:\\\/\\\/interamerica.org\\\/es\\\/\",\"name\":\"Iglesia Adventista del S\u00e9ptimo D\u00eda - Divisi\u00f3n Interamericana\",\"description\":\"\",\"potentialAction\":[{\"@type\":\"SearchAction\",\"target\":{\"@type\":\"EntryPoint\",\"urlTemplate\":\"https:\\\/\\\/interamerica.org\\\/es\\\/?s={search_term_string}\"},\"query-input\":{\"@type\":\"PropertyValueSpecification\",\"valueRequired\":true,\"valueName\":\"search_term_string\"}}],\"inLanguage\":\"es\"},{\"@type\":\"Person\",\"@id\":\"https:\\\/\\\/interamerica.org\\\/es\\\/#\\\/schema\\\/person\\\/29998f2bc2d8bd0d38662909289b54f1\",\"name\":\"libna\",\"image\":{\"@type\":\"ImageObject\",\"inLanguage\":\"es\",\"@id\":\"https:\\\/\\\/secure.gravatar.com\\\/avatar\\\/7c5bd30ae4b47a9ba3c856590957fd1d96dc588bf3ac05719d247e126840331f?s=96&d=mm&r=g\",\"url\":\"https:\\\/\\\/secure.gravatar.com\\\/avatar\\\/7c5bd30ae4b47a9ba3c856590957fd1d96dc588bf3ac05719d247e126840331f?s=96&d=mm&r=g\",\"contentUrl\":\"https:\\\/\\\/secure.gravatar.com\\\/avatar\\\/7c5bd30ae4b47a9ba3c856590957fd1d96dc588bf3ac05719d247e126840331f?s=96&d=mm&r=g\",\"caption\":\"libna\"}}]}<\/script>\n<!-- \/ Yoast SEO plugin. -->","yoast_head_json":{"title":"Estudiantes construyen iglesia adventista para congregaci\u00f3n creciente en Rep\u00fablica Dominicana - Iglesia Adventista del S\u00e9ptimo D\u00eda - Divisi\u00f3n Interamericana","robots":{"index":"index","follow":"follow","max-snippet":"max-snippet:-1","max-image-preview":"max-image-preview:large","max-video-preview":"max-video-preview:-1"},"canonical":"https:\/\/interamerica.org\/es\/2024\/02\/estudiantes-construyen-iglesia-adventista-para-congregacion-creciente-en-republica-dominicana\/","og_locale":"es_ES","og_type":"article","og_title":"Estudiantes construyen iglesia adventista para congregaci\u00f3n creciente en Rep\u00fablica Dominicana - Iglesia Adventista del S\u00e9ptimo D\u00eda - Divisi\u00f3n Interamericana","og_description":"7 de febrero de 2024 | Berrien Springs, Michigan, Estados Unidos | Sidney Needles, para Lake Union Herald A comienzos de enero, un grupo de 41 estudiantes del Colegio Secundario...","og_url":"https:\/\/interamerica.org\/es\/2024\/02\/estudiantes-construyen-iglesia-adventista-para-congregacion-creciente-en-republica-dominicana\/","og_site_name":"Iglesia Adventista del S\u00e9ptimo D\u00eda - Divisi\u00f3n Interamericana","article_published_time":"2024-02-08T01:54:32+00:00","article_modified_time":"2024-02-08T13:30:25+00:00","og_image":[{"width":1933,"height":1280,"url":"https:\/\/interamerica.org\/wp-content\/uploads\/2024\/02\/mvi-andrews-academy-2.jpeg","type":"image\/jpeg"}],"author":"libna","twitter_card":"summary_large_image","twitter_misc":{"Escrito por":"libna","Tiempo de lectura":"5 minutos"},"schema":{"@context":"https:\/\/schema.org","@graph":[{"@type":"Article","@id":"https:\/\/interamerica.org\/es\/2024\/02\/estudiantes-construyen-iglesia-adventista-para-congregacion-creciente-en-republica-dominicana\/#article","isPartOf":{"@id":"https:\/\/interamerica.org\/es\/2024\/02\/estudiantes-construyen-iglesia-adventista-para-congregacion-creciente-en-republica-dominicana\/"},"author":{"name":"libna","@id":"https:\/\/interamerica.org\/es\/#\/schema\/person\/29998f2bc2d8bd0d38662909289b54f1"},"headline":"Estudiantes construyen iglesia adventista para congregaci\u00f3n creciente en Rep\u00fablica Dominicana","datePublished":"2024-02-08T01:54:32+00:00","dateModified":"2024-02-08T13:30:25+00:00","mainEntityOfPage":{"@id":"https:\/\/interamerica.org\/es\/2024\/02\/estudiantes-construyen-iglesia-adventista-para-congregacion-creciente-en-republica-dominicana\/"},"wordCount":837,"image":{"@id":"https:\/\/interamerica.org\/es\/2024\/02\/estudiantes-construyen-iglesia-adventista-para-congregacion-creciente-en-republica-dominicana\/#primaryimage"},"thumbnailUrl":"https:\/\/interamerica.org\/wp-content\/uploads\/2024\/02\/mvi-andrews-academy-2.jpeg","articleSection":["Desde la iglesia mundial","RSS Espa\u00f1ol"],"inLanguage":"es"},{"@type":"WebPage","@id":"https:\/\/interamerica.org\/es\/2024\/02\/estudiantes-construyen-iglesia-adventista-para-congregacion-creciente-en-republica-dominicana\/","url":"https:\/\/interamerica.org\/es\/2024\/02\/estudiantes-construyen-iglesia-adventista-para-congregacion-creciente-en-republica-dominicana\/","name":"Estudiantes construyen iglesia adventista para congregaci\u00f3n creciente en Rep\u00fablica Dominicana - Iglesia Adventista del S\u00e9ptimo D\u00eda - Divisi\u00f3n Interamericana","isPartOf":{"@id":"https:\/\/interamerica.org\/es\/#website"},"primaryImageOfPage":{"@id":"https:\/\/interamerica.org\/es\/2024\/02\/estudiantes-construyen-iglesia-adventista-para-congregacion-creciente-en-republica-dominicana\/#primaryimage"},"image":{"@id":"https:\/\/interamerica.org\/es\/2024\/02\/estudiantes-construyen-iglesia-adventista-para-congregacion-creciente-en-republica-dominicana\/#primaryimage"},"thumbnailUrl":"https:\/\/interamerica.org\/wp-content\/uploads\/2024\/02\/mvi-andrews-academy-2.jpeg","datePublished":"2024-02-08T01:54:32+00:00","dateModified":"2024-02-08T13:30:25+00:00","author":{"@id":"https:\/\/interamerica.org\/es\/#\/schema\/person\/29998f2bc2d8bd0d38662909289b54f1"},"breadcrumb":{"@id":"https:\/\/interamerica.org\/es\/2024\/02\/estudiantes-construyen-iglesia-adventista-para-congregacion-creciente-en-republica-dominicana\/#breadcrumb"},"inLanguage":"es","potentialAction":[{"@type":"ReadAction","target":["https:\/\/interamerica.org\/es\/2024\/02\/estudiantes-construyen-iglesia-adventista-para-congregacion-creciente-en-republica-dominicana\/"]}]},{"@type":"ImageObject","inLanguage":"es","@id":"https:\/\/interamerica.org\/es\/2024\/02\/estudiantes-construyen-iglesia-adventista-para-congregacion-creciente-en-republica-dominicana\/#primaryimage","url":"https:\/\/interamerica.org\/wp-content\/uploads\/2024\/02\/mvi-andrews-academy-2.jpeg","contentUrl":"https:\/\/interamerica.org\/wp-content\/uploads\/2024\/02\/mvi-andrews-academy-2.jpeg","width":1933,"height":1280,"caption":"[Photo: Lake Union Herald]"},{"@type":"BreadcrumbList","@id":"https:\/\/interamerica.org\/es\/2024\/02\/estudiantes-construyen-iglesia-adventista-para-congregacion-creciente-en-republica-dominicana\/#breadcrumb","itemListElement":[{"@type":"ListItem","position":1,"name":"Home","item":"https:\/\/interamerica.org\/es\/"},{"@type":"ListItem","position":2,"name":"Estudiantes construyen iglesia adventista para congregaci\u00f3n creciente en Rep\u00fablica Dominicana"}]},{"@type":"WebSite","@id":"https:\/\/interamerica.org\/es\/#website","url":"https:\/\/interamerica.org\/es\/","name":"Iglesia Adventista del S\u00e9ptimo D\u00eda - Divisi\u00f3n Interamericana","description":"","potentialAction":[{"@type":"SearchAction","target":{"@type":"EntryPoint","urlTemplate":"https:\/\/interamerica.org\/es\/?s={search_term_string}"},"query-input":{"@type":"PropertyValueSpecification","valueRequired":true,"valueName":"search_term_string"}}],"inLanguage":"es"},{"@type":"Person","@id":"https:\/\/interamerica.org\/es\/#\/schema\/person\/29998f2bc2d8bd0d38662909289b54f1","name":"libna","image":{"@type":"ImageObject","inLanguage":"es","@id":"https:\/\/secure.gravatar.com\/avatar\/7c5bd30ae4b47a9ba3c856590957fd1d96dc588bf3ac05719d247e126840331f?s=96&d=mm&r=g","url":"https:\/\/secure.gravatar.com\/avatar\/7c5bd30ae4b47a9ba3c856590957fd1d96dc588bf3ac05719d247e126840331f?s=96&d=mm&r=g","contentUrl":"https:\/\/secure.gravatar.com\/avatar\/7c5bd30ae4b47a9ba3c856590957fd1d96dc588bf3ac05719d247e126840331f?s=96&d=mm&r=g","caption":"libna"}}]}},"_links":{"self":[{"href":"https:\/\/interamerica.org\/es\/wp-json\/wp\/v2\/posts\/109721","targetHints":{"allow":["GET"]}}],"collection":[{"href":"https:\/\/interamerica.org\/es\/wp-json\/wp\/v2\/posts"}],"about":[{"href":"https:\/\/interamerica.org\/es\/wp-json\/wp\/v2\/types\/post"}],"author":[{"embeddable":true,"href":"https:\/\/interamerica.org\/es\/wp-json\/wp\/v2\/users\/3"}],"replies":[{"embeddable":true,"href":"https:\/\/interamerica.org\/es\/wp-json\/wp\/v2\/comments?post=109721"}],"version-history":[{"count":0,"href":"https:\/\/interamerica.org\/es\/wp-json\/wp\/v2\/posts\/109721\/revisions"}],"wp:featuredmedia":[{"embeddable":true,"href":"https:\/\/interamerica.org\/es\/wp-json\/wp\/v2\/media\/109714"}],"wp:attachment":[{"href":"https:\/\/interamerica.org\/es\/wp-json\/wp\/v2\/media?parent=109721"}],"wp:term":[{"taxonomy":"category","embeddable":true,"href":"https:\/\/interamerica.org\/es\/wp-json\/wp\/v2\/categories?post=109721"},{"taxonomy":"post_tag","embeddable":true,"href":"https:\/\/interamerica.org\/es\/wp-json\/wp\/v2\/tags?post=109721"}],"curies":[{"name":"wp","href":"https:\/\/api.w.org\/{rel}","templated":true}]}}