{"id":109859,"date":"2024-02-06T11:57:56","date_gmt":"2024-02-06T16:57:56","guid":{"rendered":"https:\/\/interamerica.org\/?p=109859"},"modified":"2024-02-09T13:26:35","modified_gmt":"2024-02-09T18:26:35","slug":"nuevo-director-dirigira-la-obra-adventista-a-los-seculares-y-postcristianos","status":"publish","type":"post","link":"https:\/\/interamerica.org\/es\/2024\/02\/nuevo-director-dirigira-la-obra-adventista-a-los-seculares-y-postcristianos\/","title":{"rendered":"Nuevo director dirigir\u00e1 la obra adventista a los seculares y postcristianos"},"content":{"rendered":"<p>El cambio se produce en momentos en que la Iglesia Adventista incrementa sus esfuerzos de llegar a grupos demogr\u00e1ficos seculares.<\/p>\n<p>6 de febrero de 2024 | Silver Spring, Maryland, Estados Unidos | Misi\u00f3n Adventista<\/p>\n<p>A un pastor adventista del s\u00e9ptimo d\u00eda con pasi\u00f3n por compartir a Dios con las personas seculares y postcristianas de Australia se le ha encomendado la supervisi\u00f3n de los esfuerzos crecientes de la Iglesia Adventista de alcanzar a ese mismo grupo demogr\u00e1fico en todo el mundo.<\/p>\n<p>Brendan Pratt, secretario de la asociaci\u00f3n ministerial de la Uni\u00f3n Asociaci\u00f3n Australiana, se convertir\u00e1 en el secretario asociado de la Asociaci\u00f3n Ministerial de la uni\u00f3n mientras asume la nueva responsabilidad de director del Centro de Misi\u00f3n Global para la Misi\u00f3n Secular y Postcristiana, que se encuentra bajo los auspicios de la Secretar\u00eda de Misi\u00f3n Adventista de la Asociaci\u00f3n General de los Adventistas del S\u00e9ptimo D\u00eda.<\/p>\n<p>Pratt dijo que aguarda con ansias ver una sinergia significativa entre su actual trabajo en Australia y su nuevo cargo en el centro de Misi\u00f3n Global, cuyo mandato es equipar a la Iglesia Adventista con nuevas herramientas para ayudar a que las personas seculares y postcristianas conozcan a Dios.<\/p>\n<p><div id=\"attachment_109655\" style=\"width: 876px\" class=\"wp-caption aligncenter\"><img fetchpriority=\"high\" decoding=\"async\" aria-describedby=\"caption-attachment-109655\" class=\" wp-image-109653\" src=\"https:\/\/interamerica.org\/wp-content\/uploads\/2024\/02\/adventistmission-untitled-1-1-1024x512.png\" alt=\"\" width=\"866\" height=\"433\" srcset=\"https:\/\/interamerica.org\/wp-content\/uploads\/2024\/02\/adventistmission-untitled-1-1-1024x512.png 1024w, https:\/\/interamerica.org\/wp-content\/uploads\/2024\/02\/adventistmission-untitled-1-1-300x150.png 300w, https:\/\/interamerica.org\/wp-content\/uploads\/2024\/02\/adventistmission-untitled-1-1-768x384.png 768w, https:\/\/interamerica.org\/wp-content\/uploads\/2024\/02\/adventistmission-untitled-1-1.png 1500w\" sizes=\"(max-width: 866px) 100vw, 866px\" \/><p id=\"caption-attachment-109655\" class=\"wp-caption-text\">Brendan Pratt, nuevo director del Centro de Misi\u00f3n Global para la Misi\u00f3n Secular y Postcritiana. [Fotograf\u00eda: Misi\u00f3n Adventista]<\/p><\/div>\u201cEstoy entusiasmado por ver la transformaci\u00f3n en las vidas y comunidades, a medida que las personas se conectan con Cristo y crecen en su relaci\u00f3n con \u00e9l\u201d, dijo Pratt. \u201cMe siento particularmente entusiasmado respecto de la misi\u00f3n en una cultura secular\u201d.<\/p>\n<p>Pratt asume la direcci\u00f3n en el centro de Misi\u00f3n Global en momentos en que la Iglesia Adventista est\u00e1 incrementando sus esfuerzos de alcanzar a las personas seculares y postcristianas. Una persona secular es alguien no afiliado a una iglesia u otro grupo religioso, mientras que una persona postcristiana vive en una sociedad basada hist\u00f3ricamente en valores cristianos, pero escoge rechazar la autoridad del cristianismo en su vida.<\/p>\n<p>\u201cAlcanzar a los seculares o postcristianos es uno de los mayores desaf\u00edos misioneros de la Iglesia Adventista\u201d, dijo Gary Krause, director de Misi\u00f3n Adventista. En un intento por alcanzarlos mejor, la Iglesia Adventista ha creado una iniciativa clave a nivel de Asociaci\u00f3n General que se denomina Reenfoque Misionero, que asigna los recursos dando prioridad a la obra misionera de avanzada.<\/p>\n<p>\u201cNos estamos concentrando en una de las tres ventanas de Reenfoque Misionero, junto con la Ventana 10\/40 y la Ventana Urbana\u201d, dijo Krause.<\/p>\n<p>Expres\u00f3 confianza plena en Pratt, que posee un doctorado sobre el impacto del consumismo sobre la Iglesia Adventista y ha trabajado como pastor en Australia y Nueva Zelanda por casi treinta a\u00f1os.<\/p>\n<p>\u201cEl doctor Pratt trae una rica experiencia en el ministerio a estas personas en Australia y Nueva Zelanda, y s\u00e9 que incorporar\u00e1 una visi\u00f3n s\u00f3lida y pr\u00e1ctica en ese centro de Misi\u00f3n Global\u201d, dijo Krause.<\/p>\n<p>Pratt cubre una posici\u00f3n que dej\u00f3 vacante Kleber Gon\u00e7alves, quien estuvo al frente del centro de Misi\u00f3n Global durante doce a\u00f1os y se ha sumado al sistema de salud de AdventHealth en Florida, Estados Unidos, como su director de estrategia de fe y colaboraci\u00f3n externa.<\/p>\n<p>Gon\u00e7alves dijo que su experiencia le ense\u00f1\u00f3 que es importante recordar que la Gran Comisi\u00f3n de Cristo que aparece en Mateo 28:18-20 y el mensaje del primer \u00e1ngel de Apocalipsis 14:6 son llamados a compartir el evangelio eterno con todas las personas: con toda naci\u00f3n, tribu, lengua y pueblo.<\/p>\n<p>\u201cEso, por supuesto, incluye la mente secular y postcristiana\u201d, expres\u00f3.<\/p>\n<p>Aconsej\u00f3 a los interesados en compartir a Cristo con los seculares y postmodernos a que busquen comprender su cosmovisi\u00f3n, con el prop\u00f3sito de hallar puntos de conexi\u00f3n que sean relevantes y significativos para sus vidas, y usar \u201cel m\u00e9todo de Cristo\u201d para crear oportunidades que no ser\u00edan posible de ninguna otra manera.<\/p>\n<p>\u201cEl m\u00e9todo de Cristo\u201d, seg\u00fan lo describe Elena G. White en El ministerio de curaci\u00f3n, es tratar con la gente como alguien que desea hacerles bien, mostrarles simpat\u00eda, atender sus necesidades, ganarse su confianza, y entonces invitarlos a seguirlo. Escribi\u00f3: \u201cSolo el m\u00e9todo de Cristo ser\u00e1 el que dar\u00e1 \u00e9xito para llegar a la gente\u201d (p. 102).<\/p>\n<p>Pratt posee un t\u00edtulo de grado y una maestr\u00eda en teolog\u00eda de la Universidad Avondale en Australia. En 2021, obtuvo su doctorado con la tesis: \u201cEl cristianismo y la cultura avanzada del consumidor: Modelando una respuesta relacionada con la Iglesia Adventista del S\u00e9ptimo D\u00eda en Australia\u201d, de la Universidad Charles Sturt en ese pa\u00eds.<\/p>\n<p>Pratt est\u00e1 casado con Amanda Bews, que es escritora, y juntos tienen tres hijos de entre 16 y 22 a\u00f1os. El pasatiempo de Pratt son los reptiles. \u201cCompartimos nuestro hogar con varias serpientes, lagartijas y tortugas\u201d, cont\u00f3.<\/p>\n<p>La <a href=\"https:\/\/www.adventistmission.org\/new-director-to-lead-churchs-secular-and-post-christian-outreach\">versi\u00f3n original<\/a> de esta noticia fue publicada en la <a href=\"https:\/\/www.adventistmission.org\/\">p\u00e1gina de noticias<\/a> de Misi\u00f3n Adventista.<\/p>\n<p>Traducci\u00f3n de Marcos Paseggi<\/p>\n","protected":false},"excerpt":{"rendered":"<p>El cambio se produce en momentos en que la Iglesia Adventista incrementa sus esfuerzos de llegar a grupos demogr\u00e1ficos seculares. 6 de febrero de 2024 | Silver Spring, Maryland, Estados&#8230;<\/p>\n","protected":false},"author":3,"featured_media":109655,"comment_status":"closed","ping_status":"closed","sticky":false,"template":"","format":"standard","meta":{"_acf_changed":false,"footnotes":""},"categories":[14,15],"tags":[],"class_list":["post-109859","post","type-post","status-publish","format-standard","has-post-thumbnail","hentry","category-de-la-iglesia-mundial","category-rss-espanol"],"acf":[],"yoast_head":"<!-- This site is optimized with the Yoast SEO plugin v27.3 - https:\/\/yoast.com\/product\/yoast-seo-wordpress\/ -->\n<title>Nuevo director dirigir\u00e1 la obra adventista a los seculares y postcristianos - Iglesia Adventista del S\u00e9ptimo D\u00eda - Divisi\u00f3n Interamericana<\/title>\n<meta name=\"robots\" content=\"index, follow, max-snippet:-1, max-image-preview:large, max-video-preview:-1\" \/>\n<link rel=\"canonical\" href=\"https:\/\/interamerica.org\/es\/2024\/02\/nuevo-director-dirigira-la-obra-adventista-a-los-seculares-y-postcristianos\/\" \/>\n<meta property=\"og:locale\" content=\"es_ES\" \/>\n<meta property=\"og:type\" content=\"article\" \/>\n<meta property=\"og:title\" content=\"Nuevo director dirigir\u00e1 la obra adventista a los seculares y postcristianos - Iglesia Adventista del S\u00e9ptimo D\u00eda - Divisi\u00f3n Interamericana\" \/>\n<meta property=\"og:description\" content=\"El cambio se produce en momentos en que la Iglesia Adventista incrementa sus esfuerzos de llegar a grupos demogr\u00e1ficos seculares. 6 de febrero de 2024 | Silver Spring, Maryland, Estados...\" \/>\n<meta property=\"og:url\" content=\"https:\/\/interamerica.org\/es\/2024\/02\/nuevo-director-dirigira-la-obra-adventista-a-los-seculares-y-postcristianos\/\" \/>\n<meta property=\"og:site_name\" content=\"Iglesia Adventista del S\u00e9ptimo D\u00eda - Divisi\u00f3n Interamericana\" \/>\n<meta property=\"article:published_time\" content=\"2024-02-06T16:57:56+00:00\" \/>\n<meta property=\"article:modified_time\" content=\"2024-02-09T18:26:35+00:00\" \/>\n<meta property=\"og:image\" content=\"https:\/\/interamerica.org\/wp-content\/uploads\/2024\/02\/adventistmission-untitled-1-1.png\" \/>\n\t<meta property=\"og:image:width\" content=\"1500\" \/>\n\t<meta property=\"og:image:height\" content=\"750\" \/>\n\t<meta property=\"og:image:type\" content=\"image\/png\" \/>\n<meta name=\"author\" content=\"libna\" \/>\n<meta name=\"twitter:card\" content=\"summary_large_image\" \/>\n<meta name=\"twitter:label1\" content=\"Escrito por\" \/>\n\t<meta name=\"twitter:data1\" content=\"libna\" \/>\n\t<meta name=\"twitter:label2\" content=\"Tiempo de lectura\" \/>\n\t<meta name=\"twitter:data2\" content=\"4 minutos\" \/>\n<script type=\"application\/ld+json\" class=\"yoast-schema-graph\">{\"@context\":\"https:\\\/\\\/schema.org\",\"@graph\":[{\"@type\":\"Article\",\"@id\":\"https:\\\/\\\/interamerica.org\\\/es\\\/2024\\\/02\\\/nuevo-director-dirigira-la-obra-adventista-a-los-seculares-y-postcristianos\\\/#article\",\"isPartOf\":{\"@id\":\"https:\\\/\\\/interamerica.org\\\/es\\\/2024\\\/02\\\/nuevo-director-dirigira-la-obra-adventista-a-los-seculares-y-postcristianos\\\/\"},\"author\":{\"name\":\"libna\",\"@id\":\"https:\\\/\\\/interamerica.org\\\/es\\\/#\\\/schema\\\/person\\\/29998f2bc2d8bd0d38662909289b54f1\"},\"headline\":\"Nuevo director dirigir\u00e1 la obra adventista a los seculares y postcristianos\",\"datePublished\":\"2024-02-06T16:57:56+00:00\",\"dateModified\":\"2024-02-09T18:26:35+00:00\",\"mainEntityOfPage\":{\"@id\":\"https:\\\/\\\/interamerica.org\\\/es\\\/2024\\\/02\\\/nuevo-director-dirigira-la-obra-adventista-a-los-seculares-y-postcristianos\\\/\"},\"wordCount\":869,\"image\":{\"@id\":\"https:\\\/\\\/interamerica.org\\\/es\\\/2024\\\/02\\\/nuevo-director-dirigira-la-obra-adventista-a-los-seculares-y-postcristianos\\\/#primaryimage\"},\"thumbnailUrl\":\"https:\\\/\\\/interamerica.org\\\/wp-content\\\/uploads\\\/2024\\\/02\\\/adventistmission-untitled-1-1.png\",\"articleSection\":[\"Desde la iglesia mundial\",\"RSS Espa\u00f1ol\"],\"inLanguage\":\"es\"},{\"@type\":\"WebPage\",\"@id\":\"https:\\\/\\\/interamerica.org\\\/es\\\/2024\\\/02\\\/nuevo-director-dirigira-la-obra-adventista-a-los-seculares-y-postcristianos\\\/\",\"url\":\"https:\\\/\\\/interamerica.org\\\/es\\\/2024\\\/02\\\/nuevo-director-dirigira-la-obra-adventista-a-los-seculares-y-postcristianos\\\/\",\"name\":\"Nuevo director dirigir\u00e1 la obra adventista a los seculares y postcristianos - Iglesia Adventista del S\u00e9ptimo D\u00eda - Divisi\u00f3n Interamericana\",\"isPartOf\":{\"@id\":\"https:\\\/\\\/interamerica.org\\\/es\\\/#website\"},\"primaryImageOfPage\":{\"@id\":\"https:\\\/\\\/interamerica.org\\\/es\\\/2024\\\/02\\\/nuevo-director-dirigira-la-obra-adventista-a-los-seculares-y-postcristianos\\\/#primaryimage\"},\"image\":{\"@id\":\"https:\\\/\\\/interamerica.org\\\/es\\\/2024\\\/02\\\/nuevo-director-dirigira-la-obra-adventista-a-los-seculares-y-postcristianos\\\/#primaryimage\"},\"thumbnailUrl\":\"https:\\\/\\\/interamerica.org\\\/wp-content\\\/uploads\\\/2024\\\/02\\\/adventistmission-untitled-1-1.png\",\"datePublished\":\"2024-02-06T16:57:56+00:00\",\"dateModified\":\"2024-02-09T18:26:35+00:00\",\"author\":{\"@id\":\"https:\\\/\\\/interamerica.org\\\/es\\\/#\\\/schema\\\/person\\\/29998f2bc2d8bd0d38662909289b54f1\"},\"breadcrumb\":{\"@id\":\"https:\\\/\\\/interamerica.org\\\/es\\\/2024\\\/02\\\/nuevo-director-dirigira-la-obra-adventista-a-los-seculares-y-postcristianos\\\/#breadcrumb\"},\"inLanguage\":\"es\",\"potentialAction\":[{\"@type\":\"ReadAction\",\"target\":[\"https:\\\/\\\/interamerica.org\\\/es\\\/2024\\\/02\\\/nuevo-director-dirigira-la-obra-adventista-a-los-seculares-y-postcristianos\\\/\"]}]},{\"@type\":\"ImageObject\",\"inLanguage\":\"es\",\"@id\":\"https:\\\/\\\/interamerica.org\\\/es\\\/2024\\\/02\\\/nuevo-director-dirigira-la-obra-adventista-a-los-seculares-y-postcristianos\\\/#primaryimage\",\"url\":\"https:\\\/\\\/interamerica.org\\\/wp-content\\\/uploads\\\/2024\\\/02\\\/adventistmission-untitled-1-1.png\",\"contentUrl\":\"https:\\\/\\\/interamerica.org\\\/wp-content\\\/uploads\\\/2024\\\/02\\\/adventistmission-untitled-1-1.png\",\"width\":1500,\"height\":750,\"caption\":\"Brendan Pratt, new director of the Global Mission Center for Secular and Post-Christian Mission. [Photo: Adventist Mission] Read more at: https:\\\/\\\/adventistreview.org\\\/news\\\/new-director-to-lead-adventist-churchs-secular-and-post-christian-outreach\\\/\"},{\"@type\":\"BreadcrumbList\",\"@id\":\"https:\\\/\\\/interamerica.org\\\/es\\\/2024\\\/02\\\/nuevo-director-dirigira-la-obra-adventista-a-los-seculares-y-postcristianos\\\/#breadcrumb\",\"itemListElement\":[{\"@type\":\"ListItem\",\"position\":1,\"name\":\"Home\",\"item\":\"https:\\\/\\\/interamerica.org\\\/es\\\/\"},{\"@type\":\"ListItem\",\"position\":2,\"name\":\"Nuevo director dirigir\u00e1 la obra adventista a los seculares y postcristianos\"}]},{\"@type\":\"WebSite\",\"@id\":\"https:\\\/\\\/interamerica.org\\\/es\\\/#website\",\"url\":\"https:\\\/\\\/interamerica.org\\\/es\\\/\",\"name\":\"Iglesia Adventista del S\u00e9ptimo D\u00eda - Divisi\u00f3n Interamericana\",\"description\":\"\",\"potentialAction\":[{\"@type\":\"SearchAction\",\"target\":{\"@type\":\"EntryPoint\",\"urlTemplate\":\"https:\\\/\\\/interamerica.org\\\/es\\\/?s={search_term_string}\"},\"query-input\":{\"@type\":\"PropertyValueSpecification\",\"valueRequired\":true,\"valueName\":\"search_term_string\"}}],\"inLanguage\":\"es\"},{\"@type\":\"Person\",\"@id\":\"https:\\\/\\\/interamerica.org\\\/es\\\/#\\\/schema\\\/person\\\/29998f2bc2d8bd0d38662909289b54f1\",\"name\":\"libna\",\"image\":{\"@type\":\"ImageObject\",\"inLanguage\":\"es\",\"@id\":\"https:\\\/\\\/secure.gravatar.com\\\/avatar\\\/7c5bd30ae4b47a9ba3c856590957fd1d96dc588bf3ac05719d247e126840331f?s=96&d=mm&r=g\",\"url\":\"https:\\\/\\\/secure.gravatar.com\\\/avatar\\\/7c5bd30ae4b47a9ba3c856590957fd1d96dc588bf3ac05719d247e126840331f?s=96&d=mm&r=g\",\"contentUrl\":\"https:\\\/\\\/secure.gravatar.com\\\/avatar\\\/7c5bd30ae4b47a9ba3c856590957fd1d96dc588bf3ac05719d247e126840331f?s=96&d=mm&r=g\",\"caption\":\"libna\"}}]}<\/script>\n<!-- \/ Yoast SEO plugin. -->","yoast_head_json":{"title":"Nuevo director dirigir\u00e1 la obra adventista a los seculares y postcristianos - Iglesia Adventista del S\u00e9ptimo D\u00eda - Divisi\u00f3n Interamericana","robots":{"index":"index","follow":"follow","max-snippet":"max-snippet:-1","max-image-preview":"max-image-preview:large","max-video-preview":"max-video-preview:-1"},"canonical":"https:\/\/interamerica.org\/es\/2024\/02\/nuevo-director-dirigira-la-obra-adventista-a-los-seculares-y-postcristianos\/","og_locale":"es_ES","og_type":"article","og_title":"Nuevo director dirigir\u00e1 la obra adventista a los seculares y postcristianos - Iglesia Adventista del S\u00e9ptimo D\u00eda - Divisi\u00f3n Interamericana","og_description":"El cambio se produce en momentos en que la Iglesia Adventista incrementa sus esfuerzos de llegar a grupos demogr\u00e1ficos seculares. 6 de febrero de 2024 | Silver Spring, Maryland, Estados...","og_url":"https:\/\/interamerica.org\/es\/2024\/02\/nuevo-director-dirigira-la-obra-adventista-a-los-seculares-y-postcristianos\/","og_site_name":"Iglesia Adventista del S\u00e9ptimo D\u00eda - Divisi\u00f3n Interamericana","article_published_time":"2024-02-06T16:57:56+00:00","article_modified_time":"2024-02-09T18:26:35+00:00","og_image":[{"width":1500,"height":750,"url":"https:\/\/interamerica.org\/wp-content\/uploads\/2024\/02\/adventistmission-untitled-1-1.png","type":"image\/png"}],"author":"libna","twitter_card":"summary_large_image","twitter_misc":{"Escrito por":"libna","Tiempo de lectura":"4 minutos"},"schema":{"@context":"https:\/\/schema.org","@graph":[{"@type":"Article","@id":"https:\/\/interamerica.org\/es\/2024\/02\/nuevo-director-dirigira-la-obra-adventista-a-los-seculares-y-postcristianos\/#article","isPartOf":{"@id":"https:\/\/interamerica.org\/es\/2024\/02\/nuevo-director-dirigira-la-obra-adventista-a-los-seculares-y-postcristianos\/"},"author":{"name":"libna","@id":"https:\/\/interamerica.org\/es\/#\/schema\/person\/29998f2bc2d8bd0d38662909289b54f1"},"headline":"Nuevo director dirigir\u00e1 la obra adventista a los seculares y postcristianos","datePublished":"2024-02-06T16:57:56+00:00","dateModified":"2024-02-09T18:26:35+00:00","mainEntityOfPage":{"@id":"https:\/\/interamerica.org\/es\/2024\/02\/nuevo-director-dirigira-la-obra-adventista-a-los-seculares-y-postcristianos\/"},"wordCount":869,"image":{"@id":"https:\/\/interamerica.org\/es\/2024\/02\/nuevo-director-dirigira-la-obra-adventista-a-los-seculares-y-postcristianos\/#primaryimage"},"thumbnailUrl":"https:\/\/interamerica.org\/wp-content\/uploads\/2024\/02\/adventistmission-untitled-1-1.png","articleSection":["Desde la iglesia mundial","RSS Espa\u00f1ol"],"inLanguage":"es"},{"@type":"WebPage","@id":"https:\/\/interamerica.org\/es\/2024\/02\/nuevo-director-dirigira-la-obra-adventista-a-los-seculares-y-postcristianos\/","url":"https:\/\/interamerica.org\/es\/2024\/02\/nuevo-director-dirigira-la-obra-adventista-a-los-seculares-y-postcristianos\/","name":"Nuevo director dirigir\u00e1 la obra adventista a los seculares y postcristianos - Iglesia Adventista del S\u00e9ptimo D\u00eda - Divisi\u00f3n Interamericana","isPartOf":{"@id":"https:\/\/interamerica.org\/es\/#website"},"primaryImageOfPage":{"@id":"https:\/\/interamerica.org\/es\/2024\/02\/nuevo-director-dirigira-la-obra-adventista-a-los-seculares-y-postcristianos\/#primaryimage"},"image":{"@id":"https:\/\/interamerica.org\/es\/2024\/02\/nuevo-director-dirigira-la-obra-adventista-a-los-seculares-y-postcristianos\/#primaryimage"},"thumbnailUrl":"https:\/\/interamerica.org\/wp-content\/uploads\/2024\/02\/adventistmission-untitled-1-1.png","datePublished":"2024-02-06T16:57:56+00:00","dateModified":"2024-02-09T18:26:35+00:00","author":{"@id":"https:\/\/interamerica.org\/es\/#\/schema\/person\/29998f2bc2d8bd0d38662909289b54f1"},"breadcrumb":{"@id":"https:\/\/interamerica.org\/es\/2024\/02\/nuevo-director-dirigira-la-obra-adventista-a-los-seculares-y-postcristianos\/#breadcrumb"},"inLanguage":"es","potentialAction":[{"@type":"ReadAction","target":["https:\/\/interamerica.org\/es\/2024\/02\/nuevo-director-dirigira-la-obra-adventista-a-los-seculares-y-postcristianos\/"]}]},{"@type":"ImageObject","inLanguage":"es","@id":"https:\/\/interamerica.org\/es\/2024\/02\/nuevo-director-dirigira-la-obra-adventista-a-los-seculares-y-postcristianos\/#primaryimage","url":"https:\/\/interamerica.org\/wp-content\/uploads\/2024\/02\/adventistmission-untitled-1-1.png","contentUrl":"https:\/\/interamerica.org\/wp-content\/uploads\/2024\/02\/adventistmission-untitled-1-1.png","width":1500,"height":750,"caption":"Brendan Pratt, new director of the Global Mission Center for Secular and Post-Christian Mission. [Photo: Adventist Mission] Read more at: https:\/\/adventistreview.org\/news\/new-director-to-lead-adventist-churchs-secular-and-post-christian-outreach\/"},{"@type":"BreadcrumbList","@id":"https:\/\/interamerica.org\/es\/2024\/02\/nuevo-director-dirigira-la-obra-adventista-a-los-seculares-y-postcristianos\/#breadcrumb","itemListElement":[{"@type":"ListItem","position":1,"name":"Home","item":"https:\/\/interamerica.org\/es\/"},{"@type":"ListItem","position":2,"name":"Nuevo director dirigir\u00e1 la obra adventista a los seculares y postcristianos"}]},{"@type":"WebSite","@id":"https:\/\/interamerica.org\/es\/#website","url":"https:\/\/interamerica.org\/es\/","name":"Iglesia Adventista del S\u00e9ptimo D\u00eda - Divisi\u00f3n Interamericana","description":"","potentialAction":[{"@type":"SearchAction","target":{"@type":"EntryPoint","urlTemplate":"https:\/\/interamerica.org\/es\/?s={search_term_string}"},"query-input":{"@type":"PropertyValueSpecification","valueRequired":true,"valueName":"search_term_string"}}],"inLanguage":"es"},{"@type":"Person","@id":"https:\/\/interamerica.org\/es\/#\/schema\/person\/29998f2bc2d8bd0d38662909289b54f1","name":"libna","image":{"@type":"ImageObject","inLanguage":"es","@id":"https:\/\/secure.gravatar.com\/avatar\/7c5bd30ae4b47a9ba3c856590957fd1d96dc588bf3ac05719d247e126840331f?s=96&d=mm&r=g","url":"https:\/\/secure.gravatar.com\/avatar\/7c5bd30ae4b47a9ba3c856590957fd1d96dc588bf3ac05719d247e126840331f?s=96&d=mm&r=g","contentUrl":"https:\/\/secure.gravatar.com\/avatar\/7c5bd30ae4b47a9ba3c856590957fd1d96dc588bf3ac05719d247e126840331f?s=96&d=mm&r=g","caption":"libna"}}]}},"_links":{"self":[{"href":"https:\/\/interamerica.org\/es\/wp-json\/wp\/v2\/posts\/109859","targetHints":{"allow":["GET"]}}],"collection":[{"href":"https:\/\/interamerica.org\/es\/wp-json\/wp\/v2\/posts"}],"about":[{"href":"https:\/\/interamerica.org\/es\/wp-json\/wp\/v2\/types\/post"}],"author":[{"embeddable":true,"href":"https:\/\/interamerica.org\/es\/wp-json\/wp\/v2\/users\/3"}],"replies":[{"embeddable":true,"href":"https:\/\/interamerica.org\/es\/wp-json\/wp\/v2\/comments?post=109859"}],"version-history":[{"count":0,"href":"https:\/\/interamerica.org\/es\/wp-json\/wp\/v2\/posts\/109859\/revisions"}],"wp:featuredmedia":[{"embeddable":true,"href":"https:\/\/interamerica.org\/es\/wp-json\/wp\/v2\/media\/109655"}],"wp:attachment":[{"href":"https:\/\/interamerica.org\/es\/wp-json\/wp\/v2\/media?parent=109859"}],"wp:term":[{"taxonomy":"category","embeddable":true,"href":"https:\/\/interamerica.org\/es\/wp-json\/wp\/v2\/categories?post=109859"},{"taxonomy":"post_tag","embeddable":true,"href":"https:\/\/interamerica.org\/es\/wp-json\/wp\/v2\/tags?post=109859"}],"curies":[{"name":"wp","href":"https:\/\/api.w.org\/{rel}","templated":true}]}}