{"id":11023,"date":"2007-08-24T00:00:00","date_gmt":"2007-08-24T04:00:00","guid":{"rendered":"http:\/\/192.81.217.108\/interamerica\/2007\/08\/jamaica-dean-deja-cuantiosos-danos-en-propiedades-de-la-iglesia\/"},"modified":"2017-06-02T09:11:02","modified_gmt":"2017-06-02T13:11:02","slug":"jamaica-dean-deja-cuantiosos-danos-en-propiedades-de-la-iglesia","status":"publish","type":"post","link":"https:\/\/interamerica.org\/es\/2007\/08\/jamaica-dean-deja-cuantiosos-danos-en-propiedades-de-la-iglesia\/","title":{"rendered":"Jamaica: Dean deja cuantiosos da\u00f1os en propiedades de la iglesia"},"content":{"rendered":"<p>Mandeville, Jamaica&#8230;(Nigel Coke\/Personal de la DIA) <\/p>\n<p>Aunque los m\u00e1s fuertes vientos del Hurac\u00e1n Dean por poco no tocaron la isla de Jamaica, aun alcanzaron a dejar una estela de da\u00f1o a lo largo de la costa sure\u00f1a de la isla, ocasionando la muerte a cuatro personas. Los lugares m\u00e1s afectados fueron Portland, St. Thomas, St. Catherine, Clarendon, Manhester y St. Elizabeth. <\/p>\n<p>Aunque no no hubo muertes entre los miembros de la iglesia, m\u00e1s de 50 estructuras de la iglesia, as\u00ed como hogares de miembros, fueron afectadas por las poderosas r\u00e1fagas y lluvias torrenciales el 19 de agosto, 2007. <\/p>\n<p>La Universidad Norte\u00f1a del Caribe, propiedad de la iglesia, present\u00f3 da\u00f1os en cinco edificios, incluyendo el dormitorio de varones y su escuela preparatoria. <\/p>\n<p>Los dirigentes de la iglesia en Jamaica que recordaban el paso del Hurac\u00e1n Ivan en 2004 estaban, con mucha raz\u00f3n, ansiosos por la devastaci\u00f3n que <em >Dean<\/em > pudiera traer. <\/p>\n<p>\u00abEst\u00e1bamos un tanto aprehensivos por el grado de da\u00f1o que sufrir\u00edamos cuando escuchamos del inminente hurac\u00e1n\u00bb, dijo el pastor Patrick Allen, presidente de la iglesia en las Indias Occidentales, \u00abpero agradecemos a Dios por su protecci\u00f3n y cuidado durante esta amenazante experiencia\u00bb. <\/p>\n<p>Seg\u00fan el pastor Allen, <em >Dean  <\/em >logr\u00f3 causar fuertes da\u00f1os en la vida de muchos miembros en las comunidades rurales, destruyendo 90% de las cosechas. <\/p>\n<p>\u00abLos respectivos departamentos de nuestra iglesia se est\u00e1n movilizando y evaluando el impacto sobre nuestros miembros en la comunidad, la comunidad en general, y nuestras iglesias\u00bb, dijo \u00e9l. <\/p>\n<p>El gobierno de Jamaica seleccion\u00f3 la Agencia Adventista de Desarrollo y Recursos Asistenciales (ADRA) para que ayude en el registro de familias en necesidad de ayuda. ADRA solo se involucrar\u00e1 en registrar estas familias para que sean tomadas en cuenta y reciban auxilio del gobierno. <\/p>\n<p>ADRA ha estado y a\u00fan est\u00e1 distribuyendo lona impermeable y agua a las \u00e1reas afectadas y tambi\u00e9n est\u00e1 en el proceso de completar un an\u00e1lisis de necesidades y una evaluaci\u00f3n de los da\u00f1os. <\/p>\n<p>\u00abHemos activado todos nuestros sistemas de reacci\u00f3n y nos pusimos en contacto con nuestros socios locales e internacionales, varios de los cuales han prometido enviar materiales de auxilio dentro del menor tiempo posible\u00bb, dijo Desmond Robinson, director para ADRA Jamaica. \u00abADRA se mantiene comprometida en ayudar a nuestro pa\u00eds y en particular a aquellos que est\u00e1n m\u00e1s necesitados despu\u00e9s del hurac\u00e1n, sin importar raza, religi\u00f3n, etnicidad, sexo o preferencia pol\u00edtica\u00bb. <\/p>\n<p>Antes de golpear el sur de Jamaica, la tormenta <em >Dean <\/em >pas\u00f3 estruendosamente por Santa Luc\u00eda, Martinica, Dominica y Guadalupe para volcar sus lluvias torrenciales. De nuevo sobre las aguas calientes y despejadas del Caribe, se intensific\u00f3 y se convirti\u00f3 en hurac\u00e1n azotando Hait\u00ed y la Rep\u00fablica Dominicana antes de apuntar hacia Jamaica. Dejando a Jamaica en su velatorio, se dirigi\u00f3 hacia las Islas Caym\u00e1n, convirti\u00e9ndose de all\u00ed en adelante en un hurac\u00e1n de categor\u00eda cinco antes de romperse sobre la costa oriental de la pen\u00ednsula mexicana de Yucat\u00e1n el comienzo de esta semana. <\/p>\n<p>La iglesia Adventista del S\u00e9ptimo D\u00eda en Jamaica tiene m\u00e1s de 230,000 miembros, 670 iglesias y opera la Universidad del Norte del Caribe, el Hospital Andrews Memorial, la Agencia de Publicaciones y Centro de Nutrici\u00f3n. <\/p>\n<p>Para ayudar a las v\u00edctimas del Hurac\u00e1n <em >Dean  <\/em >en Jamaica y\/o el Caribe, llame a la Divisi\u00f3n Interamericana, al tel\u00e9fono 305-403-4700, oficina de ADRA, o visite <u ><a  href=\"http:\/\/www.adra.org\/\">www.adra.org<\/a >.<\/u > <\/p>\n<p>Para m\u00e1s informaci\u00f3n sobre la iglesia adventista en Jamaica, haga click en <u ><a  href=\"http:\/\/www.wiunion.org\/\">www.wiunion.org<\/a >. <\/u ><\/p>\n","protected":false},"excerpt":{"rendered":"<p>Aunque los m\u00e1s fuertes vientos del Hurac\u00e1n Dean por poco no tocaron la isla de Jamaica, aun alcanzaron a dejar una estela de da\u00f1o a lo largo de la costa sure\u00f1a de la isla&#8230;<\/p>\n","protected":false},"author":1,"featured_media":0,"comment_status":"closed","ping_status":"closed","sticky":false,"template":"","format":"standard","meta":{"_acf_changed":false,"footnotes":""},"categories":[8],"tags":[],"class_list":["post-11023","post","type-post","status-publish","format-standard","hentry","category-archivo"],"acf":[],"yoast_head":"<!-- This site is optimized with the Yoast SEO plugin v27.3 - https:\/\/yoast.com\/product\/yoast-seo-wordpress\/ -->\n<title>Jamaica: Dean deja cuantiosos da\u00f1os en propiedades de la iglesia - Iglesia Adventista del S\u00e9ptimo D\u00eda - Divisi\u00f3n Interamericana<\/title>\n<meta name=\"robots\" content=\"index, follow, max-snippet:-1, max-image-preview:large, max-video-preview:-1\" \/>\n<link rel=\"canonical\" href=\"https:\/\/interamerica.org\/es\/2007\/08\/jamaica-dean-deja-cuantiosos-danos-en-propiedades-de-la-iglesia\/\" \/>\n<meta property=\"og:locale\" content=\"es_ES\" \/>\n<meta property=\"og:type\" content=\"article\" \/>\n<meta property=\"og:title\" content=\"Jamaica: Dean deja cuantiosos da\u00f1os en propiedades de la iglesia - Iglesia Adventista del S\u00e9ptimo D\u00eda - Divisi\u00f3n Interamericana\" \/>\n<meta property=\"og:description\" content=\"Aunque los m\u00e1s fuertes vientos del Hurac\u00e1n Dean por poco no tocaron la isla de Jamaica, aun alcanzaron a dejar una estela de da\u00f1o a lo largo de la costa sure\u00f1a de la isla...\" \/>\n<meta property=\"og:url\" content=\"https:\/\/interamerica.org\/es\/2007\/08\/jamaica-dean-deja-cuantiosos-danos-en-propiedades-de-la-iglesia\/\" \/>\n<meta property=\"og:site_name\" content=\"Iglesia Adventista del S\u00e9ptimo D\u00eda - Divisi\u00f3n Interamericana\" \/>\n<meta property=\"article:published_time\" content=\"2007-08-24T04:00:00+00:00\" \/>\n<meta property=\"article:modified_time\" content=\"2017-06-02T13:11:02+00:00\" \/>\n<meta name=\"author\" content=\"Lorenzo Verduzco\" \/>\n<meta name=\"twitter:card\" content=\"summary_large_image\" \/>\n<meta name=\"twitter:label1\" content=\"Escrito por\" \/>\n\t<meta name=\"twitter:data1\" content=\"Lorenzo Verduzco\" \/>\n\t<meta name=\"twitter:label2\" content=\"Tiempo de lectura\" \/>\n\t<meta name=\"twitter:data2\" content=\"3 minutos\" \/>\n<script type=\"application\/ld+json\" class=\"yoast-schema-graph\">{\"@context\":\"https:\\\/\\\/schema.org\",\"@graph\":[{\"@type\":\"Article\",\"@id\":\"https:\\\/\\\/interamerica.org\\\/es\\\/2007\\\/08\\\/jamaica-dean-deja-cuantiosos-danos-en-propiedades-de-la-iglesia\\\/#article\",\"isPartOf\":{\"@id\":\"https:\\\/\\\/interamerica.org\\\/es\\\/2007\\\/08\\\/jamaica-dean-deja-cuantiosos-danos-en-propiedades-de-la-iglesia\\\/\"},\"author\":{\"name\":\"Lorenzo Verduzco\",\"@id\":\"https:\\\/\\\/interamerica.org\\\/es\\\/#\\\/schema\\\/person\\\/68ede8bdc292885bb76c1e3810e73c39\"},\"headline\":\"Jamaica: Dean deja cuantiosos da\u00f1os en propiedades de la iglesia\",\"datePublished\":\"2007-08-24T04:00:00+00:00\",\"dateModified\":\"2017-06-02T13:11:02+00:00\",\"mainEntityOfPage\":{\"@id\":\"https:\\\/\\\/interamerica.org\\\/es\\\/2007\\\/08\\\/jamaica-dean-deja-cuantiosos-danos-en-propiedades-de-la-iglesia\\\/\"},\"wordCount\":623,\"articleSection\":[\"Archivo\"],\"inLanguage\":\"es\"},{\"@type\":\"WebPage\",\"@id\":\"https:\\\/\\\/interamerica.org\\\/es\\\/2007\\\/08\\\/jamaica-dean-deja-cuantiosos-danos-en-propiedades-de-la-iglesia\\\/\",\"url\":\"https:\\\/\\\/interamerica.org\\\/es\\\/2007\\\/08\\\/jamaica-dean-deja-cuantiosos-danos-en-propiedades-de-la-iglesia\\\/\",\"name\":\"Jamaica: Dean deja cuantiosos da\u00f1os en propiedades de la iglesia - Iglesia Adventista del S\u00e9ptimo D\u00eda - Divisi\u00f3n Interamericana\",\"isPartOf\":{\"@id\":\"https:\\\/\\\/interamerica.org\\\/es\\\/#website\"},\"datePublished\":\"2007-08-24T04:00:00+00:00\",\"dateModified\":\"2017-06-02T13:11:02+00:00\",\"author\":{\"@id\":\"https:\\\/\\\/interamerica.org\\\/es\\\/#\\\/schema\\\/person\\\/68ede8bdc292885bb76c1e3810e73c39\"},\"breadcrumb\":{\"@id\":\"https:\\\/\\\/interamerica.org\\\/es\\\/2007\\\/08\\\/jamaica-dean-deja-cuantiosos-danos-en-propiedades-de-la-iglesia\\\/#breadcrumb\"},\"inLanguage\":\"es\",\"potentialAction\":[{\"@type\":\"ReadAction\",\"target\":[\"https:\\\/\\\/interamerica.org\\\/es\\\/2007\\\/08\\\/jamaica-dean-deja-cuantiosos-danos-en-propiedades-de-la-iglesia\\\/\"]}]},{\"@type\":\"BreadcrumbList\",\"@id\":\"https:\\\/\\\/interamerica.org\\\/es\\\/2007\\\/08\\\/jamaica-dean-deja-cuantiosos-danos-en-propiedades-de-la-iglesia\\\/#breadcrumb\",\"itemListElement\":[{\"@type\":\"ListItem\",\"position\":1,\"name\":\"Home\",\"item\":\"https:\\\/\\\/interamerica.org\\\/es\\\/\"},{\"@type\":\"ListItem\",\"position\":2,\"name\":\"Jamaica: Dean deja cuantiosos da\u00f1os en propiedades de la iglesia\"}]},{\"@type\":\"WebSite\",\"@id\":\"https:\\\/\\\/interamerica.org\\\/es\\\/#website\",\"url\":\"https:\\\/\\\/interamerica.org\\\/es\\\/\",\"name\":\"Iglesia Adventista del S\u00e9ptimo D\u00eda - Divisi\u00f3n Interamericana\",\"description\":\"\",\"potentialAction\":[{\"@type\":\"SearchAction\",\"target\":{\"@type\":\"EntryPoint\",\"urlTemplate\":\"https:\\\/\\\/interamerica.org\\\/es\\\/?s={search_term_string}\"},\"query-input\":{\"@type\":\"PropertyValueSpecification\",\"valueRequired\":true,\"valueName\":\"search_term_string\"}}],\"inLanguage\":\"es\"},{\"@type\":\"Person\",\"@id\":\"https:\\\/\\\/interamerica.org\\\/es\\\/#\\\/schema\\\/person\\\/68ede8bdc292885bb76c1e3810e73c39\",\"name\":\"Lorenzo Verduzco\",\"image\":{\"@type\":\"ImageObject\",\"inLanguage\":\"es\",\"@id\":\"https:\\\/\\\/secure.gravatar.com\\\/avatar\\\/fb81a55b6218459490a9c1dc841a34909185b81904c5337b4b27f7a6fd60c49e?s=96&d=mm&r=g\",\"url\":\"https:\\\/\\\/secure.gravatar.com\\\/avatar\\\/fb81a55b6218459490a9c1dc841a34909185b81904c5337b4b27f7a6fd60c49e?s=96&d=mm&r=g\",\"contentUrl\":\"https:\\\/\\\/secure.gravatar.com\\\/avatar\\\/fb81a55b6218459490a9c1dc841a34909185b81904c5337b4b27f7a6fd60c49e?s=96&d=mm&r=g\",\"caption\":\"Lorenzo Verduzco\"}}]}<\/script>\n<!-- \/ Yoast SEO plugin. -->","yoast_head_json":{"title":"Jamaica: Dean deja cuantiosos da\u00f1os en propiedades de la iglesia - Iglesia Adventista del S\u00e9ptimo D\u00eda - Divisi\u00f3n Interamericana","robots":{"index":"index","follow":"follow","max-snippet":"max-snippet:-1","max-image-preview":"max-image-preview:large","max-video-preview":"max-video-preview:-1"},"canonical":"https:\/\/interamerica.org\/es\/2007\/08\/jamaica-dean-deja-cuantiosos-danos-en-propiedades-de-la-iglesia\/","og_locale":"es_ES","og_type":"article","og_title":"Jamaica: Dean deja cuantiosos da\u00f1os en propiedades de la iglesia - Iglesia Adventista del S\u00e9ptimo D\u00eda - Divisi\u00f3n Interamericana","og_description":"Aunque los m\u00e1s fuertes vientos del Hurac\u00e1n Dean por poco no tocaron la isla de Jamaica, aun alcanzaron a dejar una estela de da\u00f1o a lo largo de la costa sure\u00f1a de la isla...","og_url":"https:\/\/interamerica.org\/es\/2007\/08\/jamaica-dean-deja-cuantiosos-danos-en-propiedades-de-la-iglesia\/","og_site_name":"Iglesia Adventista del S\u00e9ptimo D\u00eda - Divisi\u00f3n Interamericana","article_published_time":"2007-08-24T04:00:00+00:00","article_modified_time":"2017-06-02T13:11:02+00:00","author":"Lorenzo Verduzco","twitter_card":"summary_large_image","twitter_misc":{"Escrito por":"Lorenzo Verduzco","Tiempo de lectura":"3 minutos"},"schema":{"@context":"https:\/\/schema.org","@graph":[{"@type":"Article","@id":"https:\/\/interamerica.org\/es\/2007\/08\/jamaica-dean-deja-cuantiosos-danos-en-propiedades-de-la-iglesia\/#article","isPartOf":{"@id":"https:\/\/interamerica.org\/es\/2007\/08\/jamaica-dean-deja-cuantiosos-danos-en-propiedades-de-la-iglesia\/"},"author":{"name":"Lorenzo Verduzco","@id":"https:\/\/interamerica.org\/es\/#\/schema\/person\/68ede8bdc292885bb76c1e3810e73c39"},"headline":"Jamaica: Dean deja cuantiosos da\u00f1os en propiedades de la iglesia","datePublished":"2007-08-24T04:00:00+00:00","dateModified":"2017-06-02T13:11:02+00:00","mainEntityOfPage":{"@id":"https:\/\/interamerica.org\/es\/2007\/08\/jamaica-dean-deja-cuantiosos-danos-en-propiedades-de-la-iglesia\/"},"wordCount":623,"articleSection":["Archivo"],"inLanguage":"es"},{"@type":"WebPage","@id":"https:\/\/interamerica.org\/es\/2007\/08\/jamaica-dean-deja-cuantiosos-danos-en-propiedades-de-la-iglesia\/","url":"https:\/\/interamerica.org\/es\/2007\/08\/jamaica-dean-deja-cuantiosos-danos-en-propiedades-de-la-iglesia\/","name":"Jamaica: Dean deja cuantiosos da\u00f1os en propiedades de la iglesia - Iglesia Adventista del S\u00e9ptimo D\u00eda - Divisi\u00f3n Interamericana","isPartOf":{"@id":"https:\/\/interamerica.org\/es\/#website"},"datePublished":"2007-08-24T04:00:00+00:00","dateModified":"2017-06-02T13:11:02+00:00","author":{"@id":"https:\/\/interamerica.org\/es\/#\/schema\/person\/68ede8bdc292885bb76c1e3810e73c39"},"breadcrumb":{"@id":"https:\/\/interamerica.org\/es\/2007\/08\/jamaica-dean-deja-cuantiosos-danos-en-propiedades-de-la-iglesia\/#breadcrumb"},"inLanguage":"es","potentialAction":[{"@type":"ReadAction","target":["https:\/\/interamerica.org\/es\/2007\/08\/jamaica-dean-deja-cuantiosos-danos-en-propiedades-de-la-iglesia\/"]}]},{"@type":"BreadcrumbList","@id":"https:\/\/interamerica.org\/es\/2007\/08\/jamaica-dean-deja-cuantiosos-danos-en-propiedades-de-la-iglesia\/#breadcrumb","itemListElement":[{"@type":"ListItem","position":1,"name":"Home","item":"https:\/\/interamerica.org\/es\/"},{"@type":"ListItem","position":2,"name":"Jamaica: Dean deja cuantiosos da\u00f1os en propiedades de la iglesia"}]},{"@type":"WebSite","@id":"https:\/\/interamerica.org\/es\/#website","url":"https:\/\/interamerica.org\/es\/","name":"Iglesia Adventista del S\u00e9ptimo D\u00eda - Divisi\u00f3n Interamericana","description":"","potentialAction":[{"@type":"SearchAction","target":{"@type":"EntryPoint","urlTemplate":"https:\/\/interamerica.org\/es\/?s={search_term_string}"},"query-input":{"@type":"PropertyValueSpecification","valueRequired":true,"valueName":"search_term_string"}}],"inLanguage":"es"},{"@type":"Person","@id":"https:\/\/interamerica.org\/es\/#\/schema\/person\/68ede8bdc292885bb76c1e3810e73c39","name":"Lorenzo Verduzco","image":{"@type":"ImageObject","inLanguage":"es","@id":"https:\/\/secure.gravatar.com\/avatar\/fb81a55b6218459490a9c1dc841a34909185b81904c5337b4b27f7a6fd60c49e?s=96&d=mm&r=g","url":"https:\/\/secure.gravatar.com\/avatar\/fb81a55b6218459490a9c1dc841a34909185b81904c5337b4b27f7a6fd60c49e?s=96&d=mm&r=g","contentUrl":"https:\/\/secure.gravatar.com\/avatar\/fb81a55b6218459490a9c1dc841a34909185b81904c5337b4b27f7a6fd60c49e?s=96&d=mm&r=g","caption":"Lorenzo Verduzco"}}]}},"_links":{"self":[{"href":"https:\/\/interamerica.org\/es\/wp-json\/wp\/v2\/posts\/11023","targetHints":{"allow":["GET"]}}],"collection":[{"href":"https:\/\/interamerica.org\/es\/wp-json\/wp\/v2\/posts"}],"about":[{"href":"https:\/\/interamerica.org\/es\/wp-json\/wp\/v2\/types\/post"}],"author":[{"embeddable":true,"href":"https:\/\/interamerica.org\/es\/wp-json\/wp\/v2\/users\/1"}],"replies":[{"embeddable":true,"href":"https:\/\/interamerica.org\/es\/wp-json\/wp\/v2\/comments?post=11023"}],"version-history":[{"count":0,"href":"https:\/\/interamerica.org\/es\/wp-json\/wp\/v2\/posts\/11023\/revisions"}],"wp:attachment":[{"href":"https:\/\/interamerica.org\/es\/wp-json\/wp\/v2\/media?parent=11023"}],"wp:term":[{"taxonomy":"category","embeddable":true,"href":"https:\/\/interamerica.org\/es\/wp-json\/wp\/v2\/categories?post=11023"},{"taxonomy":"post_tag","embeddable":true,"href":"https:\/\/interamerica.org\/es\/wp-json\/wp\/v2\/tags?post=11023"}],"curies":[{"name":"wp","href":"https:\/\/api.w.org\/{rel}","templated":true}]}}