{"id":110312,"date":"2024-02-22T17:57:10","date_gmt":"2024-02-22T22:57:10","guid":{"rendered":"https:\/\/interamerica.org\/?p=110312"},"modified":"2024-02-23T08:29:13","modified_gmt":"2024-02-23T13:29:13","slug":"en-el-santo-de-los-santos","status":"publish","type":"post","link":"https:\/\/interamerica.org\/es\/2024\/02\/en-el-santo-de-los-santos\/","title":{"rendered":"En el Santo de los Santos"},"content":{"rendered":"<p>22 de febrero del 2024 | Silver Spring, Maryland, Estados Unidos | Ted N.C. Wilson, Presidente de la Asociaci\u00f3n General de los Adventistas del S\u00e9ptimo D\u00eda<\/p>\n<p>Hola, amigos. A medida que continuamos nuestro viaje a trav\u00e9s del Conflicto de los Siglos, nos hemos dado cuenta de que la clave para entender el misterio del Gran Chasco de 1844 se encuentra en comprender lo que la Biblia ense\u00f1a sobre el santuario.<\/p>\n<p>Esta fue una revelaci\u00f3n tan poderosa para los primeros creyentes adventistas porque, como explica Elena de White, abri\u00f3 a la vista un sistema completo de verdad, conectado y armonioso, mostrando que la mano de Dios hab\u00eda dirigido el gran movimiento adventista y revelando el deber presente al poner de manifiesto la posici\u00f3n y el trabajo de Su pueblo\u00bb.<\/p>\n<p>A medida que los primeros adventistas continuaban estudiando, la belleza y armon\u00eda de las verdades de las Escrituras comenzaron a brillar cada vez m\u00e1s en sus corazones y mentes. Pod\u00edan ver la conexi\u00f3n de la profec\u00eda en Daniel 8:14, &#8216;Hasta dos mil trescientos d\u00edas; entonces el santuario ser\u00e1 purificado&#8217;, con la declaraci\u00f3n del primer \u00e1ngel de Apocalipsis 14, &#8216;Temed a Dios y dadle gloria, porque la hora de su juicio ha llegado&#8217;.<\/p>\n<p>Pudieron ver que estos pasajes se\u00f1alaban al ministerio de Cristo en el lugar sant\u00edsimo y al juicio investigador, en lugar de su venida a la tierra para redimir a su pueblo y destruir a los malvados.<\/p>\n<p>Comprendieron mejor que &#8216;Cristo hab\u00eda venido, no a la tierra como esperaban, sino como se mostraba en el tipo, al lugar sant\u00edsimo del templo de Dios en el cielo&#8217;.<\/p>\n<p>Este evento fue descrito por el profeta Daniel, quien escribi\u00f3: Vi en las visiones de la noche, y he aqu\u00ed, uno como el Hijo del hombre vino con las nubes del cielo, y lleg\u00f3 hasta el Anciano de d\u00edas, y lo trajeron cerca de \u00c9l\u00bb.<\/p>\n<p>Se dieron cuenta de que el profeta Malaqu\u00edas estaba describiendo el mismo evento cuando escribi\u00f3: &#8216;El Se\u00f1or, a quien busc\u00e1is, vendr\u00e1 de repente a su templo, incluso el Mensajero del pacto, en quien os deleit\u00e1is, he aqu\u00ed, viene&#8217;, dice el Se\u00f1or de los ej\u00e9rcitos&#8217;.<\/p>\n<p>La venida del Se\u00f1or a su templo fue ciertamente repentina e inesperada para su pueblo, porque no esperaban que entrara all\u00ed; \u00a1estaban esperando que viniera a la tierra!\u00bb<\/p>\n<p>Adem\u00e1s, a\u00fan no estaban listos para encontrarse con su Se\u00f1or. Se nos dice que a\u00fan hab\u00eda un trabajo de preparaci\u00f3n por realizar para ellos\u00bb<\/p>\n<p>El pasaje en Malaqu\u00edas 3:2,3 nos ayuda a entender esta obra de preparaci\u00f3n de manera m\u00e1s clara. Dice:<\/p>\n<p>\u00bfPero qui\u00e9n podr\u00e1 soportar el d\u00eda de su venida? \u00bfY qui\u00e9n podr\u00e1 mantenerse cuando \u00e9l aparezca? Porque \u00e9l es como el fuego del refinador y como el jab\u00f3n de los lavanderos: Y se sentar\u00e1 como un refinador y purificador de plata: y purificar\u00e1 a los hijos de Lev\u00ed, y los purgar\u00e1 como oro y plata, para que puedan ofrecer al Se\u00f1or una ofrenda en justicia.<\/p>\n<p>Comentando sobre este mismo pasaje en Malaqu\u00edas, el mensajero del Se\u00f1or escribi\u00f3: &#8216;Aquellos que est\u00e9n viviendo en la tierra cuando la intercesi\u00f3n de Cristo cese en el santuario celestial deber\u00e1n estar delante de un Dios santo sin un mediador. Sus vestiduras deben estar sin mancha, sus caracteres deben ser purificados del pecado por la sangre rociada. A trav\u00e9s de la gracia de Dios y su propio esfuerzo diligente, deben ser vencedores en la batalla contra el mal. Mientras el juicio investigador se lleva a cabo en el cielo, mientras los pecados de los creyentes penitentes son eliminados del santuario, habr\u00e1 una obra especial de purificaci\u00f3n, de apartamiento del pecado, entre el pueblo de Dios en la tierra. Esta obra se presenta de manera m\u00e1s clara en los mensajes de Apocalipsis 14. Cuando esta obra haya sido cumplida, los seguidores de Cristo estar\u00e1n listos para su venida&#8230; Entonces la iglesia que nuestro Se\u00f1or recibir\u00e1 para s\u00ed mismo en su venida ser\u00e1 una &#8216;iglesia gloriosa, sin mancha, ni arruga, ni cosa semejante&#8217;.<\/p>\n<p>Ahora, al principio esto puede parecer abrumador. \u00a1Pero no perdamos de vista el hecho de que este es el trabajo especial de purificaci\u00f3n de Dios! \u00c9l es quien provee la t\u00fanica sin mancha\u00bb. Es su sangre la que nos purifica. Es su gracia la que nos capacita para \u00abser vencedores en la batalla contra el mal\u00bb. Solo Dios es el \u00fanico que puede ayudarnos a ser \u00abvencedores en la batalla contra el mal\u00bb &#8211; sin \u00c9l estamos perdidos sin esperanza en el pecado.\u00bb<\/p>\n<p>Durante el tiempo del templo terrenal, el D\u00eda de la Expiaci\u00f3n era el d\u00eda m\u00e1s importante del a\u00f1o. Las personas examinaban sus corazones, confesaban sus pecados y se aseguraban de estar en paz con Dios. Como ahora vivimos en lo que se conoce como el d\u00eda de expiaci\u00f3n antit\u00edpico\u00bb, este pasaje nos recuerda que Dios anhela purificar nuestros corazones y prepararnos como individuos y como iglesia para Su pronto regreso.\u00bb<\/p>\n<p>Aunque algunos puedan creer que este pasaje en Malaqu\u00edas 3 se refiere a la segunda venida de Cristo, Elena de White deja claro que aunque Malaqu\u00edas habla sobre la segunda venida en algunos pasajes, este no es uno de ellos. Ella escribe: &#8216;Esta venida, y la entrada del Se\u00f1or a su templo, son eventos distintos y separados&#8217;.<\/p>\n<p>Ella explica adem\u00e1s, &#8216;la venida de Cristo como nuestro sumo sacerdote al lugar sant\u00edsimo, para la purificaci\u00f3n del santuario, como se muestra en Daniel 8:14; la venida del Hijo del hombre ante el Anciano de d\u00edas, como se presenta en Daniel 7:13; y la entrada del Se\u00f1or a su templo, anunciada por Malaqu\u00edas, son descripciones del mismo evento&#8217;.<\/p>\n<p>Claramente, la Biblia habla con una sola voz al proclamar el d\u00eda de expiaci\u00f3n anti-t\u00edpico, el tiempo en el que ahora estamos viviendo.<\/p>\n<p>En Mateo, cap\u00edtulo 22, Jes\u00fas cuenta la par\u00e1bola de un banquete de bodas. En la par\u00e1bola, se lleva a cabo un juicio investigador cuando el rey entra para examinar a los invitados, para asegurarse de que todos est\u00e9n usando el vestido de bodas que \u00e9l ha proporcionado tan generosamente. Esta impecable t\u00fanica de car\u00e1cter, representada por el vestido de bodas, ha sido lavada y blanqueada en la sangre del Cordero, como se describe en Apocalipsis 7:14.<\/p>\n<p>Ahora, en la par\u00e1bola, el rey se acerca a uno de los invitados que no lleva puesto un traje de bodas y amablemente le pregunta: \u00ab\u00bbAmigo, \u00bfc\u00f3mo has entrado aqu\u00ed sin un traje de bodas?\u00bb\u00bb. El invitado se qued\u00f3 sin palabras.\u00bb<\/p>\n<p>Luego el rey dijo a los siervos: &#8216;Atadlo de manos y pies, llevadlo lejos y echadlo a las tinieblas exteriores; all\u00ed ser\u00e1 el llanto y crujir de dientes.&#8217;<\/p>\n<p>Mi querido amigo, \u00bfest\u00e1s usando la t\u00fanica de justicia de Cristo? \u00bfLe est\u00e1s permitiendo que te lave en la sangre del Cordero? \u00bfEst\u00e1s permitiendo que \u00c9l haga Su obra especial de purificaci\u00f3n, de apartar el pecado, para que estemos listos para Su aparici\u00f3n?<\/p>\n<p>Te invito a acercarte a \u00c9l en este momento mientras oramos juntos.<\/p>\n<p>Padre celestial, gracias por enviar a Jes\u00fas a vivir una vida perfecta. Por morir por nosotros, resucitar y luego ascender al cielo, para ser nuestro sumo sacerdote e intercesor, y pronto quitarse sus vestiduras sacerdotales y ponerse sus vestiduras reales y venir a llevarnos a casa para estar con \u00e9l muy pronto. Gracias por la t\u00fanica de justicia que nos ofreces libremente por la gracia de Jes\u00fas. Gracias por la justicia santificadora de Cristo que nos ayuda a ser cada vez m\u00e1s como Jes\u00fas, ayud\u00e1ndonos a ser purificados a trav\u00e9s de su poder, que obra en nuestras vidas.<\/p>\n<p>Ahora, Se\u00f1or, \u00fasanos. T\u00f3manos. Perm\u00edtenos ser tus testimonios de lo que Dios puede hacer en nuestras vidas cuando nos cambias para ser cada vez m\u00e1s como Jes\u00fas. Gracias por la justicia de Cristo. Pedimos todo esto en el nombre de Jesucristo, nuestro Se\u00f1or y Salvador. Am\u00e9n.<\/p>\n<p><iframe title=\"El Gran Conflicto Cap\u00edtulo 24: En el Lugar Sant\u00edsimo\" width=\"500\" height=\"281\" src=\"https:\/\/www.youtube.com\/embed\/8Ep8sgDixzs?feature=oembed\" frameborder=\"0\" allow=\"accelerometer; autoplay; clipboard-write; encrypted-media; gyroscope; picture-in-picture; web-share\" referrerpolicy=\"strict-origin-when-cross-origin\" allowfullscreen><\/iframe><\/p>\n","protected":false},"excerpt":{"rendered":"<p>22 de febrero del 2024 | Silver Spring, Maryland, Estados Unidos | Ted N.C. Wilson, Presidente de la Asociaci\u00f3n General de los Adventistas del S\u00e9ptimo D\u00eda Hola, amigos. A medida&#8230;<\/p>\n","protected":false},"author":3,"featured_media":110313,"comment_status":"closed","ping_status":"closed","sticky":false,"template":"","format":"standard","meta":{"_acf_changed":false,"footnotes":""},"categories":[14,15],"tags":[],"class_list":["post-110312","post","type-post","status-publish","format-standard","has-post-thumbnail","hentry","category-de-la-iglesia-mundial","category-rss-espanol"],"acf":[],"yoast_head":"<!-- This site is optimized with the Yoast SEO plugin v27.3 - https:\/\/yoast.com\/product\/yoast-seo-wordpress\/ -->\n<title>En el Santo de los Santos - Iglesia Adventista del S\u00e9ptimo D\u00eda - Divisi\u00f3n Interamericana<\/title>\n<meta name=\"robots\" content=\"index, follow, max-snippet:-1, max-image-preview:large, max-video-preview:-1\" \/>\n<link rel=\"canonical\" href=\"https:\/\/interamerica.org\/es\/2024\/02\/en-el-santo-de-los-santos\/\" \/>\n<meta property=\"og:locale\" content=\"es_ES\" \/>\n<meta property=\"og:type\" content=\"article\" \/>\n<meta property=\"og:title\" content=\"En el Santo de los Santos - Iglesia Adventista del S\u00e9ptimo D\u00eda - Divisi\u00f3n Interamericana\" \/>\n<meta property=\"og:description\" content=\"22 de febrero del 2024 | Silver Spring, Maryland, Estados Unidos | Ted N.C. Wilson, Presidente de la Asociaci\u00f3n General de los Adventistas del S\u00e9ptimo D\u00eda Hola, amigos. A medida...\" \/>\n<meta property=\"og:url\" content=\"https:\/\/interamerica.org\/es\/2024\/02\/en-el-santo-de-los-santos\/\" \/>\n<meta property=\"og:site_name\" content=\"Iglesia Adventista del S\u00e9ptimo D\u00eda - Divisi\u00f3n Interamericana\" \/>\n<meta property=\"article:published_time\" content=\"2024-02-22T22:57:10+00:00\" \/>\n<meta property=\"article:modified_time\" content=\"2024-02-23T13:29:13+00:00\" \/>\n<meta property=\"og:image\" content=\"https:\/\/interamerica.org\/wp-content\/uploads\/2024\/02\/in-the-holy-of-holiest-es.jpg\" \/>\n\t<meta property=\"og:image:width\" content=\"1920\" \/>\n\t<meta property=\"og:image:height\" content=\"1080\" \/>\n\t<meta property=\"og:image:type\" content=\"image\/jpeg\" \/>\n<meta name=\"author\" content=\"libna\" \/>\n<meta name=\"twitter:card\" content=\"summary_large_image\" \/>\n<meta name=\"twitter:label1\" content=\"Escrito por\" \/>\n\t<meta name=\"twitter:data1\" content=\"libna\" \/>\n\t<meta name=\"twitter:label2\" content=\"Tiempo de lectura\" \/>\n\t<meta name=\"twitter:data2\" content=\"6 minutos\" \/>\n<script type=\"application\/ld+json\" class=\"yoast-schema-graph\">{\"@context\":\"https:\\\/\\\/schema.org\",\"@graph\":[{\"@type\":\"Article\",\"@id\":\"https:\\\/\\\/interamerica.org\\\/es\\\/2024\\\/02\\\/en-el-santo-de-los-santos\\\/#article\",\"isPartOf\":{\"@id\":\"https:\\\/\\\/interamerica.org\\\/es\\\/2024\\\/02\\\/en-el-santo-de-los-santos\\\/\"},\"author\":{\"name\":\"libna\",\"@id\":\"https:\\\/\\\/interamerica.org\\\/es\\\/#\\\/schema\\\/person\\\/29998f2bc2d8bd0d38662909289b54f1\"},\"headline\":\"En el Santo de los Santos\",\"datePublished\":\"2024-02-22T22:57:10+00:00\",\"dateModified\":\"2024-02-23T13:29:13+00:00\",\"mainEntityOfPage\":{\"@id\":\"https:\\\/\\\/interamerica.org\\\/es\\\/2024\\\/02\\\/en-el-santo-de-los-santos\\\/\"},\"wordCount\":1397,\"image\":{\"@id\":\"https:\\\/\\\/interamerica.org\\\/es\\\/2024\\\/02\\\/en-el-santo-de-los-santos\\\/#primaryimage\"},\"thumbnailUrl\":\"https:\\\/\\\/interamerica.org\\\/wp-content\\\/uploads\\\/2024\\\/02\\\/in-the-holy-of-holiest-es.jpg\",\"articleSection\":[\"Desde la iglesia mundial\",\"RSS Espa\u00f1ol\"],\"inLanguage\":\"es\"},{\"@type\":\"WebPage\",\"@id\":\"https:\\\/\\\/interamerica.org\\\/es\\\/2024\\\/02\\\/en-el-santo-de-los-santos\\\/\",\"url\":\"https:\\\/\\\/interamerica.org\\\/es\\\/2024\\\/02\\\/en-el-santo-de-los-santos\\\/\",\"name\":\"En el Santo de los Santos - Iglesia Adventista del S\u00e9ptimo D\u00eda - Divisi\u00f3n Interamericana\",\"isPartOf\":{\"@id\":\"https:\\\/\\\/interamerica.org\\\/es\\\/#website\"},\"primaryImageOfPage\":{\"@id\":\"https:\\\/\\\/interamerica.org\\\/es\\\/2024\\\/02\\\/en-el-santo-de-los-santos\\\/#primaryimage\"},\"image\":{\"@id\":\"https:\\\/\\\/interamerica.org\\\/es\\\/2024\\\/02\\\/en-el-santo-de-los-santos\\\/#primaryimage\"},\"thumbnailUrl\":\"https:\\\/\\\/interamerica.org\\\/wp-content\\\/uploads\\\/2024\\\/02\\\/in-the-holy-of-holiest-es.jpg\",\"datePublished\":\"2024-02-22T22:57:10+00:00\",\"dateModified\":\"2024-02-23T13:29:13+00:00\",\"author\":{\"@id\":\"https:\\\/\\\/interamerica.org\\\/es\\\/#\\\/schema\\\/person\\\/29998f2bc2d8bd0d38662909289b54f1\"},\"breadcrumb\":{\"@id\":\"https:\\\/\\\/interamerica.org\\\/es\\\/2024\\\/02\\\/en-el-santo-de-los-santos\\\/#breadcrumb\"},\"inLanguage\":\"es\",\"potentialAction\":[{\"@type\":\"ReadAction\",\"target\":[\"https:\\\/\\\/interamerica.org\\\/es\\\/2024\\\/02\\\/en-el-santo-de-los-santos\\\/\"]}]},{\"@type\":\"ImageObject\",\"inLanguage\":\"es\",\"@id\":\"https:\\\/\\\/interamerica.org\\\/es\\\/2024\\\/02\\\/en-el-santo-de-los-santos\\\/#primaryimage\",\"url\":\"https:\\\/\\\/interamerica.org\\\/wp-content\\\/uploads\\\/2024\\\/02\\\/in-the-holy-of-holiest-es.jpg\",\"contentUrl\":\"https:\\\/\\\/interamerica.org\\\/wp-content\\\/uploads\\\/2024\\\/02\\\/in-the-holy-of-holiest-es.jpg\",\"width\":1920,\"height\":1080},{\"@type\":\"BreadcrumbList\",\"@id\":\"https:\\\/\\\/interamerica.org\\\/es\\\/2024\\\/02\\\/en-el-santo-de-los-santos\\\/#breadcrumb\",\"itemListElement\":[{\"@type\":\"ListItem\",\"position\":1,\"name\":\"Home\",\"item\":\"https:\\\/\\\/interamerica.org\\\/es\\\/\"},{\"@type\":\"ListItem\",\"position\":2,\"name\":\"En el Santo de los Santos\"}]},{\"@type\":\"WebSite\",\"@id\":\"https:\\\/\\\/interamerica.org\\\/es\\\/#website\",\"url\":\"https:\\\/\\\/interamerica.org\\\/es\\\/\",\"name\":\"Iglesia Adventista del S\u00e9ptimo D\u00eda - Divisi\u00f3n Interamericana\",\"description\":\"\",\"potentialAction\":[{\"@type\":\"SearchAction\",\"target\":{\"@type\":\"EntryPoint\",\"urlTemplate\":\"https:\\\/\\\/interamerica.org\\\/es\\\/?s={search_term_string}\"},\"query-input\":{\"@type\":\"PropertyValueSpecification\",\"valueRequired\":true,\"valueName\":\"search_term_string\"}}],\"inLanguage\":\"es\"},{\"@type\":\"Person\",\"@id\":\"https:\\\/\\\/interamerica.org\\\/es\\\/#\\\/schema\\\/person\\\/29998f2bc2d8bd0d38662909289b54f1\",\"name\":\"libna\",\"image\":{\"@type\":\"ImageObject\",\"inLanguage\":\"es\",\"@id\":\"https:\\\/\\\/secure.gravatar.com\\\/avatar\\\/7c5bd30ae4b47a9ba3c856590957fd1d96dc588bf3ac05719d247e126840331f?s=96&d=mm&r=g\",\"url\":\"https:\\\/\\\/secure.gravatar.com\\\/avatar\\\/7c5bd30ae4b47a9ba3c856590957fd1d96dc588bf3ac05719d247e126840331f?s=96&d=mm&r=g\",\"contentUrl\":\"https:\\\/\\\/secure.gravatar.com\\\/avatar\\\/7c5bd30ae4b47a9ba3c856590957fd1d96dc588bf3ac05719d247e126840331f?s=96&d=mm&r=g\",\"caption\":\"libna\"}}]}<\/script>\n<!-- \/ Yoast SEO plugin. -->","yoast_head_json":{"title":"En el Santo de los Santos - Iglesia Adventista del S\u00e9ptimo D\u00eda - Divisi\u00f3n Interamericana","robots":{"index":"index","follow":"follow","max-snippet":"max-snippet:-1","max-image-preview":"max-image-preview:large","max-video-preview":"max-video-preview:-1"},"canonical":"https:\/\/interamerica.org\/es\/2024\/02\/en-el-santo-de-los-santos\/","og_locale":"es_ES","og_type":"article","og_title":"En el Santo de los Santos - Iglesia Adventista del S\u00e9ptimo D\u00eda - Divisi\u00f3n Interamericana","og_description":"22 de febrero del 2024 | Silver Spring, Maryland, Estados Unidos | Ted N.C. Wilson, Presidente de la Asociaci\u00f3n General de los Adventistas del S\u00e9ptimo D\u00eda Hola, amigos. A medida...","og_url":"https:\/\/interamerica.org\/es\/2024\/02\/en-el-santo-de-los-santos\/","og_site_name":"Iglesia Adventista del S\u00e9ptimo D\u00eda - Divisi\u00f3n Interamericana","article_published_time":"2024-02-22T22:57:10+00:00","article_modified_time":"2024-02-23T13:29:13+00:00","og_image":[{"width":1920,"height":1080,"url":"https:\/\/interamerica.org\/wp-content\/uploads\/2024\/02\/in-the-holy-of-holiest-es.jpg","type":"image\/jpeg"}],"author":"libna","twitter_card":"summary_large_image","twitter_misc":{"Escrito por":"libna","Tiempo de lectura":"6 minutos"},"schema":{"@context":"https:\/\/schema.org","@graph":[{"@type":"Article","@id":"https:\/\/interamerica.org\/es\/2024\/02\/en-el-santo-de-los-santos\/#article","isPartOf":{"@id":"https:\/\/interamerica.org\/es\/2024\/02\/en-el-santo-de-los-santos\/"},"author":{"name":"libna","@id":"https:\/\/interamerica.org\/es\/#\/schema\/person\/29998f2bc2d8bd0d38662909289b54f1"},"headline":"En el Santo de los Santos","datePublished":"2024-02-22T22:57:10+00:00","dateModified":"2024-02-23T13:29:13+00:00","mainEntityOfPage":{"@id":"https:\/\/interamerica.org\/es\/2024\/02\/en-el-santo-de-los-santos\/"},"wordCount":1397,"image":{"@id":"https:\/\/interamerica.org\/es\/2024\/02\/en-el-santo-de-los-santos\/#primaryimage"},"thumbnailUrl":"https:\/\/interamerica.org\/wp-content\/uploads\/2024\/02\/in-the-holy-of-holiest-es.jpg","articleSection":["Desde la iglesia mundial","RSS Espa\u00f1ol"],"inLanguage":"es"},{"@type":"WebPage","@id":"https:\/\/interamerica.org\/es\/2024\/02\/en-el-santo-de-los-santos\/","url":"https:\/\/interamerica.org\/es\/2024\/02\/en-el-santo-de-los-santos\/","name":"En el Santo de los Santos - Iglesia Adventista del S\u00e9ptimo D\u00eda - Divisi\u00f3n Interamericana","isPartOf":{"@id":"https:\/\/interamerica.org\/es\/#website"},"primaryImageOfPage":{"@id":"https:\/\/interamerica.org\/es\/2024\/02\/en-el-santo-de-los-santos\/#primaryimage"},"image":{"@id":"https:\/\/interamerica.org\/es\/2024\/02\/en-el-santo-de-los-santos\/#primaryimage"},"thumbnailUrl":"https:\/\/interamerica.org\/wp-content\/uploads\/2024\/02\/in-the-holy-of-holiest-es.jpg","datePublished":"2024-02-22T22:57:10+00:00","dateModified":"2024-02-23T13:29:13+00:00","author":{"@id":"https:\/\/interamerica.org\/es\/#\/schema\/person\/29998f2bc2d8bd0d38662909289b54f1"},"breadcrumb":{"@id":"https:\/\/interamerica.org\/es\/2024\/02\/en-el-santo-de-los-santos\/#breadcrumb"},"inLanguage":"es","potentialAction":[{"@type":"ReadAction","target":["https:\/\/interamerica.org\/es\/2024\/02\/en-el-santo-de-los-santos\/"]}]},{"@type":"ImageObject","inLanguage":"es","@id":"https:\/\/interamerica.org\/es\/2024\/02\/en-el-santo-de-los-santos\/#primaryimage","url":"https:\/\/interamerica.org\/wp-content\/uploads\/2024\/02\/in-the-holy-of-holiest-es.jpg","contentUrl":"https:\/\/interamerica.org\/wp-content\/uploads\/2024\/02\/in-the-holy-of-holiest-es.jpg","width":1920,"height":1080},{"@type":"BreadcrumbList","@id":"https:\/\/interamerica.org\/es\/2024\/02\/en-el-santo-de-los-santos\/#breadcrumb","itemListElement":[{"@type":"ListItem","position":1,"name":"Home","item":"https:\/\/interamerica.org\/es\/"},{"@type":"ListItem","position":2,"name":"En el Santo de los Santos"}]},{"@type":"WebSite","@id":"https:\/\/interamerica.org\/es\/#website","url":"https:\/\/interamerica.org\/es\/","name":"Iglesia Adventista del S\u00e9ptimo D\u00eda - Divisi\u00f3n Interamericana","description":"","potentialAction":[{"@type":"SearchAction","target":{"@type":"EntryPoint","urlTemplate":"https:\/\/interamerica.org\/es\/?s={search_term_string}"},"query-input":{"@type":"PropertyValueSpecification","valueRequired":true,"valueName":"search_term_string"}}],"inLanguage":"es"},{"@type":"Person","@id":"https:\/\/interamerica.org\/es\/#\/schema\/person\/29998f2bc2d8bd0d38662909289b54f1","name":"libna","image":{"@type":"ImageObject","inLanguage":"es","@id":"https:\/\/secure.gravatar.com\/avatar\/7c5bd30ae4b47a9ba3c856590957fd1d96dc588bf3ac05719d247e126840331f?s=96&d=mm&r=g","url":"https:\/\/secure.gravatar.com\/avatar\/7c5bd30ae4b47a9ba3c856590957fd1d96dc588bf3ac05719d247e126840331f?s=96&d=mm&r=g","contentUrl":"https:\/\/secure.gravatar.com\/avatar\/7c5bd30ae4b47a9ba3c856590957fd1d96dc588bf3ac05719d247e126840331f?s=96&d=mm&r=g","caption":"libna"}}]}},"_links":{"self":[{"href":"https:\/\/interamerica.org\/es\/wp-json\/wp\/v2\/posts\/110312","targetHints":{"allow":["GET"]}}],"collection":[{"href":"https:\/\/interamerica.org\/es\/wp-json\/wp\/v2\/posts"}],"about":[{"href":"https:\/\/interamerica.org\/es\/wp-json\/wp\/v2\/types\/post"}],"author":[{"embeddable":true,"href":"https:\/\/interamerica.org\/es\/wp-json\/wp\/v2\/users\/3"}],"replies":[{"embeddable":true,"href":"https:\/\/interamerica.org\/es\/wp-json\/wp\/v2\/comments?post=110312"}],"version-history":[{"count":0,"href":"https:\/\/interamerica.org\/es\/wp-json\/wp\/v2\/posts\/110312\/revisions"}],"wp:featuredmedia":[{"embeddable":true,"href":"https:\/\/interamerica.org\/es\/wp-json\/wp\/v2\/media\/110313"}],"wp:attachment":[{"href":"https:\/\/interamerica.org\/es\/wp-json\/wp\/v2\/media?parent=110312"}],"wp:term":[{"taxonomy":"category","embeddable":true,"href":"https:\/\/interamerica.org\/es\/wp-json\/wp\/v2\/categories?post=110312"},{"taxonomy":"post_tag","embeddable":true,"href":"https:\/\/interamerica.org\/es\/wp-json\/wp\/v2\/tags?post=110312"}],"curies":[{"name":"wp","href":"https:\/\/api.w.org\/{rel}","templated":true}]}}